{"id":1454,"date":"2017-07-21T14:23:33","date_gmt":"2017-07-21T14:23:33","guid":{"rendered":"http:\/\/www.campa.com.mx\/site\/?p=1454"},"modified":"2017-08-21T16:57:25","modified_gmt":"2017-08-21T16:57:25","slug":"planta-portuguesa-gln-inaugura-instalaciones-en-queretaro","status":"publish","type":"post","link":"https:\/\/www.campa.com.mx\/site\/planta-portuguesa-gln-inaugura-instalaciones-en-queretaro\/","title":{"rendered":"Planta portuguesa GLN, inaugura instalaciones en Quer\u00e9taro."},"content":{"rendered":"<p>Empresa, dedicada a la fabricaci\u00f3n de moldes e inyecci\u00f3n de pl\u00e1sticos para la industria automotriz, invirti\u00f3 2.5 millones de d\u00f3lares en sus instalaciones ubicadas en el parque El Marqu\u00e9s.<\/p>\n<p>Manuel Carlos de Mello Champalimaud, presidente de Gestmin SGPS, asegur\u00f3 que hay un nicho de desarrollo importante para la empresa en la industria mexicana.<\/p>\n<p>Con esto suman inversiones por 5,300 mdp en primer semestre, Quer\u00e9taro, tienen el tercer lugar nacional en facturaci\u00f3n de autopartes.<\/p>\n<div class=\"text_exposed_show\">\n<p>El objetivo de la planta, que generar\u00e1 22 empleos directos, es dar servicio e incrementar su inversi\u00f3n a trav\u00e9s del mantenimiento y la fabricaci\u00f3n de moldes e inyecci\u00f3n de pl\u00e1sticos para el sector automotriz.<\/p>\n<p>De acuerdo con informaci\u00f3n de la compa\u00f1\u00eda, actualmente cuenta con un taller de moldes y dos m\u00e1quinas de inyecci\u00f3n. Para los siguientes tres a\u00f1os, se tiene considerado el aumento de su capacidad instalada, a once m\u00e1quinas de inyecci\u00f3n, con lo que alcanzar\u00e1 un volumen de negocios aproximado de cinco millones de d\u00f3lares.<\/p>\n<p>Ahora con GLN, operan en el estado ocho empresas portuguesas, enfocadas en procesos de manufactura especializada y en el sector de inyecci\u00f3n de pl\u00e1sticos, as\u00ed como en servicios de consultor\u00eda, servicios profesionales y cient\u00edficos.<\/p>\n<\/div>\n<p>&nbsp;<\/p>\n<p><img loading=\"lazy\" decoding=\"async\" class=\"alignnone size-full wp-image-1459\" src=\"http:\/\/www.campa.com.mx\/site\/wp-content\/uploads\/2017\/07\/4-156.jpg\" alt=\"4-156\" width=\"1034\" height=\"690\" srcset=\"https:\/\/www.campa.com.mx\/site\/wp-content\/uploads\/2017\/07\/4-156.jpg 1034w, https:\/\/www.campa.com.mx\/site\/wp-content\/uploads\/2017\/07\/4-156-300x200.jpg 300w, https:\/\/www.campa.com.mx\/site\/wp-content\/uploads\/2017\/07\/4-156-768x512.jpg 768w, https:\/\/www.campa.com.mx\/site\/wp-content\/uploads\/2017\/07\/4-156-1024x683.jpg 1024w\" sizes=\"auto, (max-width: 1034px) 100vw, 1034px\" \/><\/p>\n","protected":false},"excerpt":{"rendered":"<p>Empresa, dedicada a la fabricaci\u00f3n de moldes e inyecci\u00f3n de pl\u00e1sticos para la industria automotriz, invirti\u00f3 2.5 millones de d\u00f3lares en sus instalaciones ubicadas en el parque El Marqu\u00e9s. Manuel Carlos de Mello Champalimaud, presidente de Gestmin SGPS, asegur\u00f3 que [&hellip;]<\/p>\n","protected":false},"author":1,"featured_media":1457,"comment_status":"closed","ping_status":"open","sticky":false,"template":"","format":"standard","meta":{"inline_featured_image":false,"_jetpack_memberships_contains_paid_content":false,"footnotes":""},"categories":[169],"tags":[121,125,119,8,32,124,126,7,122,120,123,93],"class_list":["post-1454","post","type-post","status-publish","format-standard","has-post-thumbnail","hentry","category-automotriz","tag-el-marques","tag-empleo-nuevo","tag-gln","tag-immex","tag-industria","tag-industria-mexicana","tag-inversion","tag-mexico","tag-moldes-de-inyeccion","tag-planta-portuguesa","tag-plasticos","tag-queretaro"],"yoast_head":"<!-- This site is optimized with the Yoast SEO plugin v20.9 - https:\/\/yoast.com\/wordpress\/plugins\/seo\/ -->\n<title>Planta portuguesa GLN, inaugura instalaciones en Quer\u00e9taro. - Campa<\/title>\n<meta name=\"robots\" content=\"index, follow, max-snippet:-1, max-image-preview:large, max-video-preview:-1\" \/>\n<link rel=\"canonical\" href=\"https:\/\/www.campa.com.mx\/site\/planta-portuguesa-gln-inaugura-instalaciones-en-queretaro\/\" \/>\n<meta property=\"og:locale\" content=\"es_ES\" \/>\n<meta property=\"og:type\" content=\"article\" \/>\n<meta property=\"og:title\" content=\"Planta portuguesa GLN, inaugura instalaciones en Quer\u00e9taro. - Campa\" \/>\n<meta property=\"og:description\" content=\"Empresa, dedicada a la fabricaci\u00f3n de moldes e inyecci\u00f3n de pl\u00e1sticos para la industria automotriz, invirti\u00f3 2.5 millones de d\u00f3lares en sus instalaciones ubicadas en el parque El Marqu\u00e9s. Manuel Carlos de Mello Champalimaud, presidente de Gestmin SGPS, asegur\u00f3 que [&hellip;]\" \/>\n<meta property=\"og:url\" content=\"https:\/\/www.campa.com.mx\/site\/planta-portuguesa-gln-inaugura-instalaciones-en-queretaro\/\" \/>\n<meta property=\"og:site_name\" content=\"Campa\" \/>\n<meta property=\"article:publisher\" content=\"https:\/\/www.facebook.com\/MovimientoAnexo24\" \/>\n<meta property=\"article:published_time\" content=\"2017-07-21T14:23:33+00:00\" \/>\n<meta property=\"article:modified_time\" content=\"2017-08-21T16:57:25+00:00\" \/>\n<meta property=\"og:image\" content=\"https:\/\/www.campa.com.mx\/site\/wp-content\/uploads\/2017\/07\/Captura-de-pantalla-2017-07-21-a-las-08.59.43.png\" \/>\n\t<meta property=\"og:image:width\" content=\"1194\" \/>\n\t<meta property=\"og:image:height\" content=\"698\" \/>\n\t<meta property=\"og:image:type\" content=\"image\/png\" \/>\n<meta name=\"author\" content=\"campa\" \/>\n<meta name=\"twitter:card\" content=\"summary_large_image\" \/>\n<meta name=\"twitter:creator\" content=\"@artycampa\" \/>\n<meta name=\"twitter:site\" content=\"@artycampa\" \/>\n<meta name=\"twitter:label1\" content=\"Escrito por\" \/>\n\t<meta name=\"twitter:data1\" content=\"campa\" \/>\n\t<meta name=\"twitter:label2\" content=\"Tiempo de lectura\" \/>\n\t<meta name=\"twitter:data2\" content=\"1 minuto\" \/>\n<script type=\"application\/ld+json\" class=\"yoast-schema-graph\">{\"@context\":\"https:\/\/schema.org\",\"@graph\":[{\"@type\":\"WebPage\",\"@id\":\"https:\/\/www.campa.com.mx\/site\/planta-portuguesa-gln-inaugura-instalaciones-en-queretaro\/\",\"url\":\"https:\/\/www.campa.com.mx\/site\/planta-portuguesa-gln-inaugura-instalaciones-en-queretaro\/\",\"name\":\"Planta portuguesa GLN, inaugura instalaciones en Quer\u00e9taro. - Campa\",\"isPartOf\":{\"@id\":\"https:\/\/www.campa.com.mx\/site\/#website\"},\"datePublished\":\"2017-07-21T14:23:33+00:00\",\"dateModified\":\"2017-08-21T16:57:25+00:00\",\"author\":{\"@id\":\"https:\/\/www.campa.com.mx\/site\/#\/schema\/person\/5bf1874b81661ed013f5aa29df30761c\"},\"breadcrumb\":{\"@id\":\"https:\/\/www.campa.com.mx\/site\/planta-portuguesa-gln-inaugura-instalaciones-en-queretaro\/#breadcrumb\"},\"inLanguage\":\"es\",\"potentialAction\":[{\"@type\":\"ReadAction\",\"target\":[\"https:\/\/www.campa.com.mx\/site\/planta-portuguesa-gln-inaugura-instalaciones-en-queretaro\/\"]}]},{\"@type\":\"BreadcrumbList\",\"@id\":\"https:\/\/www.campa.com.mx\/site\/planta-portuguesa-gln-inaugura-instalaciones-en-queretaro\/#breadcrumb\",\"itemListElement\":[{\"@type\":\"ListItem\",\"position\":1,\"name\":\"Portada\",\"item\":\"https:\/\/www.campa.com.mx\/site\/\"},{\"@type\":\"ListItem\",\"position\":2,\"name\":\"Planta portuguesa GLN, inaugura instalaciones en Quer\u00e9taro.\"}]},{\"@type\":\"WebSite\",\"@id\":\"https:\/\/www.campa.com.mx\/site\/#website\",\"url\":\"https:\/\/www.campa.com.mx\/site\/\",\"name\":\"Campa\",\"description\":\"Tecnolog\u00eda - Comercio Exterior - Servicios\",\"potentialAction\":[{\"@type\":\"SearchAction\",\"target\":{\"@type\":\"EntryPoint\",\"urlTemplate\":\"https:\/\/www.campa.com.mx\/site\/?s={search_term_string}\"},\"query-input\":\"required name=search_term_string\"}],\"inLanguage\":\"es\"},{\"@type\":\"Person\",\"@id\":\"https:\/\/www.campa.com.mx\/site\/#\/schema\/person\/5bf1874b81661ed013f5aa29df30761c\",\"name\":\"campa\",\"image\":{\"@type\":\"ImageObject\",\"inLanguage\":\"es\",\"@id\":\"https:\/\/www.campa.com.mx\/site\/#\/schema\/person\/image\/\",\"url\":\"https:\/\/secure.gravatar.com\/avatar\/921e6e5cffb9d78857948e938192591b9fd4168d0b55cc795582b49d9dc52bb1?s=96&d=mm&r=g\",\"contentUrl\":\"https:\/\/secure.gravatar.com\/avatar\/921e6e5cffb9d78857948e938192591b9fd4168d0b55cc795582b49d9dc52bb1?s=96&d=mm&r=g\",\"caption\":\"campa\"}}]}<\/script>\n<!-- \/ Yoast SEO plugin. -->","yoast_head_json":{"title":"Planta portuguesa GLN, inaugura instalaciones en Quer\u00e9taro. - Campa","robots":{"index":"index","follow":"follow","max-snippet":"max-snippet:-1","max-image-preview":"max-image-preview:large","max-video-preview":"max-video-preview:-1"},"canonical":"https:\/\/www.campa.com.mx\/site\/planta-portuguesa-gln-inaugura-instalaciones-en-queretaro\/","og_locale":"es_ES","og_type":"article","og_title":"Planta portuguesa GLN, inaugura instalaciones en Quer\u00e9taro. - Campa","og_description":"Empresa, dedicada a la fabricaci\u00f3n de moldes e inyecci\u00f3n de pl\u00e1sticos para la industria automotriz, invirti\u00f3 2.5 millones de d\u00f3lares en sus instalaciones ubicadas en el parque El Marqu\u00e9s. Manuel Carlos de Mello Champalimaud, presidente de Gestmin SGPS, asegur\u00f3 que [&hellip;]","og_url":"https:\/\/www.campa.com.mx\/site\/planta-portuguesa-gln-inaugura-instalaciones-en-queretaro\/","og_site_name":"Campa","article_publisher":"https:\/\/www.facebook.com\/MovimientoAnexo24","article_published_time":"2017-07-21T14:23:33+00:00","article_modified_time":"2017-08-21T16:57:25+00:00","og_image":[{"width":1194,"height":698,"url":"https:\/\/www.campa.com.mx\/site\/wp-content\/uploads\/2017\/07\/Captura-de-pantalla-2017-07-21-a-las-08.59.43.png","type":"image\/png"}],"author":"campa","twitter_card":"summary_large_image","twitter_creator":"@artycampa","twitter_site":"@artycampa","twitter_misc":{"Escrito por":"campa","Tiempo de lectura":"1 minuto"},"schema":{"@context":"https:\/\/schema.org","@graph":[{"@type":"WebPage","@id":"https:\/\/www.campa.com.mx\/site\/planta-portuguesa-gln-inaugura-instalaciones-en-queretaro\/","url":"https:\/\/www.campa.com.mx\/site\/planta-portuguesa-gln-inaugura-instalaciones-en-queretaro\/","name":"Planta portuguesa GLN, inaugura instalaciones en Quer\u00e9taro. - Campa","isPartOf":{"@id":"https:\/\/www.campa.com.mx\/site\/#website"},"datePublished":"2017-07-21T14:23:33+00:00","dateModified":"2017-08-21T16:57:25+00:00","author":{"@id":"https:\/\/www.campa.com.mx\/site\/#\/schema\/person\/5bf1874b81661ed013f5aa29df30761c"},"breadcrumb":{"@id":"https:\/\/www.campa.com.mx\/site\/planta-portuguesa-gln-inaugura-instalaciones-en-queretaro\/#breadcrumb"},"inLanguage":"es","potentialAction":[{"@type":"ReadAction","target":["https:\/\/www.campa.com.mx\/site\/planta-portuguesa-gln-inaugura-instalaciones-en-queretaro\/"]}]},{"@type":"BreadcrumbList","@id":"https:\/\/www.campa.com.mx\/site\/planta-portuguesa-gln-inaugura-instalaciones-en-queretaro\/#breadcrumb","itemListElement":[{"@type":"ListItem","position":1,"name":"Portada","item":"https:\/\/www.campa.com.mx\/site\/"},{"@type":"ListItem","position":2,"name":"Planta portuguesa GLN, inaugura instalaciones en Quer\u00e9taro."}]},{"@type":"WebSite","@id":"https:\/\/www.campa.com.mx\/site\/#website","url":"https:\/\/www.campa.com.mx\/site\/","name":"Campa","description":"Tecnolog\u00eda - Comercio Exterior - Servicios","potentialAction":[{"@type":"SearchAction","target":{"@type":"EntryPoint","urlTemplate":"https:\/\/www.campa.com.mx\/site\/?s={search_term_string}"},"query-input":"required name=search_term_string"}],"inLanguage":"es"},{"@type":"Person","@id":"https:\/\/www.campa.com.mx\/site\/#\/schema\/person\/5bf1874b81661ed013f5aa29df30761c","name":"campa","image":{"@type":"ImageObject","inLanguage":"es","@id":"https:\/\/www.campa.com.mx\/site\/#\/schema\/person\/image\/","url":"https:\/\/secure.gravatar.com\/avatar\/921e6e5cffb9d78857948e938192591b9fd4168d0b55cc795582b49d9dc52bb1?s=96&d=mm&r=g","contentUrl":"https:\/\/secure.gravatar.com\/avatar\/921e6e5cffb9d78857948e938192591b9fd4168d0b55cc795582b49d9dc52bb1?s=96&d=mm&r=g","caption":"campa"}}]}},"jetpack_featured_media_url":"https:\/\/www.campa.com.mx\/site\/wp-content\/uploads\/2017\/07\/Captura-de-pantalla-2017-07-21-a-las-08.59.43.png","jetpack_sharing_enabled":true,"_links":{"self":[{"href":"https:\/\/www.campa.com.mx\/site\/wp-json\/wp\/v2\/posts\/1454","targetHints":{"allow":["GET"]}}],"collection":[{"href":"https:\/\/www.campa.com.mx\/site\/wp-json\/wp\/v2\/posts"}],"about":[{"href":"https:\/\/www.campa.com.mx\/site\/wp-json\/wp\/v2\/types\/post"}],"author":[{"embeddable":true,"href":"https:\/\/www.campa.com.mx\/site\/wp-json\/wp\/v2\/users\/1"}],"replies":[{"embeddable":true,"href":"https:\/\/www.campa.com.mx\/site\/wp-json\/wp\/v2\/comments?post=1454"}],"version-history":[{"count":4,"href":"https:\/\/www.campa.com.mx\/site\/wp-json\/wp\/v2\/posts\/1454\/revisions"}],"predecessor-version":[{"id":1460,"href":"https:\/\/www.campa.com.mx\/site\/wp-json\/wp\/v2\/posts\/1454\/revisions\/1460"}],"wp:featuredmedia":[{"embeddable":true,"href":"https:\/\/www.campa.com.mx\/site\/wp-json\/wp\/v2\/media\/1457"}],"wp:attachment":[{"href":"https:\/\/www.campa.com.mx\/site\/wp-json\/wp\/v2\/media?parent=1454"}],"wp:term":[{"taxonomy":"category","embeddable":true,"href":"https:\/\/www.campa.com.mx\/site\/wp-json\/wp\/v2\/categories?post=1454"},{"taxonomy":"post_tag","embeddable":true,"href":"https:\/\/www.campa.com.mx\/site\/wp-json\/wp\/v2\/tags?post=1454"}],"curies":[{"name":"wp","href":"https:\/\/api.w.org\/{rel}","templated":true}]}}