{"id":1462,"date":"2017-07-25T15:04:28","date_gmt":"2017-07-25T15:04:28","guid":{"rendered":"http:\/\/www.campa.com.mx\/site\/?p=1462"},"modified":"2017-08-21T16:56:45","modified_gmt":"2017-08-21T16:56:45","slug":"mexico-y-guatemala-van-por-despacho-aduanero-conjunto","status":"publish","type":"post","link":"https:\/\/www.campa.com.mx\/site\/mexico-y-guatemala-van-por-despacho-aduanero-conjunto\/","title":{"rendered":"M\u00e9xico y Guatemala, van por despacho aduanero conjunto."},"content":{"rendered":"<div class=\"\" data-block=\"true\" data-editor=\"60u5q\" data-offset-key=\"eq0fn-0-0\">\n<div class=\"_1mf _1mj\" data-offset-key=\"eq0fn-0-0\"><span data-offset-key=\"eq0fn-0-0\">M\u00e9xico y Estados Unidos mantienen varios programas de despacho e inspecci\u00f3n aduanera conjunta, en los que en una misma instalaci\u00f3n o infraestructura se realizan las distintas revisiones, procurando agilizar el proceso aduanero para empresas de sectores espec\u00edficos.<\/span><\/div>\n<\/div>\n<div class=\"\" data-block=\"true\" data-editor=\"60u5q\" data-offset-key=\"59k66-0-0\">\n<div class=\"_1mf _1mj\" data-offset-key=\"59k66-0-0\"><span data-offset-key=\"59k66-0-0\">\u00a0<\/span><\/div>\n<\/div>\n<div class=\"\" data-block=\"true\" data-editor=\"60u5q\" data-offset-key=\"5uire-0-0\">\n<div class=\"_1mf _1mj\" data-offset-key=\"5uire-0-0\"><span data-offset-key=\"5uire-0-0\">La semana pasada Trevi\u00f1o Chapa junto con el Jefe del Servicio de Administraci\u00f3n Tributaria (SAT), Osvaldo Sant\u00edn, realizaron una gira de trabajo donde supervisaron los avances en la modernizaci\u00f3n del Puente Internacional Rodolfo Robles, en la aduana de Ciudad Hidalgo, Chiapas, junto con la autoridad aduanera de Guatemala.<\/span><\/div>\n<\/div>\n<div class=\"\" data-block=\"true\" data-editor=\"60u5q\" data-offset-key=\"5c6fa-0-0\">\n<div class=\"_1mf _1mj\" data-offset-key=\"5c6fa-0-0\"><span data-offset-key=\"5c6fa-0-0\">\u00a0<\/span><\/div>\n<\/div>\n<div class=\"\" data-block=\"true\" data-editor=\"60u5q\" data-offset-key=\"dgbij-0-0\">\n<div class=\"_1mf _1mj\" data-offset-key=\"dgbij-0-0\"><span data-offset-key=\"dgbij-0-0\">El proyecto de despacho aduanero conjunto con Guatemala se da en momentos en que el gobierno mexicano est\u00e1 pronto a iniciar un proceso de modernizaci\u00f3n del Tratado de Libre Comercio de Am\u00e9rica del Norte (TLCAN), el pr\u00f3ximo 16 de agosto, donde se sentar\u00e1n las bases para continuar aprovechando el intercambio comercial con Estados Unidos y Canad\u00e1, pa\u00edses donde se destina m\u00e1s del 80% de las exportaciones del pa\u00eds.<\/span><\/div>\n<\/div>\n<div class=\"\" data-block=\"true\" data-editor=\"60u5q\" data-offset-key=\"ejts5-0-0\">\n<div class=\"_1mf _1mj\" data-offset-key=\"ejts5-0-0\"><span data-offset-key=\"ejts5-0-0\">\u00a0<\/span><\/div>\n<\/div>\n<div class=\"\" data-block=\"true\" data-editor=\"60u5q\" data-offset-key=\"7lt5t-0-0\">\n<div class=\"_1mf _1mj\" data-offset-key=\"7lt5t-0-0\"><span data-offset-key=\"7lt5t-0-0\">Sin embargo, en los \u00faltimos meses se ha abierto el debate en el pa\u00eds sobre diversificar los destinos de exportaci\u00f3n de las mercanc\u00edas mexicanas, aprovechando la decena de tratados y acuerdos que M\u00e9xico tiene firmados y que le acercan con otros 40 pa\u00edses. Desde 2013 M\u00e9xico cuenta con un Tratado de Libre Comercio con Centroam\u00e9rica.<\/span><\/div>\n<\/div>\n<div class=\"\" data-block=\"true\" data-editor=\"60u5q\" data-offset-key=\"ks0k-0-0\">\n<div class=\"_1mf _1mj\" data-offset-key=\"ks0k-0-0\"><span data-offset-key=\"ks0k-0-0\">\u00a0<\/span><\/div>\n<\/div>\n<div class=\"\" data-block=\"true\" data-editor=\"60u5q\" data-offset-key=\"b21ha-0-0\">\n<div class=\"_1mf _1mj\" data-offset-key=\"b21ha-0-0\"><span data-offset-key=\"b21ha-0-0\">Un ejemplo de la poca participaci\u00f3n comercial de M\u00e9xico con otros pa\u00edses se da precisamente con Centroam\u00e9rica. De los poco m\u00e1s de 373 mil millones de d\u00f3lares (mdd) que M\u00e9xico export\u00f3 en 2016, poco m\u00e1s de 4 mil 800 mdd se destinaron en esta regi\u00f3n vecina, seg\u00fan datos de la Secretar\u00eda de Econom\u00eda.<\/span><\/div>\n<\/div>\n<div class=\"\" data-block=\"true\" data-editor=\"60u5q\" data-offset-key=\"du4b2-0-0\">\n<div class=\"_1mf _1mj\" data-offset-key=\"du4b2-0-0\"><span data-offset-key=\"du4b2-0-0\">\u00a0<\/span><\/div>\n<\/div>\n<div class=\"\" data-block=\"true\" data-editor=\"60u5q\" data-offset-key=\"e0b89-0-0\">\n<div class=\"_1mf _1mj\" data-offset-key=\"e0b89-0-0\"><span data-offset-key=\"e0b89-0-0\">Por la aduana de Ciudad Hidalgo, Chiapas, se recaud\u00f3 en 2016 apenas el 0.15% de impuestos totales relacionados con el comercio exterior, o poco m\u00e1s de mil 231 millones de pesos. Por este cruce fronterizo se realizaron en 2016 apenas 174 mil 444 operaciones (pedimentos modulados) y transitaron 128 mil 158 veh\u00edculos de carga, seg\u00fan datos del SAT mexicano.<\/span><\/div>\n<\/div>\n","protected":false},"excerpt":{"rendered":"<p>El proyecto de despacho aduanero conjunto con Guatemala se da en momentos en que el gobierno mexicano est\u00e1 pronto a iniciar un proceso de modernizaci\u00f3n del Tratado de Libre Comercio de Am\u00e9rica del Norte (TLCAN)<\/p>\n","protected":false},"author":1,"featured_media":1463,"comment_status":"closed","ping_status":"open","sticky":false,"template":"","format":"standard","meta":{"inline_featured_image":false,"_jetpack_memberships_contains_paid_content":false,"footnotes":""},"categories":[1],"tags":[13,129,24,131,128,133,130,9,108,132],"class_list":["post-1462","post","type-post","status-publish","format-standard","has-post-thumbnail","hentry","category-campa","tag-aduanas","tag-centro-america","tag-comercio-exterior","tag-exportaciones","tag-inspeccion-aduanera","tag-inversiones","tag-mexico-y-guatemala","tag-sat","tag-tlcan","tag-tratado-de-libre-comercio"],"yoast_head":"<!-- This site is optimized with the Yoast SEO plugin v20.9 - https:\/\/yoast.com\/wordpress\/plugins\/seo\/ -->\n<title>M\u00e9xico y Guatemala, van por despacho aduanero conjunto. - Campa<\/title>\n<meta name=\"robots\" content=\"index, follow, max-snippet:-1, max-image-preview:large, max-video-preview:-1\" \/>\n<link rel=\"canonical\" href=\"https:\/\/www.campa.com.mx\/site\/mexico-y-guatemala-van-por-despacho-aduanero-conjunto\/\" \/>\n<meta property=\"og:locale\" content=\"es_ES\" \/>\n<meta property=\"og:type\" content=\"article\" \/>\n<meta property=\"og:title\" content=\"M\u00e9xico y Guatemala, van por despacho aduanero conjunto. - Campa\" \/>\n<meta property=\"og:description\" content=\"El proyecto de despacho aduanero conjunto con Guatemala se da en momentos en que el gobierno mexicano est\u00e1 pronto a iniciar un proceso de modernizaci\u00f3n del Tratado de Libre Comercio de Am\u00e9rica del Norte (TLCAN)\" \/>\n<meta property=\"og:url\" content=\"https:\/\/www.campa.com.mx\/site\/mexico-y-guatemala-van-por-despacho-aduanero-conjunto\/\" \/>\n<meta property=\"og:site_name\" content=\"Campa\" \/>\n<meta property=\"article:publisher\" content=\"https:\/\/www.facebook.com\/MovimientoAnexo24\" \/>\n<meta property=\"article:published_time\" content=\"2017-07-25T15:04:28+00:00\" \/>\n<meta property=\"article:modified_time\" content=\"2017-08-21T16:56:45+00:00\" \/>\n<meta property=\"og:image\" content=\"https:\/\/www.campa.com.mx\/site\/wp-content\/uploads\/2017\/07\/Captura-de-pantalla-2017-07-25-a-las-09.55.14.png\" \/>\n\t<meta property=\"og:image:width\" content=\"1196\" \/>\n\t<meta property=\"og:image:height\" content=\"696\" \/>\n\t<meta property=\"og:image:type\" content=\"image\/png\" \/>\n<meta name=\"author\" content=\"campa\" \/>\n<meta name=\"twitter:card\" content=\"summary_large_image\" \/>\n<meta name=\"twitter:creator\" content=\"@artycampa\" \/>\n<meta name=\"twitter:site\" content=\"@artycampa\" \/>\n<meta name=\"twitter:label1\" content=\"Escrito por\" \/>\n\t<meta name=\"twitter:data1\" content=\"campa\" \/>\n\t<meta name=\"twitter:label2\" content=\"Tiempo de lectura\" \/>\n\t<meta name=\"twitter:data2\" content=\"2 minutos\" \/>\n<script type=\"application\/ld+json\" class=\"yoast-schema-graph\">{\"@context\":\"https:\/\/schema.org\",\"@graph\":[{\"@type\":\"WebPage\",\"@id\":\"https:\/\/www.campa.com.mx\/site\/mexico-y-guatemala-van-por-despacho-aduanero-conjunto\/\",\"url\":\"https:\/\/www.campa.com.mx\/site\/mexico-y-guatemala-van-por-despacho-aduanero-conjunto\/\",\"name\":\"M\u00e9xico y Guatemala, van por despacho aduanero conjunto. - Campa\",\"isPartOf\":{\"@id\":\"https:\/\/www.campa.com.mx\/site\/#website\"},\"datePublished\":\"2017-07-25T15:04:28+00:00\",\"dateModified\":\"2017-08-21T16:56:45+00:00\",\"author\":{\"@id\":\"https:\/\/www.campa.com.mx\/site\/#\/schema\/person\/5bf1874b81661ed013f5aa29df30761c\"},\"breadcrumb\":{\"@id\":\"https:\/\/www.campa.com.mx\/site\/mexico-y-guatemala-van-por-despacho-aduanero-conjunto\/#breadcrumb\"},\"inLanguage\":\"es\",\"potentialAction\":[{\"@type\":\"ReadAction\",\"target\":[\"https:\/\/www.campa.com.mx\/site\/mexico-y-guatemala-van-por-despacho-aduanero-conjunto\/\"]}]},{\"@type\":\"BreadcrumbList\",\"@id\":\"https:\/\/www.campa.com.mx\/site\/mexico-y-guatemala-van-por-despacho-aduanero-conjunto\/#breadcrumb\",\"itemListElement\":[{\"@type\":\"ListItem\",\"position\":1,\"name\":\"Portada\",\"item\":\"https:\/\/www.campa.com.mx\/site\/\"},{\"@type\":\"ListItem\",\"position\":2,\"name\":\"M\u00e9xico y Guatemala, van por despacho aduanero conjunto.\"}]},{\"@type\":\"WebSite\",\"@id\":\"https:\/\/www.campa.com.mx\/site\/#website\",\"url\":\"https:\/\/www.campa.com.mx\/site\/\",\"name\":\"Campa\",\"description\":\"Tecnolog\u00eda - Comercio Exterior - Servicios\",\"potentialAction\":[{\"@type\":\"SearchAction\",\"target\":{\"@type\":\"EntryPoint\",\"urlTemplate\":\"https:\/\/www.campa.com.mx\/site\/?s={search_term_string}\"},\"query-input\":\"required name=search_term_string\"}],\"inLanguage\":\"es\"},{\"@type\":\"Person\",\"@id\":\"https:\/\/www.campa.com.mx\/site\/#\/schema\/person\/5bf1874b81661ed013f5aa29df30761c\",\"name\":\"campa\",\"image\":{\"@type\":\"ImageObject\",\"inLanguage\":\"es\",\"@id\":\"https:\/\/www.campa.com.mx\/site\/#\/schema\/person\/image\/\",\"url\":\"https:\/\/secure.gravatar.com\/avatar\/921e6e5cffb9d78857948e938192591b9fd4168d0b55cc795582b49d9dc52bb1?s=96&d=mm&r=g\",\"contentUrl\":\"https:\/\/secure.gravatar.com\/avatar\/921e6e5cffb9d78857948e938192591b9fd4168d0b55cc795582b49d9dc52bb1?s=96&d=mm&r=g\",\"caption\":\"campa\"}}]}<\/script>\n<!-- \/ Yoast SEO plugin. -->","yoast_head_json":{"title":"M\u00e9xico y Guatemala, van por despacho aduanero conjunto. - Campa","robots":{"index":"index","follow":"follow","max-snippet":"max-snippet:-1","max-image-preview":"max-image-preview:large","max-video-preview":"max-video-preview:-1"},"canonical":"https:\/\/www.campa.com.mx\/site\/mexico-y-guatemala-van-por-despacho-aduanero-conjunto\/","og_locale":"es_ES","og_type":"article","og_title":"M\u00e9xico y Guatemala, van por despacho aduanero conjunto. - Campa","og_description":"El proyecto de despacho aduanero conjunto con Guatemala se da en momentos en que el gobierno mexicano est\u00e1 pronto a iniciar un proceso de modernizaci\u00f3n del Tratado de Libre Comercio de Am\u00e9rica del Norte (TLCAN)","og_url":"https:\/\/www.campa.com.mx\/site\/mexico-y-guatemala-van-por-despacho-aduanero-conjunto\/","og_site_name":"Campa","article_publisher":"https:\/\/www.facebook.com\/MovimientoAnexo24","article_published_time":"2017-07-25T15:04:28+00:00","article_modified_time":"2017-08-21T16:56:45+00:00","og_image":[{"width":1196,"height":696,"url":"https:\/\/www.campa.com.mx\/site\/wp-content\/uploads\/2017\/07\/Captura-de-pantalla-2017-07-25-a-las-09.55.14.png","type":"image\/png"}],"author":"campa","twitter_card":"summary_large_image","twitter_creator":"@artycampa","twitter_site":"@artycampa","twitter_misc":{"Escrito por":"campa","Tiempo de lectura":"2 minutos"},"schema":{"@context":"https:\/\/schema.org","@graph":[{"@type":"WebPage","@id":"https:\/\/www.campa.com.mx\/site\/mexico-y-guatemala-van-por-despacho-aduanero-conjunto\/","url":"https:\/\/www.campa.com.mx\/site\/mexico-y-guatemala-van-por-despacho-aduanero-conjunto\/","name":"M\u00e9xico y Guatemala, van por despacho aduanero conjunto. - Campa","isPartOf":{"@id":"https:\/\/www.campa.com.mx\/site\/#website"},"datePublished":"2017-07-25T15:04:28+00:00","dateModified":"2017-08-21T16:56:45+00:00","author":{"@id":"https:\/\/www.campa.com.mx\/site\/#\/schema\/person\/5bf1874b81661ed013f5aa29df30761c"},"breadcrumb":{"@id":"https:\/\/www.campa.com.mx\/site\/mexico-y-guatemala-van-por-despacho-aduanero-conjunto\/#breadcrumb"},"inLanguage":"es","potentialAction":[{"@type":"ReadAction","target":["https:\/\/www.campa.com.mx\/site\/mexico-y-guatemala-van-por-despacho-aduanero-conjunto\/"]}]},{"@type":"BreadcrumbList","@id":"https:\/\/www.campa.com.mx\/site\/mexico-y-guatemala-van-por-despacho-aduanero-conjunto\/#breadcrumb","itemListElement":[{"@type":"ListItem","position":1,"name":"Portada","item":"https:\/\/www.campa.com.mx\/site\/"},{"@type":"ListItem","position":2,"name":"M\u00e9xico y Guatemala, van por despacho aduanero conjunto."}]},{"@type":"WebSite","@id":"https:\/\/www.campa.com.mx\/site\/#website","url":"https:\/\/www.campa.com.mx\/site\/","name":"Campa","description":"Tecnolog\u00eda - Comercio Exterior - Servicios","potentialAction":[{"@type":"SearchAction","target":{"@type":"EntryPoint","urlTemplate":"https:\/\/www.campa.com.mx\/site\/?s={search_term_string}"},"query-input":"required name=search_term_string"}],"inLanguage":"es"},{"@type":"Person","@id":"https:\/\/www.campa.com.mx\/site\/#\/schema\/person\/5bf1874b81661ed013f5aa29df30761c","name":"campa","image":{"@type":"ImageObject","inLanguage":"es","@id":"https:\/\/www.campa.com.mx\/site\/#\/schema\/person\/image\/","url":"https:\/\/secure.gravatar.com\/avatar\/921e6e5cffb9d78857948e938192591b9fd4168d0b55cc795582b49d9dc52bb1?s=96&d=mm&r=g","contentUrl":"https:\/\/secure.gravatar.com\/avatar\/921e6e5cffb9d78857948e938192591b9fd4168d0b55cc795582b49d9dc52bb1?s=96&d=mm&r=g","caption":"campa"}}]}},"jetpack_featured_media_url":"https:\/\/www.campa.com.mx\/site\/wp-content\/uploads\/2017\/07\/Captura-de-pantalla-2017-07-25-a-las-09.55.14.png","jetpack_sharing_enabled":true,"_links":{"self":[{"href":"https:\/\/www.campa.com.mx\/site\/wp-json\/wp\/v2\/posts\/1462","targetHints":{"allow":["GET"]}}],"collection":[{"href":"https:\/\/www.campa.com.mx\/site\/wp-json\/wp\/v2\/posts"}],"about":[{"href":"https:\/\/www.campa.com.mx\/site\/wp-json\/wp\/v2\/types\/post"}],"author":[{"embeddable":true,"href":"https:\/\/www.campa.com.mx\/site\/wp-json\/wp\/v2\/users\/1"}],"replies":[{"embeddable":true,"href":"https:\/\/www.campa.com.mx\/site\/wp-json\/wp\/v2\/comments?post=1462"}],"version-history":[{"count":4,"href":"https:\/\/www.campa.com.mx\/site\/wp-json\/wp\/v2\/posts\/1462\/revisions"}],"predecessor-version":[{"id":1467,"href":"https:\/\/www.campa.com.mx\/site\/wp-json\/wp\/v2\/posts\/1462\/revisions\/1467"}],"wp:featuredmedia":[{"embeddable":true,"href":"https:\/\/www.campa.com.mx\/site\/wp-json\/wp\/v2\/media\/1463"}],"wp:attachment":[{"href":"https:\/\/www.campa.com.mx\/site\/wp-json\/wp\/v2\/media?parent=1462"}],"wp:term":[{"taxonomy":"category","embeddable":true,"href":"https:\/\/www.campa.com.mx\/site\/wp-json\/wp\/v2\/categories?post=1462"},{"taxonomy":"post_tag","embeddable":true,"href":"https:\/\/www.campa.com.mx\/site\/wp-json\/wp\/v2\/tags?post=1462"}],"curies":[{"name":"wp","href":"https:\/\/api.w.org\/{rel}","templated":true}]}}