{"id":1477,"date":"2017-07-28T14:26:12","date_gmt":"2017-07-28T14:26:12","guid":{"rendered":"http:\/\/www.campa.com.mx\/site\/?p=1477"},"modified":"2017-08-21T16:56:33","modified_gmt":"2017-08-21T16:56:33","slug":"exportaciones-en-mexico-rompen-record","status":"publish","type":"post","link":"https:\/\/www.campa.com.mx\/site\/exportaciones-en-mexico-rompen-record\/","title":{"rendered":"Exportaciones en M\u00e9xico rompen r\u00e9cord."},"content":{"rendered":"<p>En los primeros seis meses del a\u00f1o las mercanc\u00edas que se vendieron al exterior fueron 10.4 por ciento m\u00e1s altas en comparaci\u00f3n con el mismo periodo de 2016, al reportar un valor de 197 mil 529 mdd, cifra sin precedentes seg\u00fan Inegi.<\/p>\n<p>Esto se reflej\u00f3 en el desempe\u00f1o de las exportaciones manufactureras, que se elevaron 9.2 por ciento en el primer semestre, con relaci\u00f3n al mismo periodo del a\u00f1o anterior. A su interior, las automotrices se aceleraron a 10.9 por ciento. En ambos ca<span class=\"text_exposed_show\">sos fueron los mayores aumentos desde 2012.<\/span><\/p>\n<div class=\"text_exposed_show\">\n<p>2 mil 910 Millones de d\u00f3lares sum\u00f3 el d\u00e9ficit de la balanza comercial de M\u00e9xico en el primer semestre de este a\u00f1o, y fue menor en 59% al de 2016.<\/p>\n<p>39 por ciento Subieron las importaciones petroleras en la primera mitad de 2017, con un aumento de 40% en las de consumo y de 39% en bienes intermedios.<\/p>\n<p>Las ventas al exterior de M\u00e9xico crecieron 11.5% anual en junio. Las de la industria manufacturera subieron 11.3%, donde destac\u00f3 el alza de 17.8% en las de la industria automotriz.<\/p>\n<\/div>\n","protected":false},"excerpt":{"rendered":"<p>En los primeros seis meses del a\u00f1o las mercanc\u00edas que se vendieron al exterior fueron 10.4 por ciento m\u00e1s altas en comparaci\u00f3n con el mismo periodo de 2016, al reportar un valor de 197 mil 529 mdd, cifra sin precedentes [&hellip;]<\/p>\n","protected":false},"author":1,"featured_media":1478,"comment_status":"closed","ping_status":"open","sticky":false,"template":"","format":"standard","meta":{"inline_featured_image":false,"_jetpack_memberships_contains_paid_content":false,"footnotes":""},"categories":[173],"tags":[139,137,131,8,50,140,124,138,135,136,108,132],"class_list":["post-1477","post","type-post","status-publish","format-standard","has-post-thumbnail","hentry","category-comercio-exterior","tag-comercio-mexico","tag-exportacion-usa","tag-exportaciones","tag-immex","tag-industria-automotriz","tag-industria-manufacturera","tag-industria-mexicana","tag-manufactureras","tag-mexico-exporta","tag-record-exportacion","tag-tlcan","tag-tratado-de-libre-comercio"],"yoast_head":"<!-- This site is optimized with the Yoast SEO plugin v20.9 - https:\/\/yoast.com\/wordpress\/plugins\/seo\/ -->\n<title>Exportaciones en M\u00e9xico rompen r\u00e9cord. - Campa<\/title>\n<meta name=\"robots\" content=\"index, follow, max-snippet:-1, max-image-preview:large, max-video-preview:-1\" \/>\n<link rel=\"canonical\" href=\"https:\/\/www.campa.com.mx\/site\/exportaciones-en-mexico-rompen-record\/\" \/>\n<meta property=\"og:locale\" content=\"es_ES\" \/>\n<meta property=\"og:type\" content=\"article\" \/>\n<meta property=\"og:title\" content=\"Exportaciones en M\u00e9xico rompen r\u00e9cord. - Campa\" \/>\n<meta property=\"og:description\" content=\"En los primeros seis meses del a\u00f1o las mercanc\u00edas que se vendieron al exterior fueron 10.4 por ciento m\u00e1s altas en comparaci\u00f3n con el mismo periodo de 2016, al reportar un valor de 197 mil 529 mdd, cifra sin precedentes [&hellip;]\" \/>\n<meta property=\"og:url\" content=\"https:\/\/www.campa.com.mx\/site\/exportaciones-en-mexico-rompen-record\/\" \/>\n<meta property=\"og:site_name\" content=\"Campa\" \/>\n<meta property=\"article:publisher\" content=\"https:\/\/www.facebook.com\/MovimientoAnexo24\" \/>\n<meta property=\"article:published_time\" content=\"2017-07-28T14:26:12+00:00\" \/>\n<meta property=\"article:modified_time\" content=\"2017-08-21T16:56:33+00:00\" \/>\n<meta property=\"og:image\" content=\"https:\/\/www.campa.com.mx\/site\/wp-content\/uploads\/2017\/07\/Captura-de-pantalla-2017-07-28-a-las-09.13.52.png\" \/>\n\t<meta property=\"og:image:width\" content=\"1195\" \/>\n\t<meta property=\"og:image:height\" content=\"697\" \/>\n\t<meta property=\"og:image:type\" content=\"image\/png\" \/>\n<meta name=\"author\" content=\"campa\" \/>\n<meta name=\"twitter:card\" content=\"summary_large_image\" \/>\n<meta name=\"twitter:creator\" content=\"@artycampa\" \/>\n<meta name=\"twitter:site\" content=\"@artycampa\" \/>\n<meta name=\"twitter:label1\" content=\"Escrito por\" \/>\n\t<meta name=\"twitter:data1\" content=\"campa\" \/>\n\t<meta name=\"twitter:label2\" content=\"Tiempo de lectura\" \/>\n\t<meta name=\"twitter:data2\" content=\"1 minuto\" \/>\n<script type=\"application\/ld+json\" class=\"yoast-schema-graph\">{\"@context\":\"https:\/\/schema.org\",\"@graph\":[{\"@type\":\"WebPage\",\"@id\":\"https:\/\/www.campa.com.mx\/site\/exportaciones-en-mexico-rompen-record\/\",\"url\":\"https:\/\/www.campa.com.mx\/site\/exportaciones-en-mexico-rompen-record\/\",\"name\":\"Exportaciones en M\u00e9xico rompen r\u00e9cord. - Campa\",\"isPartOf\":{\"@id\":\"https:\/\/www.campa.com.mx\/site\/#website\"},\"datePublished\":\"2017-07-28T14:26:12+00:00\",\"dateModified\":\"2017-08-21T16:56:33+00:00\",\"author\":{\"@id\":\"https:\/\/www.campa.com.mx\/site\/#\/schema\/person\/5bf1874b81661ed013f5aa29df30761c\"},\"breadcrumb\":{\"@id\":\"https:\/\/www.campa.com.mx\/site\/exportaciones-en-mexico-rompen-record\/#breadcrumb\"},\"inLanguage\":\"es\",\"potentialAction\":[{\"@type\":\"ReadAction\",\"target\":[\"https:\/\/www.campa.com.mx\/site\/exportaciones-en-mexico-rompen-record\/\"]}]},{\"@type\":\"BreadcrumbList\",\"@id\":\"https:\/\/www.campa.com.mx\/site\/exportaciones-en-mexico-rompen-record\/#breadcrumb\",\"itemListElement\":[{\"@type\":\"ListItem\",\"position\":1,\"name\":\"Portada\",\"item\":\"https:\/\/www.campa.com.mx\/site\/\"},{\"@type\":\"ListItem\",\"position\":2,\"name\":\"Exportaciones en M\u00e9xico rompen r\u00e9cord.\"}]},{\"@type\":\"WebSite\",\"@id\":\"https:\/\/www.campa.com.mx\/site\/#website\",\"url\":\"https:\/\/www.campa.com.mx\/site\/\",\"name\":\"Campa\",\"description\":\"Tecnolog\u00eda - Comercio Exterior - Servicios\",\"potentialAction\":[{\"@type\":\"SearchAction\",\"target\":{\"@type\":\"EntryPoint\",\"urlTemplate\":\"https:\/\/www.campa.com.mx\/site\/?s={search_term_string}\"},\"query-input\":\"required name=search_term_string\"}],\"inLanguage\":\"es\"},{\"@type\":\"Person\",\"@id\":\"https:\/\/www.campa.com.mx\/site\/#\/schema\/person\/5bf1874b81661ed013f5aa29df30761c\",\"name\":\"campa\",\"image\":{\"@type\":\"ImageObject\",\"inLanguage\":\"es\",\"@id\":\"https:\/\/www.campa.com.mx\/site\/#\/schema\/person\/image\/\",\"url\":\"https:\/\/secure.gravatar.com\/avatar\/921e6e5cffb9d78857948e938192591b9fd4168d0b55cc795582b49d9dc52bb1?s=96&d=mm&r=g\",\"contentUrl\":\"https:\/\/secure.gravatar.com\/avatar\/921e6e5cffb9d78857948e938192591b9fd4168d0b55cc795582b49d9dc52bb1?s=96&d=mm&r=g\",\"caption\":\"campa\"}}]}<\/script>\n<!-- \/ Yoast SEO plugin. -->","yoast_head_json":{"title":"Exportaciones en M\u00e9xico rompen r\u00e9cord. - Campa","robots":{"index":"index","follow":"follow","max-snippet":"max-snippet:-1","max-image-preview":"max-image-preview:large","max-video-preview":"max-video-preview:-1"},"canonical":"https:\/\/www.campa.com.mx\/site\/exportaciones-en-mexico-rompen-record\/","og_locale":"es_ES","og_type":"article","og_title":"Exportaciones en M\u00e9xico rompen r\u00e9cord. - Campa","og_description":"En los primeros seis meses del a\u00f1o las mercanc\u00edas que se vendieron al exterior fueron 10.4 por ciento m\u00e1s altas en comparaci\u00f3n con el mismo periodo de 2016, al reportar un valor de 197 mil 529 mdd, cifra sin precedentes [&hellip;]","og_url":"https:\/\/www.campa.com.mx\/site\/exportaciones-en-mexico-rompen-record\/","og_site_name":"Campa","article_publisher":"https:\/\/www.facebook.com\/MovimientoAnexo24","article_published_time":"2017-07-28T14:26:12+00:00","article_modified_time":"2017-08-21T16:56:33+00:00","og_image":[{"width":1195,"height":697,"url":"https:\/\/www.campa.com.mx\/site\/wp-content\/uploads\/2017\/07\/Captura-de-pantalla-2017-07-28-a-las-09.13.52.png","type":"image\/png"}],"author":"campa","twitter_card":"summary_large_image","twitter_creator":"@artycampa","twitter_site":"@artycampa","twitter_misc":{"Escrito por":"campa","Tiempo de lectura":"1 minuto"},"schema":{"@context":"https:\/\/schema.org","@graph":[{"@type":"WebPage","@id":"https:\/\/www.campa.com.mx\/site\/exportaciones-en-mexico-rompen-record\/","url":"https:\/\/www.campa.com.mx\/site\/exportaciones-en-mexico-rompen-record\/","name":"Exportaciones en M\u00e9xico rompen r\u00e9cord. - Campa","isPartOf":{"@id":"https:\/\/www.campa.com.mx\/site\/#website"},"datePublished":"2017-07-28T14:26:12+00:00","dateModified":"2017-08-21T16:56:33+00:00","author":{"@id":"https:\/\/www.campa.com.mx\/site\/#\/schema\/person\/5bf1874b81661ed013f5aa29df30761c"},"breadcrumb":{"@id":"https:\/\/www.campa.com.mx\/site\/exportaciones-en-mexico-rompen-record\/#breadcrumb"},"inLanguage":"es","potentialAction":[{"@type":"ReadAction","target":["https:\/\/www.campa.com.mx\/site\/exportaciones-en-mexico-rompen-record\/"]}]},{"@type":"BreadcrumbList","@id":"https:\/\/www.campa.com.mx\/site\/exportaciones-en-mexico-rompen-record\/#breadcrumb","itemListElement":[{"@type":"ListItem","position":1,"name":"Portada","item":"https:\/\/www.campa.com.mx\/site\/"},{"@type":"ListItem","position":2,"name":"Exportaciones en M\u00e9xico rompen r\u00e9cord."}]},{"@type":"WebSite","@id":"https:\/\/www.campa.com.mx\/site\/#website","url":"https:\/\/www.campa.com.mx\/site\/","name":"Campa","description":"Tecnolog\u00eda - Comercio Exterior - Servicios","potentialAction":[{"@type":"SearchAction","target":{"@type":"EntryPoint","urlTemplate":"https:\/\/www.campa.com.mx\/site\/?s={search_term_string}"},"query-input":"required name=search_term_string"}],"inLanguage":"es"},{"@type":"Person","@id":"https:\/\/www.campa.com.mx\/site\/#\/schema\/person\/5bf1874b81661ed013f5aa29df30761c","name":"campa","image":{"@type":"ImageObject","inLanguage":"es","@id":"https:\/\/www.campa.com.mx\/site\/#\/schema\/person\/image\/","url":"https:\/\/secure.gravatar.com\/avatar\/921e6e5cffb9d78857948e938192591b9fd4168d0b55cc795582b49d9dc52bb1?s=96&d=mm&r=g","contentUrl":"https:\/\/secure.gravatar.com\/avatar\/921e6e5cffb9d78857948e938192591b9fd4168d0b55cc795582b49d9dc52bb1?s=96&d=mm&r=g","caption":"campa"}}]}},"jetpack_featured_media_url":"https:\/\/www.campa.com.mx\/site\/wp-content\/uploads\/2017\/07\/Captura-de-pantalla-2017-07-28-a-las-09.13.52.png","jetpack_sharing_enabled":true,"_links":{"self":[{"href":"https:\/\/www.campa.com.mx\/site\/wp-json\/wp\/v2\/posts\/1477","targetHints":{"allow":["GET"]}}],"collection":[{"href":"https:\/\/www.campa.com.mx\/site\/wp-json\/wp\/v2\/posts"}],"about":[{"href":"https:\/\/www.campa.com.mx\/site\/wp-json\/wp\/v2\/types\/post"}],"author":[{"embeddable":true,"href":"https:\/\/www.campa.com.mx\/site\/wp-json\/wp\/v2\/users\/1"}],"replies":[{"embeddable":true,"href":"https:\/\/www.campa.com.mx\/site\/wp-json\/wp\/v2\/comments?post=1477"}],"version-history":[{"count":2,"href":"https:\/\/www.campa.com.mx\/site\/wp-json\/wp\/v2\/posts\/1477\/revisions"}],"predecessor-version":[{"id":1480,"href":"https:\/\/www.campa.com.mx\/site\/wp-json\/wp\/v2\/posts\/1477\/revisions\/1480"}],"wp:featuredmedia":[{"embeddable":true,"href":"https:\/\/www.campa.com.mx\/site\/wp-json\/wp\/v2\/media\/1478"}],"wp:attachment":[{"href":"https:\/\/www.campa.com.mx\/site\/wp-json\/wp\/v2\/media?parent=1477"}],"wp:term":[{"taxonomy":"category","embeddable":true,"href":"https:\/\/www.campa.com.mx\/site\/wp-json\/wp\/v2\/categories?post=1477"},{"taxonomy":"post_tag","embeddable":true,"href":"https:\/\/www.campa.com.mx\/site\/wp-json\/wp\/v2\/tags?post=1477"}],"curies":[{"name":"wp","href":"https:\/\/api.w.org\/{rel}","templated":true}]}}