{"id":1481,"date":"2017-08-03T15:10:43","date_gmt":"2017-08-03T15:10:43","guid":{"rendered":"http:\/\/www.campa.com.mx\/site\/?p=1481"},"modified":"2017-08-21T16:55:08","modified_gmt":"2017-08-21T16:55:08","slug":"prioridades-de-mexico-en-las-negociaciones-tlcan","status":"publish","type":"post","link":"https:\/\/www.campa.com.mx\/site\/prioridades-de-mexico-en-las-negociaciones-tlcan\/","title":{"rendered":"Prioridades de M\u00e9xico en las negociaciones  TLCAN"},"content":{"rendered":"<p>Prioridades de M\u00e9xico en las negociaciones para la modernizaci\u00f3n del Tratado de Libre Comercio de Am\u00e9rica del Norte<\/p>\n<p>En los \u00faltimos 23 a\u00f1os, M\u00e9xico ha desarrollado v\u00ednculos comerciales, productivos y de inversi\u00f3n profundos y complejos con Estados Unidos (EE.UU.) y Canad\u00e1. Dichos lazos son un factor clave para la competitividad de las plantas manufactureras y de la industria agroalimentaria de nuestro pa\u00eds y son indispensables tambi\u00e9n para la eficiencia de las cadenas productivas de EE.UU. y Canad\u00e1.<\/p>\n<p>A lo largo y ancho de Norteam\u00e9rica, miles de trabajadores, desde los que siembran el campo hasta los ingenieros a cargo de la producci\u00f3n de manufacturas avanzadas, dependen \u2013de una u otra forma\u2013 de las cadenas de valor que existen en toda la regi\u00f3n.<\/p>\n<p>Aceptar y comprender esta realidad es un paso fundamental para evaluar adecuadamente al Tratado de Libre Comercio de Am\u00e9rica del Norte (TLCAN) e identificar las \u00e1reas de oportunidad en las que podemos trabajar para fortalecer el Tratado, sin poner en riesgo el libre comercio, la integraci\u00f3n regional y, sobre todo, los empleos de millones de personas en los tres pa\u00edses.<\/p>\n<p>La modernizaci\u00f3n del TLCAN brinda la oportunidad de ampliar su \u00e9xito, enfrentar los desaf\u00edos actuales y adecuar nuestro modelo de integraci\u00f3n para aprovechar las oportunidades que ofrece la econom\u00eda del siglo XXI.<\/p>\n<p>Para avanzar hacia esa meta, hemos delineado un conjunto de prioridades agrupadas en cuatro ejes tem\u00e1ticos indispensables para fortalecer la posici\u00f3n de M\u00e9xico en la econom\u00eda global, extender los beneficios del libre comercio al interior de nuestra sociedad y reposicionar a Am\u00e9rica del Norte como una de las regiones m\u00e1s competitivas.<\/p>\n<p>Con ese fin y tomando en consideraci\u00f3n los comentarios y propuestas recibidos a trav\u00e9s de las consultas p\u00fablicas realizadas del 1 de febrero al 26 de julio de 2017 y del di\u00e1logo constante que mantenemos con los sectores productivos del pa\u00eds, por medio del Consejo Consultivo Estrat\u00e9gico de Negociaciones Internacionales (CCENI); este documento presenta las prioridades de M\u00e9xico en las negociaciones para la modernizaci\u00f3n del TLCAN.<\/p>\n<p>1. Fortalecer la competitividad de Am\u00e9rica del Norte<\/p>\n<p>La competitividad es un concepto din\u00e1mico. Lo que hoy hace competitiva a una econom\u00eda probablemente no sea suficiente para mantenerla as\u00ed en los pr\u00f3ximos a\u00f1os. Por ello, es fundamental desarrollar esquemas que impulsen permanentemente la competitividad regional, considerando los desarrollos tecnol\u00f3gicos, el funcionamiento de las cadenas de valor, la mejora de esquemas log\u00edsticos y la facilitaci\u00f3n de los intercambios comerciales.<\/p>\n<p>La modernizaci\u00f3n del TLCAN debe orientarse a fortalecer la competitividad de M\u00e9xico como plataforma de producci\u00f3n y exportaci\u00f3n; promoviendo una mayor participaci\u00f3n de m\u00e1s industrias y empresas del pa\u00eds en las cadenas globales de valor y fortaleciendo la proveedur\u00eda regional. Para avanzar en este proceso, es indispensable promover el desarrollo de capacidades en toda la regi\u00f3n, a fin de mantener y fortalecer los conocimientos y habilidades que nuestros recursos humanos e industrias requieren para continuar innovando y agregando valor.<\/p>\n<p>Para lograrlo, es prioritario:<\/p>\n<p>Mantener el acceso preferencial para los bienes y servicios mexicanos en los mercados de los pa\u00edses del TLCAN. En particular, facilitar el acceso de los productos agropecuarios, buscando reglas claras, procedimientos expeditos y la eliminaci\u00f3n de las barreras al comercio.<br \/>\nPropiciar que el comercio de bienes entre los pa\u00edses del TLCAN sea m\u00e1s predecible, \u00e1gil y transparente procurando mejores procedimientos aduaneros.<br \/>\nFomentar medidas que eviten que las normas, reglamentos y regulaciones constituyan barreras injustificadas u obst\u00e1culos encubiertos al libre comercio.<br \/>\nPromover buenas pr\u00e1cticas en el proceso de planeaci\u00f3n, emisi\u00f3n, implementaci\u00f3n y revisi\u00f3n de regulaciones.<br \/>\nMantener un trato no discriminatorio y de conformidad con est\u00e1ndares internacionales para los inversionistas mexicanos.<br \/>\nAmpliar las categor\u00edas para la entrada temporal de personas de negocios, mejorar los tiempos, transparencia y procesos para su ingreso y buscar mecanismos innovadores de movilidad laboral.<br \/>\nEstablecer mecanismos de cooperaci\u00f3n regional que promuevan el dise\u00f1o e implementaci\u00f3n de programas de desarrollo de competencias laborales y nuevos modelos educativos, para facilitar la adaptaci\u00f3n de los trabajadores a los nuevos requerimientos del mercado laboral.<\/p>\n<p>2. Avanzar hacia un comercio regional inclusivo y responsable<\/p>\n<p>En los \u00faltimos a\u00f1os, ha crecido la preocupaci\u00f3n a nivel mundial por avanzar hacia modelos de crecimiento m\u00e1s inclusivos y sostenibles. La modernizaci\u00f3n del TLCAN constituye una oportunidad para promover un piso parejo para que m\u00e1s emprendedores y m\u00e1s Pymes se incorporen competitivamente al comercio internacional y para incluir disposiciones en materia laboral, de medio ambiente y g\u00e9nero.<\/p>\n<p>Por ello, nos enfocaremos en:<\/p>\n<p>Generar mecanismos de cooperaci\u00f3n regional que fomenten una mayor participaci\u00f3n de las peque\u00f1as y medianas empresas en las cadenas de proveedur\u00eda regionales.<br \/>\nFortalecer el cumplimiento de las disposiciones nacionales y los compromisos internacionales en materia laboral.<br \/>\nEstablecer medidas contra los actos de corrupci\u00f3n que afecten el comercio y las inversiones.<br \/>\nFortalecer la cooperaci\u00f3n y el di\u00e1logo entre los pa\u00edses del TLCAN en materia de comercio y medio ambiente, y buscar mejorar la infraestructura fronteriza.<br \/>\nIncorporar la perspectiva de g\u00e9nero en algunas disposiciones del Tratado.<\/p>\n<p>3. Aprovechar las oportunidades de la econom\u00eda del siglo XXI<\/p>\n<p>Mucho ha cambiado desde que el TLCAN entr\u00f3 en vigor, hace 23 a\u00f1os. Por ejemplo, el panorama energ\u00e9tico de la regi\u00f3n se transform\u00f3 radicalmente, gracias al desarrollo de nuevas tecnolog\u00edas. Hoy tenemos acceso a recursos, como el gas de lutitas (shale) y el petr\u00f3leo de arenas bituminosas que, de la mano de la apertura de la industria energ\u00e9tica mexicana, generan oportunidades de inversi\u00f3n y asociaci\u00f3n, que permitir\u00e1n fortalecer la integraci\u00f3n y seguridad energ\u00e9ticas de Am\u00e9rica del Norte.<\/p>\n<p>Asimismo, el acelerado desarrollo de las tecnolog\u00edas de la informaci\u00f3n y comunicaci\u00f3n ha impulsado la digitalizaci\u00f3n de la econom\u00eda y el crecimiento del Internet de las Cosas, detonando la expansi\u00f3n del comercio electr\u00f3nico y el avance hacia una Cuarta Revoluci\u00f3n Industrial en donde el sector manufacturero enfrenta nuevos retos, pero tambi\u00e9n cuenta con nuevas herramientas para impulsar su crecimiento.<\/p>\n<p>En este nuevo contexto, facilitar el comercio de servicios, propiciar una mayor integraci\u00f3n de la infraestructura de telecomunicaciones y fortalecer el marco regional de protecci\u00f3n a la propiedad intelectual, son tareas esenciales para generar m\u00e1s oportunidades de comercio e inversi\u00f3n y fortalecer el desarrollo de M\u00e9xico y la regi\u00f3n, apoyados en las nuevas tecnolog\u00edas.<\/p>\n<p>Para lograrlo, es prioridad:<\/p>\n<p>Actualizar el alcance de las disposiciones sobre energ\u00eda, a fin de aprovechar el potencial derivado de los cambios ocurridos en la industria energ\u00e9tica de M\u00e9xico y de toda la regi\u00f3n.<br \/>\nImpulsar el desarrollo de la econom\u00eda digital, el comercio electr\u00f3nico y la provisi\u00f3n de servicios financieros a trav\u00e9s de plataformas digitales.<br \/>\nProcurar un mayor acceso a los mercados de EE.UU. y Canad\u00e1 para los prestadores de servicios financieros e inversionistas mexicanos.<br \/>\nPromover una mayor integraci\u00f3n de los mercados de telecomunicaciones de los tres pa\u00edses, a fin de aprovechar la reforma realizada en este sector.<br \/>\nPromover una protecci\u00f3n eficaz de la propiedad intelectual, manteniendo un equilibrio entre el inter\u00e9s p\u00fablico y el de los innovadores.<\/p>\n<p>4. Promover la certidumbre del comercio y las inversiones en Am\u00e9rica del Norte<\/p>\n<p>El TLCAN es un factor de certidumbre en la integraci\u00f3n de Am\u00e9rica del Norte. Por esta raz\u00f3n, es indispensable mantener y promover disposiciones que contribuyan a hacer m\u00e1s previsibles las operaciones de comercio exterior y las inversiones. En ello, juegan un rol crucial los mecanismos de soluci\u00f3n de controversias que, a lo largo de m\u00e1s de dos d\u00e9cadas, han probado su efectividad como un instrumento que permite hacer m\u00e1s predecible el comercio regional, adem\u00e1s de incorporar los elementos m\u00e1s recientes de transparencia y participaci\u00f3n de otros actores relevantes.<\/p>\n<p>En raz\u00f3n de lo anterior es necesario:<\/p>\n<p>Consolidar el r\u00e9gimen legal de las empresas productivas del Estado que les permitan una operaci\u00f3n comercial eficiente.<br \/>\nModernizar todos los mecanismos de soluci\u00f3n de controversias previstos en el TLCAN (inversionista-Estado, Estado-Estado, as\u00ed como en materia de cuotas antidumping y compensatorias, y servicios financieros) para hacerlos m\u00e1s \u00e1giles, transparentes y eficaces.<br \/>\nPromover la libre competencia, mejorando la cooperaci\u00f3n y el intercambio de informaci\u00f3n entre las autoridades de los pa\u00edses del TLCAN, a fin de mantener la eficiencia de los mercados y la protecci\u00f3n de los derechos de los consumidores.<br \/>\nBrindar certidumbre jur\u00eddica a los proveedores mexicanos en procedimientos de contrataci\u00f3n p\u00fablica en la regi\u00f3n de Am\u00e9rica del Norte.<\/p>\n<p>Fuente: Secretar\u00eda de Econom\u00eda<\/p>\n<p>&nbsp;<\/p>\n<p><a class=\"ot-anchor aaTEdf\" dir=\"ltr\" href=\"http:\/\/www.campa.com.mx\/\" target=\"_blank\" rel=\"nofollow noopener\">www.campa.com.mx<\/a><\/p>\n<p><a class=\"ot-hashtag aaTEdf\" href=\"https:\/\/plus.google.com\/u\/0\/s\/%23immex\" rel=\"nofollow\">#immex<\/a> <a class=\"ot-hashtag aaTEdf\" href=\"https:\/\/plus.google.com\/u\/0\/s\/%23anexo24\" rel=\"nofollow\">#anexo24<\/a> <a class=\"ot-hashtag aaTEdf\" href=\"https:\/\/plus.google.com\/u\/0\/s\/%23anexo31\" rel=\"nofollow\">#anexo31<\/a> <a class=\"ot-hashtag aaTEdf\" href=\"https:\/\/plus.google.com\/u\/0\/s\/%23social\" rel=\"nofollow\">#social<\/a> <a class=\"ot-hashtag aaTEdf\" href=\"https:\/\/plus.google.com\/u\/0\/s\/%23business\" rel=\"nofollow\">#business<\/a><br \/>\n<a class=\"ot-hashtag aaTEdf\" href=\"https:\/\/plus.google.com\/u\/0\/s\/%23startup\" rel=\"nofollow\">#startup<\/a> <a class=\"ot-hashtag aaTEdf\" href=\"https:\/\/plus.google.com\/u\/0\/s\/%23comercio\" rel=\"nofollow\">#comercio<\/a> <a class=\"ot-hashtag aaTEdf\" href=\"https:\/\/plus.google.com\/u\/0\/s\/%23noticias\" rel=\"nofollow\">#noticias<\/a> <a class=\"ot-hashtag aaTEdf\" href=\"https:\/\/plus.google.com\/u\/0\/s\/%23aduanas\" rel=\"nofollow\">#aduanas<\/a> <a class=\"ot-hashtag aaTEdf\" href=\"https:\/\/plus.google.com\/u\/0\/s\/%23importar\" rel=\"nofollow\">#importar<\/a> <a class=\"ot-hashtag aaTEdf\" href=\"https:\/\/plus.google.com\/u\/0\/s\/%23exportar\" rel=\"nofollow\">#exportar<\/a> <a class=\"ot-hashtag aaTEdf\" href=\"https:\/\/plus.google.com\/u\/0\/s\/%23business\" rel=\"nofollow\">#business<\/a> <a class=\"ot-hashtag aaTEdf\" href=\"https:\/\/plus.google.com\/u\/0\/s\/%23vucem\" rel=\"nofollow\">#vucem<\/a> <a class=\"ot-hashtag aaTEdf\" href=\"https:\/\/plus.google.com\/u\/0\/s\/%23sat\" rel=\"nofollow\">#sat<\/a> <a class=\"ot-hashtag aaTEdf\" href=\"https:\/\/plus.google.com\/u\/0\/s\/%23softwareanexo24\" rel=\"nofollow\">#softwareanexo24<\/a> <a class=\"ot-hashtag aaTEdf\" href=\"https:\/\/plus.google.com\/u\/0\/s\/%23IMMEX\" rel=\"nofollow\">#IMMEX<\/a> <a class=\"ot-hashtag aaTEdf\" href=\"https:\/\/plus.google.com\/u\/0\/s\/%23softwareimmex\" rel=\"nofollow\">#softwareimmex<\/a> <a class=\"ot-hashtag aaTEdf\" href=\"https:\/\/plus.google.com\/u\/0\/s\/%23empresasimmex\" rel=\"nofollow\">#empresasimmex<\/a> <a class=\"ot-hashtag aaTEdf\" href=\"https:\/\/plus.google.com\/u\/0\/s\/%23comercioexterior\" rel=\"nofollow\">#comercioexterior<\/a> <a class=\"ot-hashtag aaTEdf\" href=\"https:\/\/plus.google.com\/u\/0\/s\/%23sistemaanexo24\" rel=\"nofollow\">#sistemaanexo24<\/a> <a class=\"ot-hashtag aaTEdf\" href=\"https:\/\/plus.google.com\/u\/0\/s\/%23controldeinventarios\" rel=\"nofollow\">#controldeinventarios<\/a> <a class=\"ot-hashtag aaTEdf\" href=\"https:\/\/plus.google.com\/u\/0\/s\/%23anexo24y31\" rel=\"nofollow\">#anexo24y31<\/a> <a class=\"ot-hashtag aaTEdf\" href=\"https:\/\/plus.google.com\/u\/0\/s\/%23anexo_24\" rel=\"nofollow\">#anexo_24<\/a> <a class=\"ot-hashtag aaTEdf\" href=\"https:\/\/plus.google.com\/u\/0\/s\/%23sistema_anexo_24\" rel=\"nofollow\">#sistema_anexo_24<\/a> <a class=\"ot-hashtag aaTEdf\" href=\"https:\/\/plus.google.com\/u\/0\/s\/%23IMMEX_mexico\" rel=\"nofollow\">#IMMEX_mexico<\/a> <a class=\"ot-hashtag aaTEdf\" href=\"https:\/\/plus.google.com\/u\/0\/s\/%23programaimmex\" rel=\"nofollow\">#programaimmex<\/a> <a class=\"ot-hashtag aaTEdf\" href=\"https:\/\/plus.google.com\/u\/0\/s\/%23immex2017\" rel=\"nofollow\">#immex2017<\/a> <a class=\"ot-hashtag aaTEdf\" href=\"https:\/\/plus.google.com\/u\/0\/s\/%23decreto_immex\" rel=\"nofollow\">#decreto_immex<\/a> <a class=\"ot-hashtag aaTEdf\" href=\"https:\/\/plus.google.com\/u\/0\/s\/%23software_immex\" rel=\"nofollow\">#software_immex<\/a> <a class=\"ot-hashtag aaTEdf\" href=\"https:\/\/plus.google.com\/u\/0\/s\/%23anexo_24_immex\" rel=\"nofollow\">#anexo_24_immex<\/a> <a class=\"ot-hashtag aaTEdf\" href=\"https:\/\/plus.google.com\/u\/0\/s\/%23Importacion_temporal\" rel=\"nofollow\">#Importacion_temporal<\/a> <a class=\"ot-hashtag aaTEdf\" href=\"https:\/\/plus.google.com\/u\/0\/s\/%23TLCAM\" rel=\"nofollow\">#TLCAM<\/a> <a class=\"ot-hashtag aaTEdf\" href=\"https:\/\/plus.google.com\/u\/0\/s\/%23comercio_internacional\" rel=\"nofollow\">#comercio_internacional<\/a> <a class=\"ot-hashtag aaTEdf\" href=\"https:\/\/plus.google.com\/u\/0\/s\/%23aduanas\" rel=\"nofollow\">#aduanas<\/a> <a class=\"ot-hashtag aaTEdf\" href=\"https:\/\/plus.google.com\/u\/0\/s\/%23noticias_negocios\" rel=\"nofollow\">#noticias_negocios<\/a> <a class=\"ot-hashtag aaTEdf\" href=\"https:\/\/plus.google.com\/u\/0\/s\/%23index\" rel=\"nofollow\">#index<\/a> <a class=\"ot-hashtag aaTEdf\" href=\"https:\/\/plus.google.com\/u\/0\/s\/%23empresas_IMMEX\" rel=\"nofollow\">#empresas_IMMEX<\/a> <a class=\"ot-hashtag aaTEdf\" href=\"https:\/\/plus.google.com\/u\/0\/s\/%23IMMEX_bajio\" rel=\"nofollow\">#IMMEX_bajio<\/a><\/p>\n","protected":false},"excerpt":{"rendered":"<p>Prioridades de M\u00e9xico en las negociaciones para la modernizaci\u00f3n del Tratado de Libre Comercio de Am\u00e9rica del Norte.<\/p>\n","protected":false},"author":1,"featured_media":1486,"comment_status":"closed","ping_status":"open","sticky":false,"template":"","format":"standard","meta":{"inline_featured_image":false,"_jetpack_memberships_contains_paid_content":false,"footnotes":""},"categories":[1],"tags":[21,8,6,63,7,141,111,142,9,143,114,108,132],"class_list":["post-1481","post","type-post","status-publish","format-standard","has-post-thumbnail","hentry","category-campa","tag-empresas-immex","tag-immex","tag-ley-financiera","tag-mercado-nacional","tag-mexico","tag-mexico-canada","tag-mexico-usa","tag-norteamerica","tag-sat","tag-secretaria-de-economia","tag-tlc","tag-tlcan","tag-tratado-de-libre-comercio"],"yoast_head":"<!-- This site is optimized with the Yoast SEO plugin v20.9 - https:\/\/yoast.com\/wordpress\/plugins\/seo\/ -->\n<title>Prioridades de M\u00e9xico en las negociaciones TLCAN - Campa<\/title>\n<meta name=\"robots\" content=\"index, follow, max-snippet:-1, max-image-preview:large, max-video-preview:-1\" \/>\n<link rel=\"canonical\" href=\"https:\/\/www.campa.com.mx\/site\/prioridades-de-mexico-en-las-negociaciones-tlcan\/\" \/>\n<meta property=\"og:locale\" content=\"es_ES\" \/>\n<meta property=\"og:type\" content=\"article\" \/>\n<meta property=\"og:title\" content=\"Prioridades de M\u00e9xico en las negociaciones TLCAN - Campa\" \/>\n<meta property=\"og:description\" content=\"Prioridades de M\u00e9xico en las negociaciones para la modernizaci\u00f3n del Tratado de Libre Comercio de Am\u00e9rica del Norte.\" \/>\n<meta property=\"og:url\" content=\"https:\/\/www.campa.com.mx\/site\/prioridades-de-mexico-en-las-negociaciones-tlcan\/\" \/>\n<meta property=\"og:site_name\" content=\"Campa\" \/>\n<meta property=\"article:publisher\" content=\"https:\/\/www.facebook.com\/MovimientoAnexo24\" \/>\n<meta property=\"article:published_time\" content=\"2017-08-03T15:10:43+00:00\" \/>\n<meta property=\"article:modified_time\" content=\"2017-08-21T16:55:08+00:00\" \/>\n<meta property=\"og:image\" content=\"https:\/\/www.campa.com.mx\/site\/wp-content\/uploads\/2017\/08\/Captura-de-pantalla-2017-08-03-a-las-10.02.09.png\" \/>\n\t<meta property=\"og:image:width\" content=\"1194\" \/>\n\t<meta property=\"og:image:height\" content=\"693\" \/>\n\t<meta property=\"og:image:type\" content=\"image\/png\" \/>\n<meta name=\"author\" content=\"campa\" \/>\n<meta name=\"twitter:card\" content=\"summary_large_image\" \/>\n<meta name=\"twitter:creator\" content=\"@artycampa\" \/>\n<meta name=\"twitter:site\" content=\"@artycampa\" \/>\n<meta name=\"twitter:label1\" content=\"Escrito por\" \/>\n\t<meta name=\"twitter:data1\" content=\"campa\" \/>\n\t<meta name=\"twitter:label2\" content=\"Tiempo de lectura\" \/>\n\t<meta name=\"twitter:data2\" content=\"8 minutos\" \/>\n<script type=\"application\/ld+json\" class=\"yoast-schema-graph\">{\"@context\":\"https:\/\/schema.org\",\"@graph\":[{\"@type\":\"WebPage\",\"@id\":\"https:\/\/www.campa.com.mx\/site\/prioridades-de-mexico-en-las-negociaciones-tlcan\/\",\"url\":\"https:\/\/www.campa.com.mx\/site\/prioridades-de-mexico-en-las-negociaciones-tlcan\/\",\"name\":\"Prioridades de M\u00e9xico en las negociaciones TLCAN - Campa\",\"isPartOf\":{\"@id\":\"https:\/\/www.campa.com.mx\/site\/#website\"},\"datePublished\":\"2017-08-03T15:10:43+00:00\",\"dateModified\":\"2017-08-21T16:55:08+00:00\",\"author\":{\"@id\":\"https:\/\/www.campa.com.mx\/site\/#\/schema\/person\/5bf1874b81661ed013f5aa29df30761c\"},\"breadcrumb\":{\"@id\":\"https:\/\/www.campa.com.mx\/site\/prioridades-de-mexico-en-las-negociaciones-tlcan\/#breadcrumb\"},\"inLanguage\":\"es\",\"potentialAction\":[{\"@type\":\"ReadAction\",\"target\":[\"https:\/\/www.campa.com.mx\/site\/prioridades-de-mexico-en-las-negociaciones-tlcan\/\"]}]},{\"@type\":\"BreadcrumbList\",\"@id\":\"https:\/\/www.campa.com.mx\/site\/prioridades-de-mexico-en-las-negociaciones-tlcan\/#breadcrumb\",\"itemListElement\":[{\"@type\":\"ListItem\",\"position\":1,\"name\":\"Portada\",\"item\":\"https:\/\/www.campa.com.mx\/site\/\"},{\"@type\":\"ListItem\",\"position\":2,\"name\":\"Prioridades de M\u00e9xico en las negociaciones TLCAN\"}]},{\"@type\":\"WebSite\",\"@id\":\"https:\/\/www.campa.com.mx\/site\/#website\",\"url\":\"https:\/\/www.campa.com.mx\/site\/\",\"name\":\"Campa\",\"description\":\"Tecnolog\u00eda - Comercio Exterior - Servicios\",\"potentialAction\":[{\"@type\":\"SearchAction\",\"target\":{\"@type\":\"EntryPoint\",\"urlTemplate\":\"https:\/\/www.campa.com.mx\/site\/?s={search_term_string}\"},\"query-input\":\"required name=search_term_string\"}],\"inLanguage\":\"es\"},{\"@type\":\"Person\",\"@id\":\"https:\/\/www.campa.com.mx\/site\/#\/schema\/person\/5bf1874b81661ed013f5aa29df30761c\",\"name\":\"campa\",\"image\":{\"@type\":\"ImageObject\",\"inLanguage\":\"es\",\"@id\":\"https:\/\/www.campa.com.mx\/site\/#\/schema\/person\/image\/\",\"url\":\"https:\/\/secure.gravatar.com\/avatar\/921e6e5cffb9d78857948e938192591b9fd4168d0b55cc795582b49d9dc52bb1?s=96&d=mm&r=g\",\"contentUrl\":\"https:\/\/secure.gravatar.com\/avatar\/921e6e5cffb9d78857948e938192591b9fd4168d0b55cc795582b49d9dc52bb1?s=96&d=mm&r=g\",\"caption\":\"campa\"}}]}<\/script>\n<!-- \/ Yoast SEO plugin. -->","yoast_head_json":{"title":"Prioridades de M\u00e9xico en las negociaciones TLCAN - Campa","robots":{"index":"index","follow":"follow","max-snippet":"max-snippet:-1","max-image-preview":"max-image-preview:large","max-video-preview":"max-video-preview:-1"},"canonical":"https:\/\/www.campa.com.mx\/site\/prioridades-de-mexico-en-las-negociaciones-tlcan\/","og_locale":"es_ES","og_type":"article","og_title":"Prioridades de M\u00e9xico en las negociaciones TLCAN - Campa","og_description":"Prioridades de M\u00e9xico en las negociaciones para la modernizaci\u00f3n del Tratado de Libre Comercio de Am\u00e9rica del Norte.","og_url":"https:\/\/www.campa.com.mx\/site\/prioridades-de-mexico-en-las-negociaciones-tlcan\/","og_site_name":"Campa","article_publisher":"https:\/\/www.facebook.com\/MovimientoAnexo24","article_published_time":"2017-08-03T15:10:43+00:00","article_modified_time":"2017-08-21T16:55:08+00:00","og_image":[{"width":1194,"height":693,"url":"https:\/\/www.campa.com.mx\/site\/wp-content\/uploads\/2017\/08\/Captura-de-pantalla-2017-08-03-a-las-10.02.09.png","type":"image\/png"}],"author":"campa","twitter_card":"summary_large_image","twitter_creator":"@artycampa","twitter_site":"@artycampa","twitter_misc":{"Escrito por":"campa","Tiempo de lectura":"8 minutos"},"schema":{"@context":"https:\/\/schema.org","@graph":[{"@type":"WebPage","@id":"https:\/\/www.campa.com.mx\/site\/prioridades-de-mexico-en-las-negociaciones-tlcan\/","url":"https:\/\/www.campa.com.mx\/site\/prioridades-de-mexico-en-las-negociaciones-tlcan\/","name":"Prioridades de M\u00e9xico en las negociaciones TLCAN - Campa","isPartOf":{"@id":"https:\/\/www.campa.com.mx\/site\/#website"},"datePublished":"2017-08-03T15:10:43+00:00","dateModified":"2017-08-21T16:55:08+00:00","author":{"@id":"https:\/\/www.campa.com.mx\/site\/#\/schema\/person\/5bf1874b81661ed013f5aa29df30761c"},"breadcrumb":{"@id":"https:\/\/www.campa.com.mx\/site\/prioridades-de-mexico-en-las-negociaciones-tlcan\/#breadcrumb"},"inLanguage":"es","potentialAction":[{"@type":"ReadAction","target":["https:\/\/www.campa.com.mx\/site\/prioridades-de-mexico-en-las-negociaciones-tlcan\/"]}]},{"@type":"BreadcrumbList","@id":"https:\/\/www.campa.com.mx\/site\/prioridades-de-mexico-en-las-negociaciones-tlcan\/#breadcrumb","itemListElement":[{"@type":"ListItem","position":1,"name":"Portada","item":"https:\/\/www.campa.com.mx\/site\/"},{"@type":"ListItem","position":2,"name":"Prioridades de M\u00e9xico en las negociaciones TLCAN"}]},{"@type":"WebSite","@id":"https:\/\/www.campa.com.mx\/site\/#website","url":"https:\/\/www.campa.com.mx\/site\/","name":"Campa","description":"Tecnolog\u00eda - Comercio Exterior - Servicios","potentialAction":[{"@type":"SearchAction","target":{"@type":"EntryPoint","urlTemplate":"https:\/\/www.campa.com.mx\/site\/?s={search_term_string}"},"query-input":"required name=search_term_string"}],"inLanguage":"es"},{"@type":"Person","@id":"https:\/\/www.campa.com.mx\/site\/#\/schema\/person\/5bf1874b81661ed013f5aa29df30761c","name":"campa","image":{"@type":"ImageObject","inLanguage":"es","@id":"https:\/\/www.campa.com.mx\/site\/#\/schema\/person\/image\/","url":"https:\/\/secure.gravatar.com\/avatar\/921e6e5cffb9d78857948e938192591b9fd4168d0b55cc795582b49d9dc52bb1?s=96&d=mm&r=g","contentUrl":"https:\/\/secure.gravatar.com\/avatar\/921e6e5cffb9d78857948e938192591b9fd4168d0b55cc795582b49d9dc52bb1?s=96&d=mm&r=g","caption":"campa"}}]}},"jetpack_featured_media_url":"https:\/\/www.campa.com.mx\/site\/wp-content\/uploads\/2017\/08\/Captura-de-pantalla-2017-08-03-a-las-10.02.09.png","jetpack_sharing_enabled":true,"_links":{"self":[{"href":"https:\/\/www.campa.com.mx\/site\/wp-json\/wp\/v2\/posts\/1481","targetHints":{"allow":["GET"]}}],"collection":[{"href":"https:\/\/www.campa.com.mx\/site\/wp-json\/wp\/v2\/posts"}],"about":[{"href":"https:\/\/www.campa.com.mx\/site\/wp-json\/wp\/v2\/types\/post"}],"author":[{"embeddable":true,"href":"https:\/\/www.campa.com.mx\/site\/wp-json\/wp\/v2\/users\/1"}],"replies":[{"embeddable":true,"href":"https:\/\/www.campa.com.mx\/site\/wp-json\/wp\/v2\/comments?post=1481"}],"version-history":[{"count":5,"href":"https:\/\/www.campa.com.mx\/site\/wp-json\/wp\/v2\/posts\/1481\/revisions"}],"predecessor-version":[{"id":1487,"href":"https:\/\/www.campa.com.mx\/site\/wp-json\/wp\/v2\/posts\/1481\/revisions\/1487"}],"wp:featuredmedia":[{"embeddable":true,"href":"https:\/\/www.campa.com.mx\/site\/wp-json\/wp\/v2\/media\/1486"}],"wp:attachment":[{"href":"https:\/\/www.campa.com.mx\/site\/wp-json\/wp\/v2\/media?parent=1481"}],"wp:term":[{"taxonomy":"category","embeddable":true,"href":"https:\/\/www.campa.com.mx\/site\/wp-json\/wp\/v2\/categories?post=1481"},{"taxonomy":"post_tag","embeddable":true,"href":"https:\/\/www.campa.com.mx\/site\/wp-json\/wp\/v2\/tags?post=1481"}],"curies":[{"name":"wp","href":"https:\/\/api.w.org\/{rel}","templated":true}]}}