{"id":1523,"date":"2017-08-16T14:20:45","date_gmt":"2017-08-16T14:20:45","guid":{"rendered":"http:\/\/www.campa.com.mx\/site\/?p=1523"},"modified":"2017-08-21T16:45:36","modified_gmt":"2017-08-21T16:45:36","slug":"inician-las-negociaciones-del-tlcan","status":"publish","type":"post","link":"https:\/\/www.campa.com.mx\/site\/inician-las-negociaciones-del-tlcan\/","title":{"rendered":"Inician las Negociaciones del TLCAN"},"content":{"rendered":"<header>\n<div class=\"hide-for-small-only\">\n<h1 class=\"entry-title\">\u00bfQu\u00e9 esperar de las renegociaciones del TLCAN?<\/h1>\n<div class=\"columns small-12 center\">\n<div class=\"row \">\n<div class=\"share-single small-4 columns\"><\/div>\n<div class=\"small-8 columns share-single-button\">\u00a0Estados Unidos es el principal socio comercial de M\u00e9xico. Quiz\u00e1 suena a una obviedad, pero \u00e9sa es la raz\u00f3n principal por la cual la opini\u00f3n p\u00fablica en nuestro pa\u00eds ha estado vuelta loca\u00a0con las declaraciones de Donald Trump sobre el Tratado de Libre Comercio (TLCAN) desde que fue electo en noviembre del a\u00f1o pasado y, sobre todo, con la renegociaci\u00f3n del tratado, que comienza hoy.<\/div>\n<div><\/div>\n<\/div>\n<\/div>\n<\/div>\n<\/header>\n<div class=\"entry-content\">\n<p>Las expectativas son altas y no es de a gratis. M\u00e9xico tiene mucho que perder y la ruta de planeaci\u00f3n del gobierno no ha sido particularmente transparente en los meses previos a este evento que tendr\u00e1 los ojos tanto de la prensa como de los ciudadanos en los pr\u00f3ximos d\u00edas (semanas y meses).<\/p>\n<h4>\u00bfPor qu\u00e9 importa tanto el TLCAN?<\/h4>\n<p>El TLCAN se firm\u00f3 en diciembre de 1992 por los gobiernos de Estados Unidos, M\u00e9xico y Canad\u00e1, para entrar en vigor el primero de enero de 1994, con la finalidad de\u00a0establecer una zona de libre comercio, en la que bienes y servicios pudieran circular m\u00e1s o menos libremente entre los tres pa\u00edses, con miras a que eventualmente no se necesitaran ni permisos ni licencias ni aranceles para hacerlo.<\/p>\n<p>Para el M\u00e9xico de los a\u00f1os noventa eso significaba, entre muchas otras cosas, una suerte de entrada al futuro y al primer mundo.<\/p>\n<p>(Recomendaci\u00f3n de lectura para entender el contexto mexicano de principios de los noventa:\u00a0\u201cSerenading the Future\u201c, una cr\u00f3nica espectacular de Alma Guillermoprieto en la que se alcanza a ver el tapiz de los muchos M\u00e9xicos que articulaban nuestro pa\u00eds en aquellos a\u00f1os y lo que se intu\u00eda que pod\u00eda significar la entrada en vigor de un tratado como el TLCAN.)<\/p>\n<p>Sin embargo, como hemos visto, las cosas\u00a0distan\u00a0bastante de aquellas promesas que se antojaban tan perfectas. Incluso, a pesar de ser una potencia exportadora, nuestra industria se ha reducido alarmantemente a lo largo de los \u00faltimos, como bien\u00a0se\u00f1ala\u00a0Diego Casta\u00f1eda, colaborador de sopitas.com:<\/p>\n<blockquote><p>\u201cM\u00e9xico, a pesar de su \u201crotundo \u00e9xito\u201d con el TLCAN y ser una potencia exportadora, tiene menos industria manufacturera que siete a\u00f1os antes de la entrada en vigor del TLCAN. De forma m\u00e1s alarmante a\u00fan, a lo largo de los \u00faltimos 5 o 6 a\u00f1os hemos observado que la producci\u00f3n industrial cae todav\u00eda m\u00e1s:\u00a0M\u00e9xico se des-industrializa de forma prematura\u201d.<\/p><\/blockquote>\n<p>No obstante sus fallas, los miembros del TLCAN\u00a0intercambian\u00a0alrededor de 2 mil 600 mdd en productos\u00a0<em>al d\u00eda<\/em>, algo as\u00ed como 108 mdd por hora.<\/p>\n<\/div>\n<h4>\u00bfQu\u00e9 esperar de estas negociaciones?<\/h4>\n<p>El mismo Diego Casta\u00f1eda hizo un recuento bastante exhaustivo de las posturas de M\u00e9xico, Estados Unidos y Canad\u00e1 en\u00a0este\u00a0texto publicado en la revista\u00a0<em>Nexos<\/em>, en el cual despliega los puntos de encuentro y desencuentro de las tres naciones para esta primera ronda de negociaciones.<\/p>\n<p>Entre la posici\u00f3n\u00a0esquizofr\u00e9nica\u00a0de Estados Unidos (varios de los puntos que busca negociar son contradictorios entre s\u00ed) y la falta de brazo pol\u00edtico mexicano y los choques directos entre Canad\u00e1 y EE.UU., podemos encontrar cuatro\u00a0puntos a considerar de las negociaciones que apenas arrancan:<\/p>\n<ol>\n<li>Hay un inter\u00e9s compartido por los tres pa\u00edses para modernizar ciertas partes del acuerdo. Por ejemplo, adoptar nuevas disciplinas (mecanismos y est\u00e1ndares comunes acordados) en toda la regi\u00f3n, sobre todo en relaci\u00f3n con el comercio electr\u00f3nico, la propiedad intelectual, medidas anti-corrupci\u00f3n, regulaci\u00f3n laboral y medio ambiente. Explica Casta\u00f1eda: \u201cno parecen existir controversias entre los tres gobiernos respecto a la necesidad de adoptar dichas disciplinas\u201d. Y esto, en general, podr\u00eda ser ben\u00e9fico para Mexico, siempre y cuando nos pongamos las pilas para seguir los nuevos mecanismos en estas industrias.<\/li>\n<li>M\u00e9xico y Canad\u00e1 no tienen\u00a0grandes diferencias. para los dos pa\u00edses el TLCAN representa una forma relevante de integraci\u00f3n econ\u00f3mica, una forma de ganar competitividad frente al resto del mundo.<\/li>\n<li>Sin embargo, Estados Unidos buscar\u00e1 en una\u00a0reducci\u00f3n de d\u00e9ficits bilaterales que puede poner en jaque a M\u00e9xico y a Canad\u00e1, ya que los mecanismos para hacerlo podr\u00edan terminar por perjudicar a estos pa\u00edses.<\/li>\n<li>M\u00e9xico buscar\u00e1 agilizar la integraci\u00f3n de los mercados laborales de Norteam\u00e9rica y la movilidad laboral, algo que entra en directo conflicto con las pol\u00edticas migratorias de Trump. La negociaci\u00f3n en este aspecto podr\u00eda ser de las m\u00e1s dif\u00edciles.<\/li>\n<\/ol>\n<h4>\u00bfA buscar otros aliados comerciales?<\/h4>\n<p>Desde que Donald Trump asumi\u00f3 la presidencia de Estados Unidos y el temor sobre la posible salida del TLCAN de nuestro vecino del norte se empez\u00f3 a hacer m\u00e1s palpable, mucho se ha dicho sobre la necesidad que tiene M\u00e9xico de empezar a ver otras latitudes para comerciar. Esta posible salida al problema, sin embargo, tiene varias complicaciones.<\/p>\n<p>De entrada, como\u00a0explica\u00a0Carlos Brown, otro de nuestros colaboradores en sopitas.com, \u201cactualmente, M\u00e9xico cuenta con 12 tratados de libre comercio firmados con 46 pa\u00edses, y se encuentra negociando otros con pa\u00edses como Turqu\u00eda y Corea del Sur\u201d; es decir, \u201cno necesitamos enfocar nuestros esfuerzos en buscar nuevos socios, sino aprovechar los que ya tenemos y profundizar las relaciones econ\u00f3micas con los m\u00e1s estrat\u00e9gicos, como China, la Uni\u00f3n Europea y Jap\u00f3n\u201c.<\/p>\n<p>En ese mismo sentido, Samuel Segura (investigador del\u00a0<em>Institut de Hautes \u00c9tudes Internationales et du D\u00e9veloppement<\/em>\u00a0de Ginebra, Suiza)\u00a0explica\u00a0que, en medio de los exabruptos de un pol\u00edtico como Trump, \u201cla decisi\u00f3n de mantener el di\u00e1logo abierto entre M\u00e9xico y China provee un poco de certidumbre\u201d, que quiz\u00e1 pueda servir como brazo pol\u00edtico (o por lo menos un punto de apoyo) para las negociaciones, desde el lado mexicano.<\/p>\n<h4>Arrancan las negociaciones<\/h4>\n<p>Por lo pronto, las negociaciones comienzan. Y por algunos d\u00edas se dar\u00e1 un seguimiento bastante pegado a lo que suceda en Washington en estos d\u00edas, as\u00ed como a la\u00a0visita\u00a0del primer ministro canadiense, Justin Trudeau, a M\u00e9xico en el marco de las renegociaciones del TLCAN. Pero si algo aseguran los economistas en estos momentos, entre ellos Diego Casta\u00f1eda, \u201ces poco cre\u00edble que sea r\u00e1pida (casi nunca lo son y mucho menos cuando existen temas tan delicados sobre los que no existe acuerdo y con una de las partes en plena contradicci\u00f3n entre sus objetivos)\u201d.<\/p>\n<p>NAFTA WEEK<\/p>\n<p>Fuente: economia.nexos \/\u00a0milenio.com \/\u00a0newyorker<\/p>\n","protected":false},"excerpt":{"rendered":"<p>\u00bfQu\u00e9 esperar de las renegociaciones del TLCAN? \u00a0Estados Unidos es el principal socio comercial de M\u00e9xico. Quiz\u00e1 suena a una obviedad, pero \u00e9sa es la raz\u00f3n principal por la cual la opini\u00f3n p\u00fablica en nuestro pa\u00eds ha estado vuelta loca\u00a0con [&hellip;]<\/p>\n","protected":false},"author":1,"featured_media":1529,"comment_status":"closed","ping_status":"open","sticky":false,"template":"","format":"standard","meta":{"inline_featured_image":false,"_jetpack_memberships_contains_paid_content":false,"footnotes":""},"categories":[1],"tags":[151,24,7,152,108,150],"class_list":["post-1523","post","type-post","status-publish","format-standard","has-post-thumbnail","hentry","category-campa","tag-canda","tag-comercio-exterior","tag-mexico","tag-negociaciones-tlcan","tag-tlcan","tag-usa"],"yoast_head":"<!-- This site is optimized with the Yoast SEO plugin v20.9 - https:\/\/yoast.com\/wordpress\/plugins\/seo\/ -->\n<title>Inician las Negociaciones del TLCAN - Campa<\/title>\n<meta name=\"robots\" content=\"index, follow, max-snippet:-1, max-image-preview:large, max-video-preview:-1\" \/>\n<link rel=\"canonical\" href=\"https:\/\/www.campa.com.mx\/site\/inician-las-negociaciones-del-tlcan\/\" \/>\n<meta property=\"og:locale\" content=\"es_ES\" \/>\n<meta property=\"og:type\" content=\"article\" \/>\n<meta property=\"og:title\" content=\"Inician las Negociaciones del TLCAN - Campa\" \/>\n<meta property=\"og:description\" content=\"\u00bfQu\u00e9 esperar de las renegociaciones del TLCAN? \u00a0Estados Unidos es el principal socio comercial de M\u00e9xico. Quiz\u00e1 suena a una obviedad, pero \u00e9sa es la raz\u00f3n principal por la cual la opini\u00f3n p\u00fablica en nuestro pa\u00eds ha estado vuelta loca\u00a0con [&hellip;]\" \/>\n<meta property=\"og:url\" content=\"https:\/\/www.campa.com.mx\/site\/inician-las-negociaciones-del-tlcan\/\" \/>\n<meta property=\"og:site_name\" content=\"Campa\" \/>\n<meta property=\"article:publisher\" content=\"https:\/\/www.facebook.com\/MovimientoAnexo24\" \/>\n<meta property=\"article:published_time\" content=\"2017-08-16T14:20:45+00:00\" \/>\n<meta property=\"article:modified_time\" content=\"2017-08-21T16:45:36+00:00\" \/>\n<meta property=\"og:image\" content=\"https:\/\/www.campa.com.mx\/site\/wp-content\/uploads\/2017\/08\/shutterstock_591520280.jpg\" \/>\n\t<meta property=\"og:image:width\" content=\"1000\" \/>\n\t<meta property=\"og:image:height\" content=\"667\" \/>\n\t<meta property=\"og:image:type\" content=\"image\/jpeg\" \/>\n<meta name=\"author\" content=\"campa\" \/>\n<meta name=\"twitter:card\" content=\"summary_large_image\" \/>\n<meta name=\"twitter:creator\" content=\"@artycampa\" \/>\n<meta name=\"twitter:site\" content=\"@artycampa\" \/>\n<meta name=\"twitter:label1\" content=\"Escrito por\" \/>\n\t<meta name=\"twitter:data1\" content=\"campa\" \/>\n\t<meta name=\"twitter:label2\" content=\"Tiempo de lectura\" \/>\n\t<meta name=\"twitter:data2\" content=\"5 minutos\" \/>\n<script type=\"application\/ld+json\" class=\"yoast-schema-graph\">{\"@context\":\"https:\/\/schema.org\",\"@graph\":[{\"@type\":\"WebPage\",\"@id\":\"https:\/\/www.campa.com.mx\/site\/inician-las-negociaciones-del-tlcan\/\",\"url\":\"https:\/\/www.campa.com.mx\/site\/inician-las-negociaciones-del-tlcan\/\",\"name\":\"Inician las Negociaciones del TLCAN - Campa\",\"isPartOf\":{\"@id\":\"https:\/\/www.campa.com.mx\/site\/#website\"},\"datePublished\":\"2017-08-16T14:20:45+00:00\",\"dateModified\":\"2017-08-21T16:45:36+00:00\",\"author\":{\"@id\":\"https:\/\/www.campa.com.mx\/site\/#\/schema\/person\/5bf1874b81661ed013f5aa29df30761c\"},\"breadcrumb\":{\"@id\":\"https:\/\/www.campa.com.mx\/site\/inician-las-negociaciones-del-tlcan\/#breadcrumb\"},\"inLanguage\":\"es\",\"potentialAction\":[{\"@type\":\"ReadAction\",\"target\":[\"https:\/\/www.campa.com.mx\/site\/inician-las-negociaciones-del-tlcan\/\"]}]},{\"@type\":\"BreadcrumbList\",\"@id\":\"https:\/\/www.campa.com.mx\/site\/inician-las-negociaciones-del-tlcan\/#breadcrumb\",\"itemListElement\":[{\"@type\":\"ListItem\",\"position\":1,\"name\":\"Portada\",\"item\":\"https:\/\/www.campa.com.mx\/site\/\"},{\"@type\":\"ListItem\",\"position\":2,\"name\":\"Inician las Negociaciones del TLCAN\"}]},{\"@type\":\"WebSite\",\"@id\":\"https:\/\/www.campa.com.mx\/site\/#website\",\"url\":\"https:\/\/www.campa.com.mx\/site\/\",\"name\":\"Campa\",\"description\":\"Tecnolog\u00eda - Comercio Exterior - Servicios\",\"potentialAction\":[{\"@type\":\"SearchAction\",\"target\":{\"@type\":\"EntryPoint\",\"urlTemplate\":\"https:\/\/www.campa.com.mx\/site\/?s={search_term_string}\"},\"query-input\":\"required name=search_term_string\"}],\"inLanguage\":\"es\"},{\"@type\":\"Person\",\"@id\":\"https:\/\/www.campa.com.mx\/site\/#\/schema\/person\/5bf1874b81661ed013f5aa29df30761c\",\"name\":\"campa\",\"image\":{\"@type\":\"ImageObject\",\"inLanguage\":\"es\",\"@id\":\"https:\/\/www.campa.com.mx\/site\/#\/schema\/person\/image\/\",\"url\":\"https:\/\/secure.gravatar.com\/avatar\/921e6e5cffb9d78857948e938192591b9fd4168d0b55cc795582b49d9dc52bb1?s=96&d=mm&r=g\",\"contentUrl\":\"https:\/\/secure.gravatar.com\/avatar\/921e6e5cffb9d78857948e938192591b9fd4168d0b55cc795582b49d9dc52bb1?s=96&d=mm&r=g\",\"caption\":\"campa\"}}]}<\/script>\n<!-- \/ Yoast SEO plugin. -->","yoast_head_json":{"title":"Inician las Negociaciones del TLCAN - Campa","robots":{"index":"index","follow":"follow","max-snippet":"max-snippet:-1","max-image-preview":"max-image-preview:large","max-video-preview":"max-video-preview:-1"},"canonical":"https:\/\/www.campa.com.mx\/site\/inician-las-negociaciones-del-tlcan\/","og_locale":"es_ES","og_type":"article","og_title":"Inician las Negociaciones del TLCAN - Campa","og_description":"\u00bfQu\u00e9 esperar de las renegociaciones del TLCAN? \u00a0Estados Unidos es el principal socio comercial de M\u00e9xico. Quiz\u00e1 suena a una obviedad, pero \u00e9sa es la raz\u00f3n principal por la cual la opini\u00f3n p\u00fablica en nuestro pa\u00eds ha estado vuelta loca\u00a0con [&hellip;]","og_url":"https:\/\/www.campa.com.mx\/site\/inician-las-negociaciones-del-tlcan\/","og_site_name":"Campa","article_publisher":"https:\/\/www.facebook.com\/MovimientoAnexo24","article_published_time":"2017-08-16T14:20:45+00:00","article_modified_time":"2017-08-21T16:45:36+00:00","og_image":[{"width":1000,"height":667,"url":"https:\/\/www.campa.com.mx\/site\/wp-content\/uploads\/2017\/08\/shutterstock_591520280.jpg","type":"image\/jpeg"}],"author":"campa","twitter_card":"summary_large_image","twitter_creator":"@artycampa","twitter_site":"@artycampa","twitter_misc":{"Escrito por":"campa","Tiempo de lectura":"5 minutos"},"schema":{"@context":"https:\/\/schema.org","@graph":[{"@type":"WebPage","@id":"https:\/\/www.campa.com.mx\/site\/inician-las-negociaciones-del-tlcan\/","url":"https:\/\/www.campa.com.mx\/site\/inician-las-negociaciones-del-tlcan\/","name":"Inician las Negociaciones del TLCAN - Campa","isPartOf":{"@id":"https:\/\/www.campa.com.mx\/site\/#website"},"datePublished":"2017-08-16T14:20:45+00:00","dateModified":"2017-08-21T16:45:36+00:00","author":{"@id":"https:\/\/www.campa.com.mx\/site\/#\/schema\/person\/5bf1874b81661ed013f5aa29df30761c"},"breadcrumb":{"@id":"https:\/\/www.campa.com.mx\/site\/inician-las-negociaciones-del-tlcan\/#breadcrumb"},"inLanguage":"es","potentialAction":[{"@type":"ReadAction","target":["https:\/\/www.campa.com.mx\/site\/inician-las-negociaciones-del-tlcan\/"]}]},{"@type":"BreadcrumbList","@id":"https:\/\/www.campa.com.mx\/site\/inician-las-negociaciones-del-tlcan\/#breadcrumb","itemListElement":[{"@type":"ListItem","position":1,"name":"Portada","item":"https:\/\/www.campa.com.mx\/site\/"},{"@type":"ListItem","position":2,"name":"Inician las Negociaciones del TLCAN"}]},{"@type":"WebSite","@id":"https:\/\/www.campa.com.mx\/site\/#website","url":"https:\/\/www.campa.com.mx\/site\/","name":"Campa","description":"Tecnolog\u00eda - Comercio Exterior - Servicios","potentialAction":[{"@type":"SearchAction","target":{"@type":"EntryPoint","urlTemplate":"https:\/\/www.campa.com.mx\/site\/?s={search_term_string}"},"query-input":"required name=search_term_string"}],"inLanguage":"es"},{"@type":"Person","@id":"https:\/\/www.campa.com.mx\/site\/#\/schema\/person\/5bf1874b81661ed013f5aa29df30761c","name":"campa","image":{"@type":"ImageObject","inLanguage":"es","@id":"https:\/\/www.campa.com.mx\/site\/#\/schema\/person\/image\/","url":"https:\/\/secure.gravatar.com\/avatar\/921e6e5cffb9d78857948e938192591b9fd4168d0b55cc795582b49d9dc52bb1?s=96&d=mm&r=g","contentUrl":"https:\/\/secure.gravatar.com\/avatar\/921e6e5cffb9d78857948e938192591b9fd4168d0b55cc795582b49d9dc52bb1?s=96&d=mm&r=g","caption":"campa"}}]}},"jetpack_featured_media_url":"https:\/\/www.campa.com.mx\/site\/wp-content\/uploads\/2017\/08\/shutterstock_591520280.jpg","jetpack_sharing_enabled":true,"_links":{"self":[{"href":"https:\/\/www.campa.com.mx\/site\/wp-json\/wp\/v2\/posts\/1523","targetHints":{"allow":["GET"]}}],"collection":[{"href":"https:\/\/www.campa.com.mx\/site\/wp-json\/wp\/v2\/posts"}],"about":[{"href":"https:\/\/www.campa.com.mx\/site\/wp-json\/wp\/v2\/types\/post"}],"author":[{"embeddable":true,"href":"https:\/\/www.campa.com.mx\/site\/wp-json\/wp\/v2\/users\/1"}],"replies":[{"embeddable":true,"href":"https:\/\/www.campa.com.mx\/site\/wp-json\/wp\/v2\/comments?post=1523"}],"version-history":[{"count":6,"href":"https:\/\/www.campa.com.mx\/site\/wp-json\/wp\/v2\/posts\/1523\/revisions"}],"predecessor-version":[{"id":1530,"href":"https:\/\/www.campa.com.mx\/site\/wp-json\/wp\/v2\/posts\/1523\/revisions\/1530"}],"wp:featuredmedia":[{"embeddable":true,"href":"https:\/\/www.campa.com.mx\/site\/wp-json\/wp\/v2\/media\/1529"}],"wp:attachment":[{"href":"https:\/\/www.campa.com.mx\/site\/wp-json\/wp\/v2\/media?parent=1523"}],"wp:term":[{"taxonomy":"category","embeddable":true,"href":"https:\/\/www.campa.com.mx\/site\/wp-json\/wp\/v2\/categories?post=1523"},{"taxonomy":"post_tag","embeddable":true,"href":"https:\/\/www.campa.com.mx\/site\/wp-json\/wp\/v2\/tags?post=1523"}],"curies":[{"name":"wp","href":"https:\/\/api.w.org\/{rel}","templated":true}]}}