{"id":1548,"date":"2017-08-21T15:20:59","date_gmt":"2017-08-21T15:20:59","guid":{"rendered":"http:\/\/www.campa.com.mx\/site\/?p=1548"},"modified":"2017-08-21T16:43:05","modified_gmt":"2017-08-21T16:43:05","slug":"tema-ambiental-se-tocaria-por-encimita-en-tlcan","status":"publish","type":"post","link":"https:\/\/www.campa.com.mx\/site\/tema-ambiental-se-tocaria-por-encimita-en-tlcan\/","title":{"rendered":"Tema ambiental se tocar\u00eda por encimita en TLCAN ."},"content":{"rendered":"<div class=\"\" data-block=\"true\" data-editor=\"bpaov\" data-offset-key=\"66qfh-0-0\"><\/div>\n<div class=\"\" data-block=\"true\" data-editor=\"bpaov\" data-offset-key=\"auhm2-0-0\">\n<div class=\"_1mf _1mj\" data-offset-key=\"auhm2-0-0\">En la renegociaci\u00f3n del Tratado de Libre Comercio de Am\u00e9rica del Norte (TLCAN), el cambio clim\u00e1tico y el medio ambiente apuntan a ser un tema del que los negociadores s\u00f3lo toquen la superficie.<\/div>\n<\/div>\n<div class=\"\" data-block=\"true\" data-editor=\"bpaov\" data-offset-key=\"1fpme-0-0\">\n<div class=\"_1mf _1mj\" data-offset-key=\"1fpme-0-0\"><span data-offset-key=\"1fpme-0-0\">\u00a0<\/span><\/div>\n<\/div>\n<div class=\"\" data-block=\"true\" data-editor=\"bpaov\" data-offset-key=\"2ufj9-0-0\">\n<div class=\"_1mf _1mj\" data-offset-key=\"2ufj9-0-0\"><span data-offset-key=\"2ufj9-0-0\">La raz\u00f3n es el vocabulario tan vago que ha sido utilizado tanto por M\u00e9xico, como por Estados Unidos para hacer referencia a sus intenciones de tocar este tema en el acuerdo, coincidieron expertos.<\/span><\/div>\n<\/div>\n<div class=\"\" data-block=\"true\" data-editor=\"bpaov\" data-offset-key=\"e1a40-0-0\">\n<div class=\"_1mf _1mj\" data-offset-key=\"e1a40-0-0\"><span data-offset-key=\"e1a40-0-0\">\u00a0<\/span><\/div>\n<\/div>\n<div class=\"\" data-block=\"true\" data-editor=\"bpaov\" data-offset-key=\"1o3l4-0-0\">\n<div class=\"_1mf _1mj\" data-offset-key=\"1o3l4-0-0\"><span data-offset-key=\"1o3l4-0-0\">\u201cLas prioridades mexicanas solamente mencionan cuestiones ambientales transitorias, y resaltan la explotaci\u00f3n de combustibles f\u00f3siles como una oportunidad econ\u00f3mica del siglo 21\u201d, dijo Amanda Maxwell, directora de proyectos para Am\u00e9rica Latina del Consejo para la Defensa de Recursos Naturales.<\/span><\/div>\n<\/div>\n<div class=\"\" data-block=\"true\" data-editor=\"bpaov\" data-offset-key=\"unc5-0-0\">\n<div class=\"_1mf _1mj\" data-offset-key=\"unc5-0-0\"><span data-offset-key=\"unc5-0-0\">\u00a0<\/span><\/div>\n<\/div>\n<div class=\"\" data-block=\"true\" data-editor=\"bpaov\" data-offset-key=\"gs62-0-0\">\n<div class=\"_1mf _1mj\" data-offset-key=\"gs62-0-0\"><span data-offset-key=\"gs62-0-0\">Adem\u00e1s, en el equipo de negociaci\u00f3n mexicana no hay especialistas enfocados en medio ambiente, de acuerdo con Alejandra Vergara, investigadora del IPN especializada en temas de medio ambiente.<\/span><\/div>\n<\/div>\n<div class=\"\" data-block=\"true\" data-editor=\"bpaov\" data-offset-key=\"dfvai-0-0\">\n<div class=\"_1mf _1mj\" data-offset-key=\"dfvai-0-0\"><span data-offset-key=\"dfvai-0-0\">\u00a0<\/span><\/div>\n<\/div>\n<div class=\"\" data-block=\"true\" data-editor=\"bpaov\" data-offset-key=\"7vn5s-0-0\">\n<div class=\"_1mf _1mj\" data-offset-key=\"7vn5s-0-0\"><span data-offset-key=\"7vn5s-0-0\">\u201cDe M\u00e9xico asisten unos 30 especialistas en negociaciones comerciales, en s\u00ed no est\u00e1n preparados para la tem\u00e1tica del medio ambiente\u201d, dijo Vergara.<\/span><\/div>\n<\/div>\n<div class=\"\" data-block=\"true\" data-editor=\"bpaov\" data-offset-key=\"bn9b8-0-0\">\n<div class=\"_1mf _1mj\" data-offset-key=\"bn9b8-0-0\"><span data-offset-key=\"bn9b8-0-0\">\u00a0<\/span><\/div>\n<\/div>\n<div class=\"\" data-block=\"true\" data-editor=\"bpaov\" data-offset-key=\"448ge-0-0\">\n<div class=\"_1mf _1mj\" data-offset-key=\"448ge-0-0\"><span data-offset-key=\"448ge-0-0\">Otro factor, agreg\u00f3, es el hecho de que la mayor\u00eda de los tratados comerciales en el mundo no abordan de manera detallada el medio ambiente, en su lugar, las naciones prefieren firmar o adherirse a protocolos o compromisos internacionales en cambio clim\u00e1tico.<\/span><\/div>\n<\/div>\n<div class=\"\" data-block=\"true\" data-editor=\"bpaov\" data-offset-key=\"duph9-0-0\">\n<div class=\"_1mf _1mj\" data-offset-key=\"duph9-0-0\"><span data-offset-key=\"duph9-0-0\">\u00a0<\/span><\/div>\n<\/div>\n<div class=\"\" data-block=\"true\" data-editor=\"bpaov\" data-offset-key=\"al8ev-0-0\">\n<div class=\"_1mf _1mj\" data-offset-key=\"al8ev-0-0\"><span data-offset-key=\"al8ev-0-0\">En lugar de esperar disposiciones profundas que fuercen cambios en los sistemas de producci\u00f3n y comercializaci\u00f3n en pro del medio ambiente, Vergara anticipa que lo que habr\u00e1 en el acuerdo ser\u00e1 una suerte de cap\u00edtulo reforzado en materia de biodiversidad y conservaci\u00f3n de especies, muy apegado al actual acuerdo paralelo que el bloque mantiene.<\/span><\/div>\n<\/div>\n<div class=\"\" data-block=\"true\" data-editor=\"bpaov\" data-offset-key=\"fuq5f-0-0\">\n<div class=\"_1mf _1mj\" data-offset-key=\"fuq5f-0-0\"><span data-offset-key=\"fuq5f-0-0\">\u00a0<\/span><\/div>\n<\/div>\n<div class=\"\" data-block=\"true\" data-editor=\"bpaov\" data-offset-key=\"dun14-0-0\">\n<div class=\"_1mf _1mj\" data-offset-key=\"dun14-0-0\"><span data-offset-key=\"dun14-0-0\">\u00a0<\/span><\/div>\n<\/div>\n<div class=\"\" data-block=\"true\" data-editor=\"bpaov\" data-offset-key=\"1307p-0-0\">\n<div class=\"_1mf _1mj\" data-offset-key=\"1307p-0-0\"><span data-offset-key=\"1307p-0-0\">\u00a0<\/span><\/div>\n<\/div>\n<div class=\"\" data-block=\"true\" data-editor=\"bpaov\" data-offset-key=\"5crm2-0-0\">\n<div class=\"_1mf _1mj\" data-offset-key=\"5crm2-0-0\"><span data-offset-key=\"5crm2-0-0\">Fuente:elfinanciero<\/span><\/div>\n<\/div>\n","protected":false},"excerpt":{"rendered":"<p>En la renegociaci\u00f3n del Tratado de Libre Comercio de Am\u00e9rica del Norte (TLCAN), el cambio clim\u00e1tico y el medio ambiente apuntan a ser un tema del que los negociadores s\u00f3lo&#8230;<\/p>\n","protected":false},"author":1,"featured_media":1549,"comment_status":"closed","ping_status":"open","sticky":false,"template":"","format":"standard","meta":{"inline_featured_image":false,"_jetpack_memberships_contains_paid_content":false,"footnotes":""},"categories":[1],"tags":[159,168,153,167,108],"class_list":["post-1548","post","type-post","status-publish","format-standard","has-post-thumbnail","hentry","category-campa","tag-mexico-y-estados-unidos","tag-recursos-naturales","tag-renegociacion-tlcan","tag-tema-ambiental","tag-tlcan"],"yoast_head":"<!-- This site is optimized with the Yoast SEO plugin v20.9 - https:\/\/yoast.com\/wordpress\/plugins\/seo\/ -->\n<title>Tema ambiental se tocar\u00eda por encimita en TLCAN . - Campa<\/title>\n<meta name=\"robots\" content=\"index, follow, max-snippet:-1, max-image-preview:large, max-video-preview:-1\" \/>\n<link rel=\"canonical\" href=\"https:\/\/www.campa.com.mx\/site\/tema-ambiental-se-tocaria-por-encimita-en-tlcan\/\" \/>\n<meta property=\"og:locale\" content=\"es_ES\" \/>\n<meta property=\"og:type\" content=\"article\" \/>\n<meta property=\"og:title\" content=\"Tema ambiental se tocar\u00eda por encimita en TLCAN . - Campa\" \/>\n<meta property=\"og:description\" content=\"En la renegociaci\u00f3n del Tratado de Libre Comercio de Am\u00e9rica del Norte (TLCAN), el cambio clim\u00e1tico y el medio ambiente apuntan a ser un tema del que los negociadores s\u00f3lo...\" \/>\n<meta property=\"og:url\" content=\"https:\/\/www.campa.com.mx\/site\/tema-ambiental-se-tocaria-por-encimita-en-tlcan\/\" \/>\n<meta property=\"og:site_name\" content=\"Campa\" \/>\n<meta property=\"article:publisher\" content=\"https:\/\/www.facebook.com\/MovimientoAnexo24\" \/>\n<meta property=\"article:published_time\" content=\"2017-08-21T15:20:59+00:00\" \/>\n<meta property=\"article:modified_time\" content=\"2017-08-21T16:43:05+00:00\" \/>\n<meta property=\"og:image\" content=\"https:\/\/www.campa.com.mx\/site\/wp-content\/uploads\/2017\/08\/Captura-de-pantalla-2017-08-21-a-las-09.56.25.png\" \/>\n\t<meta property=\"og:image:width\" content=\"1194\" \/>\n\t<meta property=\"og:image:height\" content=\"696\" \/>\n\t<meta property=\"og:image:type\" content=\"image\/png\" \/>\n<meta name=\"author\" content=\"campa\" \/>\n<meta name=\"twitter:card\" content=\"summary_large_image\" \/>\n<meta name=\"twitter:creator\" content=\"@artycampa\" \/>\n<meta name=\"twitter:site\" content=\"@artycampa\" \/>\n<meta name=\"twitter:label1\" content=\"Escrito por\" \/>\n\t<meta name=\"twitter:data1\" content=\"campa\" \/>\n\t<meta name=\"twitter:label2\" content=\"Tiempo de lectura\" \/>\n\t<meta name=\"twitter:data2\" content=\"1 minuto\" \/>\n<script type=\"application\/ld+json\" class=\"yoast-schema-graph\">{\"@context\":\"https:\/\/schema.org\",\"@graph\":[{\"@type\":\"WebPage\",\"@id\":\"https:\/\/www.campa.com.mx\/site\/tema-ambiental-se-tocaria-por-encimita-en-tlcan\/\",\"url\":\"https:\/\/www.campa.com.mx\/site\/tema-ambiental-se-tocaria-por-encimita-en-tlcan\/\",\"name\":\"Tema ambiental se tocar\u00eda por encimita en TLCAN . - Campa\",\"isPartOf\":{\"@id\":\"https:\/\/www.campa.com.mx\/site\/#website\"},\"datePublished\":\"2017-08-21T15:20:59+00:00\",\"dateModified\":\"2017-08-21T16:43:05+00:00\",\"author\":{\"@id\":\"https:\/\/www.campa.com.mx\/site\/#\/schema\/person\/5bf1874b81661ed013f5aa29df30761c\"},\"breadcrumb\":{\"@id\":\"https:\/\/www.campa.com.mx\/site\/tema-ambiental-se-tocaria-por-encimita-en-tlcan\/#breadcrumb\"},\"inLanguage\":\"es\",\"potentialAction\":[{\"@type\":\"ReadAction\",\"target\":[\"https:\/\/www.campa.com.mx\/site\/tema-ambiental-se-tocaria-por-encimita-en-tlcan\/\"]}]},{\"@type\":\"BreadcrumbList\",\"@id\":\"https:\/\/www.campa.com.mx\/site\/tema-ambiental-se-tocaria-por-encimita-en-tlcan\/#breadcrumb\",\"itemListElement\":[{\"@type\":\"ListItem\",\"position\":1,\"name\":\"Portada\",\"item\":\"https:\/\/www.campa.com.mx\/site\/\"},{\"@type\":\"ListItem\",\"position\":2,\"name\":\"Tema ambiental se tocar\u00eda por encimita en TLCAN .\"}]},{\"@type\":\"WebSite\",\"@id\":\"https:\/\/www.campa.com.mx\/site\/#website\",\"url\":\"https:\/\/www.campa.com.mx\/site\/\",\"name\":\"Campa\",\"description\":\"Tecnolog\u00eda - Comercio Exterior - Servicios\",\"potentialAction\":[{\"@type\":\"SearchAction\",\"target\":{\"@type\":\"EntryPoint\",\"urlTemplate\":\"https:\/\/www.campa.com.mx\/site\/?s={search_term_string}\"},\"query-input\":\"required name=search_term_string\"}],\"inLanguage\":\"es\"},{\"@type\":\"Person\",\"@id\":\"https:\/\/www.campa.com.mx\/site\/#\/schema\/person\/5bf1874b81661ed013f5aa29df30761c\",\"name\":\"campa\",\"image\":{\"@type\":\"ImageObject\",\"inLanguage\":\"es\",\"@id\":\"https:\/\/www.campa.com.mx\/site\/#\/schema\/person\/image\/\",\"url\":\"https:\/\/secure.gravatar.com\/avatar\/921e6e5cffb9d78857948e938192591b9fd4168d0b55cc795582b49d9dc52bb1?s=96&d=mm&r=g\",\"contentUrl\":\"https:\/\/secure.gravatar.com\/avatar\/921e6e5cffb9d78857948e938192591b9fd4168d0b55cc795582b49d9dc52bb1?s=96&d=mm&r=g\",\"caption\":\"campa\"}}]}<\/script>\n<!-- \/ Yoast SEO plugin. -->","yoast_head_json":{"title":"Tema ambiental se tocar\u00eda por encimita en TLCAN . - Campa","robots":{"index":"index","follow":"follow","max-snippet":"max-snippet:-1","max-image-preview":"max-image-preview:large","max-video-preview":"max-video-preview:-1"},"canonical":"https:\/\/www.campa.com.mx\/site\/tema-ambiental-se-tocaria-por-encimita-en-tlcan\/","og_locale":"es_ES","og_type":"article","og_title":"Tema ambiental se tocar\u00eda por encimita en TLCAN . - Campa","og_description":"En la renegociaci\u00f3n del Tratado de Libre Comercio de Am\u00e9rica del Norte (TLCAN), el cambio clim\u00e1tico y el medio ambiente apuntan a ser un tema del que los negociadores s\u00f3lo...","og_url":"https:\/\/www.campa.com.mx\/site\/tema-ambiental-se-tocaria-por-encimita-en-tlcan\/","og_site_name":"Campa","article_publisher":"https:\/\/www.facebook.com\/MovimientoAnexo24","article_published_time":"2017-08-21T15:20:59+00:00","article_modified_time":"2017-08-21T16:43:05+00:00","og_image":[{"width":1194,"height":696,"url":"https:\/\/www.campa.com.mx\/site\/wp-content\/uploads\/2017\/08\/Captura-de-pantalla-2017-08-21-a-las-09.56.25.png","type":"image\/png"}],"author":"campa","twitter_card":"summary_large_image","twitter_creator":"@artycampa","twitter_site":"@artycampa","twitter_misc":{"Escrito por":"campa","Tiempo de lectura":"1 minuto"},"schema":{"@context":"https:\/\/schema.org","@graph":[{"@type":"WebPage","@id":"https:\/\/www.campa.com.mx\/site\/tema-ambiental-se-tocaria-por-encimita-en-tlcan\/","url":"https:\/\/www.campa.com.mx\/site\/tema-ambiental-se-tocaria-por-encimita-en-tlcan\/","name":"Tema ambiental se tocar\u00eda por encimita en TLCAN . - Campa","isPartOf":{"@id":"https:\/\/www.campa.com.mx\/site\/#website"},"datePublished":"2017-08-21T15:20:59+00:00","dateModified":"2017-08-21T16:43:05+00:00","author":{"@id":"https:\/\/www.campa.com.mx\/site\/#\/schema\/person\/5bf1874b81661ed013f5aa29df30761c"},"breadcrumb":{"@id":"https:\/\/www.campa.com.mx\/site\/tema-ambiental-se-tocaria-por-encimita-en-tlcan\/#breadcrumb"},"inLanguage":"es","potentialAction":[{"@type":"ReadAction","target":["https:\/\/www.campa.com.mx\/site\/tema-ambiental-se-tocaria-por-encimita-en-tlcan\/"]}]},{"@type":"BreadcrumbList","@id":"https:\/\/www.campa.com.mx\/site\/tema-ambiental-se-tocaria-por-encimita-en-tlcan\/#breadcrumb","itemListElement":[{"@type":"ListItem","position":1,"name":"Portada","item":"https:\/\/www.campa.com.mx\/site\/"},{"@type":"ListItem","position":2,"name":"Tema ambiental se tocar\u00eda por encimita en TLCAN ."}]},{"@type":"WebSite","@id":"https:\/\/www.campa.com.mx\/site\/#website","url":"https:\/\/www.campa.com.mx\/site\/","name":"Campa","description":"Tecnolog\u00eda - Comercio Exterior - Servicios","potentialAction":[{"@type":"SearchAction","target":{"@type":"EntryPoint","urlTemplate":"https:\/\/www.campa.com.mx\/site\/?s={search_term_string}"},"query-input":"required name=search_term_string"}],"inLanguage":"es"},{"@type":"Person","@id":"https:\/\/www.campa.com.mx\/site\/#\/schema\/person\/5bf1874b81661ed013f5aa29df30761c","name":"campa","image":{"@type":"ImageObject","inLanguage":"es","@id":"https:\/\/www.campa.com.mx\/site\/#\/schema\/person\/image\/","url":"https:\/\/secure.gravatar.com\/avatar\/921e6e5cffb9d78857948e938192591b9fd4168d0b55cc795582b49d9dc52bb1?s=96&d=mm&r=g","contentUrl":"https:\/\/secure.gravatar.com\/avatar\/921e6e5cffb9d78857948e938192591b9fd4168d0b55cc795582b49d9dc52bb1?s=96&d=mm&r=g","caption":"campa"}}]}},"jetpack_featured_media_url":"https:\/\/www.campa.com.mx\/site\/wp-content\/uploads\/2017\/08\/Captura-de-pantalla-2017-08-21-a-las-09.56.25.png","jetpack_sharing_enabled":true,"_links":{"self":[{"href":"https:\/\/www.campa.com.mx\/site\/wp-json\/wp\/v2\/posts\/1548","targetHints":{"allow":["GET"]}}],"collection":[{"href":"https:\/\/www.campa.com.mx\/site\/wp-json\/wp\/v2\/posts"}],"about":[{"href":"https:\/\/www.campa.com.mx\/site\/wp-json\/wp\/v2\/types\/post"}],"author":[{"embeddable":true,"href":"https:\/\/www.campa.com.mx\/site\/wp-json\/wp\/v2\/users\/1"}],"replies":[{"embeddable":true,"href":"https:\/\/www.campa.com.mx\/site\/wp-json\/wp\/v2\/comments?post=1548"}],"version-history":[{"count":2,"href":"https:\/\/www.campa.com.mx\/site\/wp-json\/wp\/v2\/posts\/1548\/revisions"}],"predecessor-version":[{"id":1551,"href":"https:\/\/www.campa.com.mx\/site\/wp-json\/wp\/v2\/posts\/1548\/revisions\/1551"}],"wp:featuredmedia":[{"embeddable":true,"href":"https:\/\/www.campa.com.mx\/site\/wp-json\/wp\/v2\/media\/1549"}],"wp:attachment":[{"href":"https:\/\/www.campa.com.mx\/site\/wp-json\/wp\/v2\/media?parent=1548"}],"wp:term":[{"taxonomy":"category","embeddable":true,"href":"https:\/\/www.campa.com.mx\/site\/wp-json\/wp\/v2\/categories?post=1548"},{"taxonomy":"post_tag","embeddable":true,"href":"https:\/\/www.campa.com.mx\/site\/wp-json\/wp\/v2\/tags?post=1548"}],"curies":[{"name":"wp","href":"https:\/\/api.w.org\/{rel}","templated":true}]}}