{"id":1577,"date":"2017-08-23T15:38:11","date_gmt":"2017-08-23T15:38:11","guid":{"rendered":"http:\/\/www.campa.com.mx\/site\/?p=1577"},"modified":"2017-08-23T15:38:11","modified_gmt":"2017-08-23T15:38:11","slug":"tlcan-mexico-estados-unidos-y-canada","status":"publish","type":"post","link":"https:\/\/www.campa.com.mx\/site\/tlcan-mexico-estados-unidos-y-canada\/","title":{"rendered":"\u00bfQu\u00e9 pasar\u00eda si Estados Unidos sale del TLCAN?"},"content":{"rendered":"<p><strong>Trump amenaz\u00f3 con que Estados Unidos saldr\u00eda, si no se realizaba una renegociaci\u00f3n del Tratado de Libre Comercio de Am\u00e9rica del Norte<\/strong>\u00a0(TLCAN), pues considera que era injusto para su pa\u00eds y que s\u00f3lo\u00a0<strong>M\u00e9xico y Canad\u00e1 han salido beneficiados de dicho acuerdo.\u00a0<\/strong><\/p>\n<p>En un mundo ficticio en el que Trump<strong>\u00a0lograra que su pa\u00eds saliera del TLCAN\u00a0<\/strong>las cosas no ser\u00edan buenas para ninguno de los pa\u00edses que participaron; pero sin duda la econom\u00eda mexicana sufrir\u00eda un impacto enorme.<\/p>\n<p><strong>Te explicamos c\u00f3mo pasar\u00eda esto.<\/strong><\/p>\n<h3><strong>Comercio<\/strong><\/h3>\n<p>Uno de los principales objetivos del tratado es\u00a0<strong>lograr que haya un libre flujo de mercanc\u00edas entre M\u00e9xico, Estados Unidos y Canad\u00e1,\u00a0<\/strong>pues los consumidores se beneficiaran al obtener los<strong>\u00a0mejores productos a precios competitivos.<\/strong><\/p>\n<p>Desde la firma del acuerdo las exportaciones de M\u00e9xico a EU y Canad\u00e1 han pasado de 53,000 a 319,000 millones de d\u00f3lares en 2015.\u00a0<strong>Esto es un incremento de m\u00e1s del 500 por ciento.<\/strong><\/p>\n<p>Pero Estados Unidos ha sido m\u00e1s importante para M\u00e9xico pues<strong>\u00a0m\u00e1s del 95% de las exportaciones mexicanas a pa\u00edses del TLCAN van dirigidas a EU.\u00a0<\/strong>Si este pa\u00eds saliera\u00a0<strong>pondr\u00eda en problemas al sector exportador mexicano.<\/strong><\/p>\n<div class=\"media media-element-container media-media_original\">\n<div id=\"file-165612\" class=\"file file-image file-image-png\">\n<div class=\"content\"><img loading=\"lazy\" decoding=\"async\" class=\"media-image media-element file-media-original image-style-none\" title=\"\" src=\"http:\/\/www.dineroenimagen.com\/media\/dinero\/exportaciones_tlcan_5_jul.png\" alt=\"\" width=\"561\" height=\"500\" data-delta=\"2\" \/><\/div>\n<\/div>\n<\/div>\n<p>Fuente: Banxico<\/p>\n<p>No obstante\u00a0<strong>las importaciones que M\u00e9xico trae de Estados Unidos tambi\u00e9n han incrementado,<\/strong>\u00a0pues entre 1994 y 2015 pasaron de 56,000 a 196,000 millones de d\u00f3lares, un incremento de casi 250%.<\/p>\n<p>De igual forma las mercanc\u00edas que m\u00e1s adquiere M\u00e9xico de sus vecinos del norte son de EU, con casi el 95% del total.\u00a0<strong>As\u00ed, tambi\u00e9n Estados Unidos ser\u00eda afectado.<\/strong><\/p>\n<div class=\"media media-element-container media-media_original\">\n<div id=\"file-165613\" class=\"file file-image file-image-png\">\n<div class=\"content\"><img loading=\"lazy\" decoding=\"async\" class=\"media-image media-element file-media-original image-style-none\" title=\"\" src=\"http:\/\/www.dineroenimagen.com\/media\/dinero\/imp_tlcan_5jul.png\" alt=\"\" width=\"548\" height=\"442\" data-delta=\"2\" \/><\/div>\n<\/div>\n<\/div>\n<p>Fuente: Banxico<\/p>\n<h3><strong>Inversi\u00f3n<\/strong><\/h3>\n<p><strong>Otro rubro importante que el TLCAN ha promovido es la inversi\u00f3n.\u00a0<\/strong>Seg\u00fan cifras de la Secretar\u00eda de Relaciones Exteriores, como parte del proceso de integraci\u00f3n econ\u00f3mica impulsado por el acuerdo, en el periodo del 2000 al 2014\u00a0<strong>la inversi\u00f3n extranjera directa (IED) de Estados Unidos a M\u00e9xico sum\u00f3 171,500 millones de d\u00f3lares;\u00a0<\/strong>lo que representa m\u00e1s del\u00a0<strong>45% de toda la inversi\u00f3n que ha llegado a M\u00e9xico.\u00a0<\/strong><\/p>\n<p>Aunque a\u00fan podr\u00eda haber inversiones sin el TLCAN, podr\u00edan surgir algunas barreras para restringirlas.<\/p>\n<div class=\"media media-element-container media-media_original\">\n<div id=\"file-165614\" class=\"file file-image file-image-png\">\n<div class=\"content\"><img loading=\"lazy\" decoding=\"async\" class=\"media-image media-element file-media-original image-style-none\" title=\"\" src=\"http:\/\/www.dineroenimagen.com\/media\/dinero\/ied_5_jul.png\" alt=\"\" width=\"449\" height=\"399\" data-delta=\"2\" \/><\/div>\n<\/div>\n<\/div>\n<p>Fuente: SRE<\/p>\n<h3><strong>Autom\u00f3viles<\/strong><\/h3>\n<p>En un reporte de 2014, BBVA Research\u00a0<strong>se\u00f1al\u00f3 que la capacidad de producci\u00f3n de autom\u00f3viles creci\u00f3 en M\u00e9xico de forma cosntante desde 2005,\u00a0<\/strong>mientras que la capacidad conjunta de Estados Unidos y Canad\u00e1 cay\u00f3 12%.<\/p>\n<p><strong>De este modo M\u00e9xico consigui\u00f3 hacerse con una cuota de mercado de autom\u00f3viles del 25% del total de la regi\u00f3n hasta 2014.<\/strong><\/p>\n<p>Los analistas explicaron que uno de los factores que permiti\u00f3 dicho crecimiento fue que\u00a0<strong>los costos laborales en las manufacturas son m\u00e1s reducidos en M\u00e9xico<\/strong>, por ejemplo en 2012 se pagaban<strong>\u00a036 d\u00f3lares por hora en la industria manufacturera en EU y Canad\u00e1 y en M\u00e9xico era s\u00f3lo de 6 d\u00f3lares.<\/strong><\/p>\n<p>Esto promovi\u00f3 que en\u00a0<strong>M\u00e9xico\u00a0<\/strong>aumentara el empleo pero a cambio\u00a0<strong>EU y Canad\u00e1<\/strong>\u00a0obtienen autos a un precio de mejor calidad.<\/p>\n<div class=\"media media-element-container media-media_original\">\n<div id=\"file-165621\" class=\"file file-image file-image-png\">\n<div class=\"content\"><img loading=\"lazy\" decoding=\"async\" class=\"media-image media-element file-media-original image-style-none\" title=\"\" src=\"http:\/\/www.dineroenimagen.com\/media\/dinero\/autos_5_jul.png\" alt=\"\" width=\"496\" height=\"403\" data-delta=\"2\" \/><\/div>\n<\/div>\n<\/div>\n<div><\/div>\n","protected":false},"excerpt":{"rendered":"<p>Trump amenaz\u00f3 con que Estados Unidos saldr\u00eda, si no se realizaba una renegociaci\u00f3n del Tratado de Libre Comercio de Am\u00e9rica del Norte\u00a0(TLCAN), pues considera que era injusto para su pa\u00eds y que s\u00f3lo\u00a0M\u00e9xico y Canad\u00e1 han salido beneficiados de dicho acuerdo.\u00a0<\/p>\n","protected":false},"author":1,"featured_media":1581,"comment_status":"closed","ping_status":"open","sticky":false,"template":"","format":"standard","meta":{"inline_featured_image":false,"_jetpack_memberships_contains_paid_content":false,"footnotes":""},"categories":[1],"tags":[154,191,109,155,192,126,7,153,108,132,190],"class_list":["post-1577","post","type-post","status-publish","format-standard","has-post-thumbnail","hentry","category-campa","tag-canada","tag-comercio","tag-donald-trump","tag-estados-unidos","tag-estados-unidos-y-canada","tag-inversion","tag-mexico","tag-renegociacion-tlcan","tag-tlcan","tag-tratado-de-libre-comercio","tag-tratado-de-libre-comercio-de-america-del-norte"],"yoast_head":"<!-- This site is optimized with the Yoast SEO plugin v20.9 - https:\/\/yoast.com\/wordpress\/plugins\/seo\/ -->\n<title>\u00bfQu\u00e9 pasar\u00eda si Estados Unidos sale del TLCAN? - Campa<\/title>\n<meta name=\"robots\" content=\"index, follow, max-snippet:-1, max-image-preview:large, max-video-preview:-1\" \/>\n<link rel=\"canonical\" href=\"https:\/\/www.campa.com.mx\/site\/tlcan-mexico-estados-unidos-y-canada\/\" \/>\n<meta property=\"og:locale\" content=\"es_ES\" \/>\n<meta property=\"og:type\" content=\"article\" \/>\n<meta property=\"og:title\" content=\"\u00bfQu\u00e9 pasar\u00eda si Estados Unidos sale del TLCAN? - Campa\" \/>\n<meta property=\"og:description\" content=\"Trump amenaz\u00f3 con que Estados Unidos saldr\u00eda, si no se realizaba una renegociaci\u00f3n del Tratado de Libre Comercio de Am\u00e9rica del Norte\u00a0(TLCAN), pues considera que era injusto para su pa\u00eds y que s\u00f3lo\u00a0M\u00e9xico y Canad\u00e1 han salido beneficiados de dicho acuerdo.\u00a0\" \/>\n<meta property=\"og:url\" content=\"https:\/\/www.campa.com.mx\/site\/tlcan-mexico-estados-unidos-y-canada\/\" \/>\n<meta property=\"og:site_name\" content=\"Campa\" \/>\n<meta property=\"article:publisher\" content=\"https:\/\/www.facebook.com\/MovimientoAnexo24\" \/>\n<meta property=\"article:published_time\" content=\"2017-08-23T15:38:11+00:00\" \/>\n<meta property=\"og:image\" content=\"https:\/\/www.campa.com.mx\/site\/wp-content\/uploads\/2017\/08\/Captura-de-pantalla-2017-08-23-a-las-10.28.56.png\" \/>\n\t<meta property=\"og:image:width\" content=\"1195\" \/>\n\t<meta property=\"og:image:height\" content=\"694\" \/>\n\t<meta property=\"og:image:type\" content=\"image\/png\" \/>\n<meta name=\"author\" content=\"campa\" \/>\n<meta name=\"twitter:card\" content=\"summary_large_image\" \/>\n<meta name=\"twitter:creator\" content=\"@artycampa\" \/>\n<meta name=\"twitter:site\" content=\"@artycampa\" \/>\n<meta name=\"twitter:label1\" content=\"Escrito por\" \/>\n\t<meta name=\"twitter:data1\" content=\"campa\" \/>\n\t<meta name=\"twitter:label2\" content=\"Tiempo de lectura\" \/>\n\t<meta name=\"twitter:data2\" content=\"3 minutos\" \/>\n<script type=\"application\/ld+json\" class=\"yoast-schema-graph\">{\"@context\":\"https:\/\/schema.org\",\"@graph\":[{\"@type\":\"WebPage\",\"@id\":\"https:\/\/www.campa.com.mx\/site\/tlcan-mexico-estados-unidos-y-canada\/\",\"url\":\"https:\/\/www.campa.com.mx\/site\/tlcan-mexico-estados-unidos-y-canada\/\",\"name\":\"\u00bfQu\u00e9 pasar\u00eda si Estados Unidos sale del TLCAN? - Campa\",\"isPartOf\":{\"@id\":\"https:\/\/www.campa.com.mx\/site\/#website\"},\"datePublished\":\"2017-08-23T15:38:11+00:00\",\"dateModified\":\"2017-08-23T15:38:11+00:00\",\"author\":{\"@id\":\"https:\/\/www.campa.com.mx\/site\/#\/schema\/person\/5bf1874b81661ed013f5aa29df30761c\"},\"breadcrumb\":{\"@id\":\"https:\/\/www.campa.com.mx\/site\/tlcan-mexico-estados-unidos-y-canada\/#breadcrumb\"},\"inLanguage\":\"es\",\"potentialAction\":[{\"@type\":\"ReadAction\",\"target\":[\"https:\/\/www.campa.com.mx\/site\/tlcan-mexico-estados-unidos-y-canada\/\"]}]},{\"@type\":\"BreadcrumbList\",\"@id\":\"https:\/\/www.campa.com.mx\/site\/tlcan-mexico-estados-unidos-y-canada\/#breadcrumb\",\"itemListElement\":[{\"@type\":\"ListItem\",\"position\":1,\"name\":\"Portada\",\"item\":\"https:\/\/www.campa.com.mx\/site\/\"},{\"@type\":\"ListItem\",\"position\":2,\"name\":\"\u00bfQu\u00e9 pasar\u00eda si Estados Unidos sale del TLCAN?\"}]},{\"@type\":\"WebSite\",\"@id\":\"https:\/\/www.campa.com.mx\/site\/#website\",\"url\":\"https:\/\/www.campa.com.mx\/site\/\",\"name\":\"Campa\",\"description\":\"Tecnolog\u00eda - Comercio Exterior - Servicios\",\"potentialAction\":[{\"@type\":\"SearchAction\",\"target\":{\"@type\":\"EntryPoint\",\"urlTemplate\":\"https:\/\/www.campa.com.mx\/site\/?s={search_term_string}\"},\"query-input\":\"required name=search_term_string\"}],\"inLanguage\":\"es\"},{\"@type\":\"Person\",\"@id\":\"https:\/\/www.campa.com.mx\/site\/#\/schema\/person\/5bf1874b81661ed013f5aa29df30761c\",\"name\":\"campa\",\"image\":{\"@type\":\"ImageObject\",\"inLanguage\":\"es\",\"@id\":\"https:\/\/www.campa.com.mx\/site\/#\/schema\/person\/image\/\",\"url\":\"https:\/\/secure.gravatar.com\/avatar\/921e6e5cffb9d78857948e938192591b9fd4168d0b55cc795582b49d9dc52bb1?s=96&d=mm&r=g\",\"contentUrl\":\"https:\/\/secure.gravatar.com\/avatar\/921e6e5cffb9d78857948e938192591b9fd4168d0b55cc795582b49d9dc52bb1?s=96&d=mm&r=g\",\"caption\":\"campa\"}}]}<\/script>\n<!-- \/ Yoast SEO plugin. -->","yoast_head_json":{"title":"\u00bfQu\u00e9 pasar\u00eda si Estados Unidos sale del TLCAN? - Campa","robots":{"index":"index","follow":"follow","max-snippet":"max-snippet:-1","max-image-preview":"max-image-preview:large","max-video-preview":"max-video-preview:-1"},"canonical":"https:\/\/www.campa.com.mx\/site\/tlcan-mexico-estados-unidos-y-canada\/","og_locale":"es_ES","og_type":"article","og_title":"\u00bfQu\u00e9 pasar\u00eda si Estados Unidos sale del TLCAN? - Campa","og_description":"Trump amenaz\u00f3 con que Estados Unidos saldr\u00eda, si no se realizaba una renegociaci\u00f3n del Tratado de Libre Comercio de Am\u00e9rica del Norte\u00a0(TLCAN), pues considera que era injusto para su pa\u00eds y que s\u00f3lo\u00a0M\u00e9xico y Canad\u00e1 han salido beneficiados de dicho acuerdo.\u00a0","og_url":"https:\/\/www.campa.com.mx\/site\/tlcan-mexico-estados-unidos-y-canada\/","og_site_name":"Campa","article_publisher":"https:\/\/www.facebook.com\/MovimientoAnexo24","article_published_time":"2017-08-23T15:38:11+00:00","og_image":[{"width":1195,"height":694,"url":"https:\/\/www.campa.com.mx\/site\/wp-content\/uploads\/2017\/08\/Captura-de-pantalla-2017-08-23-a-las-10.28.56.png","type":"image\/png"}],"author":"campa","twitter_card":"summary_large_image","twitter_creator":"@artycampa","twitter_site":"@artycampa","twitter_misc":{"Escrito por":"campa","Tiempo de lectura":"3 minutos"},"schema":{"@context":"https:\/\/schema.org","@graph":[{"@type":"WebPage","@id":"https:\/\/www.campa.com.mx\/site\/tlcan-mexico-estados-unidos-y-canada\/","url":"https:\/\/www.campa.com.mx\/site\/tlcan-mexico-estados-unidos-y-canada\/","name":"\u00bfQu\u00e9 pasar\u00eda si Estados Unidos sale del TLCAN? - Campa","isPartOf":{"@id":"https:\/\/www.campa.com.mx\/site\/#website"},"datePublished":"2017-08-23T15:38:11+00:00","dateModified":"2017-08-23T15:38:11+00:00","author":{"@id":"https:\/\/www.campa.com.mx\/site\/#\/schema\/person\/5bf1874b81661ed013f5aa29df30761c"},"breadcrumb":{"@id":"https:\/\/www.campa.com.mx\/site\/tlcan-mexico-estados-unidos-y-canada\/#breadcrumb"},"inLanguage":"es","potentialAction":[{"@type":"ReadAction","target":["https:\/\/www.campa.com.mx\/site\/tlcan-mexico-estados-unidos-y-canada\/"]}]},{"@type":"BreadcrumbList","@id":"https:\/\/www.campa.com.mx\/site\/tlcan-mexico-estados-unidos-y-canada\/#breadcrumb","itemListElement":[{"@type":"ListItem","position":1,"name":"Portada","item":"https:\/\/www.campa.com.mx\/site\/"},{"@type":"ListItem","position":2,"name":"\u00bfQu\u00e9 pasar\u00eda si Estados Unidos sale del TLCAN?"}]},{"@type":"WebSite","@id":"https:\/\/www.campa.com.mx\/site\/#website","url":"https:\/\/www.campa.com.mx\/site\/","name":"Campa","description":"Tecnolog\u00eda - Comercio Exterior - Servicios","potentialAction":[{"@type":"SearchAction","target":{"@type":"EntryPoint","urlTemplate":"https:\/\/www.campa.com.mx\/site\/?s={search_term_string}"},"query-input":"required name=search_term_string"}],"inLanguage":"es"},{"@type":"Person","@id":"https:\/\/www.campa.com.mx\/site\/#\/schema\/person\/5bf1874b81661ed013f5aa29df30761c","name":"campa","image":{"@type":"ImageObject","inLanguage":"es","@id":"https:\/\/www.campa.com.mx\/site\/#\/schema\/person\/image\/","url":"https:\/\/secure.gravatar.com\/avatar\/921e6e5cffb9d78857948e938192591b9fd4168d0b55cc795582b49d9dc52bb1?s=96&d=mm&r=g","contentUrl":"https:\/\/secure.gravatar.com\/avatar\/921e6e5cffb9d78857948e938192591b9fd4168d0b55cc795582b49d9dc52bb1?s=96&d=mm&r=g","caption":"campa"}}]}},"jetpack_featured_media_url":"https:\/\/www.campa.com.mx\/site\/wp-content\/uploads\/2017\/08\/Captura-de-pantalla-2017-08-23-a-las-10.28.56.png","jetpack_sharing_enabled":true,"_links":{"self":[{"href":"https:\/\/www.campa.com.mx\/site\/wp-json\/wp\/v2\/posts\/1577","targetHints":{"allow":["GET"]}}],"collection":[{"href":"https:\/\/www.campa.com.mx\/site\/wp-json\/wp\/v2\/posts"}],"about":[{"href":"https:\/\/www.campa.com.mx\/site\/wp-json\/wp\/v2\/types\/post"}],"author":[{"embeddable":true,"href":"https:\/\/www.campa.com.mx\/site\/wp-json\/wp\/v2\/users\/1"}],"replies":[{"embeddable":true,"href":"https:\/\/www.campa.com.mx\/site\/wp-json\/wp\/v2\/comments?post=1577"}],"version-history":[{"count":11,"href":"https:\/\/www.campa.com.mx\/site\/wp-json\/wp\/v2\/posts\/1577\/revisions"}],"predecessor-version":[{"id":1589,"href":"https:\/\/www.campa.com.mx\/site\/wp-json\/wp\/v2\/posts\/1577\/revisions\/1589"}],"wp:featuredmedia":[{"embeddable":true,"href":"https:\/\/www.campa.com.mx\/site\/wp-json\/wp\/v2\/media\/1581"}],"wp:attachment":[{"href":"https:\/\/www.campa.com.mx\/site\/wp-json\/wp\/v2\/media?parent=1577"}],"wp:term":[{"taxonomy":"category","embeddable":true,"href":"https:\/\/www.campa.com.mx\/site\/wp-json\/wp\/v2\/categories?post=1577"},{"taxonomy":"post_tag","embeddable":true,"href":"https:\/\/www.campa.com.mx\/site\/wp-json\/wp\/v2\/tags?post=1577"}],"curies":[{"name":"wp","href":"https:\/\/api.w.org\/{rel}","templated":true}]}}