{"id":1605,"date":"2017-08-30T15:13:55","date_gmt":"2017-08-30T15:13:55","guid":{"rendered":"http:\/\/www.campa.com.mx\/site\/?p=1605"},"modified":"2017-08-30T15:13:55","modified_gmt":"2017-08-30T15:13:55","slug":"mexico-exporta-mas-productos-electronicos-que-autos-tlcan","status":"publish","type":"post","link":"https:\/\/www.campa.com.mx\/site\/mexico-exporta-mas-productos-electronicos-que-autos-tlcan\/","title":{"rendered":"M\u00e9xico exporta m\u00e1s productos electr\u00f3nicos que autos."},"content":{"rendered":"<div class=\"title\">\n<h2 id=\"m40-39-41\" style=\"text-align: justify;\"><em>Aunque uno de los temas m\u00e1s discutidos en torno a la renegociaci\u00f3n del TLCAN es el sector automotriz, las exportaciones de productos electr\u00f3nicos como computadoras y celulares supera a la de veh\u00edculos y autopartes.<\/em><\/h2>\n<\/div>\n<p style=\"text-align: justify;\">En 2016, el 35 por ciento de las ventas al exterior del pa\u00eds se generaron en las industrias relacionadas con la manufactura de estos productos, mientras que el 25 por ciento fue en la automotriz, seg\u00fan datos del Banco de M\u00e9xico.<\/p>\n<p>M\u00e9xico export\u00f3\u00a0<b>132 mil millones de d\u00f3lares en electr\u00f3nicos, material y equipo el\u00e9ctrico, electrodom\u00e9sticos y otra maquinaria<\/b>, mientras que de la industria\u00a0<b>automotriz\u00a0<\/b>y de\u00a0<b>autopartes\u00a0<\/b>export\u00f3 casi\u00a0<b>94 mil millones<\/b>.<\/p>\n<p style=\"text-align: justify;\">\u201cEn M\u00e9xico el\u00a0<b>90 por ciento de su exportaci\u00f3n son manufacturas<\/b>, dentro de ese porcentaje, el\u00a0<b>30 por ciento es automotriz<\/b>. En el resto ya entran muchos productos, la parte electr\u00f3nica, la parte de l\u00ednea blanca y luego todas las manufacturas en general\u201d, dijo Fernando Ruiz, director del Consejo Empresarial Mexicano de Comercio Exterior, Inversi\u00f3n y Tecnolog\u00eda.<\/p>\n<p>Los datos de Banxico se\u00f1alan que lo que m\u00e1s exporta el pa\u00eds en este rubro es\u00a0<b>equipo de c\u00f3mputo<\/b>, con 20 mil 560 millones de d\u00f3lares en 2016, seguido de\u00a0<b>aparatos de telefon\u00eda<\/b>, con 16 mil 480 millones y\u00a0<b>receptores de televisi\u00f3n<\/b>, con 13 mil 347 millones.<\/p>\n<p><b>La mayor\u00eda\u00a0<\/b>de estas manufacturas\u00a0<b>se dirige a EU<\/b>, donde M\u00e9xico es el segundo proveedor despu\u00e9s de China, aunque en algunos segmentos como televisores figura en primer lugar, seg\u00fan datos del Departamento de Comercio estadounidense.<\/p>\n<p style=\"text-align: justify;\"><img loading=\"lazy\" decoding=\"async\" class=\"alignnone size-full wp-image-1599\" src=\"http:\/\/www.campa.com.mx\/site\/wp-content\/uploads\/2017\/08\/Captura-de-pantalla-2017-08-30-a-las-09.58.03.png\" alt=\"Captura de pantalla 2017-08-30 a la(s) 09.58.03\" width=\"769\" height=\"815\" srcset=\"https:\/\/www.campa.com.mx\/site\/wp-content\/uploads\/2017\/08\/Captura-de-pantalla-2017-08-30-a-las-09.58.03.png 769w, https:\/\/www.campa.com.mx\/site\/wp-content\/uploads\/2017\/08\/Captura-de-pantalla-2017-08-30-a-las-09.58.03-283x300.png 283w, https:\/\/www.campa.com.mx\/site\/wp-content\/uploads\/2017\/08\/Captura-de-pantalla-2017-08-30-a-las-09.58.03-768x814.png 768w\" sizes=\"auto, (max-width: 769px) 100vw, 769px\" \/><\/p>\n<p id=\"m142-1-143\" style=\"text-align: justify;\">Ante estos datos, expertos coincidieron en que Am\u00e9rica del Norte puede desarrollar el potencial para\u00a0<b>hacerle frente a Asia\u00a0<\/b>y erigirse como un hub regional l\u00edder en manufactura y desarrollo de este tipo de tecnolog\u00edas, si es que los tres pa\u00edses se enfocan en revisar las reglas de origen del sector.<\/p>\n<p>Y si bien las fuentes consultadas ven posibilidades de elevar algunas reglas de origen en esta modernizaci\u00f3n del TLCAN, como Estados Unidos ha sugerido que busca hacer, tambi\u00e9n coincidieron en que si se va a caminar en esta direcci\u00f3n, entonces debe hacerse con mucho cuidado y acompa\u00f1ando esta decisi\u00f3n de diversas medidas.<\/p>\n<p>El tema radica en que la mayor parte de los componentes son importados de Asia, debido a que esa regi\u00f3n tiene una cadena de proveedur\u00eda muy desarrollada, que opera en el mundo a precios competitivos y ayuda a que las empresas que ensamblan en el pa\u00eds adquieran componentes a buen precio. Elevar las reglas de origen propiciar\u00eda que parte de esos componentes que hoy se importan se fabriquen en M\u00e9xico, lo que reducir\u00eda las importaciones.<\/p>\n<p>C\u00e9sar Castro, vicepresidente del Consejo Nacional de la Industria Maquiladora y Manufacturera de Exportaci\u00f3n (Index) de Occidente, dijo que reforzar las reglas de origen del sector es posible s\u00f3lo si se dejan periodos largos para que los pa\u00edses del bloque puedan desarrollar la proveedur\u00eda antes de que las nuevas reglas entren en vigor.<\/p>\n<p>Indic\u00f3 que el tiempo de transici\u00f3n resulta crucial, pues muchos de estos productos electr\u00f3nicos tienen reglas de contenido bajas, que pueden ir entre el cinco y el siete por ciento. Una propuesta, dijo, podr\u00eda ser que a partir del quinto a\u00f1o de la entrada en vigor del nuevo TLCAN se eleve cinco por ciento anual hasta llegar al 51 por ciento.<\/p>\n<p id=\"m109-1-110\" style=\"text-align: justify;\"><b>Innovaci\u00f3n y tecnolog\u00eda, el reto de M\u00e9xico<\/b><\/p>\n<p>Los pa\u00edses del TLCAN deben iniciar una\u00a0<b>pol\u00edtica integral\u00a0<\/b>que toque aristas como\u00a0<b>educaci\u00f3n<\/b>,\u00a0<b>inversi\u00f3n\u00a0<\/b>e\u00a0<b>incentivos fiscales<\/b>, si es que se decide elevar las reglas de origen, recomend\u00f3 Jos\u00e9 Luis de la Cruz, director del Instituto para el Desarrollo Industrial y el Crecimiento Econ\u00f3mico.<\/p>\n<p>Con ello se lograr\u00eda\u00a0<b>acelerar la industrializaci\u00f3n\u00a0<\/b>del bloque en el sector manufacturero. Sin embargo, si se llegara a optar por este camino, M\u00e9xico tendr\u00e1 un gran trecho que cubrir en cuanto a innovaci\u00f3n y tecnolog\u00eda, pues si bien la propuesta de elevar las reglas es positiva, el desaf\u00edo para M\u00e9xico es su rezago en innovaci\u00f3n y generaci\u00f3n de patentes. \u201cEl desaf\u00edo es c\u00f3mo se eleva de manera acelerada este tipo de procesos en M\u00e9xico para poder aprovechar estos aspectos de la renegociaci\u00f3n\u201d, dijo.<\/p>\n<p>El peligro de elevar la regla de origen sin hacer un an\u00e1lisis minucioso es que los productores podr\u00edan optar por mejor pagar aranceles y seguir importando componentes de Asia debido a su menor costo, dijo Manuel Molano, director del IMCO.<\/p>\n","protected":false},"excerpt":{"rendered":"<p>Aunque uno de los temas m\u00e1s discutidos en torno a la renegociaci\u00f3n del TLCAN es el sector automotriz, las exportaciones de productos electr\u00f3nicos como computadoras y celulares supera a la de veh\u00edculos y autopartes. En 2016, el 35 por ciento [&hellip;]<\/p>\n","protected":false},"author":1,"featured_media":1592,"comment_status":"closed","ping_status":"open","sticky":false,"template":"","format":"standard","meta":{"inline_featured_image":false,"_jetpack_memberships_contains_paid_content":false,"footnotes":""},"categories":[1],"tags":[33,198,194,196,197,195,50,193,135,153,108],"class_list":["post-1605","post","type-post","status-publish","format-standard","has-post-thumbnail","hentry","category-campa","tag-automotriz","tag-certificados-de-origen","tag-exportacion","tag-imco","tag-importaciones-eu","tag-index","tag-industria-automotriz","tag-manufacturas","tag-mexico-exporta","tag-renegociacion-tlcan","tag-tlcan"],"yoast_head":"<!-- This site is optimized with the Yoast SEO plugin v20.9 - https:\/\/yoast.com\/wordpress\/plugins\/seo\/ -->\n<title>M\u00e9xico exporta m\u00e1s productos electr\u00f3nicos que autos. - Campa<\/title>\n<meta name=\"robots\" content=\"index, follow, max-snippet:-1, max-image-preview:large, max-video-preview:-1\" \/>\n<link rel=\"canonical\" href=\"https:\/\/www.campa.com.mx\/site\/mexico-exporta-mas-productos-electronicos-que-autos-tlcan\/\" \/>\n<meta property=\"og:locale\" content=\"es_ES\" \/>\n<meta property=\"og:type\" content=\"article\" \/>\n<meta property=\"og:title\" content=\"M\u00e9xico exporta m\u00e1s productos electr\u00f3nicos que autos. - Campa\" \/>\n<meta property=\"og:description\" content=\"Aunque uno de los temas m\u00e1s discutidos en torno a la renegociaci\u00f3n del TLCAN es el sector automotriz, las exportaciones de productos electr\u00f3nicos como computadoras y celulares supera a la de veh\u00edculos y autopartes. En 2016, el 35 por ciento [&hellip;]\" \/>\n<meta property=\"og:url\" content=\"https:\/\/www.campa.com.mx\/site\/mexico-exporta-mas-productos-electronicos-que-autos-tlcan\/\" \/>\n<meta property=\"og:site_name\" content=\"Campa\" \/>\n<meta property=\"article:publisher\" content=\"https:\/\/www.facebook.com\/MovimientoAnexo24\" \/>\n<meta property=\"article:published_time\" content=\"2017-08-30T15:13:55+00:00\" \/>\n<meta property=\"og:image\" content=\"https:\/\/www.campa.com.mx\/site\/wp-content\/uploads\/2017\/08\/Captura-de-pantalla-2017-08-30-a-las-09.39.43-1.png\" \/>\n\t<meta property=\"og:image:width\" content=\"1196\" \/>\n\t<meta property=\"og:image:height\" content=\"698\" \/>\n\t<meta property=\"og:image:type\" content=\"image\/png\" \/>\n<meta name=\"author\" content=\"campa\" \/>\n<meta name=\"twitter:card\" content=\"summary_large_image\" \/>\n<meta name=\"twitter:creator\" content=\"@artycampa\" \/>\n<meta name=\"twitter:site\" content=\"@artycampa\" \/>\n<meta name=\"twitter:label1\" content=\"Escrito por\" \/>\n\t<meta name=\"twitter:data1\" content=\"campa\" \/>\n\t<meta name=\"twitter:label2\" content=\"Tiempo de lectura\" \/>\n\t<meta name=\"twitter:data2\" content=\"4 minutos\" \/>\n<script type=\"application\/ld+json\" class=\"yoast-schema-graph\">{\"@context\":\"https:\/\/schema.org\",\"@graph\":[{\"@type\":\"WebPage\",\"@id\":\"https:\/\/www.campa.com.mx\/site\/mexico-exporta-mas-productos-electronicos-que-autos-tlcan\/\",\"url\":\"https:\/\/www.campa.com.mx\/site\/mexico-exporta-mas-productos-electronicos-que-autos-tlcan\/\",\"name\":\"M\u00e9xico exporta m\u00e1s productos electr\u00f3nicos que autos. - Campa\",\"isPartOf\":{\"@id\":\"https:\/\/www.campa.com.mx\/site\/#website\"},\"datePublished\":\"2017-08-30T15:13:55+00:00\",\"dateModified\":\"2017-08-30T15:13:55+00:00\",\"author\":{\"@id\":\"https:\/\/www.campa.com.mx\/site\/#\/schema\/person\/5bf1874b81661ed013f5aa29df30761c\"},\"breadcrumb\":{\"@id\":\"https:\/\/www.campa.com.mx\/site\/mexico-exporta-mas-productos-electronicos-que-autos-tlcan\/#breadcrumb\"},\"inLanguage\":\"es\",\"potentialAction\":[{\"@type\":\"ReadAction\",\"target\":[\"https:\/\/www.campa.com.mx\/site\/mexico-exporta-mas-productos-electronicos-que-autos-tlcan\/\"]}]},{\"@type\":\"BreadcrumbList\",\"@id\":\"https:\/\/www.campa.com.mx\/site\/mexico-exporta-mas-productos-electronicos-que-autos-tlcan\/#breadcrumb\",\"itemListElement\":[{\"@type\":\"ListItem\",\"position\":1,\"name\":\"Portada\",\"item\":\"https:\/\/www.campa.com.mx\/site\/\"},{\"@type\":\"ListItem\",\"position\":2,\"name\":\"M\u00e9xico exporta m\u00e1s productos electr\u00f3nicos que autos.\"}]},{\"@type\":\"WebSite\",\"@id\":\"https:\/\/www.campa.com.mx\/site\/#website\",\"url\":\"https:\/\/www.campa.com.mx\/site\/\",\"name\":\"Campa\",\"description\":\"Tecnolog\u00eda - Comercio Exterior - Servicios\",\"potentialAction\":[{\"@type\":\"SearchAction\",\"target\":{\"@type\":\"EntryPoint\",\"urlTemplate\":\"https:\/\/www.campa.com.mx\/site\/?s={search_term_string}\"},\"query-input\":\"required name=search_term_string\"}],\"inLanguage\":\"es\"},{\"@type\":\"Person\",\"@id\":\"https:\/\/www.campa.com.mx\/site\/#\/schema\/person\/5bf1874b81661ed013f5aa29df30761c\",\"name\":\"campa\",\"image\":{\"@type\":\"ImageObject\",\"inLanguage\":\"es\",\"@id\":\"https:\/\/www.campa.com.mx\/site\/#\/schema\/person\/image\/\",\"url\":\"https:\/\/secure.gravatar.com\/avatar\/921e6e5cffb9d78857948e938192591b9fd4168d0b55cc795582b49d9dc52bb1?s=96&d=mm&r=g\",\"contentUrl\":\"https:\/\/secure.gravatar.com\/avatar\/921e6e5cffb9d78857948e938192591b9fd4168d0b55cc795582b49d9dc52bb1?s=96&d=mm&r=g\",\"caption\":\"campa\"}}]}<\/script>\n<!-- \/ Yoast SEO plugin. -->","yoast_head_json":{"title":"M\u00e9xico exporta m\u00e1s productos electr\u00f3nicos que autos. - Campa","robots":{"index":"index","follow":"follow","max-snippet":"max-snippet:-1","max-image-preview":"max-image-preview:large","max-video-preview":"max-video-preview:-1"},"canonical":"https:\/\/www.campa.com.mx\/site\/mexico-exporta-mas-productos-electronicos-que-autos-tlcan\/","og_locale":"es_ES","og_type":"article","og_title":"M\u00e9xico exporta m\u00e1s productos electr\u00f3nicos que autos. - Campa","og_description":"Aunque uno de los temas m\u00e1s discutidos en torno a la renegociaci\u00f3n del TLCAN es el sector automotriz, las exportaciones de productos electr\u00f3nicos como computadoras y celulares supera a la de veh\u00edculos y autopartes. En 2016, el 35 por ciento [&hellip;]","og_url":"https:\/\/www.campa.com.mx\/site\/mexico-exporta-mas-productos-electronicos-que-autos-tlcan\/","og_site_name":"Campa","article_publisher":"https:\/\/www.facebook.com\/MovimientoAnexo24","article_published_time":"2017-08-30T15:13:55+00:00","og_image":[{"width":1196,"height":698,"url":"https:\/\/www.campa.com.mx\/site\/wp-content\/uploads\/2017\/08\/Captura-de-pantalla-2017-08-30-a-las-09.39.43-1.png","type":"image\/png"}],"author":"campa","twitter_card":"summary_large_image","twitter_creator":"@artycampa","twitter_site":"@artycampa","twitter_misc":{"Escrito por":"campa","Tiempo de lectura":"4 minutos"},"schema":{"@context":"https:\/\/schema.org","@graph":[{"@type":"WebPage","@id":"https:\/\/www.campa.com.mx\/site\/mexico-exporta-mas-productos-electronicos-que-autos-tlcan\/","url":"https:\/\/www.campa.com.mx\/site\/mexico-exporta-mas-productos-electronicos-que-autos-tlcan\/","name":"M\u00e9xico exporta m\u00e1s productos electr\u00f3nicos que autos. - Campa","isPartOf":{"@id":"https:\/\/www.campa.com.mx\/site\/#website"},"datePublished":"2017-08-30T15:13:55+00:00","dateModified":"2017-08-30T15:13:55+00:00","author":{"@id":"https:\/\/www.campa.com.mx\/site\/#\/schema\/person\/5bf1874b81661ed013f5aa29df30761c"},"breadcrumb":{"@id":"https:\/\/www.campa.com.mx\/site\/mexico-exporta-mas-productos-electronicos-que-autos-tlcan\/#breadcrumb"},"inLanguage":"es","potentialAction":[{"@type":"ReadAction","target":["https:\/\/www.campa.com.mx\/site\/mexico-exporta-mas-productos-electronicos-que-autos-tlcan\/"]}]},{"@type":"BreadcrumbList","@id":"https:\/\/www.campa.com.mx\/site\/mexico-exporta-mas-productos-electronicos-que-autos-tlcan\/#breadcrumb","itemListElement":[{"@type":"ListItem","position":1,"name":"Portada","item":"https:\/\/www.campa.com.mx\/site\/"},{"@type":"ListItem","position":2,"name":"M\u00e9xico exporta m\u00e1s productos electr\u00f3nicos que autos."}]},{"@type":"WebSite","@id":"https:\/\/www.campa.com.mx\/site\/#website","url":"https:\/\/www.campa.com.mx\/site\/","name":"Campa","description":"Tecnolog\u00eda - Comercio Exterior - Servicios","potentialAction":[{"@type":"SearchAction","target":{"@type":"EntryPoint","urlTemplate":"https:\/\/www.campa.com.mx\/site\/?s={search_term_string}"},"query-input":"required name=search_term_string"}],"inLanguage":"es"},{"@type":"Person","@id":"https:\/\/www.campa.com.mx\/site\/#\/schema\/person\/5bf1874b81661ed013f5aa29df30761c","name":"campa","image":{"@type":"ImageObject","inLanguage":"es","@id":"https:\/\/www.campa.com.mx\/site\/#\/schema\/person\/image\/","url":"https:\/\/secure.gravatar.com\/avatar\/921e6e5cffb9d78857948e938192591b9fd4168d0b55cc795582b49d9dc52bb1?s=96&d=mm&r=g","contentUrl":"https:\/\/secure.gravatar.com\/avatar\/921e6e5cffb9d78857948e938192591b9fd4168d0b55cc795582b49d9dc52bb1?s=96&d=mm&r=g","caption":"campa"}}]}},"jetpack_featured_media_url":"https:\/\/www.campa.com.mx\/site\/wp-content\/uploads\/2017\/08\/Captura-de-pantalla-2017-08-30-a-las-09.39.43-1.png","jetpack_sharing_enabled":true,"_links":{"self":[{"href":"https:\/\/www.campa.com.mx\/site\/wp-json\/wp\/v2\/posts\/1605","targetHints":{"allow":["GET"]}}],"collection":[{"href":"https:\/\/www.campa.com.mx\/site\/wp-json\/wp\/v2\/posts"}],"about":[{"href":"https:\/\/www.campa.com.mx\/site\/wp-json\/wp\/v2\/types\/post"}],"author":[{"embeddable":true,"href":"https:\/\/www.campa.com.mx\/site\/wp-json\/wp\/v2\/users\/1"}],"replies":[{"embeddable":true,"href":"https:\/\/www.campa.com.mx\/site\/wp-json\/wp\/v2\/comments?post=1605"}],"version-history":[{"count":1,"href":"https:\/\/www.campa.com.mx\/site\/wp-json\/wp\/v2\/posts\/1605\/revisions"}],"predecessor-version":[{"id":1606,"href":"https:\/\/www.campa.com.mx\/site\/wp-json\/wp\/v2\/posts\/1605\/revisions\/1606"}],"wp:featuredmedia":[{"embeddable":true,"href":"https:\/\/www.campa.com.mx\/site\/wp-json\/wp\/v2\/media\/1592"}],"wp:attachment":[{"href":"https:\/\/www.campa.com.mx\/site\/wp-json\/wp\/v2\/media?parent=1605"}],"wp:term":[{"taxonomy":"category","embeddable":true,"href":"https:\/\/www.campa.com.mx\/site\/wp-json\/wp\/v2\/categories?post=1605"},{"taxonomy":"post_tag","embeddable":true,"href":"https:\/\/www.campa.com.mx\/site\/wp-json\/wp\/v2\/tags?post=1605"}],"curies":[{"name":"wp","href":"https:\/\/api.w.org\/{rel}","templated":true}]}}