{"id":1629,"date":"2017-09-05T16:48:49","date_gmt":"2017-09-05T16:48:49","guid":{"rendered":"http:\/\/www.campa.com.mx\/site\/?p=1629"},"modified":"2017-09-05T16:48:49","modified_gmt":"2017-09-05T16:48:49","slug":"2o-ronda-de-negociaciones-tlcan","status":"publish","type":"post","link":"https:\/\/www.campa.com.mx\/site\/2o-ronda-de-negociaciones-tlcan\/","title":{"rendered":"2\u00ba Ronda de Negociaciones TLCAN"},"content":{"rendered":"<p style=\"text-align: center;\">Los Ministros de los pa\u00edses <a class=\"_58cn\" href=\"https:\/\/www.facebook.com\/hashtag\/tlcan\" data-ft=\"{&quot;tn&quot;:&quot;*N&quot;,&quot;type&quot;:104}\">#TLCAN<\/a> <span class=\"_5mfr _47e3\"><img loading=\"lazy\" decoding=\"async\" class=\"img\" role=\"presentation\" src=\"https:\/\/www.facebook.com\/images\/emoji.php\/v9\/f50\/1\/16\/1f1f2_1f1fd.png\" alt=\"\" width=\"16\" height=\"16\" \/><\/span><span class=\"_5mfr _47e3\"><img loading=\"lazy\" decoding=\"async\" class=\"img\" role=\"presentation\" src=\"https:\/\/www.facebook.com\/images\/emoji.php\/v9\/faa\/1\/16\/1f1e8_1f1e6.png\" alt=\"\" width=\"16\" height=\"16\" \/><\/span><span class=\"_5mfr _47e3\"><img loading=\"lazy\" decoding=\"async\" class=\"img\" role=\"presentation\" src=\"https:\/\/www.facebook.com\/images\/emoji.php\/v9\/f93\/1\/16\/1f1fa_1f1f8.png\" alt=\"\" width=\"16\" height=\"16\" \/>\u00a0<\/span>dar\u00e1n un mensaje ( 5 Septiembre) \u00a0<strong>a las 14:45; s\u00edguelo en vivo.\u00a0<\/strong><\/p>\n<p style=\"text-align: center;\"><iframe loading=\"lazy\" src=\"https:\/\/www.youtube.com\/embed\/wu2MkXsOap0\" width=\"560\" height=\"315\" frameborder=\"0\" allowfullscreen=\"allowfullscreen\"><\/iframe><\/p>\n<p style=\"text-align: justify;\">En el marco de esta ronda, sesionar\u00e1n 25 mesas de trabajo para tratar temas como acceso a mercado de bienes, inversi\u00f3n, reglas de origen, facilitaci\u00f3n comercial, medio ambiente, comercio digital, peque\u00f1as y medianas empresas, transparencia y anticorrupci\u00f3n, entre otros.<\/p>\n<p style=\"text-align: justify;\">Para concluir las actividades, el martes 5 de septiembre, el Secretario de Econom\u00eda de M\u00e9xico, Ildefonso Guajardo, sostendr\u00e1 reuniones bilaterales y trilaterales con el Representante Comercial de Estados Unidos, Robert Lighthizer, y la Ministra de Asuntos Exteriores de Canad\u00e1, Chrystia Freeland. Al t\u00e9rmino de ello, los Ministros de los pa\u00edses TLCAN dar\u00e1n un mensaje a medios.<\/p>\n<p style=\"text-align: justify;\">El equipo negociador mexicano estar\u00e1 encabezado por Kenneth Smith Ramos, Jefe Negociador T\u00e9cnico, y conformado por funcionarios de distintas dependencias de la Administraci\u00f3n P\u00fablica Federal. Como es el caso en cada ronda de negociaci\u00f3n, la Secretar\u00eda de Econom\u00eda informar\u00e1 sobre los avances del proceso a los sectores productivos nacionales, agrupados en el \u201ccuarto de junto\u201d, as\u00ed como a la comisi\u00f3n de Senadores que acompa\u00f1a en la modernizaci\u00f3n del TLCAN.<\/p>\n<p>&nbsp;<\/p>\n","protected":false},"excerpt":{"rendered":"<p>Los Ministros de los pa\u00edses #TLCAN \u00a0dar\u00e1n un mensaje ( 5 Septiembre) \u00a0a las 14:45; s\u00edguelo en vivo.\u00a0 En el marco de esta ronda, sesionar\u00e1n 25 mesas de trabajo para tratar temas como acceso a mercado de bienes, inversi\u00f3n, reglas [&hellip;]<\/p>\n","protected":false},"author":1,"featured_media":1641,"comment_status":"closed","ping_status":"open","sticky":false,"template":"","format":"standard","meta":{"inline_featured_image":false,"_jetpack_memberships_contains_paid_content":false,"footnotes":""},"categories":[1],"tags":[109,205,203,108,204,202,190],"class_list":["post-1629","post","type-post","status-publish","format-standard","has-post-thumbnail","hentry","category-campa","tag-donald-trump","tag-mexico-canada-estados-unidos","tag-segunda-ronda-tlcan","tag-tlcan","tag-tlcan-en-mexico","tag-tlcan-en-vivo","tag-tratado-de-libre-comercio-de-america-del-norte"],"yoast_head":"<!-- This site is optimized with the Yoast SEO plugin v20.9 - https:\/\/yoast.com\/wordpress\/plugins\/seo\/ -->\n<title>2\u00ba Ronda de Negociaciones TLCAN - Campa<\/title>\n<meta name=\"robots\" content=\"index, follow, max-snippet:-1, max-image-preview:large, max-video-preview:-1\" \/>\n<link rel=\"canonical\" href=\"https:\/\/www.campa.com.mx\/site\/2o-ronda-de-negociaciones-tlcan\/\" \/>\n<meta property=\"og:locale\" content=\"es_ES\" \/>\n<meta property=\"og:type\" content=\"article\" \/>\n<meta property=\"og:title\" content=\"2\u00ba Ronda de Negociaciones TLCAN - Campa\" \/>\n<meta property=\"og:description\" content=\"Los Ministros de los pa\u00edses #TLCAN \u00a0dar\u00e1n un mensaje ( 5 Septiembre) \u00a0a las 14:45; s\u00edguelo en vivo.\u00a0 En el marco de esta ronda, sesionar\u00e1n 25 mesas de trabajo para tratar temas como acceso a mercado de bienes, inversi\u00f3n, reglas [&hellip;]\" \/>\n<meta property=\"og:url\" content=\"https:\/\/www.campa.com.mx\/site\/2o-ronda-de-negociaciones-tlcan\/\" \/>\n<meta property=\"og:site_name\" content=\"Campa\" \/>\n<meta property=\"article:publisher\" content=\"https:\/\/www.facebook.com\/MovimientoAnexo24\" \/>\n<meta property=\"article:published_time\" content=\"2017-09-05T16:48:49+00:00\" \/>\n<meta property=\"og:image\" content=\"https:\/\/www.campa.com.mx\/site\/wp-content\/uploads\/2017\/09\/Captura-de-pantalla-2017-09-05-a-las-11.44.54.png\" \/>\n\t<meta property=\"og:image:width\" content=\"1193\" \/>\n\t<meta property=\"og:image:height\" content=\"692\" \/>\n\t<meta property=\"og:image:type\" content=\"image\/png\" \/>\n<meta name=\"author\" content=\"campa\" \/>\n<meta name=\"twitter:card\" content=\"summary_large_image\" \/>\n<meta name=\"twitter:creator\" content=\"@artycampa\" \/>\n<meta name=\"twitter:site\" content=\"@artycampa\" \/>\n<meta name=\"twitter:label1\" content=\"Escrito por\" \/>\n\t<meta name=\"twitter:data1\" content=\"campa\" \/>\n\t<meta name=\"twitter:label2\" content=\"Tiempo de lectura\" \/>\n\t<meta name=\"twitter:data2\" content=\"1 minuto\" \/>\n<script type=\"application\/ld+json\" class=\"yoast-schema-graph\">{\"@context\":\"https:\/\/schema.org\",\"@graph\":[{\"@type\":\"WebPage\",\"@id\":\"https:\/\/www.campa.com.mx\/site\/2o-ronda-de-negociaciones-tlcan\/\",\"url\":\"https:\/\/www.campa.com.mx\/site\/2o-ronda-de-negociaciones-tlcan\/\",\"name\":\"2\u00ba Ronda de Negociaciones TLCAN - Campa\",\"isPartOf\":{\"@id\":\"https:\/\/www.campa.com.mx\/site\/#website\"},\"datePublished\":\"2017-09-05T16:48:49+00:00\",\"dateModified\":\"2017-09-05T16:48:49+00:00\",\"author\":{\"@id\":\"https:\/\/www.campa.com.mx\/site\/#\/schema\/person\/5bf1874b81661ed013f5aa29df30761c\"},\"breadcrumb\":{\"@id\":\"https:\/\/www.campa.com.mx\/site\/2o-ronda-de-negociaciones-tlcan\/#breadcrumb\"},\"inLanguage\":\"es\",\"potentialAction\":[{\"@type\":\"ReadAction\",\"target\":[\"https:\/\/www.campa.com.mx\/site\/2o-ronda-de-negociaciones-tlcan\/\"]}]},{\"@type\":\"BreadcrumbList\",\"@id\":\"https:\/\/www.campa.com.mx\/site\/2o-ronda-de-negociaciones-tlcan\/#breadcrumb\",\"itemListElement\":[{\"@type\":\"ListItem\",\"position\":1,\"name\":\"Portada\",\"item\":\"https:\/\/www.campa.com.mx\/site\/\"},{\"@type\":\"ListItem\",\"position\":2,\"name\":\"2\u00ba Ronda de Negociaciones TLCAN\"}]},{\"@type\":\"WebSite\",\"@id\":\"https:\/\/www.campa.com.mx\/site\/#website\",\"url\":\"https:\/\/www.campa.com.mx\/site\/\",\"name\":\"Campa\",\"description\":\"Tecnolog\u00eda - Comercio Exterior - Servicios\",\"potentialAction\":[{\"@type\":\"SearchAction\",\"target\":{\"@type\":\"EntryPoint\",\"urlTemplate\":\"https:\/\/www.campa.com.mx\/site\/?s={search_term_string}\"},\"query-input\":\"required name=search_term_string\"}],\"inLanguage\":\"es\"},{\"@type\":\"Person\",\"@id\":\"https:\/\/www.campa.com.mx\/site\/#\/schema\/person\/5bf1874b81661ed013f5aa29df30761c\",\"name\":\"campa\",\"image\":{\"@type\":\"ImageObject\",\"inLanguage\":\"es\",\"@id\":\"https:\/\/www.campa.com.mx\/site\/#\/schema\/person\/image\/\",\"url\":\"https:\/\/secure.gravatar.com\/avatar\/921e6e5cffb9d78857948e938192591b9fd4168d0b55cc795582b49d9dc52bb1?s=96&d=mm&r=g\",\"contentUrl\":\"https:\/\/secure.gravatar.com\/avatar\/921e6e5cffb9d78857948e938192591b9fd4168d0b55cc795582b49d9dc52bb1?s=96&d=mm&r=g\",\"caption\":\"campa\"}}]}<\/script>\n<!-- \/ Yoast SEO plugin. -->","yoast_head_json":{"title":"2\u00ba Ronda de Negociaciones TLCAN - Campa","robots":{"index":"index","follow":"follow","max-snippet":"max-snippet:-1","max-image-preview":"max-image-preview:large","max-video-preview":"max-video-preview:-1"},"canonical":"https:\/\/www.campa.com.mx\/site\/2o-ronda-de-negociaciones-tlcan\/","og_locale":"es_ES","og_type":"article","og_title":"2\u00ba Ronda de Negociaciones TLCAN - Campa","og_description":"Los Ministros de los pa\u00edses #TLCAN \u00a0dar\u00e1n un mensaje ( 5 Septiembre) \u00a0a las 14:45; s\u00edguelo en vivo.\u00a0 En el marco de esta ronda, sesionar\u00e1n 25 mesas de trabajo para tratar temas como acceso a mercado de bienes, inversi\u00f3n, reglas [&hellip;]","og_url":"https:\/\/www.campa.com.mx\/site\/2o-ronda-de-negociaciones-tlcan\/","og_site_name":"Campa","article_publisher":"https:\/\/www.facebook.com\/MovimientoAnexo24","article_published_time":"2017-09-05T16:48:49+00:00","og_image":[{"width":1193,"height":692,"url":"https:\/\/www.campa.com.mx\/site\/wp-content\/uploads\/2017\/09\/Captura-de-pantalla-2017-09-05-a-las-11.44.54.png","type":"image\/png"}],"author":"campa","twitter_card":"summary_large_image","twitter_creator":"@artycampa","twitter_site":"@artycampa","twitter_misc":{"Escrito por":"campa","Tiempo de lectura":"1 minuto"},"schema":{"@context":"https:\/\/schema.org","@graph":[{"@type":"WebPage","@id":"https:\/\/www.campa.com.mx\/site\/2o-ronda-de-negociaciones-tlcan\/","url":"https:\/\/www.campa.com.mx\/site\/2o-ronda-de-negociaciones-tlcan\/","name":"2\u00ba Ronda de Negociaciones TLCAN - Campa","isPartOf":{"@id":"https:\/\/www.campa.com.mx\/site\/#website"},"datePublished":"2017-09-05T16:48:49+00:00","dateModified":"2017-09-05T16:48:49+00:00","author":{"@id":"https:\/\/www.campa.com.mx\/site\/#\/schema\/person\/5bf1874b81661ed013f5aa29df30761c"},"breadcrumb":{"@id":"https:\/\/www.campa.com.mx\/site\/2o-ronda-de-negociaciones-tlcan\/#breadcrumb"},"inLanguage":"es","potentialAction":[{"@type":"ReadAction","target":["https:\/\/www.campa.com.mx\/site\/2o-ronda-de-negociaciones-tlcan\/"]}]},{"@type":"BreadcrumbList","@id":"https:\/\/www.campa.com.mx\/site\/2o-ronda-de-negociaciones-tlcan\/#breadcrumb","itemListElement":[{"@type":"ListItem","position":1,"name":"Portada","item":"https:\/\/www.campa.com.mx\/site\/"},{"@type":"ListItem","position":2,"name":"2\u00ba Ronda de Negociaciones TLCAN"}]},{"@type":"WebSite","@id":"https:\/\/www.campa.com.mx\/site\/#website","url":"https:\/\/www.campa.com.mx\/site\/","name":"Campa","description":"Tecnolog\u00eda - Comercio Exterior - Servicios","potentialAction":[{"@type":"SearchAction","target":{"@type":"EntryPoint","urlTemplate":"https:\/\/www.campa.com.mx\/site\/?s={search_term_string}"},"query-input":"required name=search_term_string"}],"inLanguage":"es"},{"@type":"Person","@id":"https:\/\/www.campa.com.mx\/site\/#\/schema\/person\/5bf1874b81661ed013f5aa29df30761c","name":"campa","image":{"@type":"ImageObject","inLanguage":"es","@id":"https:\/\/www.campa.com.mx\/site\/#\/schema\/person\/image\/","url":"https:\/\/secure.gravatar.com\/avatar\/921e6e5cffb9d78857948e938192591b9fd4168d0b55cc795582b49d9dc52bb1?s=96&d=mm&r=g","contentUrl":"https:\/\/secure.gravatar.com\/avatar\/921e6e5cffb9d78857948e938192591b9fd4168d0b55cc795582b49d9dc52bb1?s=96&d=mm&r=g","caption":"campa"}}]}},"jetpack_featured_media_url":"https:\/\/www.campa.com.mx\/site\/wp-content\/uploads\/2017\/09\/Captura-de-pantalla-2017-09-05-a-las-11.44.54.png","jetpack_sharing_enabled":true,"_links":{"self":[{"href":"https:\/\/www.campa.com.mx\/site\/wp-json\/wp\/v2\/posts\/1629","targetHints":{"allow":["GET"]}}],"collection":[{"href":"https:\/\/www.campa.com.mx\/site\/wp-json\/wp\/v2\/posts"}],"about":[{"href":"https:\/\/www.campa.com.mx\/site\/wp-json\/wp\/v2\/types\/post"}],"author":[{"embeddable":true,"href":"https:\/\/www.campa.com.mx\/site\/wp-json\/wp\/v2\/users\/1"}],"replies":[{"embeddable":true,"href":"https:\/\/www.campa.com.mx\/site\/wp-json\/wp\/v2\/comments?post=1629"}],"version-history":[{"count":12,"href":"https:\/\/www.campa.com.mx\/site\/wp-json\/wp\/v2\/posts\/1629\/revisions"}],"predecessor-version":[{"id":1642,"href":"https:\/\/www.campa.com.mx\/site\/wp-json\/wp\/v2\/posts\/1629\/revisions\/1642"}],"wp:featuredmedia":[{"embeddable":true,"href":"https:\/\/www.campa.com.mx\/site\/wp-json\/wp\/v2\/media\/1641"}],"wp:attachment":[{"href":"https:\/\/www.campa.com.mx\/site\/wp-json\/wp\/v2\/media?parent=1629"}],"wp:term":[{"taxonomy":"category","embeddable":true,"href":"https:\/\/www.campa.com.mx\/site\/wp-json\/wp\/v2\/categories?post=1629"},{"taxonomy":"post_tag","embeddable":true,"href":"https:\/\/www.campa.com.mx\/site\/wp-json\/wp\/v2\/tags?post=1629"}],"curies":[{"name":"wp","href":"https:\/\/api.w.org\/{rel}","templated":true}]}}