{"id":1657,"date":"2016-10-01T21:34:58","date_gmt":"2016-10-01T21:34:58","guid":{"rendered":"http:\/\/www.campa.com.mx\/site\/?p=1657"},"modified":"2017-09-07T21:38:03","modified_gmt":"2017-09-07T21:38:03","slug":"programa-de-la-industria-manufacturera-maquiladora-y-de-servicios-de-exportacion-immex","status":"publish","type":"post","link":"https:\/\/www.campa.com.mx\/site\/programa-de-la-industria-manufacturera-maquiladora-y-de-servicios-de-exportacion-immex\/","title":{"rendered":"Programa de la Industria Manufacturera, Maquiladora y de Servicios de Exportaci\u00f3n (IMMEX)"},"content":{"rendered":"<div class=\"col-sm-7 pull-left\">\n<h2>Este apartado contiene informaci\u00f3n sobre IMMEX. La informaci\u00f3n que podr\u00e1 consultar es la siguiente: 1) Informaci\u00f3n General. 2) Informaci\u00f3n Espec\u00edfica. 3) Glosario de Campos.<\/h2>\n<\/div>\n<div class=\"col-md-4 col-xs-12 pull-right\"><\/div>\n<div class=\"col-md-4 col-xs-12 pull-right\"><\/div>\n<div class=\"col-sm-7 pull-left\">\n<div class=\"article-body\">\n<p>Este apartado contiene informaci\u00f3n sobre IMMEX. La informaci\u00f3n que podr\u00e1 consultar es la siguiente:<\/p>\n<p>1) Informaci\u00f3n General. Contiene la explicaci\u00f3n de lo que es el programa IMMEX, su marco legal, beneficios, quien puede utilizarlo y la informaci\u00f3n correspondiente a los sectores sensibles IMMEX.<\/p>\n<p>2) Informaci\u00f3n Espec\u00edfica. En esta secci\u00f3n se dan a conocer los aspectos normativos y operativos aplicables al programa IMMEX, as\u00ed como el directorio de programas IMMEX y la lista de beneficiarios.<\/p>\n<p>3) Glosario de Campos.<\/p>\n<p><strong>Informaci\u00f3n General<\/strong><\/p>\n<p>I. Definici\u00f3n de IMMEX<\/p>\n<p>II. Marco legal<\/p>\n<p>III. Beneficios que tiene utilizarlo<\/p>\n<p>IV. Sujetos susceptibles de participar en IMMEX<\/p>\n<p>V. Productos sensibles<\/p>\n<p>&nbsp;<\/p>\n<p>I. Definici\u00f3n de IMMEX<\/p>\n<p>El Programa IMMEX es un instrumento de fomento a las exportaciones que puede ser utilizado por las empresas que importen mercanc\u00edas de manera temporal y que realicen un proceso industrial o de servicio destinado a la elaboraci\u00f3n, transformaci\u00f3n o reparaci\u00f3n y\/o a la prestaci\u00f3n de servicios de exportaci\u00f3n, difiriendo el pago del impuesto general de importaci\u00f3n, del impuesto al valor agregado y, en su caso, de las cuotas compensatorias.<\/p>\n<p>&nbsp;<\/p>\n<p>II. Marco legal<\/p>\n<p>El programa IMMEX tiene su fundamento en el Decreto para el fomento de la industria manufacturera, maquiladora y de servicios de exportaci\u00f3n, publicado en el Diario Oficial de la Federaci\u00f3n el 1 de noviembre de 2006 y sus reformas del 16 de mayo de 2008 y 24 de diciembre de 2010.<\/p>\n<p>&nbsp;<\/p>\n<p>Su marco legal es:<\/p>\n<p>&nbsp;<\/p>\n<p>\u2022 La Ley Aduanera y su Reglamento<\/p>\n<p>\u2022 El C\u00f3digo Fiscal de la Federaci\u00f3n<\/p>\n<p>\u2022 La Ley Federal del\u00a0Procedimiento Administrativo<\/p>\n<p>\u2022 El Acuerdo por el que la Secretar\u00eda de Econom\u00eda emite reglas y criterios de car\u00e1cter general en materia de Comercio Exterior<\/p>\n<p>\u2022 Las Reglas de Car\u00e1cter General en Materia de Comercio Exterior del SAT para 2013<\/p>\n<p>\u2022 El Tratado de Libre Comercio de Am\u00e9rica del Norte (TLCAN) y la Resoluci\u00f3n que establece las reglas del TLCAN.<\/p>\n<p>\u2022 El Acuerdo por el que se dan a conocer los tr\u00e1mites inscritos en el Registro Federal de Tr\u00e1mites y Servicios que aplican a la Secretar\u00eda de Econom\u00eda, y los organismos descentralizados y \u00f3rganos desconcentrados del sector.<\/p>\n<p>\u2022 El Decreto por el que se otorgan facilidades administrativas en materia aduanera y de comercio exterior.<\/p>\n<p>&nbsp;<\/p>\n<p>III. Beneficios que tiene utilizarlo<\/p>\n<p>El Programa IMMEX brinda a sus titulares la posibilidad de importar mercanc\u00edas en r\u00e9gimen temporal, difiriendo el pago del impuesto general de importaci\u00f3n, del impuesto al valor agregado y, en su caso, de las cuotas compensatorias, siempre y cuando realicen un proceso industrial o de servicio destinado a la elaboraci\u00f3n, transformaci\u00f3n o reparaci\u00f3n y\/o a la prestaci\u00f3n de servicios de exportaci\u00f3n.<\/p>\n<p>&nbsp;<\/p>\n<p>IV. Sujetos susceptibles de obtener un programa IMMEX<\/p>\n<p>Las personas morales productoras residentes en territorio nacional y\/o prestadoras de servicios de exportaci\u00f3n interesadas en importar o exportar mercanc\u00edas y cuyo compromiso sea exportar 500,000 d\u00f3lares o el 10 % de su facturaci\u00f3n total.<\/p>\n<p>&nbsp;<\/p>\n<p>V. Productos sensibles<\/p>\n<p>El programa IMMEX distingue en su operaci\u00f3n los sectores sensibles de aquellos que no lo son.<\/p>\n<p>&nbsp;<\/p>\n<p>Se consideran productos sensibles aquellas mercanc\u00edas de importaci\u00f3n que son controladas con requisitos espec\u00edficos por ser mercanc\u00edas susceptibles de ser desviadas a otra finalidad distinta a la otorgada en el Programa IMMEX.<\/p>\n<p>&nbsp;<\/p>\n<p>Los productos sensibles son los siguientes: Az\u00facar, productos sider\u00fargicos, llantas, y textiles (textil-confecci\u00f3n).\u00b9\/<\/p>\n<p>&nbsp;<\/p>\n<p>\u00b9 \/ Az\u00facar sensible son aquellas mercanc\u00edas de las fracciones consideras dentro del anexo I BIS. del Decreto IMMEX.<\/p>\n<p>&nbsp;<\/p>\n<p>Acero sensible son aquellas mercanc\u00edas que se pretendan importar y retornar de las fracciones consideradas dentro del anexo I TER del Decreto IMMEX.<\/p>\n<p>&nbsp;<\/p>\n<p>Llantas es la mercanc\u00eda considerada dentro del anexo II del Decreto IMMEX.<\/p>\n<p>&nbsp;<\/p>\n<p>Textil y Confecci\u00f3n se considera sensible cuando se incorporen mercanc\u00edas del anexo III del Decreto IMMEX exclusivamente para la elaboraci\u00f3n de bienes que se clasifiquen en los cap\u00edtulos del 50 al 63 y en la subpartida 9404.90 de la Tarifa de la Ley de los Impuestos Generales de Importaci\u00f3n y de Exportaci\u00f3n (fabricaci\u00f3n de insumos textiles, confecci\u00f3n de productos textiles y prendas de vestir).<\/p>\n<p>&nbsp;<\/p>\n<p><strong>Informaci\u00f3n Espec\u00edfica y Beneficiarios<\/strong><\/p>\n<p>En esta secci\u00f3n se da a conocer la siguiente informaci\u00f3n:<\/p>\n<p>I. Aspectos normativos y operativos aplicables a IMMEX<\/p>\n<p>II. Directorio de Programas y Empresas IMMEX<\/p>\n<p>III. Lista de Beneficiarios de IMMEX<\/p>\n<p>&nbsp;<\/p>\n<p>I. Aspectos normativos y operativos aplicables a lMMEX<\/p>\n<p>&nbsp;<\/p>\n<p>Los aspectos normativos y operativos aplicables a IMMEX, est\u00e1n contenidos en una Ficha Informativa en PDF, la cual incluye la siguiente informaci\u00f3n:<\/p>\n<p>&nbsp;<\/p>\n<p>a) Aspectos Generales.<\/p>\n<p>b) Criterios y requisitos de autorizaci\u00f3n<\/p>\n<p>c) Procedimiento de Resoluci\u00f3n.<\/p>\n<p>d) Normatividad y Tr\u00e1mite.<\/p>\n<p>Para consultar la Ficha Informativa, <a href=\"http:\/\/www.gob.mx\/cms\/uploads\/attachment\/file\/30984\/inf_espec_FICHA_INFORMATIVA_IMMEX_rev4.pdf\" target=\"_blank\" rel=\"noopener\">dar clic\u00a0aqu\u00ed<\/a>.<\/p>\n<p>&nbsp;<\/p>\n<p>II. Directorio de Programas y Empresas IMMEX<\/p>\n<p>En esta secci\u00f3n podr\u00e1 consultar el Directorio que incluye los datos que identifican a las empresas IMMEX, dar clic\u00a0aqu\u00ed.<\/p>\n<p>&nbsp;<\/p>\n<p>III. Lista de Beneficiarios de productos sensibles IMMEX<\/p>\n<p>La lista de beneficiarios contiene todas aquellas solicitudes de tr\u00e1mite de estos productos presentados por las personas morales ante la SE. Incluye la trazabilidad, desde el ingreso de dichas solicitudes hasta su resoluci\u00f3n, ya sea en sentido positivo o negativo. En este \u00faltimo caso, y por razones de reserva de la informaci\u00f3n, no se incluyen los datos que identifican al solicitante.<\/p>\n<p>&nbsp;<\/p>\n<p>I. Az\u00facar<\/p>\n<p>II.\u00a0Acero no sensible<\/p>\n<p>III. Acero sensible<\/p>\n<p>IV. Llantas sensible *S.R.<\/p>\n<p>V. Textil no sensible<\/p>\n<p>VI. Textil sensible<\/p>\n<p>&nbsp;<\/p>\n<p>*S.R. (Sin Registro de solicitudes hechas por beneficiarios hasta el momento 01\/11\/2015)<\/p>\n<p>* Esta informaci\u00f3n se actualizar\u00e1 los d\u00edas 15 de cada mes o el d\u00eda h\u00e1bil siguiente, con datos del mes anterior.<\/p>\n<p>&nbsp;<\/p>\n<p><strong>Hist\u00f3rico de Informaci\u00f3n Espec\u00edfica y Beneficiarios<\/strong><\/p>\n<p>En esta secci\u00f3n se da a conocer la siguiente informaci\u00f3n:<\/p>\n<p>&nbsp;<\/p>\n<p>I. Hist\u00f3rico de Directorio de Programas y Empresas IMMEX<\/p>\n<p>II. Hist\u00f3rico de la Lista de Beneficiarios de IMMEX<\/p>\n<p>&nbsp;<\/p>\n<p>I. Hist\u00f3rico de Directorio de Programas y Empresas IMMEX<\/p>\n<p>En esta secci\u00f3n podr\u00e1 consultar el Directorio que incluye los datos que identifican a las empresas IMMEX, dar click aqu\u00ed.<\/p>\n<p>&nbsp;<\/p>\n<p>II. Hist\u00f3rico de la Lista de Beneficiarios de productos sensibles IMMEX<\/p>\n<p>La lista de beneficiarios contiene todas aquellas solicitudes de tr\u00e1mite de estos productos presentados por las personas morales ante la SE a partir de 2014. Incluye la trazabilidad, desde el ingreso de dichas solicitudes hasta su resoluci\u00f3n, ya sea en sentido positivo o negativo. En este \u00faltimo caso, y por razones de reserva de la informaci\u00f3n, no se incluyen los datos que identifican al solicitante.<\/p>\n<p>&nbsp;<\/p>\n<p>I. Az\u00facar<\/p>\n<p>II. Acero no sensible<\/p>\n<p>III. Acero sensible<\/p>\n<p>IV. Llantas sensible<\/p>\n<p>V. Textil no sensible<\/p>\n<p>VI. Textil sensible<\/p>\n<\/div>\n<\/div>\n<p>&nbsp;<\/p>\n<p>Fuente:Secretar\u00eda de Econom\u00eda<\/p>\n","protected":false},"excerpt":{"rendered":"<p>Este apartado contiene informaci\u00f3n sobre IMMEX. La informaci\u00f3n que podr\u00e1 consultar es la siguiente: 1) Informaci\u00f3n General. 2) Informaci\u00f3n Espec\u00edfica. 3) Glosario de Campos. Este apartado contiene informaci\u00f3n sobre IMMEX. La informaci\u00f3n que podr\u00e1 consultar es la siguiente: 1) Informaci\u00f3n [&hellip;]<\/p>\n","protected":false},"author":1,"featured_media":1656,"comment_status":"closed","ping_status":"open","sticky":false,"template":"","format":"standard","meta":{"inline_featured_image":false,"_jetpack_memberships_contains_paid_content":false,"footnotes":""},"categories":[1],"tags":[12,71,24,21,8,83,94,138,51,9],"class_list":["post-1657","post","type-post","status-publish","format-standard","has-post-thumbnail","hentry","category-campa","tag-certificacion-en-materia-de-iva-e-ieps","tag-certificacion-para-empresas-immex","tag-comercio-exterior","tag-empresas-immex","tag-immex","tag-immex-2017","tag-immex-2017-queretaro","tag-manufactureras","tag-programa-immex","tag-sat"],"yoast_head":"<!-- This site is optimized with the Yoast SEO plugin v20.9 - https:\/\/yoast.com\/wordpress\/plugins\/seo\/ -->\n<title>Programa de la Industria Manufacturera, Maquiladora y de Servicios de Exportaci\u00f3n (IMMEX) - Campa<\/title>\n<meta name=\"robots\" content=\"index, follow, max-snippet:-1, max-image-preview:large, max-video-preview:-1\" \/>\n<link rel=\"canonical\" href=\"https:\/\/www.campa.com.mx\/site\/programa-de-la-industria-manufacturera-maquiladora-y-de-servicios-de-exportacion-immex\/\" \/>\n<meta property=\"og:locale\" content=\"es_ES\" \/>\n<meta property=\"og:type\" content=\"article\" \/>\n<meta property=\"og:title\" content=\"Programa de la Industria Manufacturera, Maquiladora y de Servicios de Exportaci\u00f3n (IMMEX) - Campa\" \/>\n<meta property=\"og:description\" content=\"Este apartado contiene informaci\u00f3n sobre IMMEX. La informaci\u00f3n que podr\u00e1 consultar es la siguiente: 1) Informaci\u00f3n General. 2) Informaci\u00f3n Espec\u00edfica. 3) Glosario de Campos. Este apartado contiene informaci\u00f3n sobre IMMEX. La informaci\u00f3n que podr\u00e1 consultar es la siguiente: 1) Informaci\u00f3n [&hellip;]\" \/>\n<meta property=\"og:url\" content=\"https:\/\/www.campa.com.mx\/site\/programa-de-la-industria-manufacturera-maquiladora-y-de-servicios-de-exportacion-immex\/\" \/>\n<meta property=\"og:site_name\" content=\"Campa\" \/>\n<meta property=\"article:publisher\" content=\"https:\/\/www.facebook.com\/MovimientoAnexo24\" \/>\n<meta property=\"article:published_time\" content=\"2016-10-01T21:34:58+00:00\" \/>\n<meta property=\"article:modified_time\" content=\"2017-09-07T21:38:03+00:00\" \/>\n<meta property=\"og:image\" content=\"https:\/\/www.campa.com.mx\/site\/wp-content\/uploads\/2017\/09\/immex-secretaria-de-economia.jpg\" \/>\n\t<meta property=\"og:image:width\" content=\"784\" \/>\n\t<meta property=\"og:image:height\" content=\"246\" \/>\n\t<meta property=\"og:image:type\" content=\"image\/jpeg\" \/>\n<meta name=\"author\" content=\"campa\" \/>\n<meta name=\"twitter:card\" content=\"summary_large_image\" \/>\n<meta name=\"twitter:creator\" content=\"@artycampa\" \/>\n<meta name=\"twitter:site\" content=\"@artycampa\" \/>\n<meta name=\"twitter:label1\" content=\"Escrito por\" \/>\n\t<meta name=\"twitter:data1\" content=\"campa\" \/>\n\t<meta name=\"twitter:label2\" content=\"Tiempo de lectura\" \/>\n\t<meta name=\"twitter:data2\" content=\"6 minutos\" \/>\n<script type=\"application\/ld+json\" class=\"yoast-schema-graph\">{\"@context\":\"https:\/\/schema.org\",\"@graph\":[{\"@type\":\"WebPage\",\"@id\":\"https:\/\/www.campa.com.mx\/site\/programa-de-la-industria-manufacturera-maquiladora-y-de-servicios-de-exportacion-immex\/\",\"url\":\"https:\/\/www.campa.com.mx\/site\/programa-de-la-industria-manufacturera-maquiladora-y-de-servicios-de-exportacion-immex\/\",\"name\":\"Programa de la Industria Manufacturera, Maquiladora y de Servicios de Exportaci\u00f3n (IMMEX) - Campa\",\"isPartOf\":{\"@id\":\"https:\/\/www.campa.com.mx\/site\/#website\"},\"datePublished\":\"2016-10-01T21:34:58+00:00\",\"dateModified\":\"2017-09-07T21:38:03+00:00\",\"author\":{\"@id\":\"https:\/\/www.campa.com.mx\/site\/#\/schema\/person\/5bf1874b81661ed013f5aa29df30761c\"},\"breadcrumb\":{\"@id\":\"https:\/\/www.campa.com.mx\/site\/programa-de-la-industria-manufacturera-maquiladora-y-de-servicios-de-exportacion-immex\/#breadcrumb\"},\"inLanguage\":\"es\",\"potentialAction\":[{\"@type\":\"ReadAction\",\"target\":[\"https:\/\/www.campa.com.mx\/site\/programa-de-la-industria-manufacturera-maquiladora-y-de-servicios-de-exportacion-immex\/\"]}]},{\"@type\":\"BreadcrumbList\",\"@id\":\"https:\/\/www.campa.com.mx\/site\/programa-de-la-industria-manufacturera-maquiladora-y-de-servicios-de-exportacion-immex\/#breadcrumb\",\"itemListElement\":[{\"@type\":\"ListItem\",\"position\":1,\"name\":\"Portada\",\"item\":\"https:\/\/www.campa.com.mx\/site\/\"},{\"@type\":\"ListItem\",\"position\":2,\"name\":\"Programa de la Industria Manufacturera, Maquiladora y de Servicios de Exportaci\u00f3n (IMMEX)\"}]},{\"@type\":\"WebSite\",\"@id\":\"https:\/\/www.campa.com.mx\/site\/#website\",\"url\":\"https:\/\/www.campa.com.mx\/site\/\",\"name\":\"Campa\",\"description\":\"Tecnolog\u00eda - Comercio Exterior - Servicios\",\"potentialAction\":[{\"@type\":\"SearchAction\",\"target\":{\"@type\":\"EntryPoint\",\"urlTemplate\":\"https:\/\/www.campa.com.mx\/site\/?s={search_term_string}\"},\"query-input\":\"required name=search_term_string\"}],\"inLanguage\":\"es\"},{\"@type\":\"Person\",\"@id\":\"https:\/\/www.campa.com.mx\/site\/#\/schema\/person\/5bf1874b81661ed013f5aa29df30761c\",\"name\":\"campa\",\"image\":{\"@type\":\"ImageObject\",\"inLanguage\":\"es\",\"@id\":\"https:\/\/www.campa.com.mx\/site\/#\/schema\/person\/image\/\",\"url\":\"https:\/\/secure.gravatar.com\/avatar\/921e6e5cffb9d78857948e938192591b9fd4168d0b55cc795582b49d9dc52bb1?s=96&d=mm&r=g\",\"contentUrl\":\"https:\/\/secure.gravatar.com\/avatar\/921e6e5cffb9d78857948e938192591b9fd4168d0b55cc795582b49d9dc52bb1?s=96&d=mm&r=g\",\"caption\":\"campa\"}}]}<\/script>\n<!-- \/ Yoast SEO plugin. -->","yoast_head_json":{"title":"Programa de la Industria Manufacturera, Maquiladora y de Servicios de Exportaci\u00f3n (IMMEX) - Campa","robots":{"index":"index","follow":"follow","max-snippet":"max-snippet:-1","max-image-preview":"max-image-preview:large","max-video-preview":"max-video-preview:-1"},"canonical":"https:\/\/www.campa.com.mx\/site\/programa-de-la-industria-manufacturera-maquiladora-y-de-servicios-de-exportacion-immex\/","og_locale":"es_ES","og_type":"article","og_title":"Programa de la Industria Manufacturera, Maquiladora y de Servicios de Exportaci\u00f3n (IMMEX) - Campa","og_description":"Este apartado contiene informaci\u00f3n sobre IMMEX. La informaci\u00f3n que podr\u00e1 consultar es la siguiente: 1) Informaci\u00f3n General. 2) Informaci\u00f3n Espec\u00edfica. 3) Glosario de Campos. Este apartado contiene informaci\u00f3n sobre IMMEX. La informaci\u00f3n que podr\u00e1 consultar es la siguiente: 1) Informaci\u00f3n [&hellip;]","og_url":"https:\/\/www.campa.com.mx\/site\/programa-de-la-industria-manufacturera-maquiladora-y-de-servicios-de-exportacion-immex\/","og_site_name":"Campa","article_publisher":"https:\/\/www.facebook.com\/MovimientoAnexo24","article_published_time":"2016-10-01T21:34:58+00:00","article_modified_time":"2017-09-07T21:38:03+00:00","og_image":[{"width":784,"height":246,"url":"https:\/\/www.campa.com.mx\/site\/wp-content\/uploads\/2017\/09\/immex-secretaria-de-economia.jpg","type":"image\/jpeg"}],"author":"campa","twitter_card":"summary_large_image","twitter_creator":"@artycampa","twitter_site":"@artycampa","twitter_misc":{"Escrito por":"campa","Tiempo de lectura":"6 minutos"},"schema":{"@context":"https:\/\/schema.org","@graph":[{"@type":"WebPage","@id":"https:\/\/www.campa.com.mx\/site\/programa-de-la-industria-manufacturera-maquiladora-y-de-servicios-de-exportacion-immex\/","url":"https:\/\/www.campa.com.mx\/site\/programa-de-la-industria-manufacturera-maquiladora-y-de-servicios-de-exportacion-immex\/","name":"Programa de la Industria Manufacturera, Maquiladora y de Servicios de Exportaci\u00f3n (IMMEX) - Campa","isPartOf":{"@id":"https:\/\/www.campa.com.mx\/site\/#website"},"datePublished":"2016-10-01T21:34:58+00:00","dateModified":"2017-09-07T21:38:03+00:00","author":{"@id":"https:\/\/www.campa.com.mx\/site\/#\/schema\/person\/5bf1874b81661ed013f5aa29df30761c"},"breadcrumb":{"@id":"https:\/\/www.campa.com.mx\/site\/programa-de-la-industria-manufacturera-maquiladora-y-de-servicios-de-exportacion-immex\/#breadcrumb"},"inLanguage":"es","potentialAction":[{"@type":"ReadAction","target":["https:\/\/www.campa.com.mx\/site\/programa-de-la-industria-manufacturera-maquiladora-y-de-servicios-de-exportacion-immex\/"]}]},{"@type":"BreadcrumbList","@id":"https:\/\/www.campa.com.mx\/site\/programa-de-la-industria-manufacturera-maquiladora-y-de-servicios-de-exportacion-immex\/#breadcrumb","itemListElement":[{"@type":"ListItem","position":1,"name":"Portada","item":"https:\/\/www.campa.com.mx\/site\/"},{"@type":"ListItem","position":2,"name":"Programa de la Industria Manufacturera, Maquiladora y de Servicios de Exportaci\u00f3n (IMMEX)"}]},{"@type":"WebSite","@id":"https:\/\/www.campa.com.mx\/site\/#website","url":"https:\/\/www.campa.com.mx\/site\/","name":"Campa","description":"Tecnolog\u00eda - Comercio Exterior - Servicios","potentialAction":[{"@type":"SearchAction","target":{"@type":"EntryPoint","urlTemplate":"https:\/\/www.campa.com.mx\/site\/?s={search_term_string}"},"query-input":"required name=search_term_string"}],"inLanguage":"es"},{"@type":"Person","@id":"https:\/\/www.campa.com.mx\/site\/#\/schema\/person\/5bf1874b81661ed013f5aa29df30761c","name":"campa","image":{"@type":"ImageObject","inLanguage":"es","@id":"https:\/\/www.campa.com.mx\/site\/#\/schema\/person\/image\/","url":"https:\/\/secure.gravatar.com\/avatar\/921e6e5cffb9d78857948e938192591b9fd4168d0b55cc795582b49d9dc52bb1?s=96&d=mm&r=g","contentUrl":"https:\/\/secure.gravatar.com\/avatar\/921e6e5cffb9d78857948e938192591b9fd4168d0b55cc795582b49d9dc52bb1?s=96&d=mm&r=g","caption":"campa"}}]}},"jetpack_featured_media_url":"https:\/\/www.campa.com.mx\/site\/wp-content\/uploads\/2017\/09\/immex-secretaria-de-economia.jpg","jetpack_sharing_enabled":true,"_links":{"self":[{"href":"https:\/\/www.campa.com.mx\/site\/wp-json\/wp\/v2\/posts\/1657","targetHints":{"allow":["GET"]}}],"collection":[{"href":"https:\/\/www.campa.com.mx\/site\/wp-json\/wp\/v2\/posts"}],"about":[{"href":"https:\/\/www.campa.com.mx\/site\/wp-json\/wp\/v2\/types\/post"}],"author":[{"embeddable":true,"href":"https:\/\/www.campa.com.mx\/site\/wp-json\/wp\/v2\/users\/1"}],"replies":[{"embeddable":true,"href":"https:\/\/www.campa.com.mx\/site\/wp-json\/wp\/v2\/comments?post=1657"}],"version-history":[{"count":3,"href":"https:\/\/www.campa.com.mx\/site\/wp-json\/wp\/v2\/posts\/1657\/revisions"}],"predecessor-version":[{"id":1660,"href":"https:\/\/www.campa.com.mx\/site\/wp-json\/wp\/v2\/posts\/1657\/revisions\/1660"}],"wp:featuredmedia":[{"embeddable":true,"href":"https:\/\/www.campa.com.mx\/site\/wp-json\/wp\/v2\/media\/1656"}],"wp:attachment":[{"href":"https:\/\/www.campa.com.mx\/site\/wp-json\/wp\/v2\/media?parent=1657"}],"wp:term":[{"taxonomy":"category","embeddable":true,"href":"https:\/\/www.campa.com.mx\/site\/wp-json\/wp\/v2\/categories?post=1657"},{"taxonomy":"post_tag","embeddable":true,"href":"https:\/\/www.campa.com.mx\/site\/wp-json\/wp\/v2\/tags?post=1657"}],"curies":[{"name":"wp","href":"https:\/\/api.w.org\/{rel}","templated":true}]}}