{"id":1722,"date":"2014-04-09T16:44:32","date_gmt":"2014-04-09T16:44:32","guid":{"rendered":"http:\/\/www.campa.com.mx\/site\/?p=1722"},"modified":"2017-09-11T17:47:11","modified_gmt":"2017-09-11T17:47:11","slug":"la-lic-norma-chavez-nos-compartio-su-caso-de-exito","status":"publish","type":"post","link":"https:\/\/www.campa.com.mx\/site\/la-lic-norma-chavez-nos-compartio-su-caso-de-exito\/","title":{"rendered":"La Lic. Norma Ch\u00e1vez nos comparti\u00f3 su \u201cCaso de \u00c9xito\u201d"},"content":{"rendered":"<p style=\"text-align: justify;\">Responsable del \u00e1rea de Comercio Exterior en MITSUBISHI ELECTRIC AUTOMOTIVE DE MEXICO \u00a0(Importante Empresa a Nivel Mundial en el Ramo Automotriz),\u00a0accedi\u00f3 amablemente a responder unas preguntas en torno a las actividades de la empresa, el roll de ella dentro de la misma y los retos a los cuales se ha enfrentado a lo largo de su carrera profesional<\/p>\n<section>\n<div>\n<div>\n<div>\n<header data-os-animation=\"fadeInRight\" data-os-animation-delay=\"0s\">\n<h4>A continuaci\u00f3n presentamos la entrevista<\/h4>\n<h4><img loading=\"lazy\" decoding=\"async\" class=\" aligncenter\" src=\"https:\/\/i0.wp.com\/www.campa.com.mx\/site\/wp-content\/uploads\/2017\/09\/anexo24-immex.png?w=532\" alt=\"anexo24-immex\" width=\"532\" height=\"671\" \/><\/h4>\n<header data-os-animation=\"fadeInRight\" data-os-animation-delay=\"0s\">\n<h4 style=\"text-align: justify;\">Buen d\u00eda Norma, me podr\u00edas hablar acerca de la empresa donde trabajas: \u00bfQu\u00e9 hace y qu\u00e9 funciones desempe\u00f1as dentro de la empresa?<\/h4>\n<\/header>\n<div style=\"text-align: justify;\" data-os-animation=\"none\" data-os-animation-delay=\"0s\">MITSUBISHI es\u00a0una Empresa Automotriz Internacional que tiene Presencia Mundial con alrededor de 89 plantas y se especializa en diferentes divisiones; en espec\u00edfico la planta de MITSUBISHI\u00a0ubicada en Quer\u00e9taro pertenece al sector automotriz, fabrica marchas (motores de arranque), alternadores, equipo de audio y algunos otros dispositivos mecatr\u00f3nicos.\u201cYo como gerente de comercio exterior me encargo de todo lo concerniente al \u00e1rea, as\u00ed como al cumplimiento\u00a0legal en torno al manejo del IMMEX y todo lo relacionado al activo fijo\u201d<\/div>\n<\/header>\n<\/div>\n<\/div>\n<\/div>\n<header data-os-animation=\"fadeInLeft\" data-os-animation-delay=\"0s\">\n<h4>\u00bfConsideras que se le da la debida importancia al \u00e1rea de comercio exterior dentro de las empresas? \u00bfPor qu\u00e9?<\/h4>\n<\/header>\n<div data-os-animation=\"none\" data-os-animation-delay=\"0s\">\n<p>La importancia brindada al \u00e1rea de Comercio Exterior ha ido creciendo con el paso del tiempo. Ha sido un proceso largo, sin embargo, debido a las recientes modificaciones fiscales a las que nos encontramos sujetas las empresas IMMEX, es que se ha posicionado el \u00e1rea de Comercio Exterior como un \u00e1rea medular para el funcionamiento de una empresas.<\/p>\n<h4><img loading=\"lazy\" decoding=\"async\" class=\" aligncenter\" src=\"https:\/\/i2.wp.com\/www.campa.com.mx\/site\/wp-content\/uploads\/2017\/09\/immex.empresas.png?w=680\" alt=\"immex.empresas.png\" width=\"1024\" height=\"323\" \/><\/h4>\n<h4 style=\"text-align: justify;\">\u00bfA qu\u00e9 retos te has enfrentado a lo largo de tu carrera profesional como Coordinadora de Comercio Exterior?<\/h4>\n<div>\n<div>\n<p style=\"text-align: justify;\">\u201cUno de los retos m\u00e1s grandes dentro de mi carrera profesional, ha sido la concientizaci\u00f3n de todos los departamentos que integran a la empresa sobre la importancia que tiene el departamento de Comercio Exterior como \u00e1rea medular dentro de la misma\u201d,\u00a0y lo primordial que es llevar un buen control de las operaciones; as\u00ed mismo, el choque cultural es un tema de suma importancia, con el cual se debe trabajar para alcanzar los objetivos deseados, cumpliendo con los est\u00e1ndares de calidad y exigencias de los directivos, en este caso Japoneses.<\/p>\n<header data-os-animation=\"fadeInLeft\" data-os-animation-delay=\"0s\">\n<h4 style=\"text-align: justify;\">Una vez comentado lo anterior, nos gustar\u00eda saber tu opini\u00f3n acerca de contar con un OUTSOURCING para llevar el control de tu Anexo 24.<\/h4>\n<\/header>\n<div style=\"text-align: justify;\" data-os-animation=\"none\" data-os-animation-delay=\"0s\">\n<p>Considero que un error de las personas encargadas de bridar recursos al \u00e1rea de Comercio Exterior, es creer que la misma no cuenta con demasiados campos de acci\u00f3n y que es posible llevar el control de todos los procesos que se desarrollan dentro del \u00e1rea, sin necesidad de apoyo; el contar con un outsourcing, que lleve el control de Anexo 24, ha sido un descanso para m\u00ed y para el \u00e1rea en general, ya que la persona enviada por CAMPA se dedica exclusivamente a la alimentaci\u00f3n, mantenimiento y an\u00e1lisis del sistema de control de inventarios.<\/p>\n<header data-os-animation=\"fadeInDown\" data-os-animation-delay=\"0s\">\n<h4 style=\"text-align: justify;\">Me podr\u00edas comentar un poco acerca del proyecto que CAMPA ha venido desarrollando junto con MITSUBISHI.<\/h4>\n<p style=\"text-align: justify;\">CAMPA\u00a0ha sido parte del arranque de MITSUBISHI.\u00a0Iniciamos operaciones en julio de 2014 y gracias al apoyo de CAMPA es que pudimos solventar las obligaciones del Anexo 31.El proyecto que se ha llevado a cabo en los \u00faltimos meses, contempla la integraci\u00f3n de todos los cat\u00e1logos, el an\u00e1lisis de la informaci\u00f3n y la generaci\u00f3n de reportes de Anexo 31,\u00a0la revisi\u00f3n de BOM\u2019s, as\u00ed como la revisi\u00f3n de la estructura de producci\u00f3n. Es por ello que desde un inicio se ha considerado a CAMPA parte del equipo de trabajo de\u00a0MITSUBISHI\u00a0y, sin duda alguna, puedo decir que el \u00e9xito del departamento de Comercio Exterior va de la mano con el buen trabajo en equipo realizado con CAMPA.<\/p>\n<\/header>\n<div>\n<header data-os-animation=\"fadeInRight\" data-os-animation-delay=\"0s\">\n<h4 style=\"text-align: justify;\">\u00bfQu\u00e9 tan actualizada est\u00e1 su informaci\u00f3n de comercio exterior y qu\u00e9 beneficios tiene ir al d\u00eda?<\/h4>\n<\/header>\n<div style=\"text-align: justify;\" data-os-animation=\"none\" data-os-animation-delay=\"0s\">La informaci\u00f3n est\u00e1 actualizada de manera mensual y va al d\u00eda. Recibimos el Data Stage en la segunda semana de cada mes y se coteja contra la informaci\u00f3n contenida en el sistema, con ello es posible tener mayor veracidad de que la informaci\u00f3n est\u00e1 debidamente capturada, y es as\u00ed que logramos cumplir con la obligaci\u00f3n de reportar ante el SAT para mantener la certificaci\u00f3n y gozar de los beneficios de la misma.<\/div>\n<\/div>\n<div><\/div>\n<div><img loading=\"lazy\" decoding=\"async\" class=\" aligncenter\" src=\"https:\/\/i0.wp.com\/www.campa.com.mx\/site\/wp-content\/uploads\/2017\/09\/immex.2.png?w=590\" alt=\"immex.2\" width=\"590\" height=\"390\" \/><\/div>\n<\/div>\n<div>\n<header data-os-animation=\"fadeInRight\" data-os-animation-delay=\"0s\">\n<h4 style=\"text-align: justify;\">\u00bfPodr\u00edas mencionar alguna situaci\u00f3n en la cual gracias a la colaboraci\u00f3n de MITSUBISHI con CAMPA, se hayan mejorado ciertos procesos o hecho correcciones de forma oportuna?<\/h4>\n<\/header>\n<div style=\"text-align: justify;\" data-os-animation=\"none\" data-os-animation-delay=\"0s\">Si. Gracias a la colaboraci\u00f3n entre su equipo y el nuestro, pudimos detectar inconsistencias en las BOM\u2019s, es por ello que llevar un buen control de la informaci\u00f3n relacionada a la operaci\u00f3n de Comercio Exterior, te brinda la capacidad de detectar errores y tomar medidas correctivas para evitar el pago de multas y recargos.<\/div>\n<div data-os-animation=\"none\" data-os-animation-delay=\"0s\"><\/div>\n<\/div>\n<p><img loading=\"lazy\" decoding=\"async\" class=\" aligncenter\" src=\"https:\/\/i1.wp.com\/www.campa.com.mx\/site\/wp-content\/uploads\/2017\/09\/logoimmexhazque.png?w=680\" alt=\"anexo 24\u00a0resumen, anexo 24\u00a02017, anexo 24\u00a02016, anexo 24\u00a0sat 2017, anexo 24\u00a0comercio exterior 2017, anexo\u00a031, anexo 24\u00a0ley aduanera 2017, anexo 24\u00a0y 31 sistema de control de inventarios\u00a0anexo 24, software\u00a0immex, sistemas de\u00a0anexo 24 software\u00a0para comercio exterior mexico, anexo 24 software\u00a0gratis, software\u00a0para\u00a0anexo 24\u00a0y 31, software anexo 24\u00a0precio, software\u00a0para control de inventarios immex, anexo 24\u00a0software, sistema de control de inventarios anexo 24, programa\u00a0immex\u00a0pdf, decreto\u00a0immex, programa prosec, decreto\u00a0immex\u00a02017, programa\u00a0immex\u00a02017, programa drawback, sistema de control de inventarios\u00a0anexo 24, software\u00a0immex, sistemas de\u00a0anexo 24, software\u00a0para comercio exterior mexico, anexo 24 software\u00a0gratis, software\u00a0para\u00a0anexo 24\u00a0y 31, software anexo 24\u00a0precio, software\u00a0para control de inventarios immex, software anexo24, empresas immex, comercio exterior, software para comercio exterior mexico, software immex, software de comercio exterior gratis, software utilizados en comercio exterior ,software anexo 24 , sistema de control de inventarios anexo 24, sistemas de anexo 24, integration point torreon, immex decreto, immex controladora de empresas ejemplo, empresas immex ejemplos, programa immex pdf, decreto immex 2017, programa immex 2017, que es prosec , registro immex, programa immex pdf , decreto immex 2017, decreto immex pdf, decreto immex 2018 pdf, requisitos immex, anexo ii decreto immex 2017 ,decreto immex 2014, immex 2016 pdf, immex 2015, immex 2016, immex 2018, immex 2019\" width=\"1024\" height=\"323\" \/><\/p>\n<p>&nbsp;<\/p>\n<p style=\"text-align: center;\">\u201cAgradecemos la oportunidad y el tiempo brindado por la Lic. Norma Ch\u00e1vez para responder a las preguntas realizadas. Nos es muy grato como empresa ver que los servicios brindados a Nuestros Clientes, cumplen con los est\u00e1ndares de calidad y llenan las expectativas de grandes empresas como Mitsubishi. Est\u00e1 claro que d\u00eda con d\u00eda se aprende algo nuevo, y es gracias a los retos que Nuestros Clientes nos imponen, que seguimos innovando y tratando de brindar un trabajo de calidad\u201d<\/p>\n<\/div>\n<\/div>\n<\/div>\n<\/section>\n<p>&nbsp;<\/p>\n<p>&nbsp;<\/p>\n","protected":false},"excerpt":{"rendered":"<p>Responsable del \u00e1rea de Comercio Exterior en MITSUBISHI ELECTRIC AUTOMOTIVE DE MEXICO \u00a0(Importante Empresa a Nivel Mundial en el Ramo Automotriz),\u00a0accedi\u00f3 amablemente a responder unas preguntas en torno a las actividades de la empresa, el roll de ella dentro de [&hellip;]<\/p>\n","protected":false},"author":1,"featured_media":1723,"comment_status":"closed","ping_status":"open","sticky":false,"template":"","format":"standard","meta":{"inline_featured_image":false,"_jetpack_memberships_contains_paid_content":false,"footnotes":""},"categories":[172],"tags":[],"class_list":["post-1722","post","type-post","status-publish","format-standard","has-post-thumbnail","hentry","category-casos-de-exito-haz-que-importe"],"yoast_head":"<!-- This site is optimized with the Yoast SEO plugin v20.9 - https:\/\/yoast.com\/wordpress\/plugins\/seo\/ -->\n<title>La Lic. Norma Ch\u00e1vez nos comparti\u00f3 su \u201cCaso de \u00c9xito\u201d - Campa<\/title>\n<meta name=\"robots\" content=\"index, follow, max-snippet:-1, max-image-preview:large, max-video-preview:-1\" \/>\n<link rel=\"canonical\" href=\"https:\/\/www.campa.com.mx\/site\/la-lic-norma-chavez-nos-compartio-su-caso-de-exito\/\" \/>\n<meta property=\"og:locale\" content=\"es_ES\" \/>\n<meta property=\"og:type\" content=\"article\" \/>\n<meta property=\"og:title\" content=\"La Lic. Norma Ch\u00e1vez nos comparti\u00f3 su \u201cCaso de \u00c9xito\u201d - Campa\" \/>\n<meta property=\"og:description\" content=\"Responsable del \u00e1rea de Comercio Exterior en MITSUBISHI ELECTRIC AUTOMOTIVE DE MEXICO \u00a0(Importante Empresa a Nivel Mundial en el Ramo Automotriz),\u00a0accedi\u00f3 amablemente a responder unas preguntas en torno a las actividades de la empresa, el roll de ella dentro de [&hellip;]\" \/>\n<meta property=\"og:url\" content=\"https:\/\/www.campa.com.mx\/site\/la-lic-norma-chavez-nos-compartio-su-caso-de-exito\/\" \/>\n<meta property=\"og:site_name\" content=\"Campa\" \/>\n<meta property=\"article:publisher\" content=\"https:\/\/www.facebook.com\/MovimientoAnexo24\" \/>\n<meta property=\"article:published_time\" content=\"2014-04-09T16:44:32+00:00\" \/>\n<meta property=\"article:modified_time\" content=\"2017-09-11T17:47:11+00:00\" \/>\n<meta property=\"og:image\" content=\"https:\/\/www.campa.com.mx\/site\/wp-content\/uploads\/2017\/09\/casosdeexito.immex_.png\" \/>\n\t<meta property=\"og:image:width\" content=\"860\" \/>\n\t<meta property=\"og:image:height\" content=\"609\" \/>\n\t<meta property=\"og:image:type\" content=\"image\/png\" \/>\n<meta name=\"author\" content=\"campa\" \/>\n<meta name=\"twitter:card\" content=\"summary_large_image\" \/>\n<meta name=\"twitter:creator\" content=\"@artycampa\" \/>\n<meta name=\"twitter:site\" content=\"@artycampa\" \/>\n<meta name=\"twitter:label1\" content=\"Escrito por\" \/>\n\t<meta name=\"twitter:data1\" content=\"campa\" \/>\n\t<meta name=\"twitter:label2\" content=\"Tiempo de lectura\" \/>\n\t<meta name=\"twitter:data2\" content=\"4 minutos\" \/>\n<script type=\"application\/ld+json\" class=\"yoast-schema-graph\">{\"@context\":\"https:\/\/schema.org\",\"@graph\":[{\"@type\":\"WebPage\",\"@id\":\"https:\/\/www.campa.com.mx\/site\/la-lic-norma-chavez-nos-compartio-su-caso-de-exito\/\",\"url\":\"https:\/\/www.campa.com.mx\/site\/la-lic-norma-chavez-nos-compartio-su-caso-de-exito\/\",\"name\":\"La Lic. Norma Ch\u00e1vez nos comparti\u00f3 su \u201cCaso de \u00c9xito\u201d - Campa\",\"isPartOf\":{\"@id\":\"https:\/\/www.campa.com.mx\/site\/#website\"},\"datePublished\":\"2014-04-09T16:44:32+00:00\",\"dateModified\":\"2017-09-11T17:47:11+00:00\",\"author\":{\"@id\":\"https:\/\/www.campa.com.mx\/site\/#\/schema\/person\/5bf1874b81661ed013f5aa29df30761c\"},\"breadcrumb\":{\"@id\":\"https:\/\/www.campa.com.mx\/site\/la-lic-norma-chavez-nos-compartio-su-caso-de-exito\/#breadcrumb\"},\"inLanguage\":\"es\",\"potentialAction\":[{\"@type\":\"ReadAction\",\"target\":[\"https:\/\/www.campa.com.mx\/site\/la-lic-norma-chavez-nos-compartio-su-caso-de-exito\/\"]}]},{\"@type\":\"BreadcrumbList\",\"@id\":\"https:\/\/www.campa.com.mx\/site\/la-lic-norma-chavez-nos-compartio-su-caso-de-exito\/#breadcrumb\",\"itemListElement\":[{\"@type\":\"ListItem\",\"position\":1,\"name\":\"Portada\",\"item\":\"https:\/\/www.campa.com.mx\/site\/\"},{\"@type\":\"ListItem\",\"position\":2,\"name\":\"La Lic. Norma Ch\u00e1vez nos comparti\u00f3 su \u201cCaso de \u00c9xito\u201d\"}]},{\"@type\":\"WebSite\",\"@id\":\"https:\/\/www.campa.com.mx\/site\/#website\",\"url\":\"https:\/\/www.campa.com.mx\/site\/\",\"name\":\"Campa\",\"description\":\"Tecnolog\u00eda - Comercio Exterior - Servicios\",\"potentialAction\":[{\"@type\":\"SearchAction\",\"target\":{\"@type\":\"EntryPoint\",\"urlTemplate\":\"https:\/\/www.campa.com.mx\/site\/?s={search_term_string}\"},\"query-input\":\"required name=search_term_string\"}],\"inLanguage\":\"es\"},{\"@type\":\"Person\",\"@id\":\"https:\/\/www.campa.com.mx\/site\/#\/schema\/person\/5bf1874b81661ed013f5aa29df30761c\",\"name\":\"campa\",\"image\":{\"@type\":\"ImageObject\",\"inLanguage\":\"es\",\"@id\":\"https:\/\/www.campa.com.mx\/site\/#\/schema\/person\/image\/\",\"url\":\"https:\/\/secure.gravatar.com\/avatar\/921e6e5cffb9d78857948e938192591b9fd4168d0b55cc795582b49d9dc52bb1?s=96&d=mm&r=g\",\"contentUrl\":\"https:\/\/secure.gravatar.com\/avatar\/921e6e5cffb9d78857948e938192591b9fd4168d0b55cc795582b49d9dc52bb1?s=96&d=mm&r=g\",\"caption\":\"campa\"}}]}<\/script>\n<!-- \/ Yoast SEO plugin. -->","yoast_head_json":{"title":"La Lic. Norma Ch\u00e1vez nos comparti\u00f3 su \u201cCaso de \u00c9xito\u201d - Campa","robots":{"index":"index","follow":"follow","max-snippet":"max-snippet:-1","max-image-preview":"max-image-preview:large","max-video-preview":"max-video-preview:-1"},"canonical":"https:\/\/www.campa.com.mx\/site\/la-lic-norma-chavez-nos-compartio-su-caso-de-exito\/","og_locale":"es_ES","og_type":"article","og_title":"La Lic. Norma Ch\u00e1vez nos comparti\u00f3 su \u201cCaso de \u00c9xito\u201d - Campa","og_description":"Responsable del \u00e1rea de Comercio Exterior en MITSUBISHI ELECTRIC AUTOMOTIVE DE MEXICO \u00a0(Importante Empresa a Nivel Mundial en el Ramo Automotriz),\u00a0accedi\u00f3 amablemente a responder unas preguntas en torno a las actividades de la empresa, el roll de ella dentro de [&hellip;]","og_url":"https:\/\/www.campa.com.mx\/site\/la-lic-norma-chavez-nos-compartio-su-caso-de-exito\/","og_site_name":"Campa","article_publisher":"https:\/\/www.facebook.com\/MovimientoAnexo24","article_published_time":"2014-04-09T16:44:32+00:00","article_modified_time":"2017-09-11T17:47:11+00:00","og_image":[{"width":860,"height":609,"url":"https:\/\/www.campa.com.mx\/site\/wp-content\/uploads\/2017\/09\/casosdeexito.immex_.png","type":"image\/png"}],"author":"campa","twitter_card":"summary_large_image","twitter_creator":"@artycampa","twitter_site":"@artycampa","twitter_misc":{"Escrito por":"campa","Tiempo de lectura":"4 minutos"},"schema":{"@context":"https:\/\/schema.org","@graph":[{"@type":"WebPage","@id":"https:\/\/www.campa.com.mx\/site\/la-lic-norma-chavez-nos-compartio-su-caso-de-exito\/","url":"https:\/\/www.campa.com.mx\/site\/la-lic-norma-chavez-nos-compartio-su-caso-de-exito\/","name":"La Lic. Norma Ch\u00e1vez nos comparti\u00f3 su \u201cCaso de \u00c9xito\u201d - Campa","isPartOf":{"@id":"https:\/\/www.campa.com.mx\/site\/#website"},"datePublished":"2014-04-09T16:44:32+00:00","dateModified":"2017-09-11T17:47:11+00:00","author":{"@id":"https:\/\/www.campa.com.mx\/site\/#\/schema\/person\/5bf1874b81661ed013f5aa29df30761c"},"breadcrumb":{"@id":"https:\/\/www.campa.com.mx\/site\/la-lic-norma-chavez-nos-compartio-su-caso-de-exito\/#breadcrumb"},"inLanguage":"es","potentialAction":[{"@type":"ReadAction","target":["https:\/\/www.campa.com.mx\/site\/la-lic-norma-chavez-nos-compartio-su-caso-de-exito\/"]}]},{"@type":"BreadcrumbList","@id":"https:\/\/www.campa.com.mx\/site\/la-lic-norma-chavez-nos-compartio-su-caso-de-exito\/#breadcrumb","itemListElement":[{"@type":"ListItem","position":1,"name":"Portada","item":"https:\/\/www.campa.com.mx\/site\/"},{"@type":"ListItem","position":2,"name":"La Lic. Norma Ch\u00e1vez nos comparti\u00f3 su \u201cCaso de \u00c9xito\u201d"}]},{"@type":"WebSite","@id":"https:\/\/www.campa.com.mx\/site\/#website","url":"https:\/\/www.campa.com.mx\/site\/","name":"Campa","description":"Tecnolog\u00eda - Comercio Exterior - Servicios","potentialAction":[{"@type":"SearchAction","target":{"@type":"EntryPoint","urlTemplate":"https:\/\/www.campa.com.mx\/site\/?s={search_term_string}"},"query-input":"required name=search_term_string"}],"inLanguage":"es"},{"@type":"Person","@id":"https:\/\/www.campa.com.mx\/site\/#\/schema\/person\/5bf1874b81661ed013f5aa29df30761c","name":"campa","image":{"@type":"ImageObject","inLanguage":"es","@id":"https:\/\/www.campa.com.mx\/site\/#\/schema\/person\/image\/","url":"https:\/\/secure.gravatar.com\/avatar\/921e6e5cffb9d78857948e938192591b9fd4168d0b55cc795582b49d9dc52bb1?s=96&d=mm&r=g","contentUrl":"https:\/\/secure.gravatar.com\/avatar\/921e6e5cffb9d78857948e938192591b9fd4168d0b55cc795582b49d9dc52bb1?s=96&d=mm&r=g","caption":"campa"}}]}},"jetpack_featured_media_url":"https:\/\/www.campa.com.mx\/site\/wp-content\/uploads\/2017\/09\/casosdeexito.immex_.png","jetpack_sharing_enabled":true,"_links":{"self":[{"href":"https:\/\/www.campa.com.mx\/site\/wp-json\/wp\/v2\/posts\/1722","targetHints":{"allow":["GET"]}}],"collection":[{"href":"https:\/\/www.campa.com.mx\/site\/wp-json\/wp\/v2\/posts"}],"about":[{"href":"https:\/\/www.campa.com.mx\/site\/wp-json\/wp\/v2\/types\/post"}],"author":[{"embeddable":true,"href":"https:\/\/www.campa.com.mx\/site\/wp-json\/wp\/v2\/users\/1"}],"replies":[{"embeddable":true,"href":"https:\/\/www.campa.com.mx\/site\/wp-json\/wp\/v2\/comments?post=1722"}],"version-history":[{"count":26,"href":"https:\/\/www.campa.com.mx\/site\/wp-json\/wp\/v2\/posts\/1722\/revisions"}],"predecessor-version":[{"id":1799,"href":"https:\/\/www.campa.com.mx\/site\/wp-json\/wp\/v2\/posts\/1722\/revisions\/1799"}],"wp:featuredmedia":[{"embeddable":true,"href":"https:\/\/www.campa.com.mx\/site\/wp-json\/wp\/v2\/media\/1723"}],"wp:attachment":[{"href":"https:\/\/www.campa.com.mx\/site\/wp-json\/wp\/v2\/media?parent=1722"}],"wp:term":[{"taxonomy":"category","embeddable":true,"href":"https:\/\/www.campa.com.mx\/site\/wp-json\/wp\/v2\/categories?post=1722"},{"taxonomy":"post_tag","embeddable":true,"href":"https:\/\/www.campa.com.mx\/site\/wp-json\/wp\/v2\/tags?post=1722"}],"curies":[{"name":"wp","href":"https:\/\/api.w.org\/{rel}","templated":true}]}}