{"id":1775,"date":"2016-04-11T17:37:29","date_gmt":"2016-04-11T17:37:29","guid":{"rendered":"http:\/\/www.campa.com.mx\/site\/?p=1775"},"modified":"2018-07-04T18:19:16","modified_gmt":"2018-07-04T18:19:16","slug":"mariana-ruiz-de-la-llata-grupo-cie","status":"publish","type":"post","link":"https:\/\/www.campa.com.mx\/site\/mariana-ruiz-de-la-llata-grupo-cie\/","title":{"rendered":"MARIANA RU\u00cdZ DE LA LLATA GRUPO CIE"},"content":{"rendered":"<p style=\"text-align: justify;\">Las empresas autoparteras en M\u00e9xico, representan un gran fragmento de la producci\u00f3n de autopartes dentro del mundo, ubic\u00e1ndose como la quinta fuerza productiva en este segmento (PROM\u00c9XICO).<\/p>\n<p style=\"text-align: justify;\">Dentro de esta gran industria se encuentran Grupos conformados por varias plantas productivas, quienes manejan una extensa l\u00ednea de productos, como es el caso de GRUPO CIE AUTOMETAL, el cual adem\u00e1s de contar con un gran posicionamiento en la industria de autopartes en M\u00e9xico y el Mundo, es un claro ejemplo de liderazgo, trabajo en equipo e innovaci\u00f3n; prueba de esto son los hechos descritos a continuaci\u00f3n en la entrevista otorgada por Mariana Ruiz de la Llata, quien es la actual Gerente de Comercio Exterior del GRUPO y quien orgullosamente forma parte de nuestra campa\u00f1a HAZ QUE IMPORTE.<\/p>\n<p><img loading=\"lazy\" decoding=\"async\" class=\" size-full wp-image-1777 aligncenter\" src=\"http:\/\/www.campa.com.mx\/site\/wp-content\/uploads\/2017\/09\/Mariana-immex.png\" alt=\"Mariana-immex.png\" width=\"1632\" height=\"1571\" srcset=\"https:\/\/www.campa.com.mx\/site\/wp-content\/uploads\/2017\/09\/Mariana-immex.png 1632w, https:\/\/www.campa.com.mx\/site\/wp-content\/uploads\/2017\/09\/Mariana-immex-300x289.png 300w, https:\/\/www.campa.com.mx\/site\/wp-content\/uploads\/2017\/09\/Mariana-immex-768x739.png 768w, https:\/\/www.campa.com.mx\/site\/wp-content\/uploads\/2017\/09\/Mariana-immex-1024x986.png 1024w\" sizes=\"auto, (max-width: 1632px) 100vw, 1632px\" \/><\/p>\n<section>\n<div>\n<div>\n<div>\n<div>\n<div>\n<header data-os-animation=\"fadeInRight\" data-os-animation-delay=\"0s\">\n<h4>Antes que nada \u00bfpodr\u00edas contarnos que puesto desempe\u00f1as en CIE AUTOMETAL y cu\u00e1l ha sido tu trayectoria en la empresa?<\/h4>\n<\/header>\n<div data-os-animation=\"none\" data-os-animation-delay=\"0s\">\n<p style=\"text-align: justify;\">Tengo 4 a\u00f1os trabajando en el Grupo CIE AUTOMETAL. Cuando entr\u00e9, mi puesto era Jefa de Comercio Exterior, sin embargo desde hace un a\u00f1o tengo el puesto de Gerente de Comercio Exterior, aunque hay una persona asignada por planta, est\u00e1 a mi cargo el \u00e1rea de comercio exterior de todo el grupo en M\u00e9xico.<\/p>\n<\/div>\n<header data-os-animation=\"fadeInLeft\" data-os-animation-delay=\"0s\">\n<h4>\u00bfCu\u00e1ntas plantas tienen en M\u00e9xico y qu\u00e9 productos fabrican?<\/h4>\n<\/header>\n<div data-os-animation=\"none\" data-os-animation-delay=\"0s\">\n<p style=\"text-align: justify;\">Son 5 plantas productivas, cada una cuenta con su propio RFC y su propio registro IMMEX, es decir, son independientes y cada una tiene diferentes vol\u00famenes de exportaci\u00f3n. Adem\u00e1s, el a\u00f1o pasado se abri\u00f3 una nueva planta que empez\u00f3 a tener ventas este a\u00f1o, por lo que ya son 6 plantas. Todas las plantas fabrican autopartes como visores y manijas, partes estampadas, toldos, puertas y costados, adem\u00e1s en la planta de Celaya tambi\u00e9n se hacen pistones; en Forjas de Celaya se manufacturan cig\u00fce\u00f1ales y en MATIC se encargan de forjas para el sistema de frenado.<\/p>\n<\/div>\n<\/div>\n<\/div>\n<\/div>\n<\/div>\n<\/div>\n<\/section>\n<section>\n<div style=\"text-align: justify;\"><\/div>\n<\/section>\n<section>\n<header data-os-animation=\"fadeIn\" data-os-animation-delay=\"0s\">\n<h4>\u00bfExiste alguna \u00e1rea de desarrollo e investigaci\u00f3n de Grupo CIE AUTOMETAL en M\u00e9xico que permita hacer pruebas e innovaciones para nuevos productos?<\/h4>\n<\/header>\n<div data-os-animation=\"none\" data-os-animation-delay=\"0s\">\n<p style=\"text-align: justify;\">S\u00ed, en M\u00e9xico hay un edificio en Celaya, se llama CDT y es para el desarrollo de tecnolog\u00edas de laboratorio; tambi\u00e9n se prueban los nuevos productos que se van a manufacturar dentro del pa\u00eds.<\/p>\n<div>\n<header data-os-animation=\"fadeInLeft\" data-os-animation-delay=\"0s\">\n<h4>\u00bfQu\u00e9 logros ha tenido Grupo CIE en M\u00e9xico y c\u00f3mo han afectado a CIE de manera internacional o global?<\/h4>\n<\/header>\n<div data-os-animation=\"none\" data-os-animation-delay=\"0s\">\n<p style=\"text-align: justify;\">Hemos logrado nuevos negocios en M\u00e9xico, les vendemos pr\u00e1cticamente a todas las armadoras y algunas en Estados Unidos; adem\u00e1s, por la cercan\u00eda geogr\u00e1fica, negocios que se ten\u00edan en Espa\u00f1a se pasaron a M\u00e9xico para vender directamente a Estados Unidos y, por estrategia log\u00edstica, ha sido conveniente, hablando de costos e incluso mano de obra m\u00e1s barata.<\/p>\n<\/div>\n<\/div>\n<div>\n<header data-os-animation=\"fadeInRight\" data-os-animation-delay=\"0s\">\n<h4 style=\"text-align: center;\">\u201cHemos logrado nuevos negocios en M\u00e9xico\u201d<\/h4>\n<p><img loading=\"lazy\" decoding=\"async\" class=\"aligncenter size-full wp-image-1784\" src=\"http:\/\/www.campa.com.mx\/site\/wp-content\/uploads\/2017\/09\/immex-immex-1024x382.png\" alt=\"immex-immex-1024x382.png\" width=\"1024\" height=\"382\" srcset=\"https:\/\/www.campa.com.mx\/site\/wp-content\/uploads\/2017\/09\/immex-immex-1024x382.png 1024w, https:\/\/www.campa.com.mx\/site\/wp-content\/uploads\/2017\/09\/immex-immex-1024x382-300x112.png 300w, https:\/\/www.campa.com.mx\/site\/wp-content\/uploads\/2017\/09\/immex-immex-1024x382-768x287.png 768w\" sizes=\"auto, (max-width: 1024px) 100vw, 1024px\" \/><\/p>\n<header data-os-animation=\"fadeInDown\" data-os-animation-delay=\"0s\">\n<h4>\u00bfCu\u00e1les son los retos o dificultades que consideras han sido los m\u00e1s representativos para el grupo? y \u00bfc\u00f3mo superaste estos retos?<\/h4>\n<\/header>\n<div data-os-animation=\"none\" data-os-animation-delay=\"0s\">\n<p style=\"text-align: justify;\">Uno de los retos m\u00e1s importantes del \u00e1rea de Comercio Exterior fue el tema del activo fijo, pues hubo revisi\u00f3n documental de cada maquinaria en cada una de las plantas y, como son plantas grandes y antiguas, hab\u00eda mucho activo fijo con varios a\u00f1os de antig\u00fcedad que no ten\u00eda vinculado alg\u00fan documento, y por no tener la informaci\u00f3n suficiente en algunos casos se hicieron embargos de m\u00e1quinas, se pagaron cr\u00e9ditos y afectaron el \u00e1rea, incluso, debido a este reto, se crearon nuevos puestos de trabajo, se hicieron proyectos para revisar el 100% de todo el activo fijo de cada planta y amarrarlo documentalmente.<\/p>\n<p style=\"text-align: justify;\">Ahora ya contamos con medidas preventivas, como, por ejemplo, se armaron procedimientos para todas las \u00e1reas, para que desde origen se revise la informaci\u00f3n, porque nos hab\u00edamos encontrado con casos en los cuales desde origen no hab\u00eda documentos, y si exist\u00edan documentos, algunos datos no coincid\u00edan; se arreglaron todos los que ten\u00edan errores, por esto mismo; adem\u00e1s, previo al embarque, ya se piden las fotos de los activos fijos y se corrobora que los datos est\u00e9n correctos y cuando la mercanc\u00eda llega se vuelve a validar la informaci\u00f3n de la maquinaria y se emplacan las m\u00e1quinas, entonces ya hay un procedimiento muy establecido para que cada m\u00e1quina que llega se identifique y se garantice que se tienen sus documentos completos y correctos.<\/p>\n<header data-os-animation=\"fadeInRight\" data-os-animation-delay=\"0s\">\n<h4>\u00bfQu\u00e9 estrategias adoptaron como grupo ante la llegada del Anexo 31 y la Certificaci\u00f3n en Materia de IVA e IEPS?<\/h4>\n<\/header>\n<div data-os-animation=\"none\" data-os-animation-delay=\"0s\">\n<p style=\"text-align: justify;\">Revisamos el historial de las 6 plantas y se tom\u00f3 la decisi\u00f3n que solamente 3 se certificar\u00e1n en IVA e IEPS, las otras 3 no se certificaron ya que la principal materia prima es de procedencia nacional y esas plantas no iban a tener inversi\u00f3n de activo fijo pronto, por lo que actualmente se paga el IVA causado de las pocas importaciones temporales que tienen.<\/p>\n<p style=\"text-align: justify;\">Para las 3 plantas el reto en cuanto a temas de Anexo 31 fue basarse en el Anexo 24, pues consideramos que es la mejor forma de poder establecer saldos, entonces garantizamos primero que nuestro Anexo 24 estuviera al d\u00eda, al corriente, bien capturado y lo comparamos contra inventario f\u00edsico, a partir de ello, se generaron nuestros inventarios bas\u00e1ndonos en inventario de activo fijo y de materia prima. Una vez que se igualaron saldos f\u00edsicos con Anexo 24, se tomaron como base y eso fue lo que se transmiti\u00f3. El Sistema ANEXO 24 nos fue \u00fatil en cuanto a la herramienta que tiene para generar los descargos, adem\u00e1s hacemos conciliaciones internas; independientemente de que nuestro Anexo 24 ya cuenta con la informaci\u00f3n lista para subirse, llevamos una hoja de trabajo en EXCEL con todas las entradas para proporcionarle al \u00e1rea de contabilidad y se concilia cada mes con el reporte que genera el SAT para ver si s\u00ed tenemos la misma informaci\u00f3n, los mismos cargos y los mismos abonos.<\/p>\n<section class=\"section swatch-white section-text-no-shadow section-inner-no-shadow section-normal\">\n<div class=\"container\">\n<div class=\"row\">\n<div class=\"col-md-12 text-default small-screen-default\">\n<div class=\"row \">\n<div class=\"col-md-6 text-left small-screen-default\">\n<header data-os-animation=\"fadeInRight\" data-os-animation-delay=\"0s\">\n<h4>\u00bfC\u00f3mo influye la suma de tecnolog\u00eda (software de control de inventarios) + capital humano e infraestructura para el logro de sus metas?<\/h4>\n<\/header>\n<div data-os-animation=\"none\" data-os-animation-delay=\"0s\">\n<p style=\"text-align: justify;\">El Capital humano y la tecnolog\u00eda son muy importantes para nosotros, procuramos optimizar recursos, ya no capturamos nada manual, incluso los expedientes, todo se obtiene digital o electr\u00f3nicamente.<\/p>\n<\/div>\n<header data-os-animation=\"fadeInRight\" data-os-animation-delay=\"0s\">\n<h4>\u00bfCu\u00e1les son las proyecciones del grupo para los pr\u00f3ximos 5 a\u00f1os?<\/h4>\n<\/header>\n<div data-os-animation=\"none\" data-os-animation-delay=\"0s\">\n<p style=\"text-align: justify;\">Seguir vendiendo y ampliar las ventas a armadoras y, en el \u00e1rea de comercio exterior, nuestros objetivos son buscar mejoras y ahorros en costos y tiempos.<\/p>\n<\/div>\n<\/div>\n<\/div>\n<\/div>\n<\/div>\n<\/div>\n<\/section>\n<section>\n<div style=\"text-align: justify;\"><\/div>\n<div style=\"text-align: justify;\">\n<div>\n<div>\n<header data-os-animation=\"fadeIn\" data-os-animation-delay=\"0s\">\n<h4 style=\"text-align: justify;\">Finalmente, como sabes, contamos con varios clientes que, de la misma forma que ustedes, generan empleos y favorecen la econom\u00eda en M\u00e9xico. Como GRUPO, \u00bfqu\u00e9 les aconsejar\u00edas a estas empresas en crecimiento potencial?<\/h4>\n<p>\u00a1Que s\u00ed inviertan en el \u00e1rea de Comercio Exterior!, porque esta \u00e1rea ha ido teniendo un auge; a\u00f1o con a\u00f1o se vuelve m\u00e1s importante, a veces la juntan con otra \u00e1rea, como contabilidad, y no le dan la importancia, hasta que vienen a hacer las Auditor\u00edas es cuando empiezan a ver los problemas.<\/p>\n<\/header>\n<header data-os-animation=\"fadeIn\" data-os-animation-delay=\"0s\"><\/header>\n<\/div>\n<\/div>\n<\/div>\n<\/section>\n<header data-os-animation=\"fadeIn\" data-os-animation-delay=\"0s\"><img loading=\"lazy\" decoding=\"async\" class=\" size-full wp-image-1710 aligncenter\" src=\"http:\/\/www.campa.com.mx\/site\/wp-content\/uploads\/2017\/09\/logoimmexhazque.png\" alt=\"anexo 24\u00a0resumen, anexo 24\u00a02017, anexo 24\u00a02016, anexo 24\u00a0sat 2017, anexo 24\u00a0comercio exterior 2017, anexo\u00a031, anexo 24\u00a0ley aduanera 2017, anexo 24\u00a0y 31 sistema de control de inventarios\u00a0anexo 24, software\u00a0immex, sistemas de\u00a0anexo 24 software\u00a0para comercio exterior mexico, anexo 24 software\u00a0gratis, software\u00a0para\u00a0anexo 24\u00a0y 31, software anexo 24\u00a0precio, software\u00a0para control de inventarios immex, anexo 24\u00a0software, sistema de control de inventarios anexo 24, programa\u00a0immex\u00a0pdf, decreto\u00a0immex, programa prosec, decreto\u00a0immex\u00a02017, programa\u00a0immex\u00a02017, programa drawback, sistema de control de inventarios\u00a0anexo 24, software\u00a0immex, sistemas de\u00a0anexo 24, software\u00a0para comercio exterior mexico, anexo 24 software\u00a0gratis, software\u00a0para\u00a0anexo 24\u00a0y 31, software anexo 24\u00a0precio, software\u00a0para control de inventarios immex, software anexo24, empresas immex, comercio exterior, software para comercio exterior mexico, software immex, software de comercio exterior gratis, software utilizados en comercio exterior ,software anexo 24 , sistema de control de inventarios anexo 24, sistemas de anexo 24, integration point torreon, immex decreto, immex controladora de empresas ejemplo, empresas immex ejemplos, programa immex pdf, decreto immex 2017, programa immex 2017, que es prosec , registro immex, programa immex pdf , decreto immex 2017, decreto immex pdf, decreto immex 2018 pdf, requisitos immex, anexo ii decreto immex 2017 ,decreto immex 2014, immex 2016 pdf, immex 2015, immex 2016, immex 2018, immex 2019\" width=\"1024\" height=\"323\" srcset=\"https:\/\/www.campa.com.mx\/site\/wp-content\/uploads\/2017\/09\/logoimmexhazque.png 1024w, https:\/\/www.campa.com.mx\/site\/wp-content\/uploads\/2017\/09\/logoimmexhazque-300x95.png 300w, https:\/\/www.campa.com.mx\/site\/wp-content\/uploads\/2017\/09\/logoimmexhazque-768x242.png 768w\" sizes=\"auto, (max-width: 1024px) 100vw, 1024px\" \/><\/header>\n<\/div>\n<\/div>\n<header data-os-animation=\"fadeIn\" data-os-animation-delay=\"0s\">\n<p style=\"text-align: center;\">Grupos como CIE AUTOMETAL, a trav\u00e9s de la labor de su capital humano, logran crecer el comercio exterior mexicano. Son este tipo de empresas las que ponen su vista en M\u00e9xico para diversificar mercados por tantas ventajas comparativas, y tambi\u00e9n competitivas, que tiene el pa\u00eds. Agradecemos a Mariana Ruiz de la LLata por su tiempo y testimonio de liderazgo empresarial.<\/p>\n<\/header>\n<\/header>\n<p style=\"text-align: center;\">\n<p style=\"text-align: center;\"><iframe loading=\"lazy\" src=\"https:\/\/w.soundcloud.com\/player\/?url=https%3A\/\/api.soundcloud.com\/tracks\/261023854&amp;color=00aabb\" width=\"100%\" height=\"166\" frameborder=\"no\" scrolling=\"no\"><\/iframe><\/p>\n<\/div>\n<\/div>\n<\/section>\n","protected":false},"excerpt":{"rendered":"<p>Las empresas autoparteras en M\u00e9xico, representan un gran fragmento de la producci\u00f3n de autopartes dentro del mundo, ubic\u00e1ndose como la quinta fuerza productiva en este segmento (PROM\u00c9XICO). Dentro de esta gran industria se encuentran Grupos conformados por varias plantas productivas, [&hellip;]<\/p>\n","protected":false},"author":1,"featured_media":1784,"comment_status":"closed","ping_status":"open","sticky":false,"template":"","format":"standard","meta":{"inline_featured_image":false,"_jetpack_memberships_contains_paid_content":false,"footnotes":""},"categories":[172],"tags":[8],"class_list":["post-1775","post","type-post","status-publish","format-standard","has-post-thumbnail","hentry","category-casos-de-exito-haz-que-importe","tag-immex"],"yoast_head":"<!-- This site is optimized with the Yoast SEO plugin v20.9 - https:\/\/yoast.com\/wordpress\/plugins\/seo\/ -->\n<title>MARIANA RU\u00cdZ DE LA LLATA GRUPO CIE - Campa<\/title>\n<meta name=\"robots\" content=\"index, follow, max-snippet:-1, max-image-preview:large, max-video-preview:-1\" \/>\n<link rel=\"canonical\" href=\"https:\/\/www.campa.com.mx\/site\/mariana-ruiz-de-la-llata-grupo-cie\/\" \/>\n<meta property=\"og:locale\" content=\"es_ES\" \/>\n<meta property=\"og:type\" content=\"article\" \/>\n<meta property=\"og:title\" content=\"MARIANA RU\u00cdZ DE LA LLATA GRUPO CIE - Campa\" \/>\n<meta property=\"og:description\" content=\"Las empresas autoparteras en M\u00e9xico, representan un gran fragmento de la producci\u00f3n de autopartes dentro del mundo, ubic\u00e1ndose como la quinta fuerza productiva en este segmento (PROM\u00c9XICO). Dentro de esta gran industria se encuentran Grupos conformados por varias plantas productivas, [&hellip;]\" \/>\n<meta property=\"og:url\" content=\"https:\/\/www.campa.com.mx\/site\/mariana-ruiz-de-la-llata-grupo-cie\/\" \/>\n<meta property=\"og:site_name\" content=\"Campa\" \/>\n<meta property=\"article:publisher\" content=\"https:\/\/www.facebook.com\/MovimientoAnexo24\" \/>\n<meta property=\"article:published_time\" content=\"2016-04-11T17:37:29+00:00\" \/>\n<meta property=\"article:modified_time\" content=\"2018-07-04T18:19:16+00:00\" \/>\n<meta property=\"og:image\" content=\"https:\/\/www.campa.com.mx\/site\/wp-content\/uploads\/2017\/09\/immex-immex-1024x382.png\" \/>\n\t<meta property=\"og:image:width\" content=\"1024\" \/>\n\t<meta property=\"og:image:height\" content=\"382\" \/>\n\t<meta property=\"og:image:type\" content=\"image\/png\" \/>\n<meta name=\"author\" content=\"campa\" \/>\n<meta name=\"twitter:card\" content=\"summary_large_image\" \/>\n<meta name=\"twitter:creator\" content=\"@artycampa\" \/>\n<meta name=\"twitter:site\" content=\"@artycampa\" \/>\n<meta name=\"twitter:label1\" content=\"Escrito por\" \/>\n\t<meta name=\"twitter:data1\" content=\"campa\" \/>\n\t<meta name=\"twitter:label2\" content=\"Tiempo de lectura\" \/>\n\t<meta name=\"twitter:data2\" content=\"6 minutos\" \/>\n<script type=\"application\/ld+json\" class=\"yoast-schema-graph\">{\"@context\":\"https:\/\/schema.org\",\"@graph\":[{\"@type\":\"WebPage\",\"@id\":\"https:\/\/www.campa.com.mx\/site\/mariana-ruiz-de-la-llata-grupo-cie\/\",\"url\":\"https:\/\/www.campa.com.mx\/site\/mariana-ruiz-de-la-llata-grupo-cie\/\",\"name\":\"MARIANA RU\u00cdZ DE LA LLATA GRUPO CIE - Campa\",\"isPartOf\":{\"@id\":\"https:\/\/www.campa.com.mx\/site\/#website\"},\"datePublished\":\"2016-04-11T17:37:29+00:00\",\"dateModified\":\"2018-07-04T18:19:16+00:00\",\"author\":{\"@id\":\"https:\/\/www.campa.com.mx\/site\/#\/schema\/person\/5bf1874b81661ed013f5aa29df30761c\"},\"breadcrumb\":{\"@id\":\"https:\/\/www.campa.com.mx\/site\/mariana-ruiz-de-la-llata-grupo-cie\/#breadcrumb\"},\"inLanguage\":\"es\",\"potentialAction\":[{\"@type\":\"ReadAction\",\"target\":[\"https:\/\/www.campa.com.mx\/site\/mariana-ruiz-de-la-llata-grupo-cie\/\"]}]},{\"@type\":\"BreadcrumbList\",\"@id\":\"https:\/\/www.campa.com.mx\/site\/mariana-ruiz-de-la-llata-grupo-cie\/#breadcrumb\",\"itemListElement\":[{\"@type\":\"ListItem\",\"position\":1,\"name\":\"Portada\",\"item\":\"https:\/\/www.campa.com.mx\/site\/\"},{\"@type\":\"ListItem\",\"position\":2,\"name\":\"MARIANA RU\u00cdZ DE LA LLATA GRUPO CIE\"}]},{\"@type\":\"WebSite\",\"@id\":\"https:\/\/www.campa.com.mx\/site\/#website\",\"url\":\"https:\/\/www.campa.com.mx\/site\/\",\"name\":\"Campa\",\"description\":\"Tecnolog\u00eda - Comercio Exterior - Servicios\",\"potentialAction\":[{\"@type\":\"SearchAction\",\"target\":{\"@type\":\"EntryPoint\",\"urlTemplate\":\"https:\/\/www.campa.com.mx\/site\/?s={search_term_string}\"},\"query-input\":\"required name=search_term_string\"}],\"inLanguage\":\"es\"},{\"@type\":\"Person\",\"@id\":\"https:\/\/www.campa.com.mx\/site\/#\/schema\/person\/5bf1874b81661ed013f5aa29df30761c\",\"name\":\"campa\",\"image\":{\"@type\":\"ImageObject\",\"inLanguage\":\"es\",\"@id\":\"https:\/\/www.campa.com.mx\/site\/#\/schema\/person\/image\/\",\"url\":\"https:\/\/secure.gravatar.com\/avatar\/921e6e5cffb9d78857948e938192591b9fd4168d0b55cc795582b49d9dc52bb1?s=96&d=mm&r=g\",\"contentUrl\":\"https:\/\/secure.gravatar.com\/avatar\/921e6e5cffb9d78857948e938192591b9fd4168d0b55cc795582b49d9dc52bb1?s=96&d=mm&r=g\",\"caption\":\"campa\"}}]}<\/script>\n<!-- \/ Yoast SEO plugin. -->","yoast_head_json":{"title":"MARIANA RU\u00cdZ DE LA LLATA GRUPO CIE - Campa","robots":{"index":"index","follow":"follow","max-snippet":"max-snippet:-1","max-image-preview":"max-image-preview:large","max-video-preview":"max-video-preview:-1"},"canonical":"https:\/\/www.campa.com.mx\/site\/mariana-ruiz-de-la-llata-grupo-cie\/","og_locale":"es_ES","og_type":"article","og_title":"MARIANA RU\u00cdZ DE LA LLATA GRUPO CIE - Campa","og_description":"Las empresas autoparteras en M\u00e9xico, representan un gran fragmento de la producci\u00f3n de autopartes dentro del mundo, ubic\u00e1ndose como la quinta fuerza productiva en este segmento (PROM\u00c9XICO). Dentro de esta gran industria se encuentran Grupos conformados por varias plantas productivas, [&hellip;]","og_url":"https:\/\/www.campa.com.mx\/site\/mariana-ruiz-de-la-llata-grupo-cie\/","og_site_name":"Campa","article_publisher":"https:\/\/www.facebook.com\/MovimientoAnexo24","article_published_time":"2016-04-11T17:37:29+00:00","article_modified_time":"2018-07-04T18:19:16+00:00","og_image":[{"width":1024,"height":382,"url":"https:\/\/www.campa.com.mx\/site\/wp-content\/uploads\/2017\/09\/immex-immex-1024x382.png","type":"image\/png"}],"author":"campa","twitter_card":"summary_large_image","twitter_creator":"@artycampa","twitter_site":"@artycampa","twitter_misc":{"Escrito por":"campa","Tiempo de lectura":"6 minutos"},"schema":{"@context":"https:\/\/schema.org","@graph":[{"@type":"WebPage","@id":"https:\/\/www.campa.com.mx\/site\/mariana-ruiz-de-la-llata-grupo-cie\/","url":"https:\/\/www.campa.com.mx\/site\/mariana-ruiz-de-la-llata-grupo-cie\/","name":"MARIANA RU\u00cdZ DE LA LLATA GRUPO CIE - Campa","isPartOf":{"@id":"https:\/\/www.campa.com.mx\/site\/#website"},"datePublished":"2016-04-11T17:37:29+00:00","dateModified":"2018-07-04T18:19:16+00:00","author":{"@id":"https:\/\/www.campa.com.mx\/site\/#\/schema\/person\/5bf1874b81661ed013f5aa29df30761c"},"breadcrumb":{"@id":"https:\/\/www.campa.com.mx\/site\/mariana-ruiz-de-la-llata-grupo-cie\/#breadcrumb"},"inLanguage":"es","potentialAction":[{"@type":"ReadAction","target":["https:\/\/www.campa.com.mx\/site\/mariana-ruiz-de-la-llata-grupo-cie\/"]}]},{"@type":"BreadcrumbList","@id":"https:\/\/www.campa.com.mx\/site\/mariana-ruiz-de-la-llata-grupo-cie\/#breadcrumb","itemListElement":[{"@type":"ListItem","position":1,"name":"Portada","item":"https:\/\/www.campa.com.mx\/site\/"},{"@type":"ListItem","position":2,"name":"MARIANA RU\u00cdZ DE LA LLATA GRUPO CIE"}]},{"@type":"WebSite","@id":"https:\/\/www.campa.com.mx\/site\/#website","url":"https:\/\/www.campa.com.mx\/site\/","name":"Campa","description":"Tecnolog\u00eda - Comercio Exterior - Servicios","potentialAction":[{"@type":"SearchAction","target":{"@type":"EntryPoint","urlTemplate":"https:\/\/www.campa.com.mx\/site\/?s={search_term_string}"},"query-input":"required name=search_term_string"}],"inLanguage":"es"},{"@type":"Person","@id":"https:\/\/www.campa.com.mx\/site\/#\/schema\/person\/5bf1874b81661ed013f5aa29df30761c","name":"campa","image":{"@type":"ImageObject","inLanguage":"es","@id":"https:\/\/www.campa.com.mx\/site\/#\/schema\/person\/image\/","url":"https:\/\/secure.gravatar.com\/avatar\/921e6e5cffb9d78857948e938192591b9fd4168d0b55cc795582b49d9dc52bb1?s=96&d=mm&r=g","contentUrl":"https:\/\/secure.gravatar.com\/avatar\/921e6e5cffb9d78857948e938192591b9fd4168d0b55cc795582b49d9dc52bb1?s=96&d=mm&r=g","caption":"campa"}}]}},"jetpack_featured_media_url":"https:\/\/www.campa.com.mx\/site\/wp-content\/uploads\/2017\/09\/immex-immex-1024x382.png","jetpack_sharing_enabled":true,"_links":{"self":[{"href":"https:\/\/www.campa.com.mx\/site\/wp-json\/wp\/v2\/posts\/1775","targetHints":{"allow":["GET"]}}],"collection":[{"href":"https:\/\/www.campa.com.mx\/site\/wp-json\/wp\/v2\/posts"}],"about":[{"href":"https:\/\/www.campa.com.mx\/site\/wp-json\/wp\/v2\/types\/post"}],"author":[{"embeddable":true,"href":"https:\/\/www.campa.com.mx\/site\/wp-json\/wp\/v2\/users\/1"}],"replies":[{"embeddable":true,"href":"https:\/\/www.campa.com.mx\/site\/wp-json\/wp\/v2\/comments?post=1775"}],"version-history":[{"count":21,"href":"https:\/\/www.campa.com.mx\/site\/wp-json\/wp\/v2\/posts\/1775\/revisions"}],"predecessor-version":[{"id":3320,"href":"https:\/\/www.campa.com.mx\/site\/wp-json\/wp\/v2\/posts\/1775\/revisions\/3320"}],"wp:featuredmedia":[{"embeddable":true,"href":"https:\/\/www.campa.com.mx\/site\/wp-json\/wp\/v2\/media\/1784"}],"wp:attachment":[{"href":"https:\/\/www.campa.com.mx\/site\/wp-json\/wp\/v2\/media?parent=1775"}],"wp:term":[{"taxonomy":"category","embeddable":true,"href":"https:\/\/www.campa.com.mx\/site\/wp-json\/wp\/v2\/categories?post=1775"},{"taxonomy":"post_tag","embeddable":true,"href":"https:\/\/www.campa.com.mx\/site\/wp-json\/wp\/v2\/tags?post=1775"}],"curies":[{"name":"wp","href":"https:\/\/api.w.org\/{rel}","templated":true}]}}