{"id":1984,"date":"2017-09-25T16:44:25","date_gmt":"2017-09-25T16:44:25","guid":{"rendered":"http:\/\/www.campa.com.mx\/site\/?p=1984"},"modified":"2017-09-25T16:44:25","modified_gmt":"2017-09-25T16:44:25","slug":"los-estados-mas-afectados-si-termina-el-tlcan","status":"publish","type":"post","link":"https:\/\/www.campa.com.mx\/site\/los-estados-mas-afectados-si-termina-el-tlcan\/","title":{"rendered":"los Estados m\u00e1s afectados si termina el TLCAN"},"content":{"rendered":"<p style=\"text-align: justify;\">Chihuahua, Baja California, Coahuila, Nuevo Le\u00f3n y Tamaulipas ser\u00edan los estados m\u00e1s afectados con la salida de Estados Unidos del\u00a0Tratado de Libre Comercio de Am\u00e9rica del Norte, ya que mandan la mayor parte de sus exportaciones a EU.<\/p>\n<p style=\"text-align: justify;\">Los estados de la frontera norte de M\u00e9xico no s\u00f3lo tienen en com\u00fan al pa\u00eds vecino, sino que ser\u00edan las entidades m\u00e1s afectadas de una eventual\u00a0<b>salida de Estados Unidos<\/b>\u00a0del\u00a0<b>Tratado de Libre Comercio de Am\u00e9rica del Norte (TLCAN)<\/b>, pues son las m\u00e1s exportadoras.<\/p>\n<p style=\"text-align: justify;\"><b>Chihuahua, Baja California, Coahuila, Nuevo Le\u00f3n y Tamaulipas\u00a0<\/b>mandan m\u00e1s del 80 por ciento de sus env\u00edos a Estados Unidos, en l\u00ednea con la tendencia de las exportaciones totales de M\u00e9xico, de las cuales 82 por ciento tiene como destino el vecino del norte.<\/p>\n<p>Estos cinco estados acaparan el\u00a0<b>52 por ciento de las exportaciones nacionales<\/b>.<\/p>\n<p>\u201cEsto viene registr\u00e1ndose desde 1998, cuando comienza la segunda fase de la desgravaci\u00f3n y se concentra la industria maquiladora\u201d, explic\u00f3 Ignacio Mart\u00ednez Cort\u00e9s, acad\u00e9mico de la UNAM.<\/p>\n<p style=\"text-align: justify;\"><img loading=\"lazy\" decoding=\"async\" class=\" size-full wp-image-1989 aligncenter\" src=\"http:\/\/www.campa.com.mx\/site\/wp-content\/uploads\/2017\/09\/graficastlcan.png\" alt=\"graficastlcan\" width=\"496\" height=\"269\" srcset=\"https:\/\/www.campa.com.mx\/site\/wp-content\/uploads\/2017\/09\/graficastlcan.png 496w, https:\/\/www.campa.com.mx\/site\/wp-content\/uploads\/2017\/09\/graficastlcan-300x163.png 300w\" sizes=\"auto, (max-width: 496px) 100vw, 496px\" \/><\/p>\n<p style=\"text-align: justify;\">El principal estado es Chihuahua, que en 2015, \u00faltimo dato disponible del INEGI, realiz\u00f3 12 por ciento de los env\u00edos. Entre sus sectores m\u00e1s importantes est\u00e1n\u00a0<b>manufactura, electr\u00f3nicos y automotriz<\/b>, pero tambi\u00e9n cuenta con productos como nuez y chile.<\/p>\n<p>El segundo lugar lo ocup\u00f3\u00a0<b>Baja California,<\/b>\u00a0con 11.4 por ciento de las exportaciones que principalmente fueron electr\u00f3nicos; le sigui\u00f3\u00a0<b>Coahuila<\/b>, con 10.7 por ciento de los env\u00edos y que en su mayor\u00eda se trata de equipo de transporte, muy similar a los productos que vendi\u00f3\u00a0<b>Nuevo Le\u00f3n<\/b>, con 10.2 por ciento del total.<\/p>\n<p>En quinto lugar se ubic\u00f3\u00a0<b>Tamaulipas<\/b>, con 7.8 por ciento de las exportaciones, que en su mayor\u00eda fueron electr\u00f3nicos. En tanto que Sonora, el otro estado fronterizo, se ubic\u00f3 en la posici\u00f3n n\u00famero nueve, con cinco por ciento de los env\u00edos que en buena parte fue equipo de transporte.<\/p>\n<p>Fuentes: \u00a0M\u00e9xico, Financiero,<\/p>\n","protected":false},"excerpt":{"rendered":"<p>Chihuahua, Baja California, Coahuila, Nuevo Le\u00f3n y Tamaulipas ser\u00edan los estados m\u00e1s afectados con la salida de Estados Unidos del\u00a0Tratado de Libre Comercio de Am\u00e9rica del Norte, ya que mandan la mayor parte de sus exportaciones a EU.<\/p>\n","protected":false},"author":1,"featured_media":1985,"comment_status":"closed","ping_status":"open","sticky":false,"template":"","format":"standard","meta":{"inline_featured_image":false,"_jetpack_memberships_contains_paid_content":false,"footnotes":""},"categories":[1],"tags":[216,212,215,191,24,109,155,217,8,7,152,213,117,153,214,108,218,204,132,190],"class_list":["post-1984","post","type-post","status-publish","format-standard","has-post-thumbnail","hentry","category-campa","tag-baja-california","tag-chihuahua","tag-coahuila","tag-comercio","tag-comercio-exterior","tag-donald-trump","tag-estados-unidos","tag-frontera-norte","tag-immex","tag-mexico","tag-negociaciones-tlcan","tag-nuevo-leon","tag-objetivos-tlcan","tag-renegociacion-tlcan","tag-tamaulipas","tag-tlcan","tag-tlcan-2-0","tag-tlcan-en-mexico","tag-tratado-de-libre-comercio","tag-tratado-de-libre-comercio-de-america-del-norte"],"yoast_head":"<!-- This site is optimized with the Yoast SEO plugin v20.9 - https:\/\/yoast.com\/wordpress\/plugins\/seo\/ -->\n<title>los Estados m\u00e1s afectados si termina el TLCAN - Campa<\/title>\n<meta name=\"robots\" content=\"index, follow, max-snippet:-1, max-image-preview:large, max-video-preview:-1\" \/>\n<link rel=\"canonical\" href=\"https:\/\/www.campa.com.mx\/site\/los-estados-mas-afectados-si-termina-el-tlcan\/\" \/>\n<meta property=\"og:locale\" content=\"es_ES\" \/>\n<meta property=\"og:type\" content=\"article\" \/>\n<meta property=\"og:title\" content=\"los Estados m\u00e1s afectados si termina el TLCAN - Campa\" \/>\n<meta property=\"og:description\" content=\"Chihuahua, Baja California, Coahuila, Nuevo Le\u00f3n y Tamaulipas ser\u00edan los estados m\u00e1s afectados con la salida de Estados Unidos del\u00a0Tratado de Libre Comercio de Am\u00e9rica del Norte, ya que mandan la mayor parte de sus exportaciones a EU.\" \/>\n<meta property=\"og:url\" content=\"https:\/\/www.campa.com.mx\/site\/los-estados-mas-afectados-si-termina-el-tlcan\/\" \/>\n<meta property=\"og:site_name\" content=\"Campa\" \/>\n<meta property=\"article:publisher\" content=\"https:\/\/www.facebook.com\/MovimientoAnexo24\" \/>\n<meta property=\"article:published_time\" content=\"2017-09-25T16:44:25+00:00\" \/>\n<meta property=\"og:image\" content=\"https:\/\/www.campa.com.mx\/site\/wp-content\/uploads\/2017\/09\/region-norett.tlcam_.png\" \/>\n\t<meta property=\"og:image:width\" content=\"1196\" \/>\n\t<meta property=\"og:image:height\" content=\"694\" \/>\n\t<meta property=\"og:image:type\" content=\"image\/png\" \/>\n<meta name=\"author\" content=\"campa\" \/>\n<meta name=\"twitter:card\" content=\"summary_large_image\" \/>\n<meta name=\"twitter:creator\" content=\"@artycampa\" \/>\n<meta name=\"twitter:site\" content=\"@artycampa\" \/>\n<meta name=\"twitter:label1\" content=\"Escrito por\" \/>\n\t<meta name=\"twitter:data1\" content=\"campa\" \/>\n\t<meta name=\"twitter:label2\" content=\"Tiempo de lectura\" \/>\n\t<meta name=\"twitter:data2\" content=\"2 minutos\" \/>\n<script type=\"application\/ld+json\" class=\"yoast-schema-graph\">{\"@context\":\"https:\/\/schema.org\",\"@graph\":[{\"@type\":\"WebPage\",\"@id\":\"https:\/\/www.campa.com.mx\/site\/los-estados-mas-afectados-si-termina-el-tlcan\/\",\"url\":\"https:\/\/www.campa.com.mx\/site\/los-estados-mas-afectados-si-termina-el-tlcan\/\",\"name\":\"los Estados m\u00e1s afectados si termina el TLCAN - Campa\",\"isPartOf\":{\"@id\":\"https:\/\/www.campa.com.mx\/site\/#website\"},\"datePublished\":\"2017-09-25T16:44:25+00:00\",\"dateModified\":\"2017-09-25T16:44:25+00:00\",\"author\":{\"@id\":\"https:\/\/www.campa.com.mx\/site\/#\/schema\/person\/5bf1874b81661ed013f5aa29df30761c\"},\"breadcrumb\":{\"@id\":\"https:\/\/www.campa.com.mx\/site\/los-estados-mas-afectados-si-termina-el-tlcan\/#breadcrumb\"},\"inLanguage\":\"es\",\"potentialAction\":[{\"@type\":\"ReadAction\",\"target\":[\"https:\/\/www.campa.com.mx\/site\/los-estados-mas-afectados-si-termina-el-tlcan\/\"]}]},{\"@type\":\"BreadcrumbList\",\"@id\":\"https:\/\/www.campa.com.mx\/site\/los-estados-mas-afectados-si-termina-el-tlcan\/#breadcrumb\",\"itemListElement\":[{\"@type\":\"ListItem\",\"position\":1,\"name\":\"Portada\",\"item\":\"https:\/\/www.campa.com.mx\/site\/\"},{\"@type\":\"ListItem\",\"position\":2,\"name\":\"los Estados m\u00e1s afectados si termina el TLCAN\"}]},{\"@type\":\"WebSite\",\"@id\":\"https:\/\/www.campa.com.mx\/site\/#website\",\"url\":\"https:\/\/www.campa.com.mx\/site\/\",\"name\":\"Campa\",\"description\":\"Tecnolog\u00eda - Comercio Exterior - Servicios\",\"potentialAction\":[{\"@type\":\"SearchAction\",\"target\":{\"@type\":\"EntryPoint\",\"urlTemplate\":\"https:\/\/www.campa.com.mx\/site\/?s={search_term_string}\"},\"query-input\":\"required name=search_term_string\"}],\"inLanguage\":\"es\"},{\"@type\":\"Person\",\"@id\":\"https:\/\/www.campa.com.mx\/site\/#\/schema\/person\/5bf1874b81661ed013f5aa29df30761c\",\"name\":\"campa\",\"image\":{\"@type\":\"ImageObject\",\"inLanguage\":\"es\",\"@id\":\"https:\/\/www.campa.com.mx\/site\/#\/schema\/person\/image\/\",\"url\":\"https:\/\/secure.gravatar.com\/avatar\/921e6e5cffb9d78857948e938192591b9fd4168d0b55cc795582b49d9dc52bb1?s=96&d=mm&r=g\",\"contentUrl\":\"https:\/\/secure.gravatar.com\/avatar\/921e6e5cffb9d78857948e938192591b9fd4168d0b55cc795582b49d9dc52bb1?s=96&d=mm&r=g\",\"caption\":\"campa\"}}]}<\/script>\n<!-- \/ Yoast SEO plugin. -->","yoast_head_json":{"title":"los Estados m\u00e1s afectados si termina el TLCAN - Campa","robots":{"index":"index","follow":"follow","max-snippet":"max-snippet:-1","max-image-preview":"max-image-preview:large","max-video-preview":"max-video-preview:-1"},"canonical":"https:\/\/www.campa.com.mx\/site\/los-estados-mas-afectados-si-termina-el-tlcan\/","og_locale":"es_ES","og_type":"article","og_title":"los Estados m\u00e1s afectados si termina el TLCAN - Campa","og_description":"Chihuahua, Baja California, Coahuila, Nuevo Le\u00f3n y Tamaulipas ser\u00edan los estados m\u00e1s afectados con la salida de Estados Unidos del\u00a0Tratado de Libre Comercio de Am\u00e9rica del Norte, ya que mandan la mayor parte de sus exportaciones a EU.","og_url":"https:\/\/www.campa.com.mx\/site\/los-estados-mas-afectados-si-termina-el-tlcan\/","og_site_name":"Campa","article_publisher":"https:\/\/www.facebook.com\/MovimientoAnexo24","article_published_time":"2017-09-25T16:44:25+00:00","og_image":[{"width":1196,"height":694,"url":"https:\/\/www.campa.com.mx\/site\/wp-content\/uploads\/2017\/09\/region-norett.tlcam_.png","type":"image\/png"}],"author":"campa","twitter_card":"summary_large_image","twitter_creator":"@artycampa","twitter_site":"@artycampa","twitter_misc":{"Escrito por":"campa","Tiempo de lectura":"2 minutos"},"schema":{"@context":"https:\/\/schema.org","@graph":[{"@type":"WebPage","@id":"https:\/\/www.campa.com.mx\/site\/los-estados-mas-afectados-si-termina-el-tlcan\/","url":"https:\/\/www.campa.com.mx\/site\/los-estados-mas-afectados-si-termina-el-tlcan\/","name":"los Estados m\u00e1s afectados si termina el TLCAN - Campa","isPartOf":{"@id":"https:\/\/www.campa.com.mx\/site\/#website"},"datePublished":"2017-09-25T16:44:25+00:00","dateModified":"2017-09-25T16:44:25+00:00","author":{"@id":"https:\/\/www.campa.com.mx\/site\/#\/schema\/person\/5bf1874b81661ed013f5aa29df30761c"},"breadcrumb":{"@id":"https:\/\/www.campa.com.mx\/site\/los-estados-mas-afectados-si-termina-el-tlcan\/#breadcrumb"},"inLanguage":"es","potentialAction":[{"@type":"ReadAction","target":["https:\/\/www.campa.com.mx\/site\/los-estados-mas-afectados-si-termina-el-tlcan\/"]}]},{"@type":"BreadcrumbList","@id":"https:\/\/www.campa.com.mx\/site\/los-estados-mas-afectados-si-termina-el-tlcan\/#breadcrumb","itemListElement":[{"@type":"ListItem","position":1,"name":"Portada","item":"https:\/\/www.campa.com.mx\/site\/"},{"@type":"ListItem","position":2,"name":"los Estados m\u00e1s afectados si termina el TLCAN"}]},{"@type":"WebSite","@id":"https:\/\/www.campa.com.mx\/site\/#website","url":"https:\/\/www.campa.com.mx\/site\/","name":"Campa","description":"Tecnolog\u00eda - Comercio Exterior - Servicios","potentialAction":[{"@type":"SearchAction","target":{"@type":"EntryPoint","urlTemplate":"https:\/\/www.campa.com.mx\/site\/?s={search_term_string}"},"query-input":"required name=search_term_string"}],"inLanguage":"es"},{"@type":"Person","@id":"https:\/\/www.campa.com.mx\/site\/#\/schema\/person\/5bf1874b81661ed013f5aa29df30761c","name":"campa","image":{"@type":"ImageObject","inLanguage":"es","@id":"https:\/\/www.campa.com.mx\/site\/#\/schema\/person\/image\/","url":"https:\/\/secure.gravatar.com\/avatar\/921e6e5cffb9d78857948e938192591b9fd4168d0b55cc795582b49d9dc52bb1?s=96&d=mm&r=g","contentUrl":"https:\/\/secure.gravatar.com\/avatar\/921e6e5cffb9d78857948e938192591b9fd4168d0b55cc795582b49d9dc52bb1?s=96&d=mm&r=g","caption":"campa"}}]}},"jetpack_featured_media_url":"https:\/\/www.campa.com.mx\/site\/wp-content\/uploads\/2017\/09\/region-norett.tlcam_.png","jetpack_sharing_enabled":true,"_links":{"self":[{"href":"https:\/\/www.campa.com.mx\/site\/wp-json\/wp\/v2\/posts\/1984","targetHints":{"allow":["GET"]}}],"collection":[{"href":"https:\/\/www.campa.com.mx\/site\/wp-json\/wp\/v2\/posts"}],"about":[{"href":"https:\/\/www.campa.com.mx\/site\/wp-json\/wp\/v2\/types\/post"}],"author":[{"embeddable":true,"href":"https:\/\/www.campa.com.mx\/site\/wp-json\/wp\/v2\/users\/1"}],"replies":[{"embeddable":true,"href":"https:\/\/www.campa.com.mx\/site\/wp-json\/wp\/v2\/comments?post=1984"}],"version-history":[{"count":10,"href":"https:\/\/www.campa.com.mx\/site\/wp-json\/wp\/v2\/posts\/1984\/revisions"}],"predecessor-version":[{"id":1996,"href":"https:\/\/www.campa.com.mx\/site\/wp-json\/wp\/v2\/posts\/1984\/revisions\/1996"}],"wp:featuredmedia":[{"embeddable":true,"href":"https:\/\/www.campa.com.mx\/site\/wp-json\/wp\/v2\/media\/1985"}],"wp:attachment":[{"href":"https:\/\/www.campa.com.mx\/site\/wp-json\/wp\/v2\/media?parent=1984"}],"wp:term":[{"taxonomy":"category","embeddable":true,"href":"https:\/\/www.campa.com.mx\/site\/wp-json\/wp\/v2\/categories?post=1984"},{"taxonomy":"post_tag","embeddable":true,"href":"https:\/\/www.campa.com.mx\/site\/wp-json\/wp\/v2\/tags?post=1984"}],"curies":[{"name":"wp","href":"https:\/\/api.w.org\/{rel}","templated":true}]}}