{"id":2001,"date":"2017-09-26T14:51:27","date_gmt":"2017-09-26T14:51:27","guid":{"rendered":"http:\/\/www.campa.com.mx\/site\/?p=2001"},"modified":"2017-09-26T14:54:20","modified_gmt":"2017-09-26T14:54:20","slug":"resolucion-anticipada-de-modificaciones-a-las-reglas-generales-de-comercio-exterior-para-2017-y-su-anexo-1-a","status":"publish","type":"post","link":"https:\/\/www.campa.com.mx\/site\/resolucion-anticipada-de-modificaciones-a-las-reglas-generales-de-comercio-exterior-para-2017-y-su-anexo-1-a\/","title":{"rendered":"\u201cResoluci\u00f3n anticipada de Modificaciones a las Reglas Generales de Comercio Exterior para 2017 y su Anexo 1-A\u201d"},"content":{"rendered":"<p style=\"text-align: justify;\">El SAT dio a conocer a trav\u00e9s de su p\u00e1gina de internet, la\u00a0<b>\u201cResoluci\u00f3n anticipada de Modificaciones a las Reglas Generales de Comercio Exterior para 2017 y su Anexo 1-A\u201d<\/b>. Dentro de la cual observamos la adici\u00f3n de una nueva regla, siendo esta la 3.3.17,\u00a0<b>\u201cDonaci\u00f3n de mercanc\u00edas en casos de desastres naturales\u201d,\u00a0<\/b>as\u00ed mismo se modifica el Anexo 1-A \u201ctr\u00e1mites de Comercio Exterior\u201d, para adicionar la ficha de tr\u00e1mite 88\/LA\u00a0<b>\u201cInstructivo de tr\u00e1mite para la solicitud de donaci\u00f3n de mercanc\u00edas en casos de desastres naturales\u201d<\/b>\u00a0\u00a0para lo cual te compartimos la publicaci\u00f3n de manera detallada.<\/p>\n<p><img loading=\"lazy\" decoding=\"async\" class=\"alignnone size-full wp-image-2006\" src=\"http:\/\/www.campa.com.mx\/site\/wp-content\/uploads\/2017\/09\/resolucionsat.png\" alt=\"resolucionsat\" width=\"838\" height=\"945\" srcset=\"https:\/\/www.campa.com.mx\/site\/wp-content\/uploads\/2017\/09\/resolucionsat.png 838w, https:\/\/www.campa.com.mx\/site\/wp-content\/uploads\/2017\/09\/resolucionsat-266x300.png 266w, https:\/\/www.campa.com.mx\/site\/wp-content\/uploads\/2017\/09\/resolucionsat-768x866.png 768w\" sizes=\"auto, (max-width: 838px) 100vw, 838px\" \/><\/p>\n<p><b>\u201cInstructivo de tr\u00e1mite para la solicitud de donaci\u00f3n de mercanc\u00edas en casos de desastres naturales\u201d<\/b><\/p>\n<p><img loading=\"lazy\" decoding=\"async\" class=\"alignnone size-full wp-image-2005\" src=\"http:\/\/www.campa.com.mx\/site\/wp-content\/uploads\/2017\/09\/anexo1.png\" alt=\"anexo1\" width=\"717\" height=\"996\" srcset=\"https:\/\/www.campa.com.mx\/site\/wp-content\/uploads\/2017\/09\/anexo1.png 717w, https:\/\/www.campa.com.mx\/site\/wp-content\/uploads\/2017\/09\/anexo1-216x300.png 216w\" sizes=\"auto, (max-width: 717px) 100vw, 717px\" \/><\/p>\n<p><img loading=\"lazy\" decoding=\"async\" class=\"alignnone size-full wp-image-2004\" src=\"http:\/\/www.campa.com.mx\/site\/wp-content\/uploads\/2017\/09\/anexo1-1.png\" alt=\"anexo1-1\" width=\"724\" height=\"516\" srcset=\"https:\/\/www.campa.com.mx\/site\/wp-content\/uploads\/2017\/09\/anexo1-1.png 724w, https:\/\/www.campa.com.mx\/site\/wp-content\/uploads\/2017\/09\/anexo1-1-300x214.png 300w\" sizes=\"auto, (max-width: 724px) 100vw, 724px\" \/><\/p>\n<p>&nbsp;<\/p>\n","protected":false},"excerpt":{"rendered":"<p>El SAT dio a conocer a trav\u00e9s de su p\u00e1gina de internet, la\u00a0\u201cResoluci\u00f3n anticipada de Modificaciones a las Reglas Generales de Comercio Exterior para 2017 y su Anexo 1-A\u201d. Dentro de la cual observamos la adici\u00f3n de una nueva regla, [&hellip;]<\/p>\n","protected":false},"author":1,"featured_media":1928,"comment_status":"closed","ping_status":"open","sticky":false,"template":"","format":"standard","meta":{"inline_featured_image":false,"_jetpack_memberships_contains_paid_content":false,"footnotes":""},"categories":[1],"tags":[219,24,208,222,220,199,9,221],"class_list":["post-2001","post","type-post","status-publish","format-standard","has-post-thumbnail","hentry","category-campa","tag-219","tag-comercio-exterior","tag-comunicado-sat","tag-desastres-naturales","tag-donacion-de-mercancias","tag-reglas-generales-comercio-exterior","tag-sat","tag-tramites-de-comercio-exterior"],"yoast_head":"<!-- This site is optimized with the Yoast SEO plugin v20.9 - https:\/\/yoast.com\/wordpress\/plugins\/seo\/ -->\n<title>\u201cResoluci\u00f3n anticipada de Modificaciones a las Reglas Generales de Comercio Exterior para 2017 y su Anexo 1-A\u201d - Campa<\/title>\n<meta name=\"robots\" content=\"index, follow, max-snippet:-1, max-image-preview:large, max-video-preview:-1\" \/>\n<link rel=\"canonical\" href=\"https:\/\/www.campa.com.mx\/site\/resolucion-anticipada-de-modificaciones-a-las-reglas-generales-de-comercio-exterior-para-2017-y-su-anexo-1-a\/\" \/>\n<meta property=\"og:locale\" content=\"es_ES\" \/>\n<meta property=\"og:type\" content=\"article\" \/>\n<meta property=\"og:title\" content=\"\u201cResoluci\u00f3n anticipada de Modificaciones a las Reglas Generales de Comercio Exterior para 2017 y su Anexo 1-A\u201d - Campa\" \/>\n<meta property=\"og:description\" content=\"El SAT dio a conocer a trav\u00e9s de su p\u00e1gina de internet, la\u00a0\u201cResoluci\u00f3n anticipada de Modificaciones a las Reglas Generales de Comercio Exterior para 2017 y su Anexo 1-A\u201d. Dentro de la cual observamos la adici\u00f3n de una nueva regla, [&hellip;]\" \/>\n<meta property=\"og:url\" content=\"https:\/\/www.campa.com.mx\/site\/resolucion-anticipada-de-modificaciones-a-las-reglas-generales-de-comercio-exterior-para-2017-y-su-anexo-1-a\/\" \/>\n<meta property=\"og:site_name\" content=\"Campa\" \/>\n<meta property=\"article:publisher\" content=\"https:\/\/www.facebook.com\/MovimientoAnexo24\" \/>\n<meta property=\"article:published_time\" content=\"2017-09-26T14:51:27+00:00\" \/>\n<meta property=\"article:modified_time\" content=\"2017-09-26T14:54:20+00:00\" \/>\n<meta property=\"og:image\" content=\"https:\/\/www.campa.com.mx\/site\/wp-content\/uploads\/2017\/09\/sat.jpg\" \/>\n\t<meta property=\"og:image:width\" content=\"1200\" \/>\n\t<meta property=\"og:image:height\" content=\"700\" \/>\n\t<meta property=\"og:image:type\" content=\"image\/jpeg\" \/>\n<meta name=\"author\" content=\"campa\" \/>\n<meta name=\"twitter:card\" content=\"summary_large_image\" \/>\n<meta name=\"twitter:creator\" content=\"@artycampa\" \/>\n<meta name=\"twitter:site\" content=\"@artycampa\" \/>\n<meta name=\"twitter:label1\" content=\"Escrito por\" \/>\n\t<meta name=\"twitter:data1\" content=\"campa\" \/>\n\t<meta name=\"twitter:label2\" content=\"Tiempo de lectura\" \/>\n\t<meta name=\"twitter:data2\" content=\"1 minuto\" \/>\n<script type=\"application\/ld+json\" class=\"yoast-schema-graph\">{\"@context\":\"https:\/\/schema.org\",\"@graph\":[{\"@type\":\"WebPage\",\"@id\":\"https:\/\/www.campa.com.mx\/site\/resolucion-anticipada-de-modificaciones-a-las-reglas-generales-de-comercio-exterior-para-2017-y-su-anexo-1-a\/\",\"url\":\"https:\/\/www.campa.com.mx\/site\/resolucion-anticipada-de-modificaciones-a-las-reglas-generales-de-comercio-exterior-para-2017-y-su-anexo-1-a\/\",\"name\":\"\u201cResoluci\u00f3n anticipada de Modificaciones a las Reglas Generales de Comercio Exterior para 2017 y su Anexo 1-A\u201d - Campa\",\"isPartOf\":{\"@id\":\"https:\/\/www.campa.com.mx\/site\/#website\"},\"datePublished\":\"2017-09-26T14:51:27+00:00\",\"dateModified\":\"2017-09-26T14:54:20+00:00\",\"author\":{\"@id\":\"https:\/\/www.campa.com.mx\/site\/#\/schema\/person\/5bf1874b81661ed013f5aa29df30761c\"},\"breadcrumb\":{\"@id\":\"https:\/\/www.campa.com.mx\/site\/resolucion-anticipada-de-modificaciones-a-las-reglas-generales-de-comercio-exterior-para-2017-y-su-anexo-1-a\/#breadcrumb\"},\"inLanguage\":\"es\",\"potentialAction\":[{\"@type\":\"ReadAction\",\"target\":[\"https:\/\/www.campa.com.mx\/site\/resolucion-anticipada-de-modificaciones-a-las-reglas-generales-de-comercio-exterior-para-2017-y-su-anexo-1-a\/\"]}]},{\"@type\":\"BreadcrumbList\",\"@id\":\"https:\/\/www.campa.com.mx\/site\/resolucion-anticipada-de-modificaciones-a-las-reglas-generales-de-comercio-exterior-para-2017-y-su-anexo-1-a\/#breadcrumb\",\"itemListElement\":[{\"@type\":\"ListItem\",\"position\":1,\"name\":\"Portada\",\"item\":\"https:\/\/www.campa.com.mx\/site\/\"},{\"@type\":\"ListItem\",\"position\":2,\"name\":\"\u201cResoluci\u00f3n anticipada de Modificaciones a las Reglas Generales de Comercio Exterior para 2017 y su Anexo 1-A\u201d\"}]},{\"@type\":\"WebSite\",\"@id\":\"https:\/\/www.campa.com.mx\/site\/#website\",\"url\":\"https:\/\/www.campa.com.mx\/site\/\",\"name\":\"Campa\",\"description\":\"Tecnolog\u00eda - Comercio Exterior - Servicios\",\"potentialAction\":[{\"@type\":\"SearchAction\",\"target\":{\"@type\":\"EntryPoint\",\"urlTemplate\":\"https:\/\/www.campa.com.mx\/site\/?s={search_term_string}\"},\"query-input\":\"required name=search_term_string\"}],\"inLanguage\":\"es\"},{\"@type\":\"Person\",\"@id\":\"https:\/\/www.campa.com.mx\/site\/#\/schema\/person\/5bf1874b81661ed013f5aa29df30761c\",\"name\":\"campa\",\"image\":{\"@type\":\"ImageObject\",\"inLanguage\":\"es\",\"@id\":\"https:\/\/www.campa.com.mx\/site\/#\/schema\/person\/image\/\",\"url\":\"https:\/\/secure.gravatar.com\/avatar\/921e6e5cffb9d78857948e938192591b9fd4168d0b55cc795582b49d9dc52bb1?s=96&d=mm&r=g\",\"contentUrl\":\"https:\/\/secure.gravatar.com\/avatar\/921e6e5cffb9d78857948e938192591b9fd4168d0b55cc795582b49d9dc52bb1?s=96&d=mm&r=g\",\"caption\":\"campa\"}}]}<\/script>\n<!-- \/ Yoast SEO plugin. -->","yoast_head_json":{"title":"\u201cResoluci\u00f3n anticipada de Modificaciones a las Reglas Generales de Comercio Exterior para 2017 y su Anexo 1-A\u201d - Campa","robots":{"index":"index","follow":"follow","max-snippet":"max-snippet:-1","max-image-preview":"max-image-preview:large","max-video-preview":"max-video-preview:-1"},"canonical":"https:\/\/www.campa.com.mx\/site\/resolucion-anticipada-de-modificaciones-a-las-reglas-generales-de-comercio-exterior-para-2017-y-su-anexo-1-a\/","og_locale":"es_ES","og_type":"article","og_title":"\u201cResoluci\u00f3n anticipada de Modificaciones a las Reglas Generales de Comercio Exterior para 2017 y su Anexo 1-A\u201d - Campa","og_description":"El SAT dio a conocer a trav\u00e9s de su p\u00e1gina de internet, la\u00a0\u201cResoluci\u00f3n anticipada de Modificaciones a las Reglas Generales de Comercio Exterior para 2017 y su Anexo 1-A\u201d. Dentro de la cual observamos la adici\u00f3n de una nueva regla, [&hellip;]","og_url":"https:\/\/www.campa.com.mx\/site\/resolucion-anticipada-de-modificaciones-a-las-reglas-generales-de-comercio-exterior-para-2017-y-su-anexo-1-a\/","og_site_name":"Campa","article_publisher":"https:\/\/www.facebook.com\/MovimientoAnexo24","article_published_time":"2017-09-26T14:51:27+00:00","article_modified_time":"2017-09-26T14:54:20+00:00","og_image":[{"width":1200,"height":700,"url":"https:\/\/www.campa.com.mx\/site\/wp-content\/uploads\/2017\/09\/sat.jpg","type":"image\/jpeg"}],"author":"campa","twitter_card":"summary_large_image","twitter_creator":"@artycampa","twitter_site":"@artycampa","twitter_misc":{"Escrito por":"campa","Tiempo de lectura":"1 minuto"},"schema":{"@context":"https:\/\/schema.org","@graph":[{"@type":"WebPage","@id":"https:\/\/www.campa.com.mx\/site\/resolucion-anticipada-de-modificaciones-a-las-reglas-generales-de-comercio-exterior-para-2017-y-su-anexo-1-a\/","url":"https:\/\/www.campa.com.mx\/site\/resolucion-anticipada-de-modificaciones-a-las-reglas-generales-de-comercio-exterior-para-2017-y-su-anexo-1-a\/","name":"\u201cResoluci\u00f3n anticipada de Modificaciones a las Reglas Generales de Comercio Exterior para 2017 y su Anexo 1-A\u201d - Campa","isPartOf":{"@id":"https:\/\/www.campa.com.mx\/site\/#website"},"datePublished":"2017-09-26T14:51:27+00:00","dateModified":"2017-09-26T14:54:20+00:00","author":{"@id":"https:\/\/www.campa.com.mx\/site\/#\/schema\/person\/5bf1874b81661ed013f5aa29df30761c"},"breadcrumb":{"@id":"https:\/\/www.campa.com.mx\/site\/resolucion-anticipada-de-modificaciones-a-las-reglas-generales-de-comercio-exterior-para-2017-y-su-anexo-1-a\/#breadcrumb"},"inLanguage":"es","potentialAction":[{"@type":"ReadAction","target":["https:\/\/www.campa.com.mx\/site\/resolucion-anticipada-de-modificaciones-a-las-reglas-generales-de-comercio-exterior-para-2017-y-su-anexo-1-a\/"]}]},{"@type":"BreadcrumbList","@id":"https:\/\/www.campa.com.mx\/site\/resolucion-anticipada-de-modificaciones-a-las-reglas-generales-de-comercio-exterior-para-2017-y-su-anexo-1-a\/#breadcrumb","itemListElement":[{"@type":"ListItem","position":1,"name":"Portada","item":"https:\/\/www.campa.com.mx\/site\/"},{"@type":"ListItem","position":2,"name":"\u201cResoluci\u00f3n anticipada de Modificaciones a las Reglas Generales de Comercio Exterior para 2017 y su Anexo 1-A\u201d"}]},{"@type":"WebSite","@id":"https:\/\/www.campa.com.mx\/site\/#website","url":"https:\/\/www.campa.com.mx\/site\/","name":"Campa","description":"Tecnolog\u00eda - Comercio Exterior - Servicios","potentialAction":[{"@type":"SearchAction","target":{"@type":"EntryPoint","urlTemplate":"https:\/\/www.campa.com.mx\/site\/?s={search_term_string}"},"query-input":"required name=search_term_string"}],"inLanguage":"es"},{"@type":"Person","@id":"https:\/\/www.campa.com.mx\/site\/#\/schema\/person\/5bf1874b81661ed013f5aa29df30761c","name":"campa","image":{"@type":"ImageObject","inLanguage":"es","@id":"https:\/\/www.campa.com.mx\/site\/#\/schema\/person\/image\/","url":"https:\/\/secure.gravatar.com\/avatar\/921e6e5cffb9d78857948e938192591b9fd4168d0b55cc795582b49d9dc52bb1?s=96&d=mm&r=g","contentUrl":"https:\/\/secure.gravatar.com\/avatar\/921e6e5cffb9d78857948e938192591b9fd4168d0b55cc795582b49d9dc52bb1?s=96&d=mm&r=g","caption":"campa"}}]}},"jetpack_featured_media_url":"https:\/\/www.campa.com.mx\/site\/wp-content\/uploads\/2017\/09\/sat.jpg","jetpack_sharing_enabled":true,"_links":{"self":[{"href":"https:\/\/www.campa.com.mx\/site\/wp-json\/wp\/v2\/posts\/2001","targetHints":{"allow":["GET"]}}],"collection":[{"href":"https:\/\/www.campa.com.mx\/site\/wp-json\/wp\/v2\/posts"}],"about":[{"href":"https:\/\/www.campa.com.mx\/site\/wp-json\/wp\/v2\/types\/post"}],"author":[{"embeddable":true,"href":"https:\/\/www.campa.com.mx\/site\/wp-json\/wp\/v2\/users\/1"}],"replies":[{"embeddable":true,"href":"https:\/\/www.campa.com.mx\/site\/wp-json\/wp\/v2\/comments?post=2001"}],"version-history":[{"count":6,"href":"https:\/\/www.campa.com.mx\/site\/wp-json\/wp\/v2\/posts\/2001\/revisions"}],"predecessor-version":[{"id":2010,"href":"https:\/\/www.campa.com.mx\/site\/wp-json\/wp\/v2\/posts\/2001\/revisions\/2010"}],"wp:featuredmedia":[{"embeddable":true,"href":"https:\/\/www.campa.com.mx\/site\/wp-json\/wp\/v2\/media\/1928"}],"wp:attachment":[{"href":"https:\/\/www.campa.com.mx\/site\/wp-json\/wp\/v2\/media?parent=2001"}],"wp:term":[{"taxonomy":"category","embeddable":true,"href":"https:\/\/www.campa.com.mx\/site\/wp-json\/wp\/v2\/categories?post=2001"},{"taxonomy":"post_tag","embeddable":true,"href":"https:\/\/www.campa.com.mx\/site\/wp-json\/wp\/v2\/tags?post=2001"}],"curies":[{"name":"wp","href":"https:\/\/api.w.org\/{rel}","templated":true}]}}