{"id":2017,"date":"2017-09-28T15:16:59","date_gmt":"2017-09-28T15:16:59","guid":{"rendered":"http:\/\/www.campa.com.mx\/site\/?p=2017"},"modified":"2017-09-28T15:16:59","modified_gmt":"2017-09-28T15:16:59","slug":"acuerdo-por-el-que-se-da-a-conocer-la-decision-no-90-de-la-comision-administradora-del-tratado-de-libre-comercio-entre-los-estados-unidos-mexicanos-y-la-republica-de-colombia-adoptada-el-24-de-agost","status":"publish","type":"post","link":"https:\/\/www.campa.com.mx\/site\/acuerdo-por-el-que-se-da-a-conocer-la-decision-no-90-de-la-comision-administradora-del-tratado-de-libre-comercio-entre-los-estados-unidos-mexicanos-y-la-republica-de-colombia-adoptada-el-24-de-agost\/","title":{"rendered":"Acuerdo por el que se da a conocer la Decisi\u00f3n No. 90 de la Comisi\u00f3n Administradora del Tratado de Libre Comercio entre los Estados Unidos Mexicanos y la Rep\u00fablica de Colombia, adoptada el 24 de agosto de 2017"},"content":{"rendered":"<h2 class=\"Titulo_2\" style=\"text-align: justify;\">Al margen un sello con el Escudo Nacional, que dice: Estados Unidos Mexicanos.- Secretar\u00eda de Econom\u00eda.<\/h2>\n<div class=\"Texto\" style=\"text-align: justify;\">Con fundamento en los art\u00edculos 34 fracci\u00f3n XXXIII de la Ley Org\u00e1nica de la Administraci\u00f3n P\u00fablica\u00a0Federal; 5o. fracci\u00f3n X de la Ley de Comercio Exterior; 5 fracci\u00f3n XVII del Reglamento Interior de la\u00a0Secretar\u00eda de Econom\u00eda, y CONSIDERANDO.<\/div>\n<div><\/div>\n<div class=\"Texto\" style=\"text-align: justify;\">Que el Tratado de Libre Comercio entre los Estados Unidos Mexicanos y la Rep\u00fablica de Colombia, de\u00a0conformidad con su Art\u00edculo 6-20, establece un Comit\u00e9 de Integraci\u00f3n Regional de Insumos (CIRI).<\/div>\n<div><\/div>\n<div class=\"Texto\" style=\"text-align: justify;\">Que el Art\u00edculo 6-24 del Tratado faculta a la Comisi\u00f3n Administradora (Comisi\u00f3n) para que emita una\u00a0resoluci\u00f3n y establezca una dispensa, en los montos y t\u00e9rminos convenidos por el CIRI en su dictamen, para\u00a0la utilizaci\u00f3n de los materiales a que se refiere el p\u00e1rrafo 3 del Art\u00edculo 6-21 del Tratado.<\/div>\n<div><\/div>\n<div class=\"Texto\" style=\"text-align: justify;\">Que de conformidad con el Art\u00edculo 6-23 del Tratado, el 18 de agosto de 2017, el CIRI present\u00f3 un\u00a0dictamen a la Comisi\u00f3n, en el que determin\u00f3 otorgar una dispensa temporal para nuevos productos, para la\u00a0utilizaci\u00f3n de ciertos materiales, producidos u obtenidos fuera de la zona de libre comercio, en la manufactura\u00a0de ciertos bienes textiles y del vestido, a fin de que estos bienes puedan recibir el trato arancelario\u00a0preferencial previsto en el Tratado.<\/div>\n<div><\/div>\n<div class=\"Texto\" style=\"text-align: justify;\">Que la Comisi\u00f3n, de conformidad con el Art\u00edculo 6-24 del Tratado y tomando en consideraci\u00f3n el dictamen\u00a0presentado por el CIRI, adopt\u00f3 el 24 de agosto de 2017 la Decisi\u00f3n No. 90, por la que acord\u00f3 otorgar una\u00a0dispensa temporal para la utilizaci\u00f3n de ciertos materiales producidos u obtenidos fuera de la zona de libre\u00a0comercio en la manufactura de ciertos bienes textiles y del vestido, para que estos bienes puedan recibir el\u00a0trato arancelario preferencial del Tratado, por lo que se expide el siguiente:<\/div>\n<div><\/div>\n<div class=\"ANOTACION\" style=\"text-align: justify;\">Acuerdo \u00danico.-\u00a0Se da a conocer la Decisi\u00f3n No. 90 de la Comisi\u00f3n Administradora del Tratado de Libre Comercio\u00a0entre los Estados Unidos Mexicanos y la Rep\u00fablica de Colombia, por la que se otorga una dispensa temporal\u00a0para la utilizaci\u00f3n de ciertos materiales producidos u obtenidos fuera de la zona de libre comercio para que\u00a0determinados bienes textiles y del vestido reciban el trato arancelario preferencial establecido en el Tratado de\u00a0Libre Comercio entre los Estados Unidos Mexicanos y la Rep\u00fablica de Colombia, adoptada el 24 de agosto\u00a0de 2017:<\/div>\n<div><\/div>\n<div class=\"ANOTACION\" style=\"text-align: justify;\">&#8220;DECISI\u00d3N No. 90<\/div>\n<div class=\"Texto\" style=\"text-align: justify;\">Dispensa temporal para la utilizaci\u00f3n de materiales producidos u obtenidos fuera de la zona de\u00a0libre comercio para que determinados bienes textiles y del vestido reciban el trato arancelario\u00a0preferencial establecido en el Tratado de Libre Comercio entre los Estados Unidos Mexicanos y la\u00a0Rep\u00fablica de Colombia.<\/div>\n<div><\/div>\n<div class=\"Texto\" style=\"text-align: justify;\">La Comisi\u00f3n Administradora del Tratado de Libre Comercio entre los Estados Unidos Mexicanos y la\u00a0Rep\u00fablica de Colombia (el Tratado), en cumplimiento con lo establecido en los art\u00edculos 6-24 y 20-01 del\u00a0mismo; tomando en consideraci\u00f3n el Dictamen presentado por el Comit\u00e9 de Integraci\u00f3n Regional de Insumos\u00a0(CIRI), de fecha 18 de agosto de 2017, conforme al Art\u00edculo 6-23 del Tratado, mediante el cual se determina la\u00a0incapacidad del productor de disponer de los materiales indicados en el p\u00e1rrafo 1 del Art\u00edculo 6-21, los montos\u00a0y t\u00e9rminos de la dispensa requerida para que un bien pueda recibir el trato arancelario preferencial,<\/div>\n<div class=\"ANOTACION\" style=\"text-align: justify;\">DECIDE:<\/div>\n<div><\/div>\n<div class=\"ROMANOS\" style=\"text-align: justify;\">1. Otorgar por el per\u00edodo del 28 de septiembre de 2017 al 27 de septiembre de 2019, una dispensa\u00a0temporal para nuevos productos de conformidad con lo dispuesto en los p\u00e1rrafos 2 y 4 del Art\u00edculo\u00a06-24 del Tratado, mediante la cual los Estados Unidos Mexicanos aplicar\u00e1n el arancel de importaci\u00f3n\u00a0correspondiente a los bienes originarios previsto en su calendario de desgravaci\u00f3n del Anexo 1 al\u00a0Art\u00edculo 3-04 del Tratado a:<\/div>\n<div><\/div>\n<div class=\"Texto\" style=\"text-align: justify;\">Ciertos bienes textiles clasificados en las subpartidas del Sistema Armonizado de Designaci\u00f3n y\u00a0Codificaci\u00f3n de Mercanc\u00edas: 5804.21, 6004.10, 6005.31, 6005.32, 6005.33, 6005.34, 6006.31,\u00a06006.32, 6006.33, 6006.34, 6104.63, 6105.20, 6106.20, 6108.22, 6112.31, 6112.41, 6212.10,\u00a06212.20 y 6212.90, elaborados totalmente en la Rep\u00fablica de Colombia utilizando los materiales\u00a0producidos u obtenidos fuera de la zona de libre comercio, cuya descripci\u00f3n y clasificaci\u00f3n a\u00a0nivel de fracci\u00f3n arancelaria se mencionan en las columnas A y B de la Tabla de esta Decisi\u00f3n; y que cumplan con los dem\u00e1s requisitos establecidos en la regla de origen correspondiente, as\u00ed\u00a0como con las dem\u00e1s condiciones aplicables para el trato arancelario preferencial de conformidad\u00a0con el Tratado.<\/div>\n<div><\/div>\n<div class=\"ROMANOS\" style=\"text-align: justify;\">2. Los bienes descritos en el numeral 1 de esta Decisi\u00f3n quedan sujetos a los mecanismos de\u00a0verificaci\u00f3n y certificaci\u00f3n del Cap\u00edtulo VII del Tratado.<\/div>\n<div><\/div>\n<div class=\"ROMANOS\" style=\"text-align: justify;\">3. En la Rep\u00fablica de Colombia se podr\u00e1n utilizar los materiales que se describen en esta Decisi\u00f3n,\u00a0producidos u obtenidos fuera de la zona de libre comercio en la cantidad m\u00e1xima se\u00f1alada en la\u00a0columna C de la siguiente Tabla.<\/div>\n<div><\/div>\n<div class=\"Texto\" style=\"text-align: justify;\">Tabla<\/div>\n<table>\n<tbody>\n<tr>\n<td>\n<div class=\"Texto\">Fracci\u00f3n<br \/>\nArancelaria<br \/>\nen Colombia<br \/>\n(Insumo)<\/div>\n<\/td>\n<td>\n<div class=\"Texto\">Descripci\u00f3n \/ Observaciones<\/div>\n<\/td>\n<td>\n<div class=\"Texto\">Cantidad<br \/>\n(Kilogramos<br \/>\nNetos)<\/div>\n<\/td>\n<\/tr>\n<tr>\n<td>\n<div class=\"Texto\">(A)<\/div>\n<\/td>\n<td>\n<div class=\"Texto\">(B)<\/div>\n<\/td>\n<td>\n<div class=\"Texto\">(C)<\/div>\n<\/td>\n<\/tr>\n<tr>\n<td rowspan=\"3\">\n<div class=\"Texto\">54.02.44.00.10<\/div>\n<\/td>\n<td>\n<div class=\"Texto\">Hilados de filamentos sint\u00e9ticos (excepto el hilo de\u00a0coser) sin acondicionar para la venta al por menor,\u00a0incluidos los monofilamentos sint\u00e9ticos de t\u00edtulo\u00a0inferior a 67 decitex. Los dem\u00e1s hilados sencillos sin\u00a0torsi\u00f3n o con una torsi\u00f3n inferior o igual a 50 vueltas\u00a0por metro. De elast\u00f3meros.<\/div>\n<\/td>\n<td>\n<div class=\"Texto\"><\/div>\n<\/td>\n<\/tr>\n<tr>\n<td>\n<div class=\"Texto\">Elast\u00e1n, t\u00edtulo 235 decitex, 1 filamento, 1 cabo, Elast\u00e1n\u00a0100%, semibrillante, crudo.<\/div>\n<\/td>\n<td>\n<div class=\"Texto\">700<\/div>\n<\/td>\n<\/tr>\n<tr>\n<td>\n<div class=\"Texto\">TOTAL<\/div>\n<\/td>\n<td>\n<div class=\"Texto\">700<\/div>\n<\/td>\n<\/tr>\n<tr>\n<td rowspan=\"3\">\n<div class=\"Texto\">54.02.45.00.00<\/div>\n<\/td>\n<td>\n<div class=\"Texto\">Hilados de filamentos sint\u00e9ticos (excepto el hilo de\u00a0coser) sin acondicionar para la venta al por menor,\u00a0incluidos los monofilamentos sint\u00e9ticos de t\u00edtulo\u00a0inferior a 67 decitex. Los dem\u00e1s hilados sencillos sin\u00a0torsi\u00f3n o con una torsi\u00f3n inferior o igual a 50 vueltas\u00a0por metro. Los dem\u00e1s, de nailon o dem\u00e1s poliamidas.<\/div>\n<\/td>\n<td>\n<div class=\"Texto\"><\/div>\n<\/td>\n<\/tr>\n<tr>\n<td>\n<div class=\"Texto\">Poliamida 6.0, t\u00edtulo 55 decitex, 13 filamentos, 1 cabo,Poliamida 100%, liso, ultramate, crudo.<\/div>\n<\/td>\n<td>\n<div class=\"Texto\">6,000<\/div>\n<\/td>\n<\/tr>\n<tr>\n<td>\n<div class=\"Texto\">TOTAL<\/div>\n<\/td>\n<td>\n<div class=\"Texto\">6,000<\/div>\n<\/td>\n<\/tr>\n<tr>\n<td rowspan=\"3\">\n<div class=\"Texto\">54.04.11.10.00<\/div>\n<\/td>\n<td>\n<div class=\"Texto\">Monofilamentos sint\u00e9ticos de t\u00edtulo superior o igual a 67decitex y cuya mayor dimensi\u00f3n de la secci\u00f3n\u00a0transversal sea inferior o igual a 1 mm; tiras y formas\u00a0similares (por ejemplo: paja artificial) de materia textil\u00a0sint\u00e9tica, de anchura aparente inferior o igual a 5 mm.\u00a0Monofilamentos: De elast\u00f3meros.<\/div>\n<\/td>\n<td>\n<div class=\"Texto\"><\/div>\n<\/td>\n<\/tr>\n<tr>\n<td>\n<div class=\"Texto\">Elast\u00e1n t\u00edtulo 310 decitex, 1 filamento, 1 cabo, 100%\u00a0Elast\u00e1n, semibrillante, crudo.<\/div>\n<\/td>\n<td>\n<div class=\"Texto\">8,000<\/div>\n<\/td>\n<\/tr>\n<tr>\n<td>\n<div class=\"Texto\">TOTAL<\/div>\n<\/td>\n<td>\n<div class=\"Texto\">8,000<\/div>\n<\/td>\n<\/tr>\n<\/tbody>\n<\/table>\n<div class=\"Texto\" style=\"text-align: justify;\"><\/div>\n<div class=\"ROMANOS\" style=\"text-align: justify;\">4. La autoridad competente de la Rep\u00fablica de Colombia deber\u00e1 asegurar que el certificado de origen,\u00a0llenado y firmado por el exportador, indique en el campo de observaciones la siguiente frase:\u00a0&#8220;el bien\u00a0cumple con lo establecido en la Decisi\u00f3n No.\u00a090\u00a0de la Comisi\u00f3n Administradora del Tratado y utiliz\u00f3\u00a0(monto(s)) kgs. de la dispensa otorgada a (nombre del (de los) material(es) utilizado(s)),\u00a0clasificado(s) en la fracci\u00f3n (fracciones) arancelaria(s) _______.&#8221;<\/div>\n<div><\/div>\n<div><\/div>\n<div class=\"ROMANOS\" style=\"text-align: justify;\">5. Para los productos que se beneficien de la dispensa establecida en la presente Decisi\u00f3n, el\u00a0certificado de origen deber\u00e1 amparar s\u00f3lo productos clasificados en una misma subpartida (a nivel de\u00a06 d\u00edgitos). Por ello, si un exportador env\u00eda productos clasificados en diferentes subpartidas, \u00e9ste\u00a0deber\u00e1 llenar un certificado para cada una de ellas.<\/div>\n<div class=\"ROMANOS\" style=\"text-align: justify;\"><\/div>\n<div class=\"ROMANOS\" style=\"text-align: justify;\">6. Los Estados Unidos Mexicanos podr\u00e1n solicitar a la Rep\u00fablica de Colombia, en cualquier momento,\u00a0informaci\u00f3n que permita comprobar la utilizaci\u00f3n de la dispensa establecida en la presente Decisi\u00f3n,\u00a0as\u00ed como la correcta aplicaci\u00f3n de lo dispuesto en el Dictamen presentado por el CIRI a la Comisi\u00f3n\u00a0Administradora del Tratado, conforme a los t\u00e9rminos establecidos en el Dictamen.<\/div>\n<div><\/div>\n<div class=\"ROMANOS\" style=\"text-align: justify;\">7. Cualquier solicitud de pr\u00f3rroga o aumento a los montos determinados para alguno de los materiales\u00a0descritos en la Tabla de esta Decisi\u00f3n, se efectuar\u00e1 conforme a lo dispuesto en el Tratado y el\u00a0Reglamento de Operaci\u00f3n del CIRI adoptado por la Comisi\u00f3n Administradora del Tratado mediante la\u00a0Decisi\u00f3n No. 61 de fecha 7 de abril de 2010. En su caso, cualquier pr\u00f3rroga o aumento se dar\u00e1 a\u00a0conocer a trav\u00e9s de la gaceta oficial de los Estados Unidos Mexicanos y la p\u00e1gina web del Ministerio\u00a0de Comercio, Industria y Turismo de la Rep\u00fablica de Colombia.&#8221;<\/div>\n<div><\/div>\n<div class=\"ANOTACION\" style=\"text-align: justify;\">TRANSITORIOS<\/div>\n<div><\/div>\n<div class=\"Texto\" style=\"text-align: justify;\">PRIMERO.-\u00a0El presente Acuerdo entrar\u00e1 en vigor el d\u00eda de su publicaci\u00f3n en el Diario Oficial de la\u00a0Federaci\u00f3n.<\/div>\n<div><\/div>\n<div class=\"Texto\" style=\"text-align: justify;\">SEGUNDO.-\u00a0La dispensa temporal a que se refiere el numeral 1 de la Decisi\u00f3n que se da a conocer a\u00a0trav\u00e9s de este Acuerdo entrar\u00e1 en vigor a partir del 28 de septiembre de 2017 y concluir\u00e1 su vigencia el 27 de\u00a0septiembre de 2019.<\/div>\n<div><\/div>\n<div class=\"Texto\" style=\"text-align: justify;\">Ciudad de M\u00e9xico,\u00a0a 21 de septiembre de 2017.-\u00a0El Secretario de Econom\u00eda,\u00a0Ildefonso Guajardo\u00a0Villarreal.- R\u00fabrica.<\/div>\n<div><\/div>\n<div><\/div>\n<div>Fuente: www.dof.gob.mx<\/div>\n<div class=\"Texto\" style=\"text-align: justify;\">Link:\u00a0http:\/\/www.dof.gob.mx\/nota_detalle.php?codigo=5499063&amp;fecha=28\/09\/2017<\/div>\n<div class=\"Texto\" style=\"text-align: justify;\"><\/div>\n","protected":false},"excerpt":{"rendered":"<p>Al margen un sello con el Escudo Nacional, que dice: Estados Unidos Mexicanos.- Secretar\u00eda de Econom\u00eda. Con fundamento en los art\u00edculos 34 fracci\u00f3n XXXIII de la Ley Org\u00e1nica de la Administraci\u00f3n P\u00fablica\u00a0Federal; 5o. fracci\u00f3n X de la Ley de Comercio [&hellip;]<\/p>\n","protected":false},"author":1,"featured_media":2016,"comment_status":"closed","ping_status":"open","sticky":false,"template":"","format":"standard","meta":{"inline_featured_image":false,"_jetpack_memberships_contains_paid_content":false,"footnotes":""},"categories":[174],"tags":[228,229,226,201,7,227,231,132,230],"class_list":["post-2017","post","type-post","status-publish","format-standard","has-post-thumbnail","hentry","category-publicaciones-d-o-f","tag-colombia","tag-comunicado-dof","tag-diario-oficial-de-la-federacion","tag-dof","tag-mexico","tag-segob","tag-textiles","tag-tratado-de-libre-comercio","tag-tratado-de-libre-comercio-entre-los-estados-unidos-mexicanos-y-la-republica-de-colombia"],"yoast_head":"<!-- This site is optimized with the Yoast SEO plugin v20.9 - https:\/\/yoast.com\/wordpress\/plugins\/seo\/ -->\n<title>Acuerdo por el que se da a conocer la Decisi\u00f3n No. 90 de la Comisi\u00f3n Administradora del Tratado de Libre Comercio entre los Estados Unidos Mexicanos y la Rep\u00fablica de Colombia, adoptada el 24 de agosto de 2017 - Campa<\/title>\n<meta name=\"robots\" content=\"index, follow, max-snippet:-1, max-image-preview:large, max-video-preview:-1\" \/>\n<link rel=\"canonical\" href=\"https:\/\/www.campa.com.mx\/site\/acuerdo-por-el-que-se-da-a-conocer-la-decision-no-90-de-la-comision-administradora-del-tratado-de-libre-comercio-entre-los-estados-unidos-mexicanos-y-la-republica-de-colombia-adoptada-el-24-de-agost\/\" \/>\n<meta property=\"og:locale\" content=\"es_ES\" \/>\n<meta property=\"og:type\" content=\"article\" \/>\n<meta property=\"og:title\" content=\"Acuerdo por el que se da a conocer la Decisi\u00f3n No. 90 de la Comisi\u00f3n Administradora del Tratado de Libre Comercio entre los Estados Unidos Mexicanos y la Rep\u00fablica de Colombia, adoptada el 24 de agosto de 2017 - Campa\" \/>\n<meta property=\"og:description\" content=\"Al margen un sello con el Escudo Nacional, que dice: Estados Unidos Mexicanos.- Secretar\u00eda de Econom\u00eda. Con fundamento en los art\u00edculos 34 fracci\u00f3n XXXIII de la Ley Org\u00e1nica de la Administraci\u00f3n P\u00fablica\u00a0Federal; 5o. fracci\u00f3n X de la Ley de Comercio [&hellip;]\" \/>\n<meta property=\"og:url\" content=\"https:\/\/www.campa.com.mx\/site\/acuerdo-por-el-que-se-da-a-conocer-la-decision-no-90-de-la-comision-administradora-del-tratado-de-libre-comercio-entre-los-estados-unidos-mexicanos-y-la-republica-de-colombia-adoptada-el-24-de-agost\/\" \/>\n<meta property=\"og:site_name\" content=\"Campa\" \/>\n<meta property=\"article:publisher\" content=\"https:\/\/www.facebook.com\/MovimientoAnexo24\" \/>\n<meta property=\"article:published_time\" content=\"2017-09-28T15:16:59+00:00\" \/>\n<meta property=\"og:image\" content=\"https:\/\/www.campa.com.mx\/site\/wp-content\/uploads\/2017\/09\/diario-oficial-de-la-federacion-logo.png\" \/>\n\t<meta property=\"og:image:width\" content=\"1196\" \/>\n\t<meta property=\"og:image:height\" content=\"696\" \/>\n\t<meta property=\"og:image:type\" content=\"image\/png\" \/>\n<meta name=\"author\" content=\"campa\" \/>\n<meta name=\"twitter:card\" content=\"summary_large_image\" \/>\n<meta name=\"twitter:creator\" content=\"@artycampa\" \/>\n<meta name=\"twitter:site\" content=\"@artycampa\" \/>\n<meta name=\"twitter:label1\" content=\"Escrito por\" \/>\n\t<meta name=\"twitter:data1\" content=\"campa\" \/>\n\t<meta name=\"twitter:label2\" content=\"Tiempo de lectura\" \/>\n\t<meta name=\"twitter:data2\" content=\"7 minutos\" \/>\n<script type=\"application\/ld+json\" class=\"yoast-schema-graph\">{\"@context\":\"https:\/\/schema.org\",\"@graph\":[{\"@type\":\"WebPage\",\"@id\":\"https:\/\/www.campa.com.mx\/site\/acuerdo-por-el-que-se-da-a-conocer-la-decision-no-90-de-la-comision-administradora-del-tratado-de-libre-comercio-entre-los-estados-unidos-mexicanos-y-la-republica-de-colombia-adoptada-el-24-de-agost\/\",\"url\":\"https:\/\/www.campa.com.mx\/site\/acuerdo-por-el-que-se-da-a-conocer-la-decision-no-90-de-la-comision-administradora-del-tratado-de-libre-comercio-entre-los-estados-unidos-mexicanos-y-la-republica-de-colombia-adoptada-el-24-de-agost\/\",\"name\":\"Acuerdo por el que se da a conocer la Decisi\u00f3n No. 90 de la Comisi\u00f3n Administradora del Tratado de Libre Comercio entre los Estados Unidos Mexicanos y la Rep\u00fablica de Colombia, adoptada el 24 de agosto de 2017 - Campa\",\"isPartOf\":{\"@id\":\"https:\/\/www.campa.com.mx\/site\/#website\"},\"datePublished\":\"2017-09-28T15:16:59+00:00\",\"dateModified\":\"2017-09-28T15:16:59+00:00\",\"author\":{\"@id\":\"https:\/\/www.campa.com.mx\/site\/#\/schema\/person\/5bf1874b81661ed013f5aa29df30761c\"},\"breadcrumb\":{\"@id\":\"https:\/\/www.campa.com.mx\/site\/acuerdo-por-el-que-se-da-a-conocer-la-decision-no-90-de-la-comision-administradora-del-tratado-de-libre-comercio-entre-los-estados-unidos-mexicanos-y-la-republica-de-colombia-adoptada-el-24-de-agost\/#breadcrumb\"},\"inLanguage\":\"es\",\"potentialAction\":[{\"@type\":\"ReadAction\",\"target\":[\"https:\/\/www.campa.com.mx\/site\/acuerdo-por-el-que-se-da-a-conocer-la-decision-no-90-de-la-comision-administradora-del-tratado-de-libre-comercio-entre-los-estados-unidos-mexicanos-y-la-republica-de-colombia-adoptada-el-24-de-agost\/\"]}]},{\"@type\":\"BreadcrumbList\",\"@id\":\"https:\/\/www.campa.com.mx\/site\/acuerdo-por-el-que-se-da-a-conocer-la-decision-no-90-de-la-comision-administradora-del-tratado-de-libre-comercio-entre-los-estados-unidos-mexicanos-y-la-republica-de-colombia-adoptada-el-24-de-agost\/#breadcrumb\",\"itemListElement\":[{\"@type\":\"ListItem\",\"position\":1,\"name\":\"Portada\",\"item\":\"https:\/\/www.campa.com.mx\/site\/\"},{\"@type\":\"ListItem\",\"position\":2,\"name\":\"Acuerdo por el que se da a conocer la Decisi\u00f3n No. 90 de la Comisi\u00f3n Administradora del Tratado de Libre Comercio entre los Estados Unidos Mexicanos y la Rep\u00fablica de Colombia, adoptada el 24 de agosto de 2017\"}]},{\"@type\":\"WebSite\",\"@id\":\"https:\/\/www.campa.com.mx\/site\/#website\",\"url\":\"https:\/\/www.campa.com.mx\/site\/\",\"name\":\"Campa\",\"description\":\"Tecnolog\u00eda - Comercio Exterior - Servicios\",\"potentialAction\":[{\"@type\":\"SearchAction\",\"target\":{\"@type\":\"EntryPoint\",\"urlTemplate\":\"https:\/\/www.campa.com.mx\/site\/?s={search_term_string}\"},\"query-input\":\"required name=search_term_string\"}],\"inLanguage\":\"es\"},{\"@type\":\"Person\",\"@id\":\"https:\/\/www.campa.com.mx\/site\/#\/schema\/person\/5bf1874b81661ed013f5aa29df30761c\",\"name\":\"campa\",\"image\":{\"@type\":\"ImageObject\",\"inLanguage\":\"es\",\"@id\":\"https:\/\/www.campa.com.mx\/site\/#\/schema\/person\/image\/\",\"url\":\"https:\/\/secure.gravatar.com\/avatar\/921e6e5cffb9d78857948e938192591b9fd4168d0b55cc795582b49d9dc52bb1?s=96&d=mm&r=g\",\"contentUrl\":\"https:\/\/secure.gravatar.com\/avatar\/921e6e5cffb9d78857948e938192591b9fd4168d0b55cc795582b49d9dc52bb1?s=96&d=mm&r=g\",\"caption\":\"campa\"}}]}<\/script>\n<!-- \/ Yoast SEO plugin. -->","yoast_head_json":{"title":"Acuerdo por el que se da a conocer la Decisi\u00f3n No. 90 de la Comisi\u00f3n Administradora del Tratado de Libre Comercio entre los Estados Unidos Mexicanos y la Rep\u00fablica de Colombia, adoptada el 24 de agosto de 2017 - Campa","robots":{"index":"index","follow":"follow","max-snippet":"max-snippet:-1","max-image-preview":"max-image-preview:large","max-video-preview":"max-video-preview:-1"},"canonical":"https:\/\/www.campa.com.mx\/site\/acuerdo-por-el-que-se-da-a-conocer-la-decision-no-90-de-la-comision-administradora-del-tratado-de-libre-comercio-entre-los-estados-unidos-mexicanos-y-la-republica-de-colombia-adoptada-el-24-de-agost\/","og_locale":"es_ES","og_type":"article","og_title":"Acuerdo por el que se da a conocer la Decisi\u00f3n No. 90 de la Comisi\u00f3n Administradora del Tratado de Libre Comercio entre los Estados Unidos Mexicanos y la Rep\u00fablica de Colombia, adoptada el 24 de agosto de 2017 - Campa","og_description":"Al margen un sello con el Escudo Nacional, que dice: Estados Unidos Mexicanos.- Secretar\u00eda de Econom\u00eda. Con fundamento en los art\u00edculos 34 fracci\u00f3n XXXIII de la Ley Org\u00e1nica de la Administraci\u00f3n P\u00fablica\u00a0Federal; 5o. fracci\u00f3n X de la Ley de Comercio [&hellip;]","og_url":"https:\/\/www.campa.com.mx\/site\/acuerdo-por-el-que-se-da-a-conocer-la-decision-no-90-de-la-comision-administradora-del-tratado-de-libre-comercio-entre-los-estados-unidos-mexicanos-y-la-republica-de-colombia-adoptada-el-24-de-agost\/","og_site_name":"Campa","article_publisher":"https:\/\/www.facebook.com\/MovimientoAnexo24","article_published_time":"2017-09-28T15:16:59+00:00","og_image":[{"width":1196,"height":696,"url":"https:\/\/www.campa.com.mx\/site\/wp-content\/uploads\/2017\/09\/diario-oficial-de-la-federacion-logo.png","type":"image\/png"}],"author":"campa","twitter_card":"summary_large_image","twitter_creator":"@artycampa","twitter_site":"@artycampa","twitter_misc":{"Escrito por":"campa","Tiempo de lectura":"7 minutos"},"schema":{"@context":"https:\/\/schema.org","@graph":[{"@type":"WebPage","@id":"https:\/\/www.campa.com.mx\/site\/acuerdo-por-el-que-se-da-a-conocer-la-decision-no-90-de-la-comision-administradora-del-tratado-de-libre-comercio-entre-los-estados-unidos-mexicanos-y-la-republica-de-colombia-adoptada-el-24-de-agost\/","url":"https:\/\/www.campa.com.mx\/site\/acuerdo-por-el-que-se-da-a-conocer-la-decision-no-90-de-la-comision-administradora-del-tratado-de-libre-comercio-entre-los-estados-unidos-mexicanos-y-la-republica-de-colombia-adoptada-el-24-de-agost\/","name":"Acuerdo por el que se da a conocer la Decisi\u00f3n No. 90 de la Comisi\u00f3n Administradora del Tratado de Libre Comercio entre los Estados Unidos Mexicanos y la Rep\u00fablica de Colombia, adoptada el 24 de agosto de 2017 - Campa","isPartOf":{"@id":"https:\/\/www.campa.com.mx\/site\/#website"},"datePublished":"2017-09-28T15:16:59+00:00","dateModified":"2017-09-28T15:16:59+00:00","author":{"@id":"https:\/\/www.campa.com.mx\/site\/#\/schema\/person\/5bf1874b81661ed013f5aa29df30761c"},"breadcrumb":{"@id":"https:\/\/www.campa.com.mx\/site\/acuerdo-por-el-que-se-da-a-conocer-la-decision-no-90-de-la-comision-administradora-del-tratado-de-libre-comercio-entre-los-estados-unidos-mexicanos-y-la-republica-de-colombia-adoptada-el-24-de-agost\/#breadcrumb"},"inLanguage":"es","potentialAction":[{"@type":"ReadAction","target":["https:\/\/www.campa.com.mx\/site\/acuerdo-por-el-que-se-da-a-conocer-la-decision-no-90-de-la-comision-administradora-del-tratado-de-libre-comercio-entre-los-estados-unidos-mexicanos-y-la-republica-de-colombia-adoptada-el-24-de-agost\/"]}]},{"@type":"BreadcrumbList","@id":"https:\/\/www.campa.com.mx\/site\/acuerdo-por-el-que-se-da-a-conocer-la-decision-no-90-de-la-comision-administradora-del-tratado-de-libre-comercio-entre-los-estados-unidos-mexicanos-y-la-republica-de-colombia-adoptada-el-24-de-agost\/#breadcrumb","itemListElement":[{"@type":"ListItem","position":1,"name":"Portada","item":"https:\/\/www.campa.com.mx\/site\/"},{"@type":"ListItem","position":2,"name":"Acuerdo por el que se da a conocer la Decisi\u00f3n No. 90 de la Comisi\u00f3n Administradora del Tratado de Libre Comercio entre los Estados Unidos Mexicanos y la Rep\u00fablica de Colombia, adoptada el 24 de agosto de 2017"}]},{"@type":"WebSite","@id":"https:\/\/www.campa.com.mx\/site\/#website","url":"https:\/\/www.campa.com.mx\/site\/","name":"Campa","description":"Tecnolog\u00eda - Comercio Exterior - Servicios","potentialAction":[{"@type":"SearchAction","target":{"@type":"EntryPoint","urlTemplate":"https:\/\/www.campa.com.mx\/site\/?s={search_term_string}"},"query-input":"required name=search_term_string"}],"inLanguage":"es"},{"@type":"Person","@id":"https:\/\/www.campa.com.mx\/site\/#\/schema\/person\/5bf1874b81661ed013f5aa29df30761c","name":"campa","image":{"@type":"ImageObject","inLanguage":"es","@id":"https:\/\/www.campa.com.mx\/site\/#\/schema\/person\/image\/","url":"https:\/\/secure.gravatar.com\/avatar\/921e6e5cffb9d78857948e938192591b9fd4168d0b55cc795582b49d9dc52bb1?s=96&d=mm&r=g","contentUrl":"https:\/\/secure.gravatar.com\/avatar\/921e6e5cffb9d78857948e938192591b9fd4168d0b55cc795582b49d9dc52bb1?s=96&d=mm&r=g","caption":"campa"}}]}},"jetpack_featured_media_url":"https:\/\/www.campa.com.mx\/site\/wp-content\/uploads\/2017\/09\/diario-oficial-de-la-federacion-logo.png","jetpack_sharing_enabled":true,"_links":{"self":[{"href":"https:\/\/www.campa.com.mx\/site\/wp-json\/wp\/v2\/posts\/2017","targetHints":{"allow":["GET"]}}],"collection":[{"href":"https:\/\/www.campa.com.mx\/site\/wp-json\/wp\/v2\/posts"}],"about":[{"href":"https:\/\/www.campa.com.mx\/site\/wp-json\/wp\/v2\/types\/post"}],"author":[{"embeddable":true,"href":"https:\/\/www.campa.com.mx\/site\/wp-json\/wp\/v2\/users\/1"}],"replies":[{"embeddable":true,"href":"https:\/\/www.campa.com.mx\/site\/wp-json\/wp\/v2\/comments?post=2017"}],"version-history":[{"count":14,"href":"https:\/\/www.campa.com.mx\/site\/wp-json\/wp\/v2\/posts\/2017\/revisions"}],"predecessor-version":[{"id":2031,"href":"https:\/\/www.campa.com.mx\/site\/wp-json\/wp\/v2\/posts\/2017\/revisions\/2031"}],"wp:featuredmedia":[{"embeddable":true,"href":"https:\/\/www.campa.com.mx\/site\/wp-json\/wp\/v2\/media\/2016"}],"wp:attachment":[{"href":"https:\/\/www.campa.com.mx\/site\/wp-json\/wp\/v2\/media?parent=2017"}],"wp:term":[{"taxonomy":"category","embeddable":true,"href":"https:\/\/www.campa.com.mx\/site\/wp-json\/wp\/v2\/categories?post=2017"},{"taxonomy":"post_tag","embeddable":true,"href":"https:\/\/www.campa.com.mx\/site\/wp-json\/wp\/v2\/tags?post=2017"}],"curies":[{"name":"wp","href":"https:\/\/api.w.org\/{rel}","templated":true}]}}