{"id":2032,"date":"2017-09-28T15:27:44","date_gmt":"2017-09-28T15:27:44","guid":{"rendered":"http:\/\/www.campa.com.mx\/site\/?p=2032"},"modified":"2017-09-28T15:27:45","modified_gmt":"2017-09-28T15:27:45","slug":"conclusion-de-la-tercera-ronda-de-negociaciones-del-tlcan","status":"publish","type":"post","link":"https:\/\/www.campa.com.mx\/site\/conclusion-de-la-tercera-ronda-de-negociaciones-del-tlcan\/","title":{"rendered":"Conclusi\u00f3n de la Tercera Ronda de Negociaciones del TLCAN"},"content":{"rendered":"<div class=\"col-sm-7 pull-left\">\n<h2 style=\"text-align: justify;\">El d\u00eda de hoy, La Ministra de Relaciones Exteriores de Canad\u00e1, Chrystia Freeland, el Secretario de Econom\u00eda de M\u00e9xico, Ildefonso Guajardo, y el Representante Comercial de Estados Unidos, Robert Lighthizer, concluyeron exitosamente la Tercera Ronda de Negociaciones para la Modernizaci\u00f3n del Tratado de Libre Comercio de Am\u00e9rica del Norte (TLCAN). La ronda tuvo lugar en Ottawa, Canad\u00e1, del 23 al 27 de septiembre de 2017.<\/h2>\n<\/div>\n<div class=\"col-sm-7 pull-left\">\n<div class=\"article-body\">\n<p style=\"text-align: justify;\">Los negociadores avanzaron significativamente en varias \u00e1reas mediante la consolidaci\u00f3n de propuestas de texto, cerrando brechas y acordando elementos del texto de negociaci\u00f3n. Ahora, los negociadores trabajan a partir de textos consolidados en la mayor\u00eda de las \u00e1reas, lo que demuestra el compromiso de todas las Partes para avanzar en las discusiones, en el corto plazo. Particularmente, se realizaron avances significativos en materia de telecomunicaciones, pol\u00edtica de competencia, comercio digital, buenas pr\u00e1cticas regulatorias, y aduanas y facilitaci\u00f3n comercial. Las Partes tambi\u00e9n intercambiaron ofertas iniciales en el \u00e1rea de acceso a mercados para compras de gobierno.<\/p>\n<p style=\"text-align: justify;\">De manera importante, las discusiones se completaron sustancialmente en el \u00e1rea de peque\u00f1as y medianas empresas (PYMES), concluyendo las negociaciones en este cap\u00edtulo, a la espera de resultados concretos en discusiones relacionadas. La inclusi\u00f3n de un cap\u00edtulo de PyMES en el TLCAN modernizado reconoce su contribuci\u00f3n a nuestras econom\u00edas. Este cap\u00edtulo servir\u00e1 para apoyar el crecimiento y desarrollo de las PYMES, mejorando su habilidad para participar y beneficiarse de las oportunidades creadas por este Acuerdo, incluyendo actividades de cooperaci\u00f3n, intercambio de informaci\u00f3n y el establecimiento de un Di\u00e1logo Trilateral de PYMES del TLCAN, involucrando al sector privado, organizaciones no gubernamentales y otros actores relevantes. Asimismo, en las discusiones se abordaron los temas de comercio y energ\u00eda, g\u00e9nero e ind\u00edgenas.<\/p>\n<p style=\"text-align: justify;\">Tambi\u00e9n se avanz\u00f3 sustancialmente en el cap\u00edtulo de pol\u00edtica de competencia, y se espera que se concluya la negociaci\u00f3n de este cap\u00edtulo antes de la siguiente ronda.<\/p>\n<p style=\"text-align: justify;\">Los socios del TLCAN contin\u00faan gui\u00e1ndose por el deseo compartido de crear empleos, crecimiento econ\u00f3mico y oportunidades para las sociedades de nuestros pa\u00edses. Canad\u00e1, Estados Unidos y M\u00e9xico siguen comprometidos con un calendario acelerado de negociaciones. Los Ministros de los tres pa\u00edses han reiterado el mandato a los Jefes Negociadores de continuar con paso acelerado. Los negociadores continuar\u00e1n su trabajo y consultas con sus respectivos actores relevantes, en preparaci\u00f3n para la cuarta ronda de negociaciones en Washington, D.C., del 11 al 15 de octubre de 2017.<\/p>\n<\/div>\n<\/div>\n<p>&nbsp;<\/p>\n<p>Fuente:www.gob.mx<\/p>\n","protected":false},"excerpt":{"rendered":"<p>El d\u00eda de hoy, La Ministra de Relaciones Exteriores de Canad\u00e1, Chrystia Freeland, el Secretario de Econom\u00eda de M\u00e9xico, Ildefonso Guajardo, y el Representante Comercial de Estados Unidos, Robert Lighthizer, concluyeron exitosamente la Tercera Ronda de Negociaciones para la Modernizaci\u00f3n [&hellip;]<\/p>\n","protected":false},"author":1,"featured_media":2033,"comment_status":"closed","ping_status":"open","sticky":false,"template":"","format":"standard","meta":{"inline_featured_image":false,"_jetpack_memberships_contains_paid_content":false,"footnotes":""},"categories":[1],"tags":[154,157,232,237,233,235,236,156,234,108],"class_list":["post-2032","post","type-post","status-publish","format-standard","has-post-thumbnail","hentry","category-campa","tag-canada","tag-chrystia-freeland","tag-conclusion-tercera-ronda-tlcan","tag-estados-unidos-y-mexico","tag-ildefonso-guajardo","tag-pymes","tag-pymes-del-tlcan","tag-robert-lighthizer","tag-tercera-ronda-de-negociaciones-para-la-modernizacion-del-tratado-de-libre-comercio-de-america-del-norte-tlcan","tag-tlcan"],"yoast_head":"<!-- This site is optimized with the Yoast SEO plugin v20.9 - https:\/\/yoast.com\/wordpress\/plugins\/seo\/ -->\n<title>Conclusi\u00f3n de la Tercera Ronda de Negociaciones del TLCAN - Campa<\/title>\n<meta name=\"robots\" content=\"index, follow, max-snippet:-1, max-image-preview:large, max-video-preview:-1\" \/>\n<link rel=\"canonical\" href=\"https:\/\/www.campa.com.mx\/site\/conclusion-de-la-tercera-ronda-de-negociaciones-del-tlcan\/\" \/>\n<meta property=\"og:locale\" content=\"es_ES\" \/>\n<meta property=\"og:type\" content=\"article\" \/>\n<meta property=\"og:title\" content=\"Conclusi\u00f3n de la Tercera Ronda de Negociaciones del TLCAN - Campa\" \/>\n<meta property=\"og:description\" content=\"El d\u00eda de hoy, La Ministra de Relaciones Exteriores de Canad\u00e1, Chrystia Freeland, el Secretario de Econom\u00eda de M\u00e9xico, Ildefonso Guajardo, y el Representante Comercial de Estados Unidos, Robert Lighthizer, concluyeron exitosamente la Tercera Ronda de Negociaciones para la Modernizaci\u00f3n [&hellip;]\" \/>\n<meta property=\"og:url\" content=\"https:\/\/www.campa.com.mx\/site\/conclusion-de-la-tercera-ronda-de-negociaciones-del-tlcan\/\" \/>\n<meta property=\"og:site_name\" content=\"Campa\" \/>\n<meta property=\"article:publisher\" content=\"https:\/\/www.facebook.com\/MovimientoAnexo24\" \/>\n<meta property=\"article:published_time\" content=\"2017-09-28T15:27:44+00:00\" \/>\n<meta property=\"article:modified_time\" content=\"2017-09-28T15:27:45+00:00\" \/>\n<meta property=\"og:image\" content=\"https:\/\/www.campa.com.mx\/site\/wp-content\/uploads\/2017\/09\/Captura-de-pantalla-2017-09-28-a-las-10.23.36.png\" \/>\n\t<meta property=\"og:image:width\" content=\"1194\" \/>\n\t<meta property=\"og:image:height\" content=\"694\" \/>\n\t<meta property=\"og:image:type\" content=\"image\/png\" \/>\n<meta name=\"author\" content=\"campa\" \/>\n<meta name=\"twitter:card\" content=\"summary_large_image\" \/>\n<meta name=\"twitter:creator\" content=\"@artycampa\" \/>\n<meta name=\"twitter:site\" content=\"@artycampa\" \/>\n<meta name=\"twitter:label1\" content=\"Escrito por\" \/>\n\t<meta name=\"twitter:data1\" content=\"campa\" \/>\n\t<meta name=\"twitter:label2\" content=\"Tiempo de lectura\" \/>\n\t<meta name=\"twitter:data2\" content=\"2 minutos\" \/>\n<script type=\"application\/ld+json\" class=\"yoast-schema-graph\">{\"@context\":\"https:\/\/schema.org\",\"@graph\":[{\"@type\":\"WebPage\",\"@id\":\"https:\/\/www.campa.com.mx\/site\/conclusion-de-la-tercera-ronda-de-negociaciones-del-tlcan\/\",\"url\":\"https:\/\/www.campa.com.mx\/site\/conclusion-de-la-tercera-ronda-de-negociaciones-del-tlcan\/\",\"name\":\"Conclusi\u00f3n de la Tercera Ronda de Negociaciones del TLCAN - Campa\",\"isPartOf\":{\"@id\":\"https:\/\/www.campa.com.mx\/site\/#website\"},\"datePublished\":\"2017-09-28T15:27:44+00:00\",\"dateModified\":\"2017-09-28T15:27:45+00:00\",\"author\":{\"@id\":\"https:\/\/www.campa.com.mx\/site\/#\/schema\/person\/5bf1874b81661ed013f5aa29df30761c\"},\"breadcrumb\":{\"@id\":\"https:\/\/www.campa.com.mx\/site\/conclusion-de-la-tercera-ronda-de-negociaciones-del-tlcan\/#breadcrumb\"},\"inLanguage\":\"es\",\"potentialAction\":[{\"@type\":\"ReadAction\",\"target\":[\"https:\/\/www.campa.com.mx\/site\/conclusion-de-la-tercera-ronda-de-negociaciones-del-tlcan\/\"]}]},{\"@type\":\"BreadcrumbList\",\"@id\":\"https:\/\/www.campa.com.mx\/site\/conclusion-de-la-tercera-ronda-de-negociaciones-del-tlcan\/#breadcrumb\",\"itemListElement\":[{\"@type\":\"ListItem\",\"position\":1,\"name\":\"Portada\",\"item\":\"https:\/\/www.campa.com.mx\/site\/\"},{\"@type\":\"ListItem\",\"position\":2,\"name\":\"Conclusi\u00f3n de la Tercera Ronda de Negociaciones del TLCAN\"}]},{\"@type\":\"WebSite\",\"@id\":\"https:\/\/www.campa.com.mx\/site\/#website\",\"url\":\"https:\/\/www.campa.com.mx\/site\/\",\"name\":\"Campa\",\"description\":\"Tecnolog\u00eda - Comercio Exterior - Servicios\",\"potentialAction\":[{\"@type\":\"SearchAction\",\"target\":{\"@type\":\"EntryPoint\",\"urlTemplate\":\"https:\/\/www.campa.com.mx\/site\/?s={search_term_string}\"},\"query-input\":\"required name=search_term_string\"}],\"inLanguage\":\"es\"},{\"@type\":\"Person\",\"@id\":\"https:\/\/www.campa.com.mx\/site\/#\/schema\/person\/5bf1874b81661ed013f5aa29df30761c\",\"name\":\"campa\",\"image\":{\"@type\":\"ImageObject\",\"inLanguage\":\"es\",\"@id\":\"https:\/\/www.campa.com.mx\/site\/#\/schema\/person\/image\/\",\"url\":\"https:\/\/secure.gravatar.com\/avatar\/921e6e5cffb9d78857948e938192591b9fd4168d0b55cc795582b49d9dc52bb1?s=96&d=mm&r=g\",\"contentUrl\":\"https:\/\/secure.gravatar.com\/avatar\/921e6e5cffb9d78857948e938192591b9fd4168d0b55cc795582b49d9dc52bb1?s=96&d=mm&r=g\",\"caption\":\"campa\"}}]}<\/script>\n<!-- \/ Yoast SEO plugin. -->","yoast_head_json":{"title":"Conclusi\u00f3n de la Tercera Ronda de Negociaciones del TLCAN - Campa","robots":{"index":"index","follow":"follow","max-snippet":"max-snippet:-1","max-image-preview":"max-image-preview:large","max-video-preview":"max-video-preview:-1"},"canonical":"https:\/\/www.campa.com.mx\/site\/conclusion-de-la-tercera-ronda-de-negociaciones-del-tlcan\/","og_locale":"es_ES","og_type":"article","og_title":"Conclusi\u00f3n de la Tercera Ronda de Negociaciones del TLCAN - Campa","og_description":"El d\u00eda de hoy, La Ministra de Relaciones Exteriores de Canad\u00e1, Chrystia Freeland, el Secretario de Econom\u00eda de M\u00e9xico, Ildefonso Guajardo, y el Representante Comercial de Estados Unidos, Robert Lighthizer, concluyeron exitosamente la Tercera Ronda de Negociaciones para la Modernizaci\u00f3n [&hellip;]","og_url":"https:\/\/www.campa.com.mx\/site\/conclusion-de-la-tercera-ronda-de-negociaciones-del-tlcan\/","og_site_name":"Campa","article_publisher":"https:\/\/www.facebook.com\/MovimientoAnexo24","article_published_time":"2017-09-28T15:27:44+00:00","article_modified_time":"2017-09-28T15:27:45+00:00","og_image":[{"width":1194,"height":694,"url":"https:\/\/www.campa.com.mx\/site\/wp-content\/uploads\/2017\/09\/Captura-de-pantalla-2017-09-28-a-las-10.23.36.png","type":"image\/png"}],"author":"campa","twitter_card":"summary_large_image","twitter_creator":"@artycampa","twitter_site":"@artycampa","twitter_misc":{"Escrito por":"campa","Tiempo de lectura":"2 minutos"},"schema":{"@context":"https:\/\/schema.org","@graph":[{"@type":"WebPage","@id":"https:\/\/www.campa.com.mx\/site\/conclusion-de-la-tercera-ronda-de-negociaciones-del-tlcan\/","url":"https:\/\/www.campa.com.mx\/site\/conclusion-de-la-tercera-ronda-de-negociaciones-del-tlcan\/","name":"Conclusi\u00f3n de la Tercera Ronda de Negociaciones del TLCAN - Campa","isPartOf":{"@id":"https:\/\/www.campa.com.mx\/site\/#website"},"datePublished":"2017-09-28T15:27:44+00:00","dateModified":"2017-09-28T15:27:45+00:00","author":{"@id":"https:\/\/www.campa.com.mx\/site\/#\/schema\/person\/5bf1874b81661ed013f5aa29df30761c"},"breadcrumb":{"@id":"https:\/\/www.campa.com.mx\/site\/conclusion-de-la-tercera-ronda-de-negociaciones-del-tlcan\/#breadcrumb"},"inLanguage":"es","potentialAction":[{"@type":"ReadAction","target":["https:\/\/www.campa.com.mx\/site\/conclusion-de-la-tercera-ronda-de-negociaciones-del-tlcan\/"]}]},{"@type":"BreadcrumbList","@id":"https:\/\/www.campa.com.mx\/site\/conclusion-de-la-tercera-ronda-de-negociaciones-del-tlcan\/#breadcrumb","itemListElement":[{"@type":"ListItem","position":1,"name":"Portada","item":"https:\/\/www.campa.com.mx\/site\/"},{"@type":"ListItem","position":2,"name":"Conclusi\u00f3n de la Tercera Ronda de Negociaciones del TLCAN"}]},{"@type":"WebSite","@id":"https:\/\/www.campa.com.mx\/site\/#website","url":"https:\/\/www.campa.com.mx\/site\/","name":"Campa","description":"Tecnolog\u00eda - Comercio Exterior - Servicios","potentialAction":[{"@type":"SearchAction","target":{"@type":"EntryPoint","urlTemplate":"https:\/\/www.campa.com.mx\/site\/?s={search_term_string}"},"query-input":"required name=search_term_string"}],"inLanguage":"es"},{"@type":"Person","@id":"https:\/\/www.campa.com.mx\/site\/#\/schema\/person\/5bf1874b81661ed013f5aa29df30761c","name":"campa","image":{"@type":"ImageObject","inLanguage":"es","@id":"https:\/\/www.campa.com.mx\/site\/#\/schema\/person\/image\/","url":"https:\/\/secure.gravatar.com\/avatar\/921e6e5cffb9d78857948e938192591b9fd4168d0b55cc795582b49d9dc52bb1?s=96&d=mm&r=g","contentUrl":"https:\/\/secure.gravatar.com\/avatar\/921e6e5cffb9d78857948e938192591b9fd4168d0b55cc795582b49d9dc52bb1?s=96&d=mm&r=g","caption":"campa"}}]}},"jetpack_featured_media_url":"https:\/\/www.campa.com.mx\/site\/wp-content\/uploads\/2017\/09\/Captura-de-pantalla-2017-09-28-a-las-10.23.36.png","jetpack_sharing_enabled":true,"_links":{"self":[{"href":"https:\/\/www.campa.com.mx\/site\/wp-json\/wp\/v2\/posts\/2032","targetHints":{"allow":["GET"]}}],"collection":[{"href":"https:\/\/www.campa.com.mx\/site\/wp-json\/wp\/v2\/posts"}],"about":[{"href":"https:\/\/www.campa.com.mx\/site\/wp-json\/wp\/v2\/types\/post"}],"author":[{"embeddable":true,"href":"https:\/\/www.campa.com.mx\/site\/wp-json\/wp\/v2\/users\/1"}],"replies":[{"embeddable":true,"href":"https:\/\/www.campa.com.mx\/site\/wp-json\/wp\/v2\/comments?post=2032"}],"version-history":[{"count":4,"href":"https:\/\/www.campa.com.mx\/site\/wp-json\/wp\/v2\/posts\/2032\/revisions"}],"predecessor-version":[{"id":2037,"href":"https:\/\/www.campa.com.mx\/site\/wp-json\/wp\/v2\/posts\/2032\/revisions\/2037"}],"wp:featuredmedia":[{"embeddable":true,"href":"https:\/\/www.campa.com.mx\/site\/wp-json\/wp\/v2\/media\/2033"}],"wp:attachment":[{"href":"https:\/\/www.campa.com.mx\/site\/wp-json\/wp\/v2\/media?parent=2032"}],"wp:term":[{"taxonomy":"category","embeddable":true,"href":"https:\/\/www.campa.com.mx\/site\/wp-json\/wp\/v2\/categories?post=2032"},{"taxonomy":"post_tag","embeddable":true,"href":"https:\/\/www.campa.com.mx\/site\/wp-json\/wp\/v2\/tags?post=2032"}],"curies":[{"name":"wp","href":"https:\/\/api.w.org\/{rel}","templated":true}]}}