{"id":2042,"date":"2017-09-29T16:02:49","date_gmt":"2017-09-29T16:02:49","guid":{"rendered":"http:\/\/www.campa.com.mx\/site\/?p=2042"},"modified":"2017-09-29T18:19:20","modified_gmt":"2017-09-29T18:19:20","slug":"decreto-de-declaratoria-de-la-zona-economica-especial-puerto-chiapas-coatzacoalcos-y-lazaro-cardenas-la-union","status":"publish","type":"post","link":"https:\/\/www.campa.com.mx\/site\/decreto-de-declaratoria-de-la-zona-economica-especial-puerto-chiapas-coatzacoalcos-y-lazaro-cardenas-la-union\/","title":{"rendered":"\u201cDecreto de declaratoria de la Zona Econ\u00f3mica Especial Puerto Chiapas, Coatzacoalcos y L\u00e1zaro C\u00e1rdenas \u2013 La Uni\u00f3n\u201d"},"content":{"rendered":"<p style=\"text-align: justify;\">El gobernador de Chiapas, Manuel Velasco Coello acompa\u00f1\u00f3 al presidente de la Rep\u00fablica, Enrique Pe\u00f1a Nieto en la Declaratoria de las Zonas Econ\u00f3micas Especiales (ZEE) de Puerto Chiapas, L\u00e1zaro C\u00e1rdenas y Coatzacoalcos, y en la inauguraci\u00f3n de las instalaciones del Agro Parque Chiapas, obra conmemorativa del Centenario de la Constituci\u00f3n Pol\u00edtica de los Estados Unidos Mexicanos.<\/p>\n<p style=\"text-align: justify;\">Ante secretarios de Estado, gobernadores, legisladores y empresarios, Velasco Coello destac\u00f3 que \u00e9ste es un d\u00eda hist\u00f3rico no s\u00f3lo para Chiapas, sino para todo M\u00e9xico porque con la primera declaratoria presidencial de las Zonas Econ\u00f3micas Especiales, el Sur del pa\u00eds est\u00e1 recibiendo la mejor herramienta para salir adelante.<\/p>\n<p style=\"text-align: justify;\">El gobernador Velasco puntualiz\u00f3 que la Zona Econ\u00f3mica Especial y el Parque Agroindustrial comienzan sus actividades con tres principales fortalezas: la primera es la capacidad y vocaci\u00f3n agroalimentaria que tiene el sureste del pa\u00eds; toda vez que en el sur sureste se encuentran concentradas el 70 por ciento de las tierras nacionales con capacidad productiva.<\/p>\n<p>Se public\u00f3 en el DOF\u00a0<strong>\u201cDecreto de declaratoria de la Zona Econ\u00f3mica Especial Puerto Chiapas, Coatzacoalcos y L\u00e1zaro C\u00e1rdenas \u2013 La Uni\u00f3n\u201d<\/strong><\/p>\n<p><a href=\"http:\/\/www.dof.gob.mx\/nota_detalle.php?codigo=5499448&amp;fecha=29\/09\/2017\" data-saferedirecturl=\"https:\/\/www.google.com\/url?hl=es&amp;q=http:\/\/www.dof.gob.mx\/nota_detalle.php?codigo%3D5499448%26fecha%3D29\/09\/2017&amp;source=gmail&amp;ust=1506786322254000&amp;usg=AFQjCNFLJreycug8MHsOYAdu9KXdcWaHjw\">http:\/\/www.dof.gob.mx\/nota_detalle.php?codigo=5499448&amp;fecha=29\/09\/2017<\/a><\/p>\n<p><a href=\"http:\/\/www.dof.gob.mx\/nota_detalle.php?codigo=5499449&amp;fecha=29\/09\/2017\" data-saferedirecturl=\"https:\/\/www.google.com\/url?hl=es&amp;q=http:\/\/www.dof.gob.mx\/nota_detalle.php?codigo%3D5499449%26fecha%3D29\/09\/2017&amp;source=gmail&amp;ust=1506786322254000&amp;usg=AFQjCNFkrzJn4ERamGaJAUASQJMDou4OUg\">http:\/\/www.dof.gob.mx\/nota_detalle.php?codigo=5499449&amp;fecha=29\/09\/2017<\/a><\/p>\n<p><a href=\"http:\/\/www.dof.gob.mx\/nota_detalle.php?codigo=5499450&amp;fecha=29\/09\/2017\" data-saferedirecturl=\"https:\/\/www.google.com\/url?hl=es&amp;q=http:\/\/www.dof.gob.mx\/nota_detalle.php?codigo%3D5499450%26fecha%3D29\/09\/2017&amp;source=gmail&amp;ust=1506786322254000&amp;usg=AFQjCNHzI2RXhV_uHtqpeJlQhAd2Fkj9NQ\">http:\/\/www.dof.gob.mx\/nota_detalle.php?codigo=5499450&amp;fecha=29\/09\/2017<\/a><\/p>\n","protected":false},"excerpt":{"rendered":"<p>El gobernador de Chiapas, Manuel Velasco Coello acompa\u00f1\u00f3 al presidente de la Rep\u00fablica, Enrique Pe\u00f1a Nieto en la Declaratoria de las Zonas Econ\u00f3micas Especiales (ZEE) de Puerto Chiapas, L\u00e1zaro C\u00e1rdenas y Coatzacoalcos, y en la inauguraci\u00f3n de las instalaciones del [&hellip;]<\/p>\n","protected":false},"author":1,"featured_media":2016,"comment_status":"closed","ping_status":"open","sticky":false,"template":"","format":"standard","meta":{"inline_featured_image":false,"_jetpack_memberships_contains_paid_content":false,"footnotes":""},"categories":[174],"tags":[243,241,201,242,240,239,238],"class_list":["post-2042","post","type-post","status-publish","format-standard","has-post-thumbnail","hentry","category-publicaciones-d-o-f","tag-agro-parque-chiapas","tag-coatzacoalcos","tag-dof","tag-lazaro-cardenas-la-union","tag-puerto-chiapas","tag-zee","tag-zona-economica-especial"],"yoast_head":"<!-- This site is optimized with the Yoast SEO plugin v20.9 - https:\/\/yoast.com\/wordpress\/plugins\/seo\/ -->\n<title>\u201cDecreto de declaratoria de la Zona Econ\u00f3mica Especial Puerto Chiapas, Coatzacoalcos y L\u00e1zaro C\u00e1rdenas \u2013 La Uni\u00f3n\u201d - Campa<\/title>\n<meta name=\"robots\" content=\"index, follow, max-snippet:-1, max-image-preview:large, max-video-preview:-1\" \/>\n<link rel=\"canonical\" href=\"https:\/\/www.campa.com.mx\/site\/decreto-de-declaratoria-de-la-zona-economica-especial-puerto-chiapas-coatzacoalcos-y-lazaro-cardenas-la-union\/\" \/>\n<meta property=\"og:locale\" content=\"es_ES\" \/>\n<meta property=\"og:type\" content=\"article\" \/>\n<meta property=\"og:title\" content=\"\u201cDecreto de declaratoria de la Zona Econ\u00f3mica Especial Puerto Chiapas, Coatzacoalcos y L\u00e1zaro C\u00e1rdenas \u2013 La Uni\u00f3n\u201d - Campa\" \/>\n<meta property=\"og:description\" content=\"El gobernador de Chiapas, Manuel Velasco Coello acompa\u00f1\u00f3 al presidente de la Rep\u00fablica, Enrique Pe\u00f1a Nieto en la Declaratoria de las Zonas Econ\u00f3micas Especiales (ZEE) de Puerto Chiapas, L\u00e1zaro C\u00e1rdenas y Coatzacoalcos, y en la inauguraci\u00f3n de las instalaciones del [&hellip;]\" \/>\n<meta property=\"og:url\" content=\"https:\/\/www.campa.com.mx\/site\/decreto-de-declaratoria-de-la-zona-economica-especial-puerto-chiapas-coatzacoalcos-y-lazaro-cardenas-la-union\/\" \/>\n<meta property=\"og:site_name\" content=\"Campa\" \/>\n<meta property=\"article:publisher\" content=\"https:\/\/www.facebook.com\/MovimientoAnexo24\" \/>\n<meta property=\"article:published_time\" content=\"2017-09-29T16:02:49+00:00\" \/>\n<meta property=\"article:modified_time\" content=\"2017-09-29T18:19:20+00:00\" \/>\n<meta property=\"og:image\" content=\"https:\/\/www.campa.com.mx\/site\/wp-content\/uploads\/2017\/09\/diario-oficial-de-la-federacion-logo.png\" \/>\n\t<meta property=\"og:image:width\" content=\"1196\" \/>\n\t<meta property=\"og:image:height\" content=\"696\" \/>\n\t<meta property=\"og:image:type\" content=\"image\/png\" \/>\n<meta name=\"author\" content=\"campa\" \/>\n<meta name=\"twitter:card\" content=\"summary_large_image\" \/>\n<meta name=\"twitter:creator\" content=\"@artycampa\" \/>\n<meta name=\"twitter:site\" content=\"@artycampa\" \/>\n<meta name=\"twitter:label1\" content=\"Escrito por\" \/>\n\t<meta name=\"twitter:data1\" content=\"campa\" \/>\n\t<meta name=\"twitter:label2\" content=\"Tiempo de lectura\" \/>\n\t<meta name=\"twitter:data2\" content=\"1 minuto\" \/>\n<script type=\"application\/ld+json\" class=\"yoast-schema-graph\">{\"@context\":\"https:\/\/schema.org\",\"@graph\":[{\"@type\":\"WebPage\",\"@id\":\"https:\/\/www.campa.com.mx\/site\/decreto-de-declaratoria-de-la-zona-economica-especial-puerto-chiapas-coatzacoalcos-y-lazaro-cardenas-la-union\/\",\"url\":\"https:\/\/www.campa.com.mx\/site\/decreto-de-declaratoria-de-la-zona-economica-especial-puerto-chiapas-coatzacoalcos-y-lazaro-cardenas-la-union\/\",\"name\":\"\u201cDecreto de declaratoria de la Zona Econ\u00f3mica Especial Puerto Chiapas, Coatzacoalcos y L\u00e1zaro C\u00e1rdenas \u2013 La Uni\u00f3n\u201d - Campa\",\"isPartOf\":{\"@id\":\"https:\/\/www.campa.com.mx\/site\/#website\"},\"datePublished\":\"2017-09-29T16:02:49+00:00\",\"dateModified\":\"2017-09-29T18:19:20+00:00\",\"author\":{\"@id\":\"https:\/\/www.campa.com.mx\/site\/#\/schema\/person\/5bf1874b81661ed013f5aa29df30761c\"},\"breadcrumb\":{\"@id\":\"https:\/\/www.campa.com.mx\/site\/decreto-de-declaratoria-de-la-zona-economica-especial-puerto-chiapas-coatzacoalcos-y-lazaro-cardenas-la-union\/#breadcrumb\"},\"inLanguage\":\"es\",\"potentialAction\":[{\"@type\":\"ReadAction\",\"target\":[\"https:\/\/www.campa.com.mx\/site\/decreto-de-declaratoria-de-la-zona-economica-especial-puerto-chiapas-coatzacoalcos-y-lazaro-cardenas-la-union\/\"]}]},{\"@type\":\"BreadcrumbList\",\"@id\":\"https:\/\/www.campa.com.mx\/site\/decreto-de-declaratoria-de-la-zona-economica-especial-puerto-chiapas-coatzacoalcos-y-lazaro-cardenas-la-union\/#breadcrumb\",\"itemListElement\":[{\"@type\":\"ListItem\",\"position\":1,\"name\":\"Portada\",\"item\":\"https:\/\/www.campa.com.mx\/site\/\"},{\"@type\":\"ListItem\",\"position\":2,\"name\":\"\u201cDecreto de declaratoria de la Zona Econ\u00f3mica Especial Puerto Chiapas, Coatzacoalcos y L\u00e1zaro C\u00e1rdenas \u2013 La Uni\u00f3n\u201d\"}]},{\"@type\":\"WebSite\",\"@id\":\"https:\/\/www.campa.com.mx\/site\/#website\",\"url\":\"https:\/\/www.campa.com.mx\/site\/\",\"name\":\"Campa\",\"description\":\"Tecnolog\u00eda - Comercio Exterior - Servicios\",\"potentialAction\":[{\"@type\":\"SearchAction\",\"target\":{\"@type\":\"EntryPoint\",\"urlTemplate\":\"https:\/\/www.campa.com.mx\/site\/?s={search_term_string}\"},\"query-input\":\"required name=search_term_string\"}],\"inLanguage\":\"es\"},{\"@type\":\"Person\",\"@id\":\"https:\/\/www.campa.com.mx\/site\/#\/schema\/person\/5bf1874b81661ed013f5aa29df30761c\",\"name\":\"campa\",\"image\":{\"@type\":\"ImageObject\",\"inLanguage\":\"es\",\"@id\":\"https:\/\/www.campa.com.mx\/site\/#\/schema\/person\/image\/\",\"url\":\"https:\/\/secure.gravatar.com\/avatar\/921e6e5cffb9d78857948e938192591b9fd4168d0b55cc795582b49d9dc52bb1?s=96&d=mm&r=g\",\"contentUrl\":\"https:\/\/secure.gravatar.com\/avatar\/921e6e5cffb9d78857948e938192591b9fd4168d0b55cc795582b49d9dc52bb1?s=96&d=mm&r=g\",\"caption\":\"campa\"}}]}<\/script>\n<!-- \/ Yoast SEO plugin. -->","yoast_head_json":{"title":"\u201cDecreto de declaratoria de la Zona Econ\u00f3mica Especial Puerto Chiapas, Coatzacoalcos y L\u00e1zaro C\u00e1rdenas \u2013 La Uni\u00f3n\u201d - Campa","robots":{"index":"index","follow":"follow","max-snippet":"max-snippet:-1","max-image-preview":"max-image-preview:large","max-video-preview":"max-video-preview:-1"},"canonical":"https:\/\/www.campa.com.mx\/site\/decreto-de-declaratoria-de-la-zona-economica-especial-puerto-chiapas-coatzacoalcos-y-lazaro-cardenas-la-union\/","og_locale":"es_ES","og_type":"article","og_title":"\u201cDecreto de declaratoria de la Zona Econ\u00f3mica Especial Puerto Chiapas, Coatzacoalcos y L\u00e1zaro C\u00e1rdenas \u2013 La Uni\u00f3n\u201d - Campa","og_description":"El gobernador de Chiapas, Manuel Velasco Coello acompa\u00f1\u00f3 al presidente de la Rep\u00fablica, Enrique Pe\u00f1a Nieto en la Declaratoria de las Zonas Econ\u00f3micas Especiales (ZEE) de Puerto Chiapas, L\u00e1zaro C\u00e1rdenas y Coatzacoalcos, y en la inauguraci\u00f3n de las instalaciones del [&hellip;]","og_url":"https:\/\/www.campa.com.mx\/site\/decreto-de-declaratoria-de-la-zona-economica-especial-puerto-chiapas-coatzacoalcos-y-lazaro-cardenas-la-union\/","og_site_name":"Campa","article_publisher":"https:\/\/www.facebook.com\/MovimientoAnexo24","article_published_time":"2017-09-29T16:02:49+00:00","article_modified_time":"2017-09-29T18:19:20+00:00","og_image":[{"width":1196,"height":696,"url":"https:\/\/www.campa.com.mx\/site\/wp-content\/uploads\/2017\/09\/diario-oficial-de-la-federacion-logo.png","type":"image\/png"}],"author":"campa","twitter_card":"summary_large_image","twitter_creator":"@artycampa","twitter_site":"@artycampa","twitter_misc":{"Escrito por":"campa","Tiempo de lectura":"1 minuto"},"schema":{"@context":"https:\/\/schema.org","@graph":[{"@type":"WebPage","@id":"https:\/\/www.campa.com.mx\/site\/decreto-de-declaratoria-de-la-zona-economica-especial-puerto-chiapas-coatzacoalcos-y-lazaro-cardenas-la-union\/","url":"https:\/\/www.campa.com.mx\/site\/decreto-de-declaratoria-de-la-zona-economica-especial-puerto-chiapas-coatzacoalcos-y-lazaro-cardenas-la-union\/","name":"\u201cDecreto de declaratoria de la Zona Econ\u00f3mica Especial Puerto Chiapas, Coatzacoalcos y L\u00e1zaro C\u00e1rdenas \u2013 La Uni\u00f3n\u201d - Campa","isPartOf":{"@id":"https:\/\/www.campa.com.mx\/site\/#website"},"datePublished":"2017-09-29T16:02:49+00:00","dateModified":"2017-09-29T18:19:20+00:00","author":{"@id":"https:\/\/www.campa.com.mx\/site\/#\/schema\/person\/5bf1874b81661ed013f5aa29df30761c"},"breadcrumb":{"@id":"https:\/\/www.campa.com.mx\/site\/decreto-de-declaratoria-de-la-zona-economica-especial-puerto-chiapas-coatzacoalcos-y-lazaro-cardenas-la-union\/#breadcrumb"},"inLanguage":"es","potentialAction":[{"@type":"ReadAction","target":["https:\/\/www.campa.com.mx\/site\/decreto-de-declaratoria-de-la-zona-economica-especial-puerto-chiapas-coatzacoalcos-y-lazaro-cardenas-la-union\/"]}]},{"@type":"BreadcrumbList","@id":"https:\/\/www.campa.com.mx\/site\/decreto-de-declaratoria-de-la-zona-economica-especial-puerto-chiapas-coatzacoalcos-y-lazaro-cardenas-la-union\/#breadcrumb","itemListElement":[{"@type":"ListItem","position":1,"name":"Portada","item":"https:\/\/www.campa.com.mx\/site\/"},{"@type":"ListItem","position":2,"name":"\u201cDecreto de declaratoria de la Zona Econ\u00f3mica Especial Puerto Chiapas, Coatzacoalcos y L\u00e1zaro C\u00e1rdenas \u2013 La Uni\u00f3n\u201d"}]},{"@type":"WebSite","@id":"https:\/\/www.campa.com.mx\/site\/#website","url":"https:\/\/www.campa.com.mx\/site\/","name":"Campa","description":"Tecnolog\u00eda - Comercio Exterior - Servicios","potentialAction":[{"@type":"SearchAction","target":{"@type":"EntryPoint","urlTemplate":"https:\/\/www.campa.com.mx\/site\/?s={search_term_string}"},"query-input":"required name=search_term_string"}],"inLanguage":"es"},{"@type":"Person","@id":"https:\/\/www.campa.com.mx\/site\/#\/schema\/person\/5bf1874b81661ed013f5aa29df30761c","name":"campa","image":{"@type":"ImageObject","inLanguage":"es","@id":"https:\/\/www.campa.com.mx\/site\/#\/schema\/person\/image\/","url":"https:\/\/secure.gravatar.com\/avatar\/921e6e5cffb9d78857948e938192591b9fd4168d0b55cc795582b49d9dc52bb1?s=96&d=mm&r=g","contentUrl":"https:\/\/secure.gravatar.com\/avatar\/921e6e5cffb9d78857948e938192591b9fd4168d0b55cc795582b49d9dc52bb1?s=96&d=mm&r=g","caption":"campa"}}]}},"jetpack_featured_media_url":"https:\/\/www.campa.com.mx\/site\/wp-content\/uploads\/2017\/09\/diario-oficial-de-la-federacion-logo.png","jetpack_sharing_enabled":true,"_links":{"self":[{"href":"https:\/\/www.campa.com.mx\/site\/wp-json\/wp\/v2\/posts\/2042","targetHints":{"allow":["GET"]}}],"collection":[{"href":"https:\/\/www.campa.com.mx\/site\/wp-json\/wp\/v2\/posts"}],"about":[{"href":"https:\/\/www.campa.com.mx\/site\/wp-json\/wp\/v2\/types\/post"}],"author":[{"embeddable":true,"href":"https:\/\/www.campa.com.mx\/site\/wp-json\/wp\/v2\/users\/1"}],"replies":[{"embeddable":true,"href":"https:\/\/www.campa.com.mx\/site\/wp-json\/wp\/v2\/comments?post=2042"}],"version-history":[{"count":7,"href":"https:\/\/www.campa.com.mx\/site\/wp-json\/wp\/v2\/posts\/2042\/revisions"}],"predecessor-version":[{"id":2049,"href":"https:\/\/www.campa.com.mx\/site\/wp-json\/wp\/v2\/posts\/2042\/revisions\/2049"}],"wp:featuredmedia":[{"embeddable":true,"href":"https:\/\/www.campa.com.mx\/site\/wp-json\/wp\/v2\/media\/2016"}],"wp:attachment":[{"href":"https:\/\/www.campa.com.mx\/site\/wp-json\/wp\/v2\/media?parent=2042"}],"wp:term":[{"taxonomy":"category","embeddable":true,"href":"https:\/\/www.campa.com.mx\/site\/wp-json\/wp\/v2\/categories?post=2042"},{"taxonomy":"post_tag","embeddable":true,"href":"https:\/\/www.campa.com.mx\/site\/wp-json\/wp\/v2\/tags?post=2042"}],"curies":[{"name":"wp","href":"https:\/\/api.w.org\/{rel}","templated":true}]}}