{"id":2102,"date":"2017-10-09T16:12:41","date_gmt":"2017-10-09T16:12:41","guid":{"rendered":"http:\/\/www.campa.com.mx\/site\/?p=2102"},"modified":"2017-10-09T16:12:41","modified_gmt":"2017-10-09T16:12:41","slug":"decreto-por-el-que-se-modifica-la-tarifa-de-la-ley-de-los-impuestos-generales-de-importacion-y-de-exportacion","status":"publish","type":"post","link":"https:\/\/www.campa.com.mx\/site\/decreto-por-el-que-se-modifica-la-tarifa-de-la-ley-de-los-impuestos-generales-de-importacion-y-de-exportacion\/","title":{"rendered":"DECRETO por el que se modifica la Tarifa de la Ley de los Impuestos Generales de Importaci\u00f3n y de Exportaci\u00f3n."},"content":{"rendered":"<p>Se publica el 5 de Octubre del 2017 en el Diario Oficial de la Federaci\u00f3n DOF:<\/p>\n<p style=\"text-align: justify;\">DECRETO por el que se modifica la Tarifa de la Ley de los Impuestos Generales de Importaci\u00f3n y de Exportaci\u00f3n, el Decreto por el que se establece el impuesto general de importaci\u00f3n para la regi\u00f3n fronteriza y la franja fronteriza norte y el Decreto para el Fomento de la Industria Manufacturera, Maquiladora y de Servicios de Exportaci\u00f3n.<\/p>\n<p>Consulta toda las informaci\u00f3n en el siguiente link: http:\/\/www.dof.gob.mx\/nota_detalle.php?codigo=5500076&amp;fecha=05\/10\/2017<\/p>\n<p>&nbsp;<\/p>\n","protected":false},"excerpt":{"rendered":"<p>Se publica el 5 de Octubre del 2017 en el Diario Oficial de la Federaci\u00f3n DOF: DECRETO por el que se modifica la Tarifa de la Ley de los Impuestos Generales de Importaci\u00f3n y de Exportaci\u00f3n, el Decreto por el [&hellip;]<\/p>\n","protected":false},"author":1,"featured_media":2016,"comment_status":"closed","ping_status":"open","sticky":false,"template":"","format":"standard","meta":{"inline_featured_image":false,"_jetpack_memberships_contains_paid_content":false,"footnotes":""},"categories":[174],"tags":[258,257,140,259,260,256],"class_list":["post-2102","post","type-post","status-publish","format-standard","has-post-thumbnail","hentry","category-publicaciones-d-o-f","tag-diario-oficial-de-la-federacion-dof","tag-importacion-y-de-exportacion","tag-industria-manufacturera","tag-maquiladora","tag-servicios-de-exportacion","tag-tarifa-de-la-ley-de-los-impuestos-generales-de-importacion-y-de-exportacion"],"yoast_head":"<!-- This site is optimized with the Yoast SEO plugin v20.9 - https:\/\/yoast.com\/wordpress\/plugins\/seo\/ -->\n<title>DECRETO por el que se modifica la Tarifa de la Ley de los Impuestos Generales de Importaci\u00f3n y de Exportaci\u00f3n. - Campa<\/title>\n<meta name=\"robots\" content=\"index, follow, max-snippet:-1, max-image-preview:large, max-video-preview:-1\" \/>\n<link rel=\"canonical\" href=\"https:\/\/www.campa.com.mx\/site\/decreto-por-el-que-se-modifica-la-tarifa-de-la-ley-de-los-impuestos-generales-de-importacion-y-de-exportacion\/\" \/>\n<meta property=\"og:locale\" content=\"es_ES\" \/>\n<meta property=\"og:type\" content=\"article\" \/>\n<meta property=\"og:title\" content=\"DECRETO por el que se modifica la Tarifa de la Ley de los Impuestos Generales de Importaci\u00f3n y de Exportaci\u00f3n. - Campa\" \/>\n<meta property=\"og:description\" content=\"Se publica el 5 de Octubre del 2017 en el Diario Oficial de la Federaci\u00f3n DOF: DECRETO por el que se modifica la Tarifa de la Ley de los Impuestos Generales de Importaci\u00f3n y de Exportaci\u00f3n, el Decreto por el [&hellip;]\" \/>\n<meta property=\"og:url\" content=\"https:\/\/www.campa.com.mx\/site\/decreto-por-el-que-se-modifica-la-tarifa-de-la-ley-de-los-impuestos-generales-de-importacion-y-de-exportacion\/\" \/>\n<meta property=\"og:site_name\" content=\"Campa\" \/>\n<meta property=\"article:publisher\" content=\"https:\/\/www.facebook.com\/MovimientoAnexo24\" \/>\n<meta property=\"article:published_time\" content=\"2017-10-09T16:12:41+00:00\" \/>\n<meta property=\"og:image\" content=\"https:\/\/www.campa.com.mx\/site\/wp-content\/uploads\/2017\/09\/diario-oficial-de-la-federacion-logo.png\" \/>\n\t<meta property=\"og:image:width\" content=\"1196\" \/>\n\t<meta property=\"og:image:height\" content=\"696\" \/>\n\t<meta property=\"og:image:type\" content=\"image\/png\" \/>\n<meta name=\"author\" content=\"campa\" \/>\n<meta name=\"twitter:card\" content=\"summary_large_image\" \/>\n<meta name=\"twitter:creator\" content=\"@artycampa\" \/>\n<meta name=\"twitter:site\" content=\"@artycampa\" \/>\n<meta name=\"twitter:label1\" content=\"Escrito por\" \/>\n\t<meta name=\"twitter:data1\" content=\"campa\" \/>\n<script type=\"application\/ld+json\" class=\"yoast-schema-graph\">{\"@context\":\"https:\/\/schema.org\",\"@graph\":[{\"@type\":\"WebPage\",\"@id\":\"https:\/\/www.campa.com.mx\/site\/decreto-por-el-que-se-modifica-la-tarifa-de-la-ley-de-los-impuestos-generales-de-importacion-y-de-exportacion\/\",\"url\":\"https:\/\/www.campa.com.mx\/site\/decreto-por-el-que-se-modifica-la-tarifa-de-la-ley-de-los-impuestos-generales-de-importacion-y-de-exportacion\/\",\"name\":\"DECRETO por el que se modifica la Tarifa de la Ley de los Impuestos Generales de Importaci\u00f3n y de Exportaci\u00f3n. - Campa\",\"isPartOf\":{\"@id\":\"https:\/\/www.campa.com.mx\/site\/#website\"},\"datePublished\":\"2017-10-09T16:12:41+00:00\",\"dateModified\":\"2017-10-09T16:12:41+00:00\",\"author\":{\"@id\":\"https:\/\/www.campa.com.mx\/site\/#\/schema\/person\/5bf1874b81661ed013f5aa29df30761c\"},\"breadcrumb\":{\"@id\":\"https:\/\/www.campa.com.mx\/site\/decreto-por-el-que-se-modifica-la-tarifa-de-la-ley-de-los-impuestos-generales-de-importacion-y-de-exportacion\/#breadcrumb\"},\"inLanguage\":\"es\",\"potentialAction\":[{\"@type\":\"ReadAction\",\"target\":[\"https:\/\/www.campa.com.mx\/site\/decreto-por-el-que-se-modifica-la-tarifa-de-la-ley-de-los-impuestos-generales-de-importacion-y-de-exportacion\/\"]}]},{\"@type\":\"BreadcrumbList\",\"@id\":\"https:\/\/www.campa.com.mx\/site\/decreto-por-el-que-se-modifica-la-tarifa-de-la-ley-de-los-impuestos-generales-de-importacion-y-de-exportacion\/#breadcrumb\",\"itemListElement\":[{\"@type\":\"ListItem\",\"position\":1,\"name\":\"Portada\",\"item\":\"https:\/\/www.campa.com.mx\/site\/\"},{\"@type\":\"ListItem\",\"position\":2,\"name\":\"DECRETO por el que se modifica la Tarifa de la Ley de los Impuestos Generales de Importaci\u00f3n y de Exportaci\u00f3n.\"}]},{\"@type\":\"WebSite\",\"@id\":\"https:\/\/www.campa.com.mx\/site\/#website\",\"url\":\"https:\/\/www.campa.com.mx\/site\/\",\"name\":\"Campa\",\"description\":\"Tecnolog\u00eda - Comercio Exterior - Servicios\",\"potentialAction\":[{\"@type\":\"SearchAction\",\"target\":{\"@type\":\"EntryPoint\",\"urlTemplate\":\"https:\/\/www.campa.com.mx\/site\/?s={search_term_string}\"},\"query-input\":\"required name=search_term_string\"}],\"inLanguage\":\"es\"},{\"@type\":\"Person\",\"@id\":\"https:\/\/www.campa.com.mx\/site\/#\/schema\/person\/5bf1874b81661ed013f5aa29df30761c\",\"name\":\"campa\",\"image\":{\"@type\":\"ImageObject\",\"inLanguage\":\"es\",\"@id\":\"https:\/\/www.campa.com.mx\/site\/#\/schema\/person\/image\/\",\"url\":\"https:\/\/secure.gravatar.com\/avatar\/921e6e5cffb9d78857948e938192591b9fd4168d0b55cc795582b49d9dc52bb1?s=96&d=mm&r=g\",\"contentUrl\":\"https:\/\/secure.gravatar.com\/avatar\/921e6e5cffb9d78857948e938192591b9fd4168d0b55cc795582b49d9dc52bb1?s=96&d=mm&r=g\",\"caption\":\"campa\"}}]}<\/script>\n<!-- \/ Yoast SEO plugin. -->","yoast_head_json":{"title":"DECRETO por el que se modifica la Tarifa de la Ley de los Impuestos Generales de Importaci\u00f3n y de Exportaci\u00f3n. - Campa","robots":{"index":"index","follow":"follow","max-snippet":"max-snippet:-1","max-image-preview":"max-image-preview:large","max-video-preview":"max-video-preview:-1"},"canonical":"https:\/\/www.campa.com.mx\/site\/decreto-por-el-que-se-modifica-la-tarifa-de-la-ley-de-los-impuestos-generales-de-importacion-y-de-exportacion\/","og_locale":"es_ES","og_type":"article","og_title":"DECRETO por el que se modifica la Tarifa de la Ley de los Impuestos Generales de Importaci\u00f3n y de Exportaci\u00f3n. - Campa","og_description":"Se publica el 5 de Octubre del 2017 en el Diario Oficial de la Federaci\u00f3n DOF: DECRETO por el que se modifica la Tarifa de la Ley de los Impuestos Generales de Importaci\u00f3n y de Exportaci\u00f3n, el Decreto por el [&hellip;]","og_url":"https:\/\/www.campa.com.mx\/site\/decreto-por-el-que-se-modifica-la-tarifa-de-la-ley-de-los-impuestos-generales-de-importacion-y-de-exportacion\/","og_site_name":"Campa","article_publisher":"https:\/\/www.facebook.com\/MovimientoAnexo24","article_published_time":"2017-10-09T16:12:41+00:00","og_image":[{"width":1196,"height":696,"url":"https:\/\/www.campa.com.mx\/site\/wp-content\/uploads\/2017\/09\/diario-oficial-de-la-federacion-logo.png","type":"image\/png"}],"author":"campa","twitter_card":"summary_large_image","twitter_creator":"@artycampa","twitter_site":"@artycampa","twitter_misc":{"Escrito por":"campa"},"schema":{"@context":"https:\/\/schema.org","@graph":[{"@type":"WebPage","@id":"https:\/\/www.campa.com.mx\/site\/decreto-por-el-que-se-modifica-la-tarifa-de-la-ley-de-los-impuestos-generales-de-importacion-y-de-exportacion\/","url":"https:\/\/www.campa.com.mx\/site\/decreto-por-el-que-se-modifica-la-tarifa-de-la-ley-de-los-impuestos-generales-de-importacion-y-de-exportacion\/","name":"DECRETO por el que se modifica la Tarifa de la Ley de los Impuestos Generales de Importaci\u00f3n y de Exportaci\u00f3n. - Campa","isPartOf":{"@id":"https:\/\/www.campa.com.mx\/site\/#website"},"datePublished":"2017-10-09T16:12:41+00:00","dateModified":"2017-10-09T16:12:41+00:00","author":{"@id":"https:\/\/www.campa.com.mx\/site\/#\/schema\/person\/5bf1874b81661ed013f5aa29df30761c"},"breadcrumb":{"@id":"https:\/\/www.campa.com.mx\/site\/decreto-por-el-que-se-modifica-la-tarifa-de-la-ley-de-los-impuestos-generales-de-importacion-y-de-exportacion\/#breadcrumb"},"inLanguage":"es","potentialAction":[{"@type":"ReadAction","target":["https:\/\/www.campa.com.mx\/site\/decreto-por-el-que-se-modifica-la-tarifa-de-la-ley-de-los-impuestos-generales-de-importacion-y-de-exportacion\/"]}]},{"@type":"BreadcrumbList","@id":"https:\/\/www.campa.com.mx\/site\/decreto-por-el-que-se-modifica-la-tarifa-de-la-ley-de-los-impuestos-generales-de-importacion-y-de-exportacion\/#breadcrumb","itemListElement":[{"@type":"ListItem","position":1,"name":"Portada","item":"https:\/\/www.campa.com.mx\/site\/"},{"@type":"ListItem","position":2,"name":"DECRETO por el que se modifica la Tarifa de la Ley de los Impuestos Generales de Importaci\u00f3n y de Exportaci\u00f3n."}]},{"@type":"WebSite","@id":"https:\/\/www.campa.com.mx\/site\/#website","url":"https:\/\/www.campa.com.mx\/site\/","name":"Campa","description":"Tecnolog\u00eda - Comercio Exterior - Servicios","potentialAction":[{"@type":"SearchAction","target":{"@type":"EntryPoint","urlTemplate":"https:\/\/www.campa.com.mx\/site\/?s={search_term_string}"},"query-input":"required name=search_term_string"}],"inLanguage":"es"},{"@type":"Person","@id":"https:\/\/www.campa.com.mx\/site\/#\/schema\/person\/5bf1874b81661ed013f5aa29df30761c","name":"campa","image":{"@type":"ImageObject","inLanguage":"es","@id":"https:\/\/www.campa.com.mx\/site\/#\/schema\/person\/image\/","url":"https:\/\/secure.gravatar.com\/avatar\/921e6e5cffb9d78857948e938192591b9fd4168d0b55cc795582b49d9dc52bb1?s=96&d=mm&r=g","contentUrl":"https:\/\/secure.gravatar.com\/avatar\/921e6e5cffb9d78857948e938192591b9fd4168d0b55cc795582b49d9dc52bb1?s=96&d=mm&r=g","caption":"campa"}}]}},"jetpack_featured_media_url":"https:\/\/www.campa.com.mx\/site\/wp-content\/uploads\/2017\/09\/diario-oficial-de-la-federacion-logo.png","jetpack_sharing_enabled":true,"_links":{"self":[{"href":"https:\/\/www.campa.com.mx\/site\/wp-json\/wp\/v2\/posts\/2102","targetHints":{"allow":["GET"]}}],"collection":[{"href":"https:\/\/www.campa.com.mx\/site\/wp-json\/wp\/v2\/posts"}],"about":[{"href":"https:\/\/www.campa.com.mx\/site\/wp-json\/wp\/v2\/types\/post"}],"author":[{"embeddable":true,"href":"https:\/\/www.campa.com.mx\/site\/wp-json\/wp\/v2\/users\/1"}],"replies":[{"embeddable":true,"href":"https:\/\/www.campa.com.mx\/site\/wp-json\/wp\/v2\/comments?post=2102"}],"version-history":[{"count":8,"href":"https:\/\/www.campa.com.mx\/site\/wp-json\/wp\/v2\/posts\/2102\/revisions"}],"predecessor-version":[{"id":2110,"href":"https:\/\/www.campa.com.mx\/site\/wp-json\/wp\/v2\/posts\/2102\/revisions\/2110"}],"wp:featuredmedia":[{"embeddable":true,"href":"https:\/\/www.campa.com.mx\/site\/wp-json\/wp\/v2\/media\/2016"}],"wp:attachment":[{"href":"https:\/\/www.campa.com.mx\/site\/wp-json\/wp\/v2\/media?parent=2102"}],"wp:term":[{"taxonomy":"category","embeddable":true,"href":"https:\/\/www.campa.com.mx\/site\/wp-json\/wp\/v2\/categories?post=2102"},{"taxonomy":"post_tag","embeddable":true,"href":"https:\/\/www.campa.com.mx\/site\/wp-json\/wp\/v2\/tags?post=2102"}],"curies":[{"name":"wp","href":"https:\/\/api.w.org\/{rel}","templated":true}]}}