{"id":2152,"date":"2017-10-17T14:34:02","date_gmt":"2017-10-17T14:34:02","guid":{"rendered":"http:\/\/www.campa.com.mx\/site\/?p=2152"},"modified":"2017-10-17T14:34:02","modified_gmt":"2017-10-17T14:34:02","slug":"publicacion-dof-17-octubre-2017-dof","status":"publish","type":"post","link":"https:\/\/www.campa.com.mx\/site\/publicacion-dof-17-octubre-2017-dof\/","title":{"rendered":"Publicaci\u00f3n DOF 17 Octubre 2017 DOF"},"content":{"rendered":"<div class=\"\" data-block=\"true\" data-editor=\"5ameb\" data-offset-key=\"a4sgr-0-0\">\n<div class=\"_1mf _1mj\" style=\"text-align: justify;\" data-offset-key=\"a4sgr-0-0\"><span data-offset-key=\"a4sgr-0-0\">Publicaci\u00f3n DOF 17 Octubre 2017<\/span><\/div>\n<\/div>\n<div class=\"\" style=\"text-align: justify;\" data-block=\"true\" data-editor=\"5ameb\" data-offset-key=\"4mm3-0-0\">\n<div class=\"_1mf _1mj\" data-offset-key=\"4mm3-0-0\"><span data-offset-key=\"4mm3-0-0\">DOF: 17\/10\/2017<\/span><\/div>\n<\/div>\n<div class=\"\" style=\"text-align: justify;\" data-block=\"true\" data-editor=\"5ameb\" data-offset-key=\"36c1r-0-0\">\n<div class=\"_1mf _1mj\" data-offset-key=\"36c1r-0-0\"><span data-offset-key=\"36c1r-0-0\">\u00a0<\/span><\/div>\n<\/div>\n<div class=\"\" style=\"text-align: justify;\" data-block=\"true\" data-editor=\"5ameb\" data-offset-key=\"cm4on-0-0\">\n<div class=\"_1mf _1mj\" data-offset-key=\"cm4on-0-0\"><span data-offset-key=\"cm4on-0-0\">DECRETO por el que se modifica la Tarifa de la Ley de los Impuestos Generales de Importaci\u00f3n y de Exportaci\u00f3n y el Decreto por el que se establecen diversos programas de promoci\u00f3n sectorial.<\/span><\/div>\n<\/div>\n<div style=\"text-align: justify;\" data-offset-key=\"cm4on-0-0\"><\/div>\n<div data-offset-key=\"cm4on-0-0\">\n<div style=\"text-align: justify;\">\n<div class=\"ANOTACION\">DECRETO<\/div>\n<div><\/div>\n<div class=\"ROMANOS\">I. Modificaciones a la Tarifa de la Ley de los Impuestos Generales de Importaci\u00f3n y de\u00a0Exportaci\u00f3n.<\/div>\n<\/div>\n<\/div>\n<div><\/div>\n<div>II. Modificaciones a los Programas de Promoci\u00f3n Sectorial.<\/div>\n<div><\/div>\n<div><\/div>\n<div>LINK:\u00a0http:\/\/www.dof.gob.mx\/nota_detalle.php?codigo=5501424&amp;fecha=17\/10\/2017<\/div>\n<div><\/div>\n<div><\/div>\n<div data-offset-key=\"cm4on-0-0\">\n<div><\/div>\n<div><\/div>\n<div><\/div>\n<div class=\"Texto\" style=\"text-align: justify;\"><\/div>\n<\/div>\n","protected":false},"excerpt":{"rendered":"<p>Publicaci\u00f3n DOF 17 Octubre 2017 DOF: 17\/10\/2017 \u00a0 DECRETO por el que se modifica la Tarifa de la Ley de los Impuestos Generales de Importaci\u00f3n y de Exportaci\u00f3n y el Decreto por el que se establecen diversos programas de promoci\u00f3n [&hellip;]<\/p>\n","protected":false},"author":1,"featured_media":2016,"comment_status":"closed","ping_status":"open","sticky":false,"template":"","format":"standard","meta":{"inline_featured_image":false,"_jetpack_memberships_contains_paid_content":false,"footnotes":""},"categories":[174],"tags":[226,258,201,256],"class_list":["post-2152","post","type-post","status-publish","format-standard","has-post-thumbnail","hentry","category-publicaciones-d-o-f","tag-diario-oficial-de-la-federacion","tag-diario-oficial-de-la-federacion-dof","tag-dof","tag-tarifa-de-la-ley-de-los-impuestos-generales-de-importacion-y-de-exportacion"],"yoast_head":"<!-- This site is optimized with the Yoast SEO plugin v20.9 - https:\/\/yoast.com\/wordpress\/plugins\/seo\/ -->\n<title>Publicaci\u00f3n DOF 17 Octubre 2017 DOF - Campa<\/title>\n<meta name=\"robots\" content=\"index, follow, max-snippet:-1, max-image-preview:large, max-video-preview:-1\" \/>\n<link rel=\"canonical\" href=\"https:\/\/www.campa.com.mx\/site\/publicacion-dof-17-octubre-2017-dof\/\" \/>\n<meta property=\"og:locale\" content=\"es_ES\" \/>\n<meta property=\"og:type\" content=\"article\" \/>\n<meta property=\"og:title\" content=\"Publicaci\u00f3n DOF 17 Octubre 2017 DOF - Campa\" \/>\n<meta property=\"og:description\" content=\"Publicaci\u00f3n DOF 17 Octubre 2017 DOF: 17\/10\/2017 \u00a0 DECRETO por el que se modifica la Tarifa de la Ley de los Impuestos Generales de Importaci\u00f3n y de Exportaci\u00f3n y el Decreto por el que se establecen diversos programas de promoci\u00f3n [&hellip;]\" \/>\n<meta property=\"og:url\" content=\"https:\/\/www.campa.com.mx\/site\/publicacion-dof-17-octubre-2017-dof\/\" \/>\n<meta property=\"og:site_name\" content=\"Campa\" \/>\n<meta property=\"article:publisher\" content=\"https:\/\/www.facebook.com\/MovimientoAnexo24\" \/>\n<meta property=\"article:published_time\" content=\"2017-10-17T14:34:02+00:00\" \/>\n<meta property=\"og:image\" content=\"https:\/\/www.campa.com.mx\/site\/wp-content\/uploads\/2017\/09\/diario-oficial-de-la-federacion-logo.png\" \/>\n\t<meta property=\"og:image:width\" content=\"1196\" \/>\n\t<meta property=\"og:image:height\" content=\"696\" \/>\n\t<meta property=\"og:image:type\" content=\"image\/png\" \/>\n<meta name=\"author\" content=\"campa\" \/>\n<meta name=\"twitter:card\" content=\"summary_large_image\" \/>\n<meta name=\"twitter:creator\" content=\"@artycampa\" \/>\n<meta name=\"twitter:site\" content=\"@artycampa\" \/>\n<meta name=\"twitter:label1\" content=\"Escrito por\" \/>\n\t<meta name=\"twitter:data1\" content=\"campa\" \/>\n<script type=\"application\/ld+json\" class=\"yoast-schema-graph\">{\"@context\":\"https:\/\/schema.org\",\"@graph\":[{\"@type\":\"WebPage\",\"@id\":\"https:\/\/www.campa.com.mx\/site\/publicacion-dof-17-octubre-2017-dof\/\",\"url\":\"https:\/\/www.campa.com.mx\/site\/publicacion-dof-17-octubre-2017-dof\/\",\"name\":\"Publicaci\u00f3n DOF 17 Octubre 2017 DOF - Campa\",\"isPartOf\":{\"@id\":\"https:\/\/www.campa.com.mx\/site\/#website\"},\"datePublished\":\"2017-10-17T14:34:02+00:00\",\"dateModified\":\"2017-10-17T14:34:02+00:00\",\"author\":{\"@id\":\"https:\/\/www.campa.com.mx\/site\/#\/schema\/person\/5bf1874b81661ed013f5aa29df30761c\"},\"breadcrumb\":{\"@id\":\"https:\/\/www.campa.com.mx\/site\/publicacion-dof-17-octubre-2017-dof\/#breadcrumb\"},\"inLanguage\":\"es\",\"potentialAction\":[{\"@type\":\"ReadAction\",\"target\":[\"https:\/\/www.campa.com.mx\/site\/publicacion-dof-17-octubre-2017-dof\/\"]}]},{\"@type\":\"BreadcrumbList\",\"@id\":\"https:\/\/www.campa.com.mx\/site\/publicacion-dof-17-octubre-2017-dof\/#breadcrumb\",\"itemListElement\":[{\"@type\":\"ListItem\",\"position\":1,\"name\":\"Portada\",\"item\":\"https:\/\/www.campa.com.mx\/site\/\"},{\"@type\":\"ListItem\",\"position\":2,\"name\":\"Publicaci\u00f3n DOF 17 Octubre 2017 DOF\"}]},{\"@type\":\"WebSite\",\"@id\":\"https:\/\/www.campa.com.mx\/site\/#website\",\"url\":\"https:\/\/www.campa.com.mx\/site\/\",\"name\":\"Campa\",\"description\":\"Tecnolog\u00eda - Comercio Exterior - Servicios\",\"potentialAction\":[{\"@type\":\"SearchAction\",\"target\":{\"@type\":\"EntryPoint\",\"urlTemplate\":\"https:\/\/www.campa.com.mx\/site\/?s={search_term_string}\"},\"query-input\":\"required name=search_term_string\"}],\"inLanguage\":\"es\"},{\"@type\":\"Person\",\"@id\":\"https:\/\/www.campa.com.mx\/site\/#\/schema\/person\/5bf1874b81661ed013f5aa29df30761c\",\"name\":\"campa\",\"image\":{\"@type\":\"ImageObject\",\"inLanguage\":\"es\",\"@id\":\"https:\/\/www.campa.com.mx\/site\/#\/schema\/person\/image\/\",\"url\":\"https:\/\/secure.gravatar.com\/avatar\/921e6e5cffb9d78857948e938192591b9fd4168d0b55cc795582b49d9dc52bb1?s=96&d=mm&r=g\",\"contentUrl\":\"https:\/\/secure.gravatar.com\/avatar\/921e6e5cffb9d78857948e938192591b9fd4168d0b55cc795582b49d9dc52bb1?s=96&d=mm&r=g\",\"caption\":\"campa\"}}]}<\/script>\n<!-- \/ Yoast SEO plugin. -->","yoast_head_json":{"title":"Publicaci\u00f3n DOF 17 Octubre 2017 DOF - Campa","robots":{"index":"index","follow":"follow","max-snippet":"max-snippet:-1","max-image-preview":"max-image-preview:large","max-video-preview":"max-video-preview:-1"},"canonical":"https:\/\/www.campa.com.mx\/site\/publicacion-dof-17-octubre-2017-dof\/","og_locale":"es_ES","og_type":"article","og_title":"Publicaci\u00f3n DOF 17 Octubre 2017 DOF - Campa","og_description":"Publicaci\u00f3n DOF 17 Octubre 2017 DOF: 17\/10\/2017 \u00a0 DECRETO por el que se modifica la Tarifa de la Ley de los Impuestos Generales de Importaci\u00f3n y de Exportaci\u00f3n y el Decreto por el que se establecen diversos programas de promoci\u00f3n [&hellip;]","og_url":"https:\/\/www.campa.com.mx\/site\/publicacion-dof-17-octubre-2017-dof\/","og_site_name":"Campa","article_publisher":"https:\/\/www.facebook.com\/MovimientoAnexo24","article_published_time":"2017-10-17T14:34:02+00:00","og_image":[{"width":1196,"height":696,"url":"https:\/\/www.campa.com.mx\/site\/wp-content\/uploads\/2017\/09\/diario-oficial-de-la-federacion-logo.png","type":"image\/png"}],"author":"campa","twitter_card":"summary_large_image","twitter_creator":"@artycampa","twitter_site":"@artycampa","twitter_misc":{"Escrito por":"campa"},"schema":{"@context":"https:\/\/schema.org","@graph":[{"@type":"WebPage","@id":"https:\/\/www.campa.com.mx\/site\/publicacion-dof-17-octubre-2017-dof\/","url":"https:\/\/www.campa.com.mx\/site\/publicacion-dof-17-octubre-2017-dof\/","name":"Publicaci\u00f3n DOF 17 Octubre 2017 DOF - Campa","isPartOf":{"@id":"https:\/\/www.campa.com.mx\/site\/#website"},"datePublished":"2017-10-17T14:34:02+00:00","dateModified":"2017-10-17T14:34:02+00:00","author":{"@id":"https:\/\/www.campa.com.mx\/site\/#\/schema\/person\/5bf1874b81661ed013f5aa29df30761c"},"breadcrumb":{"@id":"https:\/\/www.campa.com.mx\/site\/publicacion-dof-17-octubre-2017-dof\/#breadcrumb"},"inLanguage":"es","potentialAction":[{"@type":"ReadAction","target":["https:\/\/www.campa.com.mx\/site\/publicacion-dof-17-octubre-2017-dof\/"]}]},{"@type":"BreadcrumbList","@id":"https:\/\/www.campa.com.mx\/site\/publicacion-dof-17-octubre-2017-dof\/#breadcrumb","itemListElement":[{"@type":"ListItem","position":1,"name":"Portada","item":"https:\/\/www.campa.com.mx\/site\/"},{"@type":"ListItem","position":2,"name":"Publicaci\u00f3n DOF 17 Octubre 2017 DOF"}]},{"@type":"WebSite","@id":"https:\/\/www.campa.com.mx\/site\/#website","url":"https:\/\/www.campa.com.mx\/site\/","name":"Campa","description":"Tecnolog\u00eda - Comercio Exterior - Servicios","potentialAction":[{"@type":"SearchAction","target":{"@type":"EntryPoint","urlTemplate":"https:\/\/www.campa.com.mx\/site\/?s={search_term_string}"},"query-input":"required name=search_term_string"}],"inLanguage":"es"},{"@type":"Person","@id":"https:\/\/www.campa.com.mx\/site\/#\/schema\/person\/5bf1874b81661ed013f5aa29df30761c","name":"campa","image":{"@type":"ImageObject","inLanguage":"es","@id":"https:\/\/www.campa.com.mx\/site\/#\/schema\/person\/image\/","url":"https:\/\/secure.gravatar.com\/avatar\/921e6e5cffb9d78857948e938192591b9fd4168d0b55cc795582b49d9dc52bb1?s=96&d=mm&r=g","contentUrl":"https:\/\/secure.gravatar.com\/avatar\/921e6e5cffb9d78857948e938192591b9fd4168d0b55cc795582b49d9dc52bb1?s=96&d=mm&r=g","caption":"campa"}}]}},"jetpack_featured_media_url":"https:\/\/www.campa.com.mx\/site\/wp-content\/uploads\/2017\/09\/diario-oficial-de-la-federacion-logo.png","jetpack_sharing_enabled":true,"_links":{"self":[{"href":"https:\/\/www.campa.com.mx\/site\/wp-json\/wp\/v2\/posts\/2152","targetHints":{"allow":["GET"]}}],"collection":[{"href":"https:\/\/www.campa.com.mx\/site\/wp-json\/wp\/v2\/posts"}],"about":[{"href":"https:\/\/www.campa.com.mx\/site\/wp-json\/wp\/v2\/types\/post"}],"author":[{"embeddable":true,"href":"https:\/\/www.campa.com.mx\/site\/wp-json\/wp\/v2\/users\/1"}],"replies":[{"embeddable":true,"href":"https:\/\/www.campa.com.mx\/site\/wp-json\/wp\/v2\/comments?post=2152"}],"version-history":[{"count":11,"href":"https:\/\/www.campa.com.mx\/site\/wp-json\/wp\/v2\/posts\/2152\/revisions"}],"predecessor-version":[{"id":2163,"href":"https:\/\/www.campa.com.mx\/site\/wp-json\/wp\/v2\/posts\/2152\/revisions\/2163"}],"wp:featuredmedia":[{"embeddable":true,"href":"https:\/\/www.campa.com.mx\/site\/wp-json\/wp\/v2\/media\/2016"}],"wp:attachment":[{"href":"https:\/\/www.campa.com.mx\/site\/wp-json\/wp\/v2\/media?parent=2152"}],"wp:term":[{"taxonomy":"category","embeddable":true,"href":"https:\/\/www.campa.com.mx\/site\/wp-json\/wp\/v2\/categories?post=2152"},{"taxonomy":"post_tag","embeddable":true,"href":"https:\/\/www.campa.com.mx\/site\/wp-json\/wp\/v2\/tags?post=2152"}],"curies":[{"name":"wp","href":"https:\/\/api.w.org\/{rel}","templated":true}]}}