{"id":2233,"date":"2017-10-25T15:50:13","date_gmt":"2017-10-25T15:50:13","guid":{"rendered":"http:\/\/www.campa.com.mx\/site\/?p=2233"},"modified":"2017-10-25T15:52:10","modified_gmt":"2017-10-25T15:52:10","slug":"japon-canada-y-corea-quieren-tpp-sin-eu","status":"publish","type":"post","link":"https:\/\/www.campa.com.mx\/site\/japon-canada-y-corea-quieren-tpp-sin-eu\/","title":{"rendered":"JAP\u00d3N, CANAD\u00c1 Y COREA QUIEREN TPP SIN EU"},"content":{"rendered":"<p style=\"text-align: justify;\">\u00a1Gracias Trump!, fue la expresi\u00f3n com\u00fan de representantes de Canad\u00e1, Corea del Sur y Jap\u00f3n en un panel sobre diversificaci\u00f3n comercial en la Cumbre de Negocios M\u00e9xico.<\/p>\n<p style=\"text-align: justify;\">Tambi\u00e9n mostraron inter\u00e9s por echar a andar el Acuerdo Transpac\u00edfico de Cooperaci\u00f3n Econ\u00f3mica (TPP), sin Estados Unidos, con el objetivo de diversificar e intensificar su comercio en la zona Asia-Pac\u00edfico.<\/p>\n<p style=\"text-align: justify;\">\u201cSi Estados Unidos no firm\u00f3 el TPP, Jap\u00f3n puede ser la base para este acuerdo\u201d, expres\u00f3 Yasushi Akahoshi, presidente de Organizaci\u00f3n de Comercio Exterior de Jap\u00f3n (Jetro), una asociaci\u00f3n de empresas japonesas que tiene inversiones en M\u00e9xico.<\/p>\n<p style=\"text-align: justify;\">En el panel \u201cEnfrentar la imperiosa necesidad de la diversificaci\u00f3n de socios comerciales\u201d, la discusi\u00f3n entre los involucrados gir\u00f3 en torno a la oportunidad para explorar nuevas opciones para el intercambio comercial, en momentos en que el presidente de Estados Unidos, Donald Trump ha mostrado m\u00e1s bien una postura proteccionista y amenazado con terminar el Tratado de Libre Comercio de Am\u00e9rica del Norte (TLCAN).<\/p>\n<p style=\"text-align: justify;\">Chun Beeho, embajador de la Rep\u00fablica de Corea del Sur en M\u00e9xico, dijo que hay un gran inter\u00e9s de su pa\u00eds para expandir los negocios y las inversiones con M\u00e9xico, y que una de las opciones es que Corea se una al TPP, o firme un acuerdo bilateral con M\u00e9xico.<\/p>\n<p style=\"text-align: justify;\">Por su parte, Jean Charest, socio de McCarthy Tetrault, y ex primer ministro de Qu\u00e9bec, coincidi\u00f3 en mantener vivo el TPP, &#8220;para los canadienses representa, al igual que M\u00e9xico, el acceso al mercado asi\u00e1tico&#8221;.<\/p>\n<p style=\"text-align: justify;\">Canad\u00e1 tambi\u00e9n hace esfuerzos para diversificar su comercio con la Uni\u00f3n Europea a trav\u00e9s de un tratado de libre comercio que entr\u00f3 en vigor en septiembre, y exploran opciones con India, detall\u00f3 Charest.<\/p>\n<p style=\"text-align: justify;\">Cabe destacar, que\u00a0el gobierno mexicano ha mantenido una estrecha relaci\u00f3n con Jap\u00f3n, tras el objetivo de mantener vivo el TPP.<\/p>\n<p style=\"text-align: justify;\">M\u00e1s tarde en el panel \u201cQu\u00e9 est\u00e1 pasando con la globalizaci\u00f3n y cu\u00e1l es su impacto en M\u00e9xico?\u201d, Claude Smadja, fundador y presidente de Smadja &amp; Smadja Strategic Advisory, refiri\u00f3 que en la reconversi\u00f3n del comercio y las inversiones en el mundo, M\u00e9xico debe adoptar el papel de jugador activo en los acuerdos regionales en los que se trabaja como la Alianza del Pac\u00edfico y en el TPP.<\/p>\n<p style=\"text-align: justify;\">Consider\u00f3 que el \u201cTPP puede funcionar muy bien sin los Estados Unidos, dado el inter\u00e9s que tiene Jap\u00f3n y Canad\u00e1. M\u00e9xico necesita ser un jugador muy activo en el TPP, asegurarse de no dar por muerto el TPP a costa de un capricho del se\u00f1or Donald Trump\u201d, dijo Smadja.<\/p>\n<p style=\"text-align: justify;\">Un mercado de 1,000 millones de personas, con una expectativa de crecer al doble en 2030, con una clase media creciente, est\u00e1 abierto para las inversiones y comercio con M\u00e9xico.<\/p>\n<p style=\"text-align: justify;\">\u201cHay vida m\u00e1s all\u00e1 del Tratado de Libre Comercio de Am\u00e9rica del Norte (TLCAN). Ghana quiere establecer un alianza comercial estrat\u00e9gica con M\u00e9xico, para que M\u00e9xico pueda entrar a \u00c1frica, y que Ghana utilice a M\u00e9xico como entrada a Am\u00e9rica del Norte\u201d, dijo el ministro de Comercio e Industria de la Rep\u00fablica de Ghana, Jean Charest.<\/p>\n<p style=\"text-align: justify;\">Una de las principales oportunidades para la inversi\u00f3n y el comercio se encuentra en el sector mineral, principalmente por productos como oro, platino y diamantes.<\/p>\n<p style=\"text-align: justify;\">Tambi\u00e9n, por el crecimiento econ\u00f3mico y poblacional en \u00c1frica ser\u00e1 necesaria una mayor proveedur\u00eda de alimentos, explic\u00f3 el funcionario al participar en el panel durante la Cumbre de Negocios M\u00e9xico.<\/p>\n<p style=\"text-align: justify;\">Fuente:\u00a0expansion.mx<\/p>\n","protected":false},"excerpt":{"rendered":"<p>\u00a1Gracias Trump!, fue la expresi\u00f3n com\u00fan de representantes de Canad\u00e1, Corea del Sur y Jap\u00f3n en un panel sobre diversificaci\u00f3n comercial en la Cumbre de Negocios M\u00e9xico. Tambi\u00e9n mostraron inter\u00e9s por echar a andar el Acuerdo Transpac\u00edfico de Cooperaci\u00f3n Econ\u00f3mica [&hellip;]<\/p>\n","protected":false},"author":1,"featured_media":2240,"comment_status":"closed","ping_status":"open","sticky":false,"template":"","format":"standard","meta":{"inline_featured_image":false,"_jetpack_memberships_contains_paid_content":false,"footnotes":""},"categories":[173],"tags":[],"class_list":["post-2233","post","type-post","status-publish","format-standard","has-post-thumbnail","hentry","category-comercio-exterior"],"yoast_head":"<!-- This site is optimized with the Yoast SEO plugin v20.9 - https:\/\/yoast.com\/wordpress\/plugins\/seo\/ -->\n<title>JAP\u00d3N, CANAD\u00c1 Y COREA QUIEREN TPP SIN EU - Campa<\/title>\n<meta name=\"robots\" content=\"index, follow, max-snippet:-1, max-image-preview:large, max-video-preview:-1\" \/>\n<link rel=\"canonical\" href=\"https:\/\/www.campa.com.mx\/site\/japon-canada-y-corea-quieren-tpp-sin-eu\/\" \/>\n<meta property=\"og:locale\" content=\"es_ES\" \/>\n<meta property=\"og:type\" content=\"article\" \/>\n<meta property=\"og:title\" content=\"JAP\u00d3N, CANAD\u00c1 Y COREA QUIEREN TPP SIN EU - Campa\" \/>\n<meta property=\"og:description\" content=\"\u00a1Gracias Trump!, fue la expresi\u00f3n com\u00fan de representantes de Canad\u00e1, Corea del Sur y Jap\u00f3n en un panel sobre diversificaci\u00f3n comercial en la Cumbre de Negocios M\u00e9xico. Tambi\u00e9n mostraron inter\u00e9s por echar a andar el Acuerdo Transpac\u00edfico de Cooperaci\u00f3n Econ\u00f3mica [&hellip;]\" \/>\n<meta property=\"og:url\" content=\"https:\/\/www.campa.com.mx\/site\/japon-canada-y-corea-quieren-tpp-sin-eu\/\" \/>\n<meta property=\"og:site_name\" content=\"Campa\" \/>\n<meta property=\"article:publisher\" content=\"https:\/\/www.facebook.com\/MovimientoAnexo24\" \/>\n<meta property=\"article:published_time\" content=\"2017-10-25T15:50:13+00:00\" \/>\n<meta property=\"article:modified_time\" content=\"2017-10-25T15:52:10+00:00\" \/>\n<meta property=\"og:image\" content=\"https:\/\/www.campa.com.mx\/site\/wp-content\/uploads\/2017\/10\/Captura-de-pantalla-2017-10-25-a-las-10.49.18.png\" \/>\n\t<meta property=\"og:image:width\" content=\"1194\" \/>\n\t<meta property=\"og:image:height\" content=\"696\" \/>\n\t<meta property=\"og:image:type\" content=\"image\/png\" \/>\n<meta name=\"author\" content=\"campa\" \/>\n<meta name=\"twitter:card\" content=\"summary_large_image\" \/>\n<meta name=\"twitter:creator\" content=\"@artycampa\" \/>\n<meta name=\"twitter:site\" content=\"@artycampa\" \/>\n<meta name=\"twitter:label1\" content=\"Escrito por\" \/>\n\t<meta name=\"twitter:data1\" content=\"campa\" \/>\n\t<meta name=\"twitter:label2\" content=\"Tiempo de lectura\" \/>\n\t<meta name=\"twitter:data2\" content=\"3 minutos\" \/>\n<script type=\"application\/ld+json\" class=\"yoast-schema-graph\">{\"@context\":\"https:\/\/schema.org\",\"@graph\":[{\"@type\":\"WebPage\",\"@id\":\"https:\/\/www.campa.com.mx\/site\/japon-canada-y-corea-quieren-tpp-sin-eu\/\",\"url\":\"https:\/\/www.campa.com.mx\/site\/japon-canada-y-corea-quieren-tpp-sin-eu\/\",\"name\":\"JAP\u00d3N, CANAD\u00c1 Y COREA QUIEREN TPP SIN EU - Campa\",\"isPartOf\":{\"@id\":\"https:\/\/www.campa.com.mx\/site\/#website\"},\"datePublished\":\"2017-10-25T15:50:13+00:00\",\"dateModified\":\"2017-10-25T15:52:10+00:00\",\"author\":{\"@id\":\"https:\/\/www.campa.com.mx\/site\/#\/schema\/person\/5bf1874b81661ed013f5aa29df30761c\"},\"breadcrumb\":{\"@id\":\"https:\/\/www.campa.com.mx\/site\/japon-canada-y-corea-quieren-tpp-sin-eu\/#breadcrumb\"},\"inLanguage\":\"es\",\"potentialAction\":[{\"@type\":\"ReadAction\",\"target\":[\"https:\/\/www.campa.com.mx\/site\/japon-canada-y-corea-quieren-tpp-sin-eu\/\"]}]},{\"@type\":\"BreadcrumbList\",\"@id\":\"https:\/\/www.campa.com.mx\/site\/japon-canada-y-corea-quieren-tpp-sin-eu\/#breadcrumb\",\"itemListElement\":[{\"@type\":\"ListItem\",\"position\":1,\"name\":\"Portada\",\"item\":\"https:\/\/www.campa.com.mx\/site\/\"},{\"@type\":\"ListItem\",\"position\":2,\"name\":\"JAP\u00d3N, CANAD\u00c1 Y COREA QUIEREN TPP SIN EU\"}]},{\"@type\":\"WebSite\",\"@id\":\"https:\/\/www.campa.com.mx\/site\/#website\",\"url\":\"https:\/\/www.campa.com.mx\/site\/\",\"name\":\"Campa\",\"description\":\"Tecnolog\u00eda - Comercio Exterior - Servicios\",\"potentialAction\":[{\"@type\":\"SearchAction\",\"target\":{\"@type\":\"EntryPoint\",\"urlTemplate\":\"https:\/\/www.campa.com.mx\/site\/?s={search_term_string}\"},\"query-input\":\"required name=search_term_string\"}],\"inLanguage\":\"es\"},{\"@type\":\"Person\",\"@id\":\"https:\/\/www.campa.com.mx\/site\/#\/schema\/person\/5bf1874b81661ed013f5aa29df30761c\",\"name\":\"campa\",\"image\":{\"@type\":\"ImageObject\",\"inLanguage\":\"es\",\"@id\":\"https:\/\/www.campa.com.mx\/site\/#\/schema\/person\/image\/\",\"url\":\"https:\/\/secure.gravatar.com\/avatar\/921e6e5cffb9d78857948e938192591b9fd4168d0b55cc795582b49d9dc52bb1?s=96&d=mm&r=g\",\"contentUrl\":\"https:\/\/secure.gravatar.com\/avatar\/921e6e5cffb9d78857948e938192591b9fd4168d0b55cc795582b49d9dc52bb1?s=96&d=mm&r=g\",\"caption\":\"campa\"}}]}<\/script>\n<!-- \/ Yoast SEO plugin. -->","yoast_head_json":{"title":"JAP\u00d3N, CANAD\u00c1 Y COREA QUIEREN TPP SIN EU - Campa","robots":{"index":"index","follow":"follow","max-snippet":"max-snippet:-1","max-image-preview":"max-image-preview:large","max-video-preview":"max-video-preview:-1"},"canonical":"https:\/\/www.campa.com.mx\/site\/japon-canada-y-corea-quieren-tpp-sin-eu\/","og_locale":"es_ES","og_type":"article","og_title":"JAP\u00d3N, CANAD\u00c1 Y COREA QUIEREN TPP SIN EU - Campa","og_description":"\u00a1Gracias Trump!, fue la expresi\u00f3n com\u00fan de representantes de Canad\u00e1, Corea del Sur y Jap\u00f3n en un panel sobre diversificaci\u00f3n comercial en la Cumbre de Negocios M\u00e9xico. Tambi\u00e9n mostraron inter\u00e9s por echar a andar el Acuerdo Transpac\u00edfico de Cooperaci\u00f3n Econ\u00f3mica [&hellip;]","og_url":"https:\/\/www.campa.com.mx\/site\/japon-canada-y-corea-quieren-tpp-sin-eu\/","og_site_name":"Campa","article_publisher":"https:\/\/www.facebook.com\/MovimientoAnexo24","article_published_time":"2017-10-25T15:50:13+00:00","article_modified_time":"2017-10-25T15:52:10+00:00","og_image":[{"width":1194,"height":696,"url":"https:\/\/www.campa.com.mx\/site\/wp-content\/uploads\/2017\/10\/Captura-de-pantalla-2017-10-25-a-las-10.49.18.png","type":"image\/png"}],"author":"campa","twitter_card":"summary_large_image","twitter_creator":"@artycampa","twitter_site":"@artycampa","twitter_misc":{"Escrito por":"campa","Tiempo de lectura":"3 minutos"},"schema":{"@context":"https:\/\/schema.org","@graph":[{"@type":"WebPage","@id":"https:\/\/www.campa.com.mx\/site\/japon-canada-y-corea-quieren-tpp-sin-eu\/","url":"https:\/\/www.campa.com.mx\/site\/japon-canada-y-corea-quieren-tpp-sin-eu\/","name":"JAP\u00d3N, CANAD\u00c1 Y COREA QUIEREN TPP SIN EU - Campa","isPartOf":{"@id":"https:\/\/www.campa.com.mx\/site\/#website"},"datePublished":"2017-10-25T15:50:13+00:00","dateModified":"2017-10-25T15:52:10+00:00","author":{"@id":"https:\/\/www.campa.com.mx\/site\/#\/schema\/person\/5bf1874b81661ed013f5aa29df30761c"},"breadcrumb":{"@id":"https:\/\/www.campa.com.mx\/site\/japon-canada-y-corea-quieren-tpp-sin-eu\/#breadcrumb"},"inLanguage":"es","potentialAction":[{"@type":"ReadAction","target":["https:\/\/www.campa.com.mx\/site\/japon-canada-y-corea-quieren-tpp-sin-eu\/"]}]},{"@type":"BreadcrumbList","@id":"https:\/\/www.campa.com.mx\/site\/japon-canada-y-corea-quieren-tpp-sin-eu\/#breadcrumb","itemListElement":[{"@type":"ListItem","position":1,"name":"Portada","item":"https:\/\/www.campa.com.mx\/site\/"},{"@type":"ListItem","position":2,"name":"JAP\u00d3N, CANAD\u00c1 Y COREA QUIEREN TPP SIN EU"}]},{"@type":"WebSite","@id":"https:\/\/www.campa.com.mx\/site\/#website","url":"https:\/\/www.campa.com.mx\/site\/","name":"Campa","description":"Tecnolog\u00eda - Comercio Exterior - Servicios","potentialAction":[{"@type":"SearchAction","target":{"@type":"EntryPoint","urlTemplate":"https:\/\/www.campa.com.mx\/site\/?s={search_term_string}"},"query-input":"required name=search_term_string"}],"inLanguage":"es"},{"@type":"Person","@id":"https:\/\/www.campa.com.mx\/site\/#\/schema\/person\/5bf1874b81661ed013f5aa29df30761c","name":"campa","image":{"@type":"ImageObject","inLanguage":"es","@id":"https:\/\/www.campa.com.mx\/site\/#\/schema\/person\/image\/","url":"https:\/\/secure.gravatar.com\/avatar\/921e6e5cffb9d78857948e938192591b9fd4168d0b55cc795582b49d9dc52bb1?s=96&d=mm&r=g","contentUrl":"https:\/\/secure.gravatar.com\/avatar\/921e6e5cffb9d78857948e938192591b9fd4168d0b55cc795582b49d9dc52bb1?s=96&d=mm&r=g","caption":"campa"}}]}},"jetpack_featured_media_url":"https:\/\/www.campa.com.mx\/site\/wp-content\/uploads\/2017\/10\/Captura-de-pantalla-2017-10-25-a-las-10.49.18.png","jetpack_sharing_enabled":true,"_links":{"self":[{"href":"https:\/\/www.campa.com.mx\/site\/wp-json\/wp\/v2\/posts\/2233","targetHints":{"allow":["GET"]}}],"collection":[{"href":"https:\/\/www.campa.com.mx\/site\/wp-json\/wp\/v2\/posts"}],"about":[{"href":"https:\/\/www.campa.com.mx\/site\/wp-json\/wp\/v2\/types\/post"}],"author":[{"embeddable":true,"href":"https:\/\/www.campa.com.mx\/site\/wp-json\/wp\/v2\/users\/1"}],"replies":[{"embeddable":true,"href":"https:\/\/www.campa.com.mx\/site\/wp-json\/wp\/v2\/comments?post=2233"}],"version-history":[{"count":7,"href":"https:\/\/www.campa.com.mx\/site\/wp-json\/wp\/v2\/posts\/2233\/revisions"}],"predecessor-version":[{"id":2241,"href":"https:\/\/www.campa.com.mx\/site\/wp-json\/wp\/v2\/posts\/2233\/revisions\/2241"}],"wp:featuredmedia":[{"embeddable":true,"href":"https:\/\/www.campa.com.mx\/site\/wp-json\/wp\/v2\/media\/2240"}],"wp:attachment":[{"href":"https:\/\/www.campa.com.mx\/site\/wp-json\/wp\/v2\/media?parent=2233"}],"wp:term":[{"taxonomy":"category","embeddable":true,"href":"https:\/\/www.campa.com.mx\/site\/wp-json\/wp\/v2\/categories?post=2233"},{"taxonomy":"post_tag","embeddable":true,"href":"https:\/\/www.campa.com.mx\/site\/wp-json\/wp\/v2\/tags?post=2233"}],"curies":[{"name":"wp","href":"https:\/\/api.w.org\/{rel}","templated":true}]}}