{"id":2242,"date":"2017-10-25T15:57:51","date_gmt":"2017-10-25T15:57:51","guid":{"rendered":"http:\/\/www.campa.com.mx\/site\/?p=2242"},"modified":"2017-10-25T15:57:51","modified_gmt":"2017-10-25T15:57:51","slug":"automotrices-se-unen-para-evitar-que-trump-termine-el-tlcan","status":"publish","type":"post","link":"https:\/\/www.campa.com.mx\/site\/automotrices-se-unen-para-evitar-que-trump-termine-el-tlcan\/","title":{"rendered":"Automotrices se unen para evitar que Trump termine el TLCAN"},"content":{"rendered":"<p style=\"text-align: justify;\">WASHINGTON. &#8211; Una nueva coalici\u00f3n de grandes fabricantes, proveedores y concesionarios de autos inst\u00f3 el martes al presidente de Estados Unidos, Donald Trump, a\u00a0<strong>que no se retire del TLCAN.<\/strong><\/p>\n<p style=\"text-align: justify;\">Las asociaciones comerciales que representan a General Motors, Toyota Motor, Volkswagen\u00a0, Hyundai Motor, Ford Motor\u00a0y casi todas las grandes automotrices, forman parte de la coalici\u00f3n denominada\u00a0<strong>&#8220;Driving American Jobs&#8221;.<\/strong><\/p>\n<div class=\"teads-inread sm-screen\" style=\"text-align: justify;\"><\/div>\n<p style=\"text-align: justify;\">Entre otras medidas,\u00a0<strong>respaldan una campa\u00f1a publicitaria para convencer a la Casa Blanca<\/strong>\u00a0y a los votantes de que el acuerdo ha sido crucial para impulsar la producci\u00f3n y el empleo en el sector automovil\u00edstico estadounidense.<\/p>\n<p style=\"text-align: justify;\">Trump ha amenazado con abandonar el acuerdo comercial entre Estados Unidos, Canad\u00e1 y M\u00e9xico,<strong>\u00a0que es vital para los fabricantes de autos,<\/strong>\u00a0que tienen cadenas de producci\u00f3n y suministro repartidas entre los tres pa\u00edses.<\/p>\n<p style=\"text-align: justify;\">En la ronda m\u00e1s reciente de conversaciones para renegociar el TLCAN, celebrada la semana pasada<strong>, Trump propuso cambios a las normas de origen para los autos,\u00a0<\/strong>usadas para determinar qu\u00e9 cantidad de un veh\u00edculo est\u00e1 fabricada en un lugar determinado.<\/p>\n<p style=\"text-align: justify;\">Las normas propuestas\u00a0<strong>fueron consideradas insostenibles por las automotrices,\u00a0<\/strong>adem\u00e1s de por M\u00e9xico y Canad\u00e1.<\/p>\n<p style=\"text-align: justify;\">La industria automotriz se une as\u00ed a la C\u00e1mara de Comercio de Estados Unidos y otros grandes grupos empresariales que se han expresado p\u00fablicamente en las \u00faltimas semanas contra los intentos de Trump por cambiar el acuerdo, que en\u00a0<strong>su opini\u00f3n es perjudicial para el empleo estadounidense.<\/strong><\/p>\n<p style=\"text-align: justify;\">La coalici\u00f3n, que incluye a la Asociaci\u00f3n de Fabricantes de Motores y Equipos y a la Asociaci\u00f3n Internacional Estadounidense de Concesionarios de Autom\u00f3viles, asegura que poner fin al TLCAN, que abarca 1,2 billones de d\u00f3lares de comercio anual entre los tres pa\u00edses, pondr\u00eda en riesgo los empleos del sector automotriz en Estados Unidos.<\/p>\n<p>&nbsp;<\/p>\n<p>Fuente:dineroenimagen<\/p>\n","protected":false},"excerpt":{"rendered":"<p>WASHINGTON. &#8211; Una nueva coalici\u00f3n de grandes fabricantes, proveedores y concesionarios de autos inst\u00f3 el martes al presidente de Estados Unidos, Donald Trump, a\u00a0que no se retire del TLCAN. Las asociaciones comerciales que representan a General Motors, Toyota Motor, Volkswagen\u00a0, [&hellip;]<\/p>\n","protected":false},"author":1,"featured_media":2245,"comment_status":"closed","ping_status":"open","sticky":false,"template":"","format":"standard","meta":{"inline_featured_image":false,"_jetpack_memberships_contains_paid_content":false,"footnotes":""},"categories":[1],"tags":[],"class_list":["post-2242","post","type-post","status-publish","format-standard","has-post-thumbnail","hentry","category-campa"],"yoast_head":"<!-- This site is optimized with the Yoast SEO plugin v20.9 - https:\/\/yoast.com\/wordpress\/plugins\/seo\/ -->\n<title>Automotrices se unen para evitar que Trump termine el TLCAN - Campa<\/title>\n<meta name=\"robots\" content=\"index, follow, max-snippet:-1, max-image-preview:large, max-video-preview:-1\" \/>\n<link rel=\"canonical\" href=\"https:\/\/www.campa.com.mx\/site\/automotrices-se-unen-para-evitar-que-trump-termine-el-tlcan\/\" \/>\n<meta property=\"og:locale\" content=\"es_ES\" \/>\n<meta property=\"og:type\" content=\"article\" \/>\n<meta property=\"og:title\" content=\"Automotrices se unen para evitar que Trump termine el TLCAN - Campa\" \/>\n<meta property=\"og:description\" content=\"WASHINGTON. &#8211; Una nueva coalici\u00f3n de grandes fabricantes, proveedores y concesionarios de autos inst\u00f3 el martes al presidente de Estados Unidos, Donald Trump, a\u00a0que no se retire del TLCAN. Las asociaciones comerciales que representan a General Motors, Toyota Motor, Volkswagen\u00a0, [&hellip;]\" \/>\n<meta property=\"og:url\" content=\"https:\/\/www.campa.com.mx\/site\/automotrices-se-unen-para-evitar-que-trump-termine-el-tlcan\/\" \/>\n<meta property=\"og:site_name\" content=\"Campa\" \/>\n<meta property=\"article:publisher\" content=\"https:\/\/www.facebook.com\/MovimientoAnexo24\" \/>\n<meta property=\"article:published_time\" content=\"2017-10-25T15:57:51+00:00\" \/>\n<meta property=\"og:image\" content=\"https:\/\/www.campa.com.mx\/site\/wp-content\/uploads\/2017\/10\/Captura-de-pantalla-2017-10-25-a-las-10.56.54.png\" \/>\n\t<meta property=\"og:image:width\" content=\"1194\" \/>\n\t<meta property=\"og:image:height\" content=\"692\" \/>\n\t<meta property=\"og:image:type\" content=\"image\/png\" \/>\n<meta name=\"author\" content=\"campa\" \/>\n<meta name=\"twitter:card\" content=\"summary_large_image\" \/>\n<meta name=\"twitter:creator\" content=\"@artycampa\" \/>\n<meta name=\"twitter:site\" content=\"@artycampa\" \/>\n<meta name=\"twitter:label1\" content=\"Escrito por\" \/>\n\t<meta name=\"twitter:data1\" content=\"campa\" \/>\n\t<meta name=\"twitter:label2\" content=\"Tiempo de lectura\" \/>\n\t<meta name=\"twitter:data2\" content=\"2 minutos\" \/>\n<script type=\"application\/ld+json\" class=\"yoast-schema-graph\">{\"@context\":\"https:\/\/schema.org\",\"@graph\":[{\"@type\":\"WebPage\",\"@id\":\"https:\/\/www.campa.com.mx\/site\/automotrices-se-unen-para-evitar-que-trump-termine-el-tlcan\/\",\"url\":\"https:\/\/www.campa.com.mx\/site\/automotrices-se-unen-para-evitar-que-trump-termine-el-tlcan\/\",\"name\":\"Automotrices se unen para evitar que Trump termine el TLCAN - Campa\",\"isPartOf\":{\"@id\":\"https:\/\/www.campa.com.mx\/site\/#website\"},\"datePublished\":\"2017-10-25T15:57:51+00:00\",\"dateModified\":\"2017-10-25T15:57:51+00:00\",\"author\":{\"@id\":\"https:\/\/www.campa.com.mx\/site\/#\/schema\/person\/5bf1874b81661ed013f5aa29df30761c\"},\"breadcrumb\":{\"@id\":\"https:\/\/www.campa.com.mx\/site\/automotrices-se-unen-para-evitar-que-trump-termine-el-tlcan\/#breadcrumb\"},\"inLanguage\":\"es\",\"potentialAction\":[{\"@type\":\"ReadAction\",\"target\":[\"https:\/\/www.campa.com.mx\/site\/automotrices-se-unen-para-evitar-que-trump-termine-el-tlcan\/\"]}]},{\"@type\":\"BreadcrumbList\",\"@id\":\"https:\/\/www.campa.com.mx\/site\/automotrices-se-unen-para-evitar-que-trump-termine-el-tlcan\/#breadcrumb\",\"itemListElement\":[{\"@type\":\"ListItem\",\"position\":1,\"name\":\"Portada\",\"item\":\"https:\/\/www.campa.com.mx\/site\/\"},{\"@type\":\"ListItem\",\"position\":2,\"name\":\"Automotrices se unen para evitar que Trump termine el TLCAN\"}]},{\"@type\":\"WebSite\",\"@id\":\"https:\/\/www.campa.com.mx\/site\/#website\",\"url\":\"https:\/\/www.campa.com.mx\/site\/\",\"name\":\"Campa\",\"description\":\"Tecnolog\u00eda - Comercio Exterior - Servicios\",\"potentialAction\":[{\"@type\":\"SearchAction\",\"target\":{\"@type\":\"EntryPoint\",\"urlTemplate\":\"https:\/\/www.campa.com.mx\/site\/?s={search_term_string}\"},\"query-input\":\"required name=search_term_string\"}],\"inLanguage\":\"es\"},{\"@type\":\"Person\",\"@id\":\"https:\/\/www.campa.com.mx\/site\/#\/schema\/person\/5bf1874b81661ed013f5aa29df30761c\",\"name\":\"campa\",\"image\":{\"@type\":\"ImageObject\",\"inLanguage\":\"es\",\"@id\":\"https:\/\/www.campa.com.mx\/site\/#\/schema\/person\/image\/\",\"url\":\"https:\/\/secure.gravatar.com\/avatar\/921e6e5cffb9d78857948e938192591b9fd4168d0b55cc795582b49d9dc52bb1?s=96&d=mm&r=g\",\"contentUrl\":\"https:\/\/secure.gravatar.com\/avatar\/921e6e5cffb9d78857948e938192591b9fd4168d0b55cc795582b49d9dc52bb1?s=96&d=mm&r=g\",\"caption\":\"campa\"}}]}<\/script>\n<!-- \/ Yoast SEO plugin. -->","yoast_head_json":{"title":"Automotrices se unen para evitar que Trump termine el TLCAN - Campa","robots":{"index":"index","follow":"follow","max-snippet":"max-snippet:-1","max-image-preview":"max-image-preview:large","max-video-preview":"max-video-preview:-1"},"canonical":"https:\/\/www.campa.com.mx\/site\/automotrices-se-unen-para-evitar-que-trump-termine-el-tlcan\/","og_locale":"es_ES","og_type":"article","og_title":"Automotrices se unen para evitar que Trump termine el TLCAN - Campa","og_description":"WASHINGTON. &#8211; Una nueva coalici\u00f3n de grandes fabricantes, proveedores y concesionarios de autos inst\u00f3 el martes al presidente de Estados Unidos, Donald Trump, a\u00a0que no se retire del TLCAN. Las asociaciones comerciales que representan a General Motors, Toyota Motor, Volkswagen\u00a0, [&hellip;]","og_url":"https:\/\/www.campa.com.mx\/site\/automotrices-se-unen-para-evitar-que-trump-termine-el-tlcan\/","og_site_name":"Campa","article_publisher":"https:\/\/www.facebook.com\/MovimientoAnexo24","article_published_time":"2017-10-25T15:57:51+00:00","og_image":[{"width":1194,"height":692,"url":"https:\/\/www.campa.com.mx\/site\/wp-content\/uploads\/2017\/10\/Captura-de-pantalla-2017-10-25-a-las-10.56.54.png","type":"image\/png"}],"author":"campa","twitter_card":"summary_large_image","twitter_creator":"@artycampa","twitter_site":"@artycampa","twitter_misc":{"Escrito por":"campa","Tiempo de lectura":"2 minutos"},"schema":{"@context":"https:\/\/schema.org","@graph":[{"@type":"WebPage","@id":"https:\/\/www.campa.com.mx\/site\/automotrices-se-unen-para-evitar-que-trump-termine-el-tlcan\/","url":"https:\/\/www.campa.com.mx\/site\/automotrices-se-unen-para-evitar-que-trump-termine-el-tlcan\/","name":"Automotrices se unen para evitar que Trump termine el TLCAN - Campa","isPartOf":{"@id":"https:\/\/www.campa.com.mx\/site\/#website"},"datePublished":"2017-10-25T15:57:51+00:00","dateModified":"2017-10-25T15:57:51+00:00","author":{"@id":"https:\/\/www.campa.com.mx\/site\/#\/schema\/person\/5bf1874b81661ed013f5aa29df30761c"},"breadcrumb":{"@id":"https:\/\/www.campa.com.mx\/site\/automotrices-se-unen-para-evitar-que-trump-termine-el-tlcan\/#breadcrumb"},"inLanguage":"es","potentialAction":[{"@type":"ReadAction","target":["https:\/\/www.campa.com.mx\/site\/automotrices-se-unen-para-evitar-que-trump-termine-el-tlcan\/"]}]},{"@type":"BreadcrumbList","@id":"https:\/\/www.campa.com.mx\/site\/automotrices-se-unen-para-evitar-que-trump-termine-el-tlcan\/#breadcrumb","itemListElement":[{"@type":"ListItem","position":1,"name":"Portada","item":"https:\/\/www.campa.com.mx\/site\/"},{"@type":"ListItem","position":2,"name":"Automotrices se unen para evitar que Trump termine el TLCAN"}]},{"@type":"WebSite","@id":"https:\/\/www.campa.com.mx\/site\/#website","url":"https:\/\/www.campa.com.mx\/site\/","name":"Campa","description":"Tecnolog\u00eda - Comercio Exterior - Servicios","potentialAction":[{"@type":"SearchAction","target":{"@type":"EntryPoint","urlTemplate":"https:\/\/www.campa.com.mx\/site\/?s={search_term_string}"},"query-input":"required name=search_term_string"}],"inLanguage":"es"},{"@type":"Person","@id":"https:\/\/www.campa.com.mx\/site\/#\/schema\/person\/5bf1874b81661ed013f5aa29df30761c","name":"campa","image":{"@type":"ImageObject","inLanguage":"es","@id":"https:\/\/www.campa.com.mx\/site\/#\/schema\/person\/image\/","url":"https:\/\/secure.gravatar.com\/avatar\/921e6e5cffb9d78857948e938192591b9fd4168d0b55cc795582b49d9dc52bb1?s=96&d=mm&r=g","contentUrl":"https:\/\/secure.gravatar.com\/avatar\/921e6e5cffb9d78857948e938192591b9fd4168d0b55cc795582b49d9dc52bb1?s=96&d=mm&r=g","caption":"campa"}}]}},"jetpack_featured_media_url":"https:\/\/www.campa.com.mx\/site\/wp-content\/uploads\/2017\/10\/Captura-de-pantalla-2017-10-25-a-las-10.56.54.png","jetpack_sharing_enabled":true,"_links":{"self":[{"href":"https:\/\/www.campa.com.mx\/site\/wp-json\/wp\/v2\/posts\/2242","targetHints":{"allow":["GET"]}}],"collection":[{"href":"https:\/\/www.campa.com.mx\/site\/wp-json\/wp\/v2\/posts"}],"about":[{"href":"https:\/\/www.campa.com.mx\/site\/wp-json\/wp\/v2\/types\/post"}],"author":[{"embeddable":true,"href":"https:\/\/www.campa.com.mx\/site\/wp-json\/wp\/v2\/users\/1"}],"replies":[{"embeddable":true,"href":"https:\/\/www.campa.com.mx\/site\/wp-json\/wp\/v2\/comments?post=2242"}],"version-history":[{"count":4,"href":"https:\/\/www.campa.com.mx\/site\/wp-json\/wp\/v2\/posts\/2242\/revisions"}],"predecessor-version":[{"id":2247,"href":"https:\/\/www.campa.com.mx\/site\/wp-json\/wp\/v2\/posts\/2242\/revisions\/2247"}],"wp:featuredmedia":[{"embeddable":true,"href":"https:\/\/www.campa.com.mx\/site\/wp-json\/wp\/v2\/media\/2245"}],"wp:attachment":[{"href":"https:\/\/www.campa.com.mx\/site\/wp-json\/wp\/v2\/media?parent=2242"}],"wp:term":[{"taxonomy":"category","embeddable":true,"href":"https:\/\/www.campa.com.mx\/site\/wp-json\/wp\/v2\/categories?post=2242"},{"taxonomy":"post_tag","embeddable":true,"href":"https:\/\/www.campa.com.mx\/site\/wp-json\/wp\/v2\/tags?post=2242"}],"curies":[{"name":"wp","href":"https:\/\/api.w.org\/{rel}","templated":true}]}}