{"id":2262,"date":"2017-11-07T15:20:27","date_gmt":"2017-11-07T15:20:27","guid":{"rendered":"http:\/\/www.campa.com.mx\/site\/?p=2262"},"modified":"2017-11-08T15:21:58","modified_gmt":"2017-11-08T15:21:58","slug":"publicacion-dof-7-noviembre-2017-dof","status":"publish","type":"post","link":"https:\/\/www.campa.com.mx\/site\/publicacion-dof-7-noviembre-2017-dof\/","title":{"rendered":"Publicaci\u00f3n DOF 7 Noviembre 2017 DOF"},"content":{"rendered":"<div class=\"\" data-block=\"true\" data-editor=\"5ameb\" data-offset-key=\"a4sgr-0-0\">\n<div class=\"_1mf _1mj\" style=\"text-align: justify;\" data-offset-key=\"a4sgr-0-0\"><span data-offset-key=\"a4sgr-0-0\">Publicaci\u00f3n DOF 7 Noviembre 2017<\/span><\/div>\n<\/div>\n<div class=\"\" style=\"text-align: justify;\" data-block=\"true\" data-editor=\"5ameb\" data-offset-key=\"4mm3-0-0\">\n<div class=\"_1mf _1mj\" data-offset-key=\"4mm3-0-0\"><\/div>\n<\/div>\n<div class=\"\" style=\"text-align: justify;\" data-block=\"true\" data-editor=\"5ameb\" data-offset-key=\"36c1r-0-0\">\n<div class=\"_1mf _1mj\" data-offset-key=\"36c1r-0-0\"><span data-offset-key=\"36c1r-0-0\">\u00a0<\/span><\/div>\n<\/div>\n<div class=\"\" style=\"text-align: justify;\" data-block=\"true\" data-editor=\"5ameb\" data-offset-key=\"cm4on-0-0\"><\/div>\n<div style=\"text-align: justify;\">AVISO SOBRE LA VIGENCIA DE CUOTAS COMPENSATORIAS<\/div>\n<div style=\"text-align: justify;\">\n<div class=\"Texto\">Con fundamento en los art\u00edculos 1, 2, inciso B, fracci\u00f3n III y 15 fracciones I y IV del Reglamento Interior de\u00a0la Secretar\u00eda de Econom\u00eda; 11.3 y 11.5 del Acuerdo relativo a la Aplicaci\u00f3n del Art\u00edculo VI del Acuerdo\u00a0General sobre Aranceles Aduaneros y Comercio de 1994; 3 \u00faltimo p\u00e1rrafo, 70, 70 A y 70 B de la Ley de\u00a0Comercio Exterior (LCE), se comunica a los productores nacionales y a cualquier otra persona que tenga\u00a0inter\u00e9s jur\u00eddico, que est\u00e1n pr\u00f3ximas a expirar las cuotas compensatorias definitivas, as\u00ed como los\u00a0compromisos de exportadores, que se indican en este Aviso.<\/div>\n<div><\/div>\n<div class=\"Texto\">Cualquier productor nacional de tales mercanc\u00edas podr\u00e1 expresar a la Secretar\u00eda de Econom\u00eda, por escrito,\u00a0su inter\u00e9s de que inicie un procedimiento de examen para determinar las consecuencias de la supresi\u00f3n de la\u00a0cuota compensatoria que corresponda, as\u00ed como del compromiso de exportadores. En tal caso, deber\u00e1\u00a0proponer un periodo de examen de 6 meses a un a\u00f1o comprendido en el tiempo de vigencia de la cuota\u00a0compensatoria.<\/div>\n<div><\/div>\n<div class=\"Texto\">La manifestaci\u00f3n de inter\u00e9s deber\u00e1 presentarse a m\u00e1s tardar 25 d\u00edas h\u00e1biles antes del t\u00e9rmino de la\u00a0vigencia que corresponda, en la oficial\u00eda de partes de la Unidad de Pr\u00e1cticas Comerciales Internacionales, de\u00a0las 9:00 a las 14:00 horas, cuyos plazos vencen de acuerdo con lo siguiente:<\/div>\n<div><\/div>\n<table>\n<tbody>\n<tr>\n<td>\n<div class=\"Texto\">PRODUCTO<\/div>\n<\/td>\n<td>\n<div class=\"Texto\">FRACCI\u00d3N<br \/>\nARANCELARIA<br \/>\n*<\/div>\n<\/td>\n<td>\n<div class=\"Texto\">PA\u00cdS DE<br \/>\nORIGEN<\/div>\n<\/td>\n<td>\n<div class=\"Texto\">\u00daLTIMO D\u00cdA DE LA<br \/>\nVIGENCIA<\/div>\n<\/td>\n<td>\n<div class=\"Texto\">FECHA L\u00cdMITE PARA<br \/>\nRECIBIR LA<br \/>\nMANIFESTACI\u00d3N DE<br \/>\nINTER\u00c9S<\/div>\n<\/td>\n<\/tr>\n<tr>\n<td>\n<div class=\"Texto\">PAPEL BOND CORTADO<\/div>\n<\/td>\n<td>\n<div class=\"Texto\">4802.56.01<\/div>\n<div class=\"Texto\">4823.90.99<\/div>\n<\/td>\n<td>\n<div class=\"Texto\">Brasil<\/div>\n<\/td>\n<td>\n<div class=\"Texto\">12 de marzo de 2018<\/div>\n<\/td>\n<td>\n<div class=\"Texto\">1 de febrero de 2018<\/div>\n<\/td>\n<\/tr>\n<tr>\n<td>\n<div class=\"Texto\">CADENA DE ACERO DE<br \/>\nESLABONES SOLDADOS<\/div>\n<\/td>\n<td>\n<div class=\"Texto\">7315.82.02<\/div>\n<\/td>\n<td>\n<div class=\"Texto\">China<\/div>\n<\/td>\n<td>\n<div class=\"Texto\">18 de julio de 2018<\/div>\n<\/td>\n<td>\n<div class=\"Texto\">12 de junio de 2018<\/div>\n<\/td>\n<\/tr>\n<tr>\n<td>\n<div class=\"Texto\">POLI\u00c9STER FIBRA CORTA<\/div>\n<\/td>\n<td>\n<div class=\"Texto\">5503.20.01<\/div>\n<div class=\"Texto\">5503.20.02<\/div>\n<div class=\"Texto\">5503.20.03<\/div>\n<div class=\"Texto\">5503.20.99<\/div>\n<\/td>\n<td>\n<div class=\"Texto\">Corea del<br \/>\nSur<\/div>\n<\/td>\n<td>\n<div class=\"Texto\">20 de agosto de 2018<\/div>\n<\/td>\n<td>\n<div class=\"Texto\">13 de julio de 2018<\/div>\n<\/td>\n<\/tr>\n<tr>\n<td>\n<div class=\"Texto\">FERROSILICOMANGANESO<\/div>\n<\/td>\n<td>\n<div class=\"Texto\">7202.30.01<\/div>\n<\/td>\n<td>\n<div class=\"Texto\">Ucrania<\/div>\n<\/td>\n<td>\n<div class=\"Texto\">25 de septiembre de 2018<\/div>\n<\/td>\n<td>\n<div class=\"Texto\">20 de agosto de 2018<\/div>\n<\/td>\n<\/tr>\n<tr>\n<td>\n<div class=\"Texto\">FERROMANGANESO ALTO<br \/>\nCARB\u00d3N<\/div>\n<\/td>\n<td>\n<div class=\"Texto\">7202.11.01<\/div>\n<\/td>\n<td>\n<div class=\"Texto\">China<\/div>\n<\/td>\n<td>\n<div class=\"Texto\">26 de septiembre de 2018<\/div>\n<\/td>\n<td>\n<div class=\"Texto\">21 de agosto de 2018<\/div>\n<\/td>\n<\/tr>\n<tr>\n<td>\n<div class=\"Texto\">L\u00c1MINA ROLADA EN FR\u00cdO**<\/div>\n<\/td>\n<td>\n<div class=\"Texto\">7209.16.01<\/div>\n<div class=\"Texto\">7209.17.01<\/div>\n<div class=\"Texto\">7209.18.01<\/div>\n<div class=\"Texto\">7225.50.027225.50.03<\/div>\n<div class=\"Texto\">7225.50.04<\/div>\n<div class=\"Texto\">7225.50.99<\/div>\n<div class=\"Texto\">9802.00.01<\/div>\n<div class=\"Texto\">9802.00.02<\/div>\n<div class=\"Texto\">9802.00.03<\/div>\n<div class=\"Texto\">9802.00.07<\/div>\n<div class=\"Texto\">9802.00.13<\/div>\n<div class=\"Texto\">9802.00.15<\/div>\n<div class=\"Texto\">9802.00.19<\/div>\n<\/td>\n<td>\n<div class=\"Texto\">Corea del<br \/>\nSur<\/div>\n<\/td>\n<td>\n<div class=\"Texto\">31 de diciembre de 2018<\/div>\n<\/td>\n<td>\n<div class=\"Texto\">13 de noviembre de<br \/>\n2018<\/div>\n<\/td>\n<\/tr>\n<\/tbody>\n<\/table>\n<div class=\"Texto\">* Fracci\u00f3n arancelaria por la que ingresa el producto objeto de la cuota compensatoria o de los\u00a0compromisos de exportadores, de acuerdo con la Tarifa de la Ley de los Impuestos Generales de Importaci\u00f3n\u00a0y de Exportaci\u00f3n.<\/div>\n<div class=\"Texto\">** Mediante Resoluci\u00f3n publicada en el Diario Oficial de la Federaci\u00f3n el 26 de diciembre de 2013, se\u00a0aceptaron los compromisos de exportadores y se suspendi\u00f3 el procedimiento de investigaci\u00f3n antidumping\u00a0sobre las importaciones de este producto.<\/div>\n<div class=\"Texto\">Para mayor informaci\u00f3n dirigirse a la Unidad de Pr\u00e1cticas Comerciales Internacionales de la Secretar\u00eda de\u00a0Econom\u00eda, sita en Insurgentes Sur 1940, planta baja, Col. Florida, C.P. 01030, en la Ciudad de M\u00e9xico, o bien,\u00a0a los tel\u00e9fonos (55) 52 29 61 00, Ext. 33100 y 33104.<\/div>\n<div class=\"Texto\">Ciudad de M\u00e9xico, a 26 de octubre de 2017.-\u00a0El Jefe de la Unidad de Pr\u00e1cticas Comerciales\u00a0Internacionales,\u00a0V\u00edctor M. Aguilar P\u00e9rez.- R\u00fabrica.<\/div>\n<\/div>\n<div><\/div>\n<div>Link: http:\/\/www.dof.gob.mx\/nota_detalle.php?codigo=5503746&amp;fecha=07\/11\/2017<\/div>\n<div style=\"text-align: justify;\"><\/div>\n<div style=\"text-align: justify;\"><\/div>\n<div style=\"text-align: justify;\" data-offset-key=\"cm4on-0-0\"><\/div>\n","protected":false},"excerpt":{"rendered":"<p>Publicaci\u00f3n DOF 7 Noviembre 2017 \u00a0 AVISO SOBRE LA VIGENCIA DE CUOTAS COMPENSATORIAS Con fundamento en los art\u00edculos 1, 2, inciso B, fracci\u00f3n III y 15 fracciones I y IV del Reglamento Interior de\u00a0la Secretar\u00eda de Econom\u00eda; 11.3 y 11.5 [&hellip;]<\/p>\n","protected":false},"author":1,"featured_media":2016,"comment_status":"closed","ping_status":"open","sticky":false,"template":"","format":"standard","meta":{"inline_featured_image":false,"_jetpack_memberships_contains_paid_content":false,"footnotes":""},"categories":[174],"tags":[226,258,201,256],"class_list":["post-2262","post","type-post","status-publish","format-standard","has-post-thumbnail","hentry","category-publicaciones-d-o-f","tag-diario-oficial-de-la-federacion","tag-diario-oficial-de-la-federacion-dof","tag-dof","tag-tarifa-de-la-ley-de-los-impuestos-generales-de-importacion-y-de-exportacion"],"yoast_head":"<!-- This site is optimized with the Yoast SEO plugin v20.9 - https:\/\/yoast.com\/wordpress\/plugins\/seo\/ -->\n<title>Publicaci\u00f3n DOF 7 Noviembre 2017 DOF - Campa<\/title>\n<meta name=\"robots\" content=\"index, follow, max-snippet:-1, max-image-preview:large, max-video-preview:-1\" \/>\n<link rel=\"canonical\" href=\"https:\/\/www.campa.com.mx\/site\/publicacion-dof-7-noviembre-2017-dof\/\" \/>\n<meta property=\"og:locale\" content=\"es_ES\" \/>\n<meta property=\"og:type\" content=\"article\" \/>\n<meta property=\"og:title\" content=\"Publicaci\u00f3n DOF 7 Noviembre 2017 DOF - Campa\" \/>\n<meta property=\"og:description\" content=\"Publicaci\u00f3n DOF 7 Noviembre 2017 \u00a0 AVISO SOBRE LA VIGENCIA DE CUOTAS COMPENSATORIAS Con fundamento en los art\u00edculos 1, 2, inciso B, fracci\u00f3n III y 15 fracciones I y IV del Reglamento Interior de\u00a0la Secretar\u00eda de Econom\u00eda; 11.3 y 11.5 [&hellip;]\" \/>\n<meta property=\"og:url\" content=\"https:\/\/www.campa.com.mx\/site\/publicacion-dof-7-noviembre-2017-dof\/\" \/>\n<meta property=\"og:site_name\" content=\"Campa\" \/>\n<meta property=\"article:publisher\" content=\"https:\/\/www.facebook.com\/MovimientoAnexo24\" \/>\n<meta property=\"article:published_time\" content=\"2017-11-07T15:20:27+00:00\" \/>\n<meta property=\"article:modified_time\" content=\"2017-11-08T15:21:58+00:00\" \/>\n<meta property=\"og:image\" content=\"https:\/\/www.campa.com.mx\/site\/wp-content\/uploads\/2017\/09\/diario-oficial-de-la-federacion-logo.png\" \/>\n\t<meta property=\"og:image:width\" content=\"1196\" \/>\n\t<meta property=\"og:image:height\" content=\"696\" \/>\n\t<meta property=\"og:image:type\" content=\"image\/png\" \/>\n<meta name=\"author\" content=\"campa\" \/>\n<meta name=\"twitter:card\" content=\"summary_large_image\" \/>\n<meta name=\"twitter:creator\" content=\"@artycampa\" \/>\n<meta name=\"twitter:site\" content=\"@artycampa\" \/>\n<meta name=\"twitter:label1\" content=\"Escrito por\" \/>\n\t<meta name=\"twitter:data1\" content=\"campa\" \/>\n\t<meta name=\"twitter:label2\" content=\"Tiempo de lectura\" \/>\n\t<meta name=\"twitter:data2\" content=\"2 minutos\" \/>\n<script type=\"application\/ld+json\" class=\"yoast-schema-graph\">{\"@context\":\"https:\/\/schema.org\",\"@graph\":[{\"@type\":\"WebPage\",\"@id\":\"https:\/\/www.campa.com.mx\/site\/publicacion-dof-7-noviembre-2017-dof\/\",\"url\":\"https:\/\/www.campa.com.mx\/site\/publicacion-dof-7-noviembre-2017-dof\/\",\"name\":\"Publicaci\u00f3n DOF 7 Noviembre 2017 DOF - Campa\",\"isPartOf\":{\"@id\":\"https:\/\/www.campa.com.mx\/site\/#website\"},\"datePublished\":\"2017-11-07T15:20:27+00:00\",\"dateModified\":\"2017-11-08T15:21:58+00:00\",\"author\":{\"@id\":\"https:\/\/www.campa.com.mx\/site\/#\/schema\/person\/5bf1874b81661ed013f5aa29df30761c\"},\"breadcrumb\":{\"@id\":\"https:\/\/www.campa.com.mx\/site\/publicacion-dof-7-noviembre-2017-dof\/#breadcrumb\"},\"inLanguage\":\"es\",\"potentialAction\":[{\"@type\":\"ReadAction\",\"target\":[\"https:\/\/www.campa.com.mx\/site\/publicacion-dof-7-noviembre-2017-dof\/\"]}]},{\"@type\":\"BreadcrumbList\",\"@id\":\"https:\/\/www.campa.com.mx\/site\/publicacion-dof-7-noviembre-2017-dof\/#breadcrumb\",\"itemListElement\":[{\"@type\":\"ListItem\",\"position\":1,\"name\":\"Portada\",\"item\":\"https:\/\/www.campa.com.mx\/site\/\"},{\"@type\":\"ListItem\",\"position\":2,\"name\":\"Publicaci\u00f3n DOF 7 Noviembre 2017 DOF\"}]},{\"@type\":\"WebSite\",\"@id\":\"https:\/\/www.campa.com.mx\/site\/#website\",\"url\":\"https:\/\/www.campa.com.mx\/site\/\",\"name\":\"Campa\",\"description\":\"Tecnolog\u00eda - Comercio Exterior - Servicios\",\"potentialAction\":[{\"@type\":\"SearchAction\",\"target\":{\"@type\":\"EntryPoint\",\"urlTemplate\":\"https:\/\/www.campa.com.mx\/site\/?s={search_term_string}\"},\"query-input\":\"required name=search_term_string\"}],\"inLanguage\":\"es\"},{\"@type\":\"Person\",\"@id\":\"https:\/\/www.campa.com.mx\/site\/#\/schema\/person\/5bf1874b81661ed013f5aa29df30761c\",\"name\":\"campa\",\"image\":{\"@type\":\"ImageObject\",\"inLanguage\":\"es\",\"@id\":\"https:\/\/www.campa.com.mx\/site\/#\/schema\/person\/image\/\",\"url\":\"https:\/\/secure.gravatar.com\/avatar\/921e6e5cffb9d78857948e938192591b9fd4168d0b55cc795582b49d9dc52bb1?s=96&d=mm&r=g\",\"contentUrl\":\"https:\/\/secure.gravatar.com\/avatar\/921e6e5cffb9d78857948e938192591b9fd4168d0b55cc795582b49d9dc52bb1?s=96&d=mm&r=g\",\"caption\":\"campa\"}}]}<\/script>\n<!-- \/ Yoast SEO plugin. -->","yoast_head_json":{"title":"Publicaci\u00f3n DOF 7 Noviembre 2017 DOF - Campa","robots":{"index":"index","follow":"follow","max-snippet":"max-snippet:-1","max-image-preview":"max-image-preview:large","max-video-preview":"max-video-preview:-1"},"canonical":"https:\/\/www.campa.com.mx\/site\/publicacion-dof-7-noviembre-2017-dof\/","og_locale":"es_ES","og_type":"article","og_title":"Publicaci\u00f3n DOF 7 Noviembre 2017 DOF - Campa","og_description":"Publicaci\u00f3n DOF 7 Noviembre 2017 \u00a0 AVISO SOBRE LA VIGENCIA DE CUOTAS COMPENSATORIAS Con fundamento en los art\u00edculos 1, 2, inciso B, fracci\u00f3n III y 15 fracciones I y IV del Reglamento Interior de\u00a0la Secretar\u00eda de Econom\u00eda; 11.3 y 11.5 [&hellip;]","og_url":"https:\/\/www.campa.com.mx\/site\/publicacion-dof-7-noviembre-2017-dof\/","og_site_name":"Campa","article_publisher":"https:\/\/www.facebook.com\/MovimientoAnexo24","article_published_time":"2017-11-07T15:20:27+00:00","article_modified_time":"2017-11-08T15:21:58+00:00","og_image":[{"width":1196,"height":696,"url":"https:\/\/www.campa.com.mx\/site\/wp-content\/uploads\/2017\/09\/diario-oficial-de-la-federacion-logo.png","type":"image\/png"}],"author":"campa","twitter_card":"summary_large_image","twitter_creator":"@artycampa","twitter_site":"@artycampa","twitter_misc":{"Escrito por":"campa","Tiempo de lectura":"2 minutos"},"schema":{"@context":"https:\/\/schema.org","@graph":[{"@type":"WebPage","@id":"https:\/\/www.campa.com.mx\/site\/publicacion-dof-7-noviembre-2017-dof\/","url":"https:\/\/www.campa.com.mx\/site\/publicacion-dof-7-noviembre-2017-dof\/","name":"Publicaci\u00f3n DOF 7 Noviembre 2017 DOF - Campa","isPartOf":{"@id":"https:\/\/www.campa.com.mx\/site\/#website"},"datePublished":"2017-11-07T15:20:27+00:00","dateModified":"2017-11-08T15:21:58+00:00","author":{"@id":"https:\/\/www.campa.com.mx\/site\/#\/schema\/person\/5bf1874b81661ed013f5aa29df30761c"},"breadcrumb":{"@id":"https:\/\/www.campa.com.mx\/site\/publicacion-dof-7-noviembre-2017-dof\/#breadcrumb"},"inLanguage":"es","potentialAction":[{"@type":"ReadAction","target":["https:\/\/www.campa.com.mx\/site\/publicacion-dof-7-noviembre-2017-dof\/"]}]},{"@type":"BreadcrumbList","@id":"https:\/\/www.campa.com.mx\/site\/publicacion-dof-7-noviembre-2017-dof\/#breadcrumb","itemListElement":[{"@type":"ListItem","position":1,"name":"Portada","item":"https:\/\/www.campa.com.mx\/site\/"},{"@type":"ListItem","position":2,"name":"Publicaci\u00f3n DOF 7 Noviembre 2017 DOF"}]},{"@type":"WebSite","@id":"https:\/\/www.campa.com.mx\/site\/#website","url":"https:\/\/www.campa.com.mx\/site\/","name":"Campa","description":"Tecnolog\u00eda - Comercio Exterior - Servicios","potentialAction":[{"@type":"SearchAction","target":{"@type":"EntryPoint","urlTemplate":"https:\/\/www.campa.com.mx\/site\/?s={search_term_string}"},"query-input":"required name=search_term_string"}],"inLanguage":"es"},{"@type":"Person","@id":"https:\/\/www.campa.com.mx\/site\/#\/schema\/person\/5bf1874b81661ed013f5aa29df30761c","name":"campa","image":{"@type":"ImageObject","inLanguage":"es","@id":"https:\/\/www.campa.com.mx\/site\/#\/schema\/person\/image\/","url":"https:\/\/secure.gravatar.com\/avatar\/921e6e5cffb9d78857948e938192591b9fd4168d0b55cc795582b49d9dc52bb1?s=96&d=mm&r=g","contentUrl":"https:\/\/secure.gravatar.com\/avatar\/921e6e5cffb9d78857948e938192591b9fd4168d0b55cc795582b49d9dc52bb1?s=96&d=mm&r=g","caption":"campa"}}]}},"jetpack_featured_media_url":"https:\/\/www.campa.com.mx\/site\/wp-content\/uploads\/2017\/09\/diario-oficial-de-la-federacion-logo.png","jetpack_sharing_enabled":true,"_links":{"self":[{"href":"https:\/\/www.campa.com.mx\/site\/wp-json\/wp\/v2\/posts\/2262","targetHints":{"allow":["GET"]}}],"collection":[{"href":"https:\/\/www.campa.com.mx\/site\/wp-json\/wp\/v2\/posts"}],"about":[{"href":"https:\/\/www.campa.com.mx\/site\/wp-json\/wp\/v2\/types\/post"}],"author":[{"embeddable":true,"href":"https:\/\/www.campa.com.mx\/site\/wp-json\/wp\/v2\/users\/1"}],"replies":[{"embeddable":true,"href":"https:\/\/www.campa.com.mx\/site\/wp-json\/wp\/v2\/comments?post=2262"}],"version-history":[{"count":7,"href":"https:\/\/www.campa.com.mx\/site\/wp-json\/wp\/v2\/posts\/2262\/revisions"}],"predecessor-version":[{"id":2269,"href":"https:\/\/www.campa.com.mx\/site\/wp-json\/wp\/v2\/posts\/2262\/revisions\/2269"}],"wp:featuredmedia":[{"embeddable":true,"href":"https:\/\/www.campa.com.mx\/site\/wp-json\/wp\/v2\/media\/2016"}],"wp:attachment":[{"href":"https:\/\/www.campa.com.mx\/site\/wp-json\/wp\/v2\/media?parent=2262"}],"wp:term":[{"taxonomy":"category","embeddable":true,"href":"https:\/\/www.campa.com.mx\/site\/wp-json\/wp\/v2\/categories?post=2262"},{"taxonomy":"post_tag","embeddable":true,"href":"https:\/\/www.campa.com.mx\/site\/wp-json\/wp\/v2\/tags?post=2262"}],"curies":[{"name":"wp","href":"https:\/\/api.w.org\/{rel}","templated":true}]}}