{"id":2477,"date":"2017-12-20T14:58:34","date_gmt":"2017-12-20T14:58:34","guid":{"rendered":"http:\/\/www.campa.com.mx\/site\/?p=2477"},"modified":"2017-12-20T14:58:34","modified_gmt":"2017-12-20T14:58:34","slug":"declaran-zona-economica-especial-a-salina-cruz-oaxaca","status":"publish","type":"post","link":"https:\/\/www.campa.com.mx\/site\/declaran-zona-economica-especial-a-salina-cruz-oaxaca\/","title":{"rendered":"Declaran Zona Econ\u00f3mica Especial a Salina Cruz, Oaxaca"},"content":{"rendered":"<p style=\"text-align: justify;\">El presidente Enrique Pe\u00f1a Nieto firm\u00f3 ayer martes 19 de Diciembre la declaratoria de Zona Econ\u00f3mica Especial (ZEE) para Salina Cruz y para Progreso.<\/p>\n<p style=\"text-align: justify;\">En presencia de inversionistas nacionales y extranjeros, y de autoridades locales, estatales y federales, el priista record\u00f3 que las ZEE constituyen un proyecto que busca detonar de manera estrat\u00e9gica el desarrollo de cinco regiones, espec\u00edficamente en el sur-sureste del pa\u00eds.<\/p>\n<p style=\"text-align: justify;\">As\u00ed, dijo Pe\u00f1a, su Gobierno \u201cimpulsa la transformaci\u00f3n de zonas que, teniendo gran potencial de desarrollo, se han quedado rezagadas\u201d, y pone especial atenci\u00f3n en la regi\u00f3n que hist\u00f3ricamente ha padecido los m\u00e1s altos \u00edndices de pobreza y marginaci\u00f3n.<\/p>\n<p style=\"text-align: justify;\">Ante el Gobernador de Yucat\u00e1n, Rolando Zapata Bello, el mandatario federal record\u00f3 que la ZEE es un \u00e1rea delimitada geogr\u00e1ficamente donde se ofrece un entorno de negocios excepcional: beneficios fiscales, r\u00e9gimen aduanero especial, marco regulatorio \u00e1gil, infraestructura competitiva y diversos programas de apoyo, buscando generar empleos de calidad, elevar la competitividad y detonar el crecimiento econ\u00f3mico y social.<\/p>\n<p style=\"text-align: justify;\">Con el establecimiento de la ZEE, el Gobierno federal busca la atracci\u00f3n de inversi\u00f3n nacional y extranjera, generar y fortalecer cadenas de valor locales, fomentar las exportaciones y aumentos en la productividad, para mejorar el bienestar de la poblaci\u00f3n en la regi\u00f3n.<\/p>\n<p><img loading=\"lazy\" decoding=\"async\" class=\"alignnone size-full wp-image-2487\" src=\"http:\/\/www.campa.com.mx\/site\/wp-content\/uploads\/2017\/12\/oaxaca-ePN-696x392.jpg\" alt=\"oaxaca-ePN-696x392\" width=\"696\" height=\"392\" srcset=\"https:\/\/www.campa.com.mx\/site\/wp-content\/uploads\/2017\/12\/oaxaca-ePN-696x392.jpg 696w, https:\/\/www.campa.com.mx\/site\/wp-content\/uploads\/2017\/12\/oaxaca-ePN-696x392-300x169.jpg 300w\" sizes=\"auto, (max-width: 696px) 100vw, 696px\" \/><\/p>\n<p style=\"text-align: justify;\">Sin embargo, Enrique Pe\u00f1a Nieto advirti\u00f3 que el cambio no se reflejar\u00e1 de la noche a la ma\u00f1ana, sino que tomar\u00e1 tiempo y varios a\u00f1os consolidar el proyecto para el cual su administraci\u00f3n, refiri\u00f3, ha sembrado la semilla. \u201cNo ser\u00e1 una soluci\u00f3n m\u00e1gica\u201d, enfatiz\u00f3 el Pe\u00f1a Nieto.<\/p>\n<p style=\"text-align: justify;\">Con las declaratorias de ayer, en M\u00e9xico ya suman cinco Zonas Econ\u00f3micas Especiales, y el Gobierno federal aspira a que se concreten dos m\u00e1s. Se tiene previsto que en unos 10 o 15 a\u00f1os, se aterricen inversiones por el orden de los 36 mil millones de d\u00f3lares, lo que se traducir\u00e1 en mayor competitividad y desarrollo social, y mejores empleos.<\/p>\n<p style=\"text-align: justify;\">Al momento, y luego de establecer las primeros cinco ZEE, se ha contemplado la inversi\u00f3n de seis mil 200 millones de d\u00f3lares, por parte de diversas empresas.<\/p>\n<p style=\"text-align: justify;\">En el tema de la reconstrucci\u00f3n, tras los sismos de septiembre, el Presidente Enrique Pe\u00f1a Nieto asegur\u00f3 que \u201cvamos bien\u201d. Al respecto, dijo que se ha entregado ya el 95 por ciento de las tarjetas para las familias que resultaron damnificadas. En Oaxaca, cabe recordar, 27 mil hogares resultaron da\u00f1ados con los movimientos tel\u00faricos de hace tres meses.<\/p>\n<p style=\"text-align: justify;\">El gobernador Alejandro Murat destac\u00f3 que con la firma de este decreto se cambiar\u00e1 el rostro de Oaxaca. \u201cCon la apertura de la Zona Econ\u00f3mica Especial de Salina Cruz, el estado de Oaxaca abre una nueva puerta al desarrollo y a una m\u00e1s vigorosa din\u00e1mica comercial para el Sur-Sureste de M\u00e9xico, una franja geogr\u00e1fica que desde hace mucho tiempo ha estado en desventaja econ\u00f3mica e industrial en comparaci\u00f3n con el centro y norte del pa\u00eds\u201d, subray\u00f3.<\/p>\n<p style=\"text-align: justify;\">Murat dijo que la entidad, por d\u00e9cadas, ha estado al margen del progreso e inversiones, derivado de factores sociales que impiden el crecimiento de la misma, sin embargo, \u201choy despu\u00e9s de haber construido entre todos los actores institucionales, legislativos, empresariales y comunitarios, el andamiaje necesario para dar viabilidad y certeza a este gran proyecto, damos el banderazo de inicio a lo que ser\u00e1 un parteaguas en el desarrollo de Oaxaca\u201d.<\/p>\n<p>&nbsp;<\/p>\n<p>fuente:mexicoxport<\/p>\n<div class=\"td-g-rec td-g-rec-id-content_bottom\" style=\"text-align: justify;\"><\/div>\n","protected":false},"excerpt":{"rendered":"<p>El presidente Enrique Pe\u00f1a Nieto firm\u00f3 ayer martes 19 de Diciembre la declaratoria de Zona Econ\u00f3mica Especial (ZEE) para Salina Cruz y para Progreso. En presencia de inversionistas nacionales y extranjeros, y de autoridades locales, estatales y federales, el priista [&hellip;]<\/p>\n","protected":false},"author":1,"featured_media":2479,"comment_status":"open","ping_status":"open","sticky":false,"template":"","format":"standard","meta":{"inline_featured_image":false,"_jetpack_memberships_contains_paid_content":false,"footnotes":""},"categories":[1],"tags":[326,239,238],"class_list":["post-2477","post","type-post","status-publish","format-standard","has-post-thumbnail","hentry","category-campa","tag-oaxaca","tag-zee","tag-zona-economica-especial"],"yoast_head":"<!-- This site is optimized with the Yoast SEO plugin v20.9 - https:\/\/yoast.com\/wordpress\/plugins\/seo\/ -->\n<title>Declaran Zona Econ\u00f3mica Especial a Salina Cruz, Oaxaca - Campa<\/title>\n<meta name=\"robots\" content=\"index, follow, max-snippet:-1, max-image-preview:large, max-video-preview:-1\" \/>\n<link rel=\"canonical\" href=\"https:\/\/www.campa.com.mx\/site\/declaran-zona-economica-especial-a-salina-cruz-oaxaca\/\" \/>\n<meta property=\"og:locale\" content=\"es_ES\" \/>\n<meta property=\"og:type\" content=\"article\" \/>\n<meta property=\"og:title\" content=\"Declaran Zona Econ\u00f3mica Especial a Salina Cruz, Oaxaca - Campa\" \/>\n<meta property=\"og:description\" content=\"El presidente Enrique Pe\u00f1a Nieto firm\u00f3 ayer martes 19 de Diciembre la declaratoria de Zona Econ\u00f3mica Especial (ZEE) para Salina Cruz y para Progreso. En presencia de inversionistas nacionales y extranjeros, y de autoridades locales, estatales y federales, el priista [&hellip;]\" \/>\n<meta property=\"og:url\" content=\"https:\/\/www.campa.com.mx\/site\/declaran-zona-economica-especial-a-salina-cruz-oaxaca\/\" \/>\n<meta property=\"og:site_name\" content=\"Campa\" \/>\n<meta property=\"article:publisher\" content=\"https:\/\/www.facebook.com\/MovimientoAnexo24\" \/>\n<meta property=\"article:published_time\" content=\"2017-12-20T14:58:34+00:00\" \/>\n<meta property=\"og:image\" content=\"https:\/\/www.campa.com.mx\/site\/wp-content\/uploads\/2017\/12\/Captura-de-pantalla-2017-12-20-a-las-08.51.28.png\" \/>\n\t<meta property=\"og:image:width\" content=\"1191\" \/>\n\t<meta property=\"og:image:height\" content=\"692\" \/>\n\t<meta property=\"og:image:type\" content=\"image\/png\" \/>\n<meta name=\"author\" content=\"campa\" \/>\n<meta name=\"twitter:card\" content=\"summary_large_image\" \/>\n<meta name=\"twitter:creator\" content=\"@artycampa\" \/>\n<meta name=\"twitter:site\" content=\"@artycampa\" \/>\n<meta name=\"twitter:label1\" content=\"Escrito por\" \/>\n\t<meta name=\"twitter:data1\" content=\"campa\" \/>\n\t<meta name=\"twitter:label2\" content=\"Tiempo de lectura\" \/>\n\t<meta name=\"twitter:data2\" content=\"3 minutos\" \/>\n<script type=\"application\/ld+json\" class=\"yoast-schema-graph\">{\"@context\":\"https:\/\/schema.org\",\"@graph\":[{\"@type\":\"WebPage\",\"@id\":\"https:\/\/www.campa.com.mx\/site\/declaran-zona-economica-especial-a-salina-cruz-oaxaca\/\",\"url\":\"https:\/\/www.campa.com.mx\/site\/declaran-zona-economica-especial-a-salina-cruz-oaxaca\/\",\"name\":\"Declaran Zona Econ\u00f3mica Especial a Salina Cruz, Oaxaca - Campa\",\"isPartOf\":{\"@id\":\"https:\/\/www.campa.com.mx\/site\/#website\"},\"datePublished\":\"2017-12-20T14:58:34+00:00\",\"dateModified\":\"2017-12-20T14:58:34+00:00\",\"author\":{\"@id\":\"https:\/\/www.campa.com.mx\/site\/#\/schema\/person\/5bf1874b81661ed013f5aa29df30761c\"},\"breadcrumb\":{\"@id\":\"https:\/\/www.campa.com.mx\/site\/declaran-zona-economica-especial-a-salina-cruz-oaxaca\/#breadcrumb\"},\"inLanguage\":\"es\",\"potentialAction\":[{\"@type\":\"ReadAction\",\"target\":[\"https:\/\/www.campa.com.mx\/site\/declaran-zona-economica-especial-a-salina-cruz-oaxaca\/\"]}]},{\"@type\":\"BreadcrumbList\",\"@id\":\"https:\/\/www.campa.com.mx\/site\/declaran-zona-economica-especial-a-salina-cruz-oaxaca\/#breadcrumb\",\"itemListElement\":[{\"@type\":\"ListItem\",\"position\":1,\"name\":\"Portada\",\"item\":\"https:\/\/www.campa.com.mx\/site\/\"},{\"@type\":\"ListItem\",\"position\":2,\"name\":\"Declaran Zona Econ\u00f3mica Especial a Salina Cruz, Oaxaca\"}]},{\"@type\":\"WebSite\",\"@id\":\"https:\/\/www.campa.com.mx\/site\/#website\",\"url\":\"https:\/\/www.campa.com.mx\/site\/\",\"name\":\"Campa\",\"description\":\"Tecnolog\u00eda - Comercio Exterior - Servicios\",\"potentialAction\":[{\"@type\":\"SearchAction\",\"target\":{\"@type\":\"EntryPoint\",\"urlTemplate\":\"https:\/\/www.campa.com.mx\/site\/?s={search_term_string}\"},\"query-input\":\"required name=search_term_string\"}],\"inLanguage\":\"es\"},{\"@type\":\"Person\",\"@id\":\"https:\/\/www.campa.com.mx\/site\/#\/schema\/person\/5bf1874b81661ed013f5aa29df30761c\",\"name\":\"campa\",\"image\":{\"@type\":\"ImageObject\",\"inLanguage\":\"es\",\"@id\":\"https:\/\/www.campa.com.mx\/site\/#\/schema\/person\/image\/\",\"url\":\"https:\/\/secure.gravatar.com\/avatar\/921e6e5cffb9d78857948e938192591b9fd4168d0b55cc795582b49d9dc52bb1?s=96&d=mm&r=g\",\"contentUrl\":\"https:\/\/secure.gravatar.com\/avatar\/921e6e5cffb9d78857948e938192591b9fd4168d0b55cc795582b49d9dc52bb1?s=96&d=mm&r=g\",\"caption\":\"campa\"}}]}<\/script>\n<!-- \/ Yoast SEO plugin. -->","yoast_head_json":{"title":"Declaran Zona Econ\u00f3mica Especial a Salina Cruz, Oaxaca - Campa","robots":{"index":"index","follow":"follow","max-snippet":"max-snippet:-1","max-image-preview":"max-image-preview:large","max-video-preview":"max-video-preview:-1"},"canonical":"https:\/\/www.campa.com.mx\/site\/declaran-zona-economica-especial-a-salina-cruz-oaxaca\/","og_locale":"es_ES","og_type":"article","og_title":"Declaran Zona Econ\u00f3mica Especial a Salina Cruz, Oaxaca - Campa","og_description":"El presidente Enrique Pe\u00f1a Nieto firm\u00f3 ayer martes 19 de Diciembre la declaratoria de Zona Econ\u00f3mica Especial (ZEE) para Salina Cruz y para Progreso. En presencia de inversionistas nacionales y extranjeros, y de autoridades locales, estatales y federales, el priista [&hellip;]","og_url":"https:\/\/www.campa.com.mx\/site\/declaran-zona-economica-especial-a-salina-cruz-oaxaca\/","og_site_name":"Campa","article_publisher":"https:\/\/www.facebook.com\/MovimientoAnexo24","article_published_time":"2017-12-20T14:58:34+00:00","og_image":[{"width":1191,"height":692,"url":"https:\/\/www.campa.com.mx\/site\/wp-content\/uploads\/2017\/12\/Captura-de-pantalla-2017-12-20-a-las-08.51.28.png","type":"image\/png"}],"author":"campa","twitter_card":"summary_large_image","twitter_creator":"@artycampa","twitter_site":"@artycampa","twitter_misc":{"Escrito por":"campa","Tiempo de lectura":"3 minutos"},"schema":{"@context":"https:\/\/schema.org","@graph":[{"@type":"WebPage","@id":"https:\/\/www.campa.com.mx\/site\/declaran-zona-economica-especial-a-salina-cruz-oaxaca\/","url":"https:\/\/www.campa.com.mx\/site\/declaran-zona-economica-especial-a-salina-cruz-oaxaca\/","name":"Declaran Zona Econ\u00f3mica Especial a Salina Cruz, Oaxaca - Campa","isPartOf":{"@id":"https:\/\/www.campa.com.mx\/site\/#website"},"datePublished":"2017-12-20T14:58:34+00:00","dateModified":"2017-12-20T14:58:34+00:00","author":{"@id":"https:\/\/www.campa.com.mx\/site\/#\/schema\/person\/5bf1874b81661ed013f5aa29df30761c"},"breadcrumb":{"@id":"https:\/\/www.campa.com.mx\/site\/declaran-zona-economica-especial-a-salina-cruz-oaxaca\/#breadcrumb"},"inLanguage":"es","potentialAction":[{"@type":"ReadAction","target":["https:\/\/www.campa.com.mx\/site\/declaran-zona-economica-especial-a-salina-cruz-oaxaca\/"]}]},{"@type":"BreadcrumbList","@id":"https:\/\/www.campa.com.mx\/site\/declaran-zona-economica-especial-a-salina-cruz-oaxaca\/#breadcrumb","itemListElement":[{"@type":"ListItem","position":1,"name":"Portada","item":"https:\/\/www.campa.com.mx\/site\/"},{"@type":"ListItem","position":2,"name":"Declaran Zona Econ\u00f3mica Especial a Salina Cruz, Oaxaca"}]},{"@type":"WebSite","@id":"https:\/\/www.campa.com.mx\/site\/#website","url":"https:\/\/www.campa.com.mx\/site\/","name":"Campa","description":"Tecnolog\u00eda - Comercio Exterior - Servicios","potentialAction":[{"@type":"SearchAction","target":{"@type":"EntryPoint","urlTemplate":"https:\/\/www.campa.com.mx\/site\/?s={search_term_string}"},"query-input":"required name=search_term_string"}],"inLanguage":"es"},{"@type":"Person","@id":"https:\/\/www.campa.com.mx\/site\/#\/schema\/person\/5bf1874b81661ed013f5aa29df30761c","name":"campa","image":{"@type":"ImageObject","inLanguage":"es","@id":"https:\/\/www.campa.com.mx\/site\/#\/schema\/person\/image\/","url":"https:\/\/secure.gravatar.com\/avatar\/921e6e5cffb9d78857948e938192591b9fd4168d0b55cc795582b49d9dc52bb1?s=96&d=mm&r=g","contentUrl":"https:\/\/secure.gravatar.com\/avatar\/921e6e5cffb9d78857948e938192591b9fd4168d0b55cc795582b49d9dc52bb1?s=96&d=mm&r=g","caption":"campa"}}]}},"jetpack_featured_media_url":"https:\/\/www.campa.com.mx\/site\/wp-content\/uploads\/2017\/12\/Captura-de-pantalla-2017-12-20-a-las-08.51.28.png","jetpack_sharing_enabled":true,"_links":{"self":[{"href":"https:\/\/www.campa.com.mx\/site\/wp-json\/wp\/v2\/posts\/2477","targetHints":{"allow":["GET"]}}],"collection":[{"href":"https:\/\/www.campa.com.mx\/site\/wp-json\/wp\/v2\/posts"}],"about":[{"href":"https:\/\/www.campa.com.mx\/site\/wp-json\/wp\/v2\/types\/post"}],"author":[{"embeddable":true,"href":"https:\/\/www.campa.com.mx\/site\/wp-json\/wp\/v2\/users\/1"}],"replies":[{"embeddable":true,"href":"https:\/\/www.campa.com.mx\/site\/wp-json\/wp\/v2\/comments?post=2477"}],"version-history":[{"count":12,"href":"https:\/\/www.campa.com.mx\/site\/wp-json\/wp\/v2\/posts\/2477\/revisions"}],"predecessor-version":[{"id":2491,"href":"https:\/\/www.campa.com.mx\/site\/wp-json\/wp\/v2\/posts\/2477\/revisions\/2491"}],"wp:featuredmedia":[{"embeddable":true,"href":"https:\/\/www.campa.com.mx\/site\/wp-json\/wp\/v2\/media\/2479"}],"wp:attachment":[{"href":"https:\/\/www.campa.com.mx\/site\/wp-json\/wp\/v2\/media?parent=2477"}],"wp:term":[{"taxonomy":"category","embeddable":true,"href":"https:\/\/www.campa.com.mx\/site\/wp-json\/wp\/v2\/categories?post=2477"},{"taxonomy":"post_tag","embeddable":true,"href":"https:\/\/www.campa.com.mx\/site\/wp-json\/wp\/v2\/tags?post=2477"}],"curies":[{"name":"wp","href":"https:\/\/api.w.org\/{rel}","templated":true}]}}