{"id":2493,"date":"2017-12-21T17:56:05","date_gmt":"2017-12-21T17:56:05","guid":{"rendered":"http:\/\/www.campa.com.mx\/site\/?p=2493"},"modified":"2017-12-21T17:56:05","modified_gmt":"2017-12-21T17:56:05","slug":"sector-automotriz-la-clave-en-el-tlcan","status":"publish","type":"post","link":"https:\/\/www.campa.com.mx\/site\/sector-automotriz-la-clave-en-el-tlcan\/","title":{"rendered":"Sector automotriz, la clave en el TLCAN"},"content":{"rendered":"<p style=\"text-align: justify;\">La industria automotriz ha avanzado con paso firme en M\u00e9xico en los \u00faltimos a\u00f1os.<\/p>\n<p style=\"text-align: justify;\">En el primer cuatrimestre de este a\u00f1o, se produjeron un mill\u00f3n 221,877 autos en el pa\u00eds, 13.6% m\u00e1s que en 2016, de acuerdo con datos de la Asociaci\u00f3n Mexicana de la Industria Automotriz (AMIA).<\/p>\n<p style=\"text-align: justify;\">De ese total, el 80.12% fue exportado, equivalente a 978,972 unidades, 14.6% m\u00e1s que en el mismo periodo del a\u00f1o pasado.<\/p>\n<p style=\"text-align: justify;\">La surcoreana Kia Motors es el m\u00e1s reciente arribo de una automotriz al pa\u00eds y con su nueva planta en Pesquer\u00eda, Nuevo Le\u00f3n, ha proyectado grandes\u00a0planes de producci\u00f3n\u00a0y exportaci\u00f3n.<\/p>\n<p style=\"text-align: justify;\">El principal pa\u00eds al que M\u00e9xico exporta sus veh\u00edculos es Estados Unidos\u2026 y por mucho.<\/p>\n<p style=\"text-align: justify;\">Durante los primeros cuatro meses de 2017, los autos vendidos a Estados Unidos representan el 76.4% del total de las exportaciones; como segundo destino se tuvo a Canad\u00e1, con el 9.0% y en tercer lugar est\u00e1 Alemania, con 3.1%, inform\u00f3 la AMIA.<\/p>\n<p style=\"text-align: justify;\">Con esto, los autos exportados a Estados Unidos, bajo el marco del TLCAN, sumaron 748,033, lo que representa un aumento de 15.5% con respecto al primer cuatrimestre de 2016.<\/p>\n<p><img loading=\"lazy\" decoding=\"async\" class=\"alignnone size-full wp-image-2507\" src=\"http:\/\/www.campa.com.mx\/site\/wp-content\/uploads\/2017\/12\/Captura-de-pantalla-2017-12-21-a-las-11.53.45.png\" alt=\"Captura de pantalla 2017-12-21 a la(s) 11.53.45.png\" width=\"675\" height=\"866\" srcset=\"https:\/\/www.campa.com.mx\/site\/wp-content\/uploads\/2017\/12\/Captura-de-pantalla-2017-12-21-a-las-11.53.45.png 675w, https:\/\/www.campa.com.mx\/site\/wp-content\/uploads\/2017\/12\/Captura-de-pantalla-2017-12-21-a-las-11.53.45-234x300.png 234w\" sizes=\"auto, (max-width: 675px) 100vw, 675px\" \/><\/p>\n","protected":false},"excerpt":{"rendered":"<p>La industria automotriz ha avanzado con paso firme en M\u00e9xico en los \u00faltimos a\u00f1os. En el primer cuatrimestre de este a\u00f1o, se produjeron un mill\u00f3n 221,877 autos en el pa\u00eds, 13.6% m\u00e1s que en 2016, de acuerdo con datos de [&hellip;]<\/p>\n","protected":false},"author":1,"featured_media":2505,"comment_status":"open","ping_status":"open","sticky":false,"template":"","format":"standard","meta":{"inline_featured_image":false,"_jetpack_memberships_contains_paid_content":false,"footnotes":""},"categories":[1],"tags":[33,8,327],"class_list":["post-2493","post","type-post","status-publish","format-standard","has-post-thumbnail","hentry","category-campa","tag-automotriz","tag-immex","tag-tlcan-2018"],"yoast_head":"<!-- This site is optimized with the Yoast SEO plugin v20.9 - https:\/\/yoast.com\/wordpress\/plugins\/seo\/ -->\n<title>Sector automotriz, la clave en el TLCAN - Campa<\/title>\n<meta name=\"robots\" content=\"index, follow, max-snippet:-1, max-image-preview:large, max-video-preview:-1\" \/>\n<link rel=\"canonical\" href=\"https:\/\/www.campa.com.mx\/site\/sector-automotriz-la-clave-en-el-tlcan\/\" \/>\n<meta property=\"og:locale\" content=\"es_ES\" \/>\n<meta property=\"og:type\" content=\"article\" \/>\n<meta property=\"og:title\" content=\"Sector automotriz, la clave en el TLCAN - Campa\" \/>\n<meta property=\"og:description\" content=\"La industria automotriz ha avanzado con paso firme en M\u00e9xico en los \u00faltimos a\u00f1os. En el primer cuatrimestre de este a\u00f1o, se produjeron un mill\u00f3n 221,877 autos en el pa\u00eds, 13.6% m\u00e1s que en 2016, de acuerdo con datos de [&hellip;]\" \/>\n<meta property=\"og:url\" content=\"https:\/\/www.campa.com.mx\/site\/sector-automotriz-la-clave-en-el-tlcan\/\" \/>\n<meta property=\"og:site_name\" content=\"Campa\" \/>\n<meta property=\"article:publisher\" content=\"https:\/\/www.facebook.com\/MovimientoAnexo24\" \/>\n<meta property=\"article:published_time\" content=\"2017-12-21T17:56:05+00:00\" \/>\n<meta property=\"og:image\" content=\"https:\/\/www.campa.com.mx\/site\/wp-content\/uploads\/2017\/12\/certificacionenImmex1.png\" \/>\n\t<meta property=\"og:image:width\" content=\"1200\" \/>\n\t<meta property=\"og:image:height\" content=\"628\" \/>\n\t<meta property=\"og:image:type\" content=\"image\/png\" \/>\n<meta name=\"author\" content=\"campa\" \/>\n<meta name=\"twitter:card\" content=\"summary_large_image\" \/>\n<meta name=\"twitter:creator\" content=\"@artycampa\" \/>\n<meta name=\"twitter:site\" content=\"@artycampa\" \/>\n<meta name=\"twitter:label1\" content=\"Escrito por\" \/>\n\t<meta name=\"twitter:data1\" content=\"campa\" \/>\n\t<meta name=\"twitter:label2\" content=\"Tiempo de lectura\" \/>\n\t<meta name=\"twitter:data2\" content=\"1 minuto\" \/>\n<script type=\"application\/ld+json\" class=\"yoast-schema-graph\">{\"@context\":\"https:\/\/schema.org\",\"@graph\":[{\"@type\":\"WebPage\",\"@id\":\"https:\/\/www.campa.com.mx\/site\/sector-automotriz-la-clave-en-el-tlcan\/\",\"url\":\"https:\/\/www.campa.com.mx\/site\/sector-automotriz-la-clave-en-el-tlcan\/\",\"name\":\"Sector automotriz, la clave en el TLCAN - Campa\",\"isPartOf\":{\"@id\":\"https:\/\/www.campa.com.mx\/site\/#website\"},\"datePublished\":\"2017-12-21T17:56:05+00:00\",\"dateModified\":\"2017-12-21T17:56:05+00:00\",\"author\":{\"@id\":\"https:\/\/www.campa.com.mx\/site\/#\/schema\/person\/5bf1874b81661ed013f5aa29df30761c\"},\"breadcrumb\":{\"@id\":\"https:\/\/www.campa.com.mx\/site\/sector-automotriz-la-clave-en-el-tlcan\/#breadcrumb\"},\"inLanguage\":\"es\",\"potentialAction\":[{\"@type\":\"ReadAction\",\"target\":[\"https:\/\/www.campa.com.mx\/site\/sector-automotriz-la-clave-en-el-tlcan\/\"]}]},{\"@type\":\"BreadcrumbList\",\"@id\":\"https:\/\/www.campa.com.mx\/site\/sector-automotriz-la-clave-en-el-tlcan\/#breadcrumb\",\"itemListElement\":[{\"@type\":\"ListItem\",\"position\":1,\"name\":\"Portada\",\"item\":\"https:\/\/www.campa.com.mx\/site\/\"},{\"@type\":\"ListItem\",\"position\":2,\"name\":\"Sector automotriz, la clave en el TLCAN\"}]},{\"@type\":\"WebSite\",\"@id\":\"https:\/\/www.campa.com.mx\/site\/#website\",\"url\":\"https:\/\/www.campa.com.mx\/site\/\",\"name\":\"Campa\",\"description\":\"Tecnolog\u00eda - Comercio Exterior - Servicios\",\"potentialAction\":[{\"@type\":\"SearchAction\",\"target\":{\"@type\":\"EntryPoint\",\"urlTemplate\":\"https:\/\/www.campa.com.mx\/site\/?s={search_term_string}\"},\"query-input\":\"required name=search_term_string\"}],\"inLanguage\":\"es\"},{\"@type\":\"Person\",\"@id\":\"https:\/\/www.campa.com.mx\/site\/#\/schema\/person\/5bf1874b81661ed013f5aa29df30761c\",\"name\":\"campa\",\"image\":{\"@type\":\"ImageObject\",\"inLanguage\":\"es\",\"@id\":\"https:\/\/www.campa.com.mx\/site\/#\/schema\/person\/image\/\",\"url\":\"https:\/\/secure.gravatar.com\/avatar\/921e6e5cffb9d78857948e938192591b9fd4168d0b55cc795582b49d9dc52bb1?s=96&d=mm&r=g\",\"contentUrl\":\"https:\/\/secure.gravatar.com\/avatar\/921e6e5cffb9d78857948e938192591b9fd4168d0b55cc795582b49d9dc52bb1?s=96&d=mm&r=g\",\"caption\":\"campa\"}}]}<\/script>\n<!-- \/ Yoast SEO plugin. -->","yoast_head_json":{"title":"Sector automotriz, la clave en el TLCAN - Campa","robots":{"index":"index","follow":"follow","max-snippet":"max-snippet:-1","max-image-preview":"max-image-preview:large","max-video-preview":"max-video-preview:-1"},"canonical":"https:\/\/www.campa.com.mx\/site\/sector-automotriz-la-clave-en-el-tlcan\/","og_locale":"es_ES","og_type":"article","og_title":"Sector automotriz, la clave en el TLCAN - Campa","og_description":"La industria automotriz ha avanzado con paso firme en M\u00e9xico en los \u00faltimos a\u00f1os. En el primer cuatrimestre de este a\u00f1o, se produjeron un mill\u00f3n 221,877 autos en el pa\u00eds, 13.6% m\u00e1s que en 2016, de acuerdo con datos de [&hellip;]","og_url":"https:\/\/www.campa.com.mx\/site\/sector-automotriz-la-clave-en-el-tlcan\/","og_site_name":"Campa","article_publisher":"https:\/\/www.facebook.com\/MovimientoAnexo24","article_published_time":"2017-12-21T17:56:05+00:00","og_image":[{"width":1200,"height":628,"url":"https:\/\/www.campa.com.mx\/site\/wp-content\/uploads\/2017\/12\/certificacionenImmex1.png","type":"image\/png"}],"author":"campa","twitter_card":"summary_large_image","twitter_creator":"@artycampa","twitter_site":"@artycampa","twitter_misc":{"Escrito por":"campa","Tiempo de lectura":"1 minuto"},"schema":{"@context":"https:\/\/schema.org","@graph":[{"@type":"WebPage","@id":"https:\/\/www.campa.com.mx\/site\/sector-automotriz-la-clave-en-el-tlcan\/","url":"https:\/\/www.campa.com.mx\/site\/sector-automotriz-la-clave-en-el-tlcan\/","name":"Sector automotriz, la clave en el TLCAN - Campa","isPartOf":{"@id":"https:\/\/www.campa.com.mx\/site\/#website"},"datePublished":"2017-12-21T17:56:05+00:00","dateModified":"2017-12-21T17:56:05+00:00","author":{"@id":"https:\/\/www.campa.com.mx\/site\/#\/schema\/person\/5bf1874b81661ed013f5aa29df30761c"},"breadcrumb":{"@id":"https:\/\/www.campa.com.mx\/site\/sector-automotriz-la-clave-en-el-tlcan\/#breadcrumb"},"inLanguage":"es","potentialAction":[{"@type":"ReadAction","target":["https:\/\/www.campa.com.mx\/site\/sector-automotriz-la-clave-en-el-tlcan\/"]}]},{"@type":"BreadcrumbList","@id":"https:\/\/www.campa.com.mx\/site\/sector-automotriz-la-clave-en-el-tlcan\/#breadcrumb","itemListElement":[{"@type":"ListItem","position":1,"name":"Portada","item":"https:\/\/www.campa.com.mx\/site\/"},{"@type":"ListItem","position":2,"name":"Sector automotriz, la clave en el TLCAN"}]},{"@type":"WebSite","@id":"https:\/\/www.campa.com.mx\/site\/#website","url":"https:\/\/www.campa.com.mx\/site\/","name":"Campa","description":"Tecnolog\u00eda - Comercio Exterior - Servicios","potentialAction":[{"@type":"SearchAction","target":{"@type":"EntryPoint","urlTemplate":"https:\/\/www.campa.com.mx\/site\/?s={search_term_string}"},"query-input":"required name=search_term_string"}],"inLanguage":"es"},{"@type":"Person","@id":"https:\/\/www.campa.com.mx\/site\/#\/schema\/person\/5bf1874b81661ed013f5aa29df30761c","name":"campa","image":{"@type":"ImageObject","inLanguage":"es","@id":"https:\/\/www.campa.com.mx\/site\/#\/schema\/person\/image\/","url":"https:\/\/secure.gravatar.com\/avatar\/921e6e5cffb9d78857948e938192591b9fd4168d0b55cc795582b49d9dc52bb1?s=96&d=mm&r=g","contentUrl":"https:\/\/secure.gravatar.com\/avatar\/921e6e5cffb9d78857948e938192591b9fd4168d0b55cc795582b49d9dc52bb1?s=96&d=mm&r=g","caption":"campa"}}]}},"jetpack_featured_media_url":"https:\/\/www.campa.com.mx\/site\/wp-content\/uploads\/2017\/12\/certificacionenImmex1.png","jetpack_sharing_enabled":true,"_links":{"self":[{"href":"https:\/\/www.campa.com.mx\/site\/wp-json\/wp\/v2\/posts\/2493","targetHints":{"allow":["GET"]}}],"collection":[{"href":"https:\/\/www.campa.com.mx\/site\/wp-json\/wp\/v2\/posts"}],"about":[{"href":"https:\/\/www.campa.com.mx\/site\/wp-json\/wp\/v2\/types\/post"}],"author":[{"embeddable":true,"href":"https:\/\/www.campa.com.mx\/site\/wp-json\/wp\/v2\/users\/1"}],"replies":[{"embeddable":true,"href":"https:\/\/www.campa.com.mx\/site\/wp-json\/wp\/v2\/comments?post=2493"}],"version-history":[{"count":10,"href":"https:\/\/www.campa.com.mx\/site\/wp-json\/wp\/v2\/posts\/2493\/revisions"}],"predecessor-version":[{"id":2508,"href":"https:\/\/www.campa.com.mx\/site\/wp-json\/wp\/v2\/posts\/2493\/revisions\/2508"}],"wp:featuredmedia":[{"embeddable":true,"href":"https:\/\/www.campa.com.mx\/site\/wp-json\/wp\/v2\/media\/2505"}],"wp:attachment":[{"href":"https:\/\/www.campa.com.mx\/site\/wp-json\/wp\/v2\/media?parent=2493"}],"wp:term":[{"taxonomy":"category","embeddable":true,"href":"https:\/\/www.campa.com.mx\/site\/wp-json\/wp\/v2\/categories?post=2493"},{"taxonomy":"post_tag","embeddable":true,"href":"https:\/\/www.campa.com.mx\/site\/wp-json\/wp\/v2\/tags?post=2493"}],"curies":[{"name":"wp","href":"https:\/\/api.w.org\/{rel}","templated":true}]}}