{"id":2518,"date":"2017-12-22T15:23:14","date_gmt":"2017-12-22T15:23:14","guid":{"rendered":"http:\/\/www.campa.com.mx\/site\/?p=2518"},"modified":"2017-12-22T15:23:14","modified_gmt":"2017-12-22T15:23:14","slug":"anexo-2-de-las-reglas-generales-de-comercio-exterior-para-2018-publicadas-el-18-de-diciembre-de-2017","status":"publish","type":"post","link":"https:\/\/www.campa.com.mx\/site\/anexo-2-de-las-reglas-generales-de-comercio-exterior-para-2018-publicadas-el-18-de-diciembre-de-2017\/","title":{"rendered":"ANEXO 2 de las Reglas Generales de Comercio Exterior para 2018, publicadas el 18 de diciembre de 2017."},"content":{"rendered":"<div class=\"ANOTACION\" style=\"text-align: justify;\">ANEXO 2 DE LAS REGLAS GENERALES DE COMERCIO EXTERIOR PARA 2018<\/div>\n<div class=\"Texto\" style=\"text-align: justify;\">Nota:\u00a0Los textos y l\u00edneas de puntos que se utilizan en este Anexo tienen la finalidad exclusiva de orientar\u00a0respecto de la ubicaci\u00f3n de las cantidades y no crean derechos ni establecen obligaciones distintas a las\u00a0contenidas en las disposiciones fiscales.<\/div>\n<div class=\"Texto\" style=\"text-align: justify;\">Multas y cantidades actualizadas que establece la Ley Aduanera y su Reglamento, vigentes a partir\u00a0del 1 de enero de 2018.<\/div>\n<div class=\"Texto\" style=\"text-align: justify;\">I.\u00a0\u00a0\u00a0\u00a0\u00a0Se dan a conocer las cantidades establecidas en la Ley Aduanera para 2018.<\/div>\n<div class=\"Texto\" style=\"text-align: justify;\">ARTICULO 16.\u00a0&#8230;&#8230;&#8230;&#8230;&#8230;&#8230;&#8230;&#8230;&#8230;&#8230;&#8230;&#8230;&#8230;&#8230;&#8230;&#8230;&#8230;&#8230;&#8230;&#8230;&#8230;&#8230;&#8230;&#8230;&#8230;&#8230;&#8230;&#8230;&#8230;&#8230;&#8230;&#8230;&#8230;&#8230;&#8230;&#8230;&#8230;&#8230;&#8230;<\/div>\n<div class=\"Texto\" style=\"text-align: justify;\">II.\u00a0\u00a0\u00a0\u00a0\u00a0\u00a0\u00a0\u00a0Tener un capital social pagado de por lo menos\u00a0$2,488,410.00.<\/div>\n<div class=\"Texto\" style=\"text-align: justify;\">&#8230;&#8230;&#8230;&#8230;&#8230;&#8230;&#8230;&#8230;&#8230;&#8230;&#8230;&#8230;&#8230;&#8230;&#8230;&#8230;&#8230;&#8230;&#8230;&#8230;&#8230;&#8230;&#8230;&#8230;&#8230;&#8230;&#8230;&#8230;&#8230;&#8230;&#8230;&#8230;&#8230;&#8230;&#8230;&#8230;&#8230;&#8230;&#8230;&#8230;&#8230;&#8230;&#8230;&#8230;&#8230;&#8230;<\/div>\n<div class=\"Texto\" style=\"text-align: justify;\">ARTICULO 16-A.\u00a0&#8230;&#8230;&#8230;&#8230;&#8230;&#8230;&#8230;&#8230;&#8230;&#8230;&#8230;&#8230;&#8230;&#8230;&#8230;&#8230;&#8230;&#8230;&#8230;&#8230;&#8230;&#8230;&#8230;&#8230;&#8230;&#8230;&#8230;&#8230;&#8230;&#8230;&#8230;&#8230;&#8230;&#8230;&#8230;&#8230;&#8230;&#8230;<\/div>\n<div class=\"Texto\" style=\"text-align: justify;\">Las personas que obtengan la autorizaci\u00f3n en los t\u00e9rminos de este art\u00edculo, estar\u00e1n obligadas a pagar en\u00a0las oficinas autorizadas, mensualmente, en los primeros doce d\u00edas del mes siguiente a aqu\u00e9l al que\u00a0corresponda el pago, un aprovechamiento de\u00a0$240.00\u00a0por cada pedimento que prevaliden y que\u00a0posteriormente sea presentado ante la autoridad aduanera para su despacho. Dicho aprovechamiento ser\u00e1\u00a0aportado a un fideicomiso p\u00fablico para el programa de mejoramiento de los medios de inform\u00e1tica y de control\u00a0de las autoridades aduaneras.<\/div>\n<div class=\"Texto\" style=\"text-align: justify;\">&#8230;&#8230;&#8230;&#8230;&#8230;&#8230;&#8230;&#8230;&#8230;&#8230;&#8230;&#8230;&#8230;&#8230;&#8230;&#8230;&#8230;&#8230;&#8230;&#8230;&#8230;&#8230;&#8230;&#8230;&#8230;&#8230;&#8230;&#8230;&#8230;&#8230;&#8230;&#8230;&#8230;&#8230;&#8230;&#8230;&#8230;&#8230;&#8230;&#8230;&#8230;&#8230;&#8230;&#8230;&#8230;&#8230;<\/div>\n<div class=\"Texto\" style=\"text-align: justify;\">ARTICULO 16-B.\u00a0&#8230;&#8230;&#8230;&#8230;&#8230;&#8230;&#8230;&#8230;&#8230;&#8230;&#8230;&#8230;&#8230;&#8230;&#8230;&#8230;&#8230;&#8230;&#8230;&#8230;&#8230;&#8230;&#8230;&#8230;&#8230;&#8230;&#8230;&#8230;&#8230;&#8230;&#8230;&#8230;&#8230;&#8230;&#8230;&#8230;&#8230;&#8230;<\/div>\n<div class=\"Texto\" style=\"text-align: justify;\">Las personas que obtengan la autorizaci\u00f3n en los t\u00e9rminos de este art\u00edculo, estar\u00e1n obligadas a pagar en\u00a0las oficinas autorizadas, mensualmente, en los primeros doce d\u00edas del mes siguiente a aqu\u00e9l al que\u00a0corresponda el pago, un aprovechamiento de\u00a0$190.00\u00a0por la prevalidaci\u00f3n del pedimento para la importaci\u00f3n\u00a0temporal de cada remolque, semiremolque y portacontenedor, misma que amparar\u00e1 su legal estancia por el\u00a0plazo que establece el art\u00edculo 106, fracci\u00f3n I de esta Ley. El aprovechamiento ser\u00e1 aportado a un fideicomiso\u00a0p\u00fablico para el programa de mejoramiento de los medios de inform\u00e1tica y de control de las autoridades\u00a0aduaneras.<\/div>\n<div class=\"Texto\" style=\"text-align: justify;\">ARTICULO 160.\u00a0&#8230;&#8230;&#8230;&#8230;&#8230;&#8230;&#8230;&#8230;&#8230;&#8230;&#8230;&#8230;&#8230;&#8230;&#8230;&#8230;&#8230;&#8230;&#8230;&#8230;&#8230;&#8230;&#8230;&#8230;&#8230;&#8230;&#8230;&#8230;&#8230;&#8230;&#8230;&#8230;&#8230;&#8230;&#8230;&#8230;&#8230;&#8230;.<\/div>\n<div class=\"ROMANOS\" style=\"text-align: justify;\">IX.\u00a0\u00a0\u00a0\u00a0\u00a0\u00a0\u00a0&#8230;&#8230;&#8230;&#8230;&#8230;&#8230;&#8230;&#8230;&#8230;&#8230;&#8230;&#8230;&#8230;&#8230;&#8230;&#8230;&#8230;&#8230;&#8230;&#8230;&#8230;&#8230;&#8230;&#8230;&#8230;&#8230;&#8230;&#8230;&#8230;&#8230;&#8230;&#8230;&#8230;&#8230;&#8230;&#8230;&#8230;&#8230;&#8230;&#8230;<\/div>\n<div class=\"ROMANOS\" style=\"text-align: justify;\">\u00a0\u00a0\u00a0\u00a0\u00a0\u00a0\u00a0\u00a0\u00a0\u00a0En los casos a que se refiere esta fracci\u00f3n, el agente aduanal tendr\u00e1 derecho a una\u00a0contraprestaci\u00f3n de\u00a0$330.00por cada operaci\u00f3n.<\/div>\n<div class=\"Texto\" style=\"text-align: justify;\">&#8230;&#8230;&#8230;&#8230;&#8230;&#8230;&#8230;&#8230;&#8230;&#8230;&#8230;&#8230;&#8230;&#8230;&#8230;&#8230;&#8230;&#8230;&#8230;&#8230;&#8230;&#8230;&#8230;&#8230;&#8230;&#8230;&#8230;&#8230;&#8230;&#8230;&#8230;&#8230;&#8230;&#8230;&#8230;&#8230;&#8230;&#8230;&#8230;&#8230;&#8230;&#8230;&#8230;..<\/div>\n<div class=\"Texto\" style=\"text-align: justify;\">ARTICULO 164.\u00a0&#8230;&#8230;&#8230;&#8230;&#8230;&#8230;&#8230;&#8230;&#8230;&#8230;&#8230;&#8230;&#8230;&#8230;&#8230;&#8230;&#8230;&#8230;&#8230;&#8230;&#8230;&#8230;&#8230;&#8230;&#8230;&#8230;&#8230;&#8230;&#8230;&#8230;&#8230;&#8230;&#8230;&#8230;&#8230;&#8230;&#8230;&#8230;.<\/div>\n<div class=\"ROMANOS\" style=\"text-align: justify;\">VII.\u00a0\u00a0\u00a0\u00a0\u00a0\u00a0Trat\u00e1ndose de los reg\u00edmenes aduaneros temporales, de dep\u00f3sito fiscal y de tr\u00e1nsito de\u00a0mercanc\u00edas, declarar con inexactitud alguno de los datos a que se refiere el primer p\u00e1rrafo de\u00a0la fracci\u00f3n II, del art\u00edculo 165 de esta Ley, siempre que con los datos aportados, excluida la\u00a0liquidaci\u00f3n provisional a que se refieren los art\u00edculos 127, fracci\u00f3n II y 131, fracci\u00f3n II de esta\u00a0Ley, de haberse destinado la mercanc\u00eda de que se trate al r\u00e9gimen de importaci\u00f3n definitiva,\u00a0la omisi\u00f3n no exceda de\u00a0$179,920.00.<\/div>\n<div class=\"Texto\" style=\"text-align: justify;\">&#8230;&#8230;&#8230;&#8230;&#8230;&#8230;&#8230;&#8230;&#8230;&#8230;&#8230;&#8230;&#8230;&#8230;&#8230;&#8230;&#8230;&#8230;&#8230;&#8230;&#8230;&#8230;&#8230;&#8230;&#8230;&#8230;&#8230;&#8230;&#8230;&#8230;&#8230;&#8230;&#8230;&#8230;&#8230;&#8230;&#8230;&#8230;&#8230;&#8230;&#8230;&#8230;&#8230;..<\/div>\n<div class=\"Texto\" style=\"text-align: justify;\">ARTICULO 165.\u00a0&#8230;&#8230;&#8230;&#8230;&#8230;&#8230;&#8230;&#8230;&#8230;&#8230;&#8230;&#8230;&#8230;&#8230;&#8230;&#8230;&#8230;&#8230;&#8230;&#8230;&#8230;&#8230;&#8230;&#8230;&#8230;&#8230;&#8230;&#8230;&#8230;&#8230;&#8230;&#8230;&#8230;&#8230;&#8230;&#8230;&#8230;&#8230;.<\/div>\n<div class=\"ROMANOS\" style=\"text-align: justify;\">II.\u00a0\u00a0\u00a0\u00a0\u00a0\u00a0\u00a0\u00a0&#8230;&#8230;&#8230;&#8230;&#8230;&#8230;&#8230;&#8230;&#8230;&#8230;&#8230;&#8230;&#8230;&#8230;&#8230;&#8230;&#8230;&#8230;&#8230;&#8230;&#8230;&#8230;&#8230;&#8230;&#8230;&#8230;&#8230;&#8230;&#8230;&#8230;&#8230;&#8230;&#8230;&#8230;&#8230;&#8230;&#8230;&#8230;&#8230;&#8230;<\/div>\n<div class=\"INCISO\" style=\"text-align: justify;\"><\/div>\n<div class=\"INCISO\" style=\"text-align: justify;\">a)\u00a0\u00a0\u00a0\u00a0\u00a0La omisi\u00f3n en el pago de impuestos al comercio exterior, derechos y cuotas\u00a0compensatorias, en su caso, exceda de\u00a0$257,030.00\u00a0y dicha omisi\u00f3n represente m\u00e1s\u00a0del 10% del total de los que debieron pagarse.<\/div>\n<div class=\"Texto\" style=\"text-align: justify;\">&#8230;&#8230;&#8230;&#8230;&#8230;&#8230;&#8230;&#8230;&#8230;&#8230;&#8230;&#8230;&#8230;&#8230;&#8230;&#8230;&#8230;&#8230;&#8230;&#8230;&#8230;&#8230;&#8230;&#8230;&#8230;&#8230;&#8230;&#8230;&#8230;&#8230;&#8230;&#8230;&#8230;&#8230;&#8230;&#8230;&#8230;&#8230;&#8230;&#8230;&#8230;&#8230;&#8230;&#8230;&#8230;&#8230;<\/div>\n<div class=\"ROMANOS\" style=\"text-align: justify;\">Vll.\u00a0\u00a0\u00a0\u00a0\u00a0\u00a0&#8230;&#8230;&#8230;&#8230;&#8230;&#8230;&#8230;&#8230;&#8230;&#8230;&#8230;&#8230;&#8230;&#8230;&#8230;&#8230;&#8230;&#8230;&#8230;&#8230;&#8230;&#8230;&#8230;&#8230;&#8230;&#8230;&#8230;&#8230;&#8230;&#8230;&#8230;&#8230;&#8230;&#8230;&#8230;&#8230;&#8230;&#8230;&#8230;&#8230;<\/div>\n<div class=\"INCISO\" style=\"text-align: justify;\">a)\u00a0\u00a0\u00a0\u00a0\u00a0La omisi\u00f3n exceda de\u00a0$257,030.00\u00a0y del 10% de los impuestos al comercio exterior,\u00a0derechos y, en su caso, cuotas compensatorias causadas.<\/div>\n<div class=\"Texto\" style=\"text-align: justify;\">&#8230;&#8230;&#8230;&#8230;&#8230;&#8230;&#8230;&#8230;&#8230;&#8230;&#8230;&#8230;&#8230;&#8230;&#8230;&#8230;&#8230;&#8230;&#8230;&#8230;&#8230;&#8230;&#8230;&#8230;&#8230;&#8230;&#8230;&#8230;&#8230;&#8230;&#8230;&#8230;&#8230;&#8230;&#8230;&#8230;&#8230;&#8230;&#8230;&#8230;&#8230;&#8230;&#8230;&#8230;&#8230;&#8230;<\/div>\n<div class=\"Texto\" style=\"text-align: justify;\">ARTICULO 178.\u00a0&#8230;&#8230;&#8230;&#8230;&#8230;&#8230;&#8230;&#8230;&#8230;&#8230;&#8230;&#8230;&#8230;&#8230;&#8230;&#8230;&#8230;&#8230;&#8230;&#8230;&#8230;&#8230;&#8230;&#8230;&#8230;&#8230;&#8230;&#8230;&#8230;&#8230;&#8230;&#8230;&#8230;&#8230;&#8230;&#8230;&#8230;&#8230;.<\/div>\n<div class=\"Texto\" style=\"text-align: justify;\">II.\u00a0\u00a0\u00a0\u00a0\u00a0\u00a0\u00a0\u00a0Multa de\u00a0$5,150.00\u00a0a\u00a0$12,850.00\u00a0cuando no se haya obtenido el permiso de autoridad\u00a0competente, trat\u00e1ndose de veh\u00edculos.<\/div>\n<div class=\"Texto\" style=\"text-align: justify;\">&#8230;&#8230;&#8230;&#8230;&#8230;&#8230;&#8230;&#8230;&#8230;&#8230;&#8230;&#8230;&#8230;&#8230;&#8230;&#8230;&#8230;&#8230;&#8230;&#8230;&#8230;&#8230;&#8230;&#8230;&#8230;&#8230;&#8230;&#8230;&#8230;&#8230;&#8230;&#8230;&#8230;&#8230;&#8230;&#8230;&#8230;&#8230;&#8230;&#8230;&#8230;&#8230;&#8230;&#8230;&#8230;&#8230;<\/div>\n<div class=\"Texto\" style=\"text-align: justify;\">ARTICULO 181. Se impondr\u00e1 una multa de\u00a0$1,000.00\u00a0a\u00a0$1,500.00, sin actualizaci\u00f3n, a quien cometa la\u00a0infracci\u00f3n a que se refieren los art\u00edculos 180 y 180-A de esta Ley.<\/div>\n<div class=\"Texto\" style=\"text-align: justify;\">ARTICULO 183.\u00a0&#8230;&#8230;&#8230;&#8230;&#8230;&#8230;&#8230;&#8230;&#8230;&#8230;&#8230;&#8230;&#8230;&#8230;&#8230;&#8230;&#8230;&#8230;&#8230;&#8230;&#8230;&#8230;&#8230;&#8230;&#8230;&#8230;&#8230;&#8230;&#8230;&#8230;&#8230;&#8230;&#8230;&#8230;&#8230;&#8230;&#8230;&#8230;.<\/div>\n<div class=\"Texto\" style=\"text-align: justify;\">II.\u00a0\u00a0\u00a0\u00a0\u00a0\u00a0\u00a0\u00a0Si la infracci\u00f3n consisti\u00f3 en exceder los plazos concedidos para el retorno de las mercanc\u00edas\u00a0de importaci\u00f3n o internaci\u00f3n, seg\u00fan el caso, multa de\u00a0$2,070.00\u00a0a\u00a0$3,120.00\u00a0si el retorno se\u00a0verifica en forma espont\u00e1nea, por cada periodo de quince d\u00edas o fracci\u00f3n que transcurra\u00a0desde la fecha de vencimiento del plazo hasta que se efect\u00fae el retorno. El monto de la multa\u00a0no exceder\u00e1 del valor de las mercanc\u00edas.<\/div>\n<div class=\"Texto\" style=\"text-align: justify;\">&#8230;&#8230;&#8230;&#8230;&#8230;&#8230;&#8230;&#8230;&#8230;&#8230;&#8230;&#8230;&#8230;&#8230;&#8230;&#8230;&#8230;&#8230;&#8230;&#8230;&#8230;&#8230;&#8230;&#8230;&#8230;&#8230;&#8230;&#8230;&#8230;&#8230;&#8230;&#8230;&#8230;&#8230;&#8230;&#8230;&#8230;&#8230;&#8230;&#8230;&#8230;&#8230;&#8230;..<\/div>\n<div class=\"Texto\" style=\"text-align: justify;\">V.\u00a0\u00a0\u00a0\u00a0\u00a0\u00a0Multa de\u00a0$77,110.00\u00a0a\u00a0$102,810.00\u00a0en el supuesto a que se refiere la fracci\u00f3n IV.<\/div>\n<div class=\"Texto\" style=\"text-align: justify;\">ARTICULO 184-B.\u00a0&#8230;&#8230;&#8230;&#8230;&#8230;&#8230;&#8230;&#8230;&#8230;&#8230;&#8230;&#8230;&#8230;&#8230;&#8230;&#8230;&#8230;&#8230;&#8230;&#8230;&#8230;&#8230;&#8230;&#8230;&#8230;&#8230;&#8230;&#8230;&#8230;&#8230;&#8230;&#8230;&#8230;&#8230;&#8230;&#8230;&#8230;&#8230;..<\/div>\n<div class=\"Texto\" style=\"text-align: justify;\">I.\u00a0\u00a0\u00a0\u00a0\u00a0\u00a0\u00a0\u00a0\u00a0Multa de\u00a0$20,510.00\u00a0a\u00a0$34,190.00\u00a0a la se\u00f1alada en las fracciones I y II.<\/div>\n<div class=\"Texto\" style=\"text-align: justify;\">II.\u00a0\u00a0\u00a0\u00a0\u00a0\u00a0\u00a0\u00a0Multa de\u00a0$1,620.00\u00a0a\u00a0$2,310.00\u00a0a la se\u00f1alada en la fracci\u00f3n III.<\/div>\n<div class=\"Texto\" style=\"text-align: justify;\">ARTICULO 185.\u00a0&#8230;&#8230;&#8230;&#8230;&#8230;&#8230;&#8230;&#8230;&#8230;&#8230;&#8230;&#8230;&#8230;&#8230;&#8230;&#8230;&#8230;&#8230;&#8230;&#8230;&#8230;&#8230;&#8230;&#8230;&#8230;&#8230;&#8230;&#8230;&#8230;&#8230;&#8230;&#8230;&#8230;&#8230;&#8230;&#8230;&#8230;&#8230;.<\/div>\n<div class=\"Texto\" style=\"text-align: justify;\">I.\u00a0\u00a0\u00a0\u00a0\u00a0\u00a0\u00a0\u00a0\u00a0Multa de\u00a0$3,340.00\u00a0a\u00a0$5,010.00, en caso de omisi\u00f3n a las mencionadas en las fracciones I y\u00a0II. Las multas se reducir\u00e1n al 50% cuando la presentaci\u00f3n sea extempor\u00e1nea.<\/div>\n<div class=\"Texto\" style=\"text-align: justify;\">lI.\u00a0\u00a0\u00a0\u00a0\u00a0\u00a0\u00a0\u00a0Multa de\u00a0$1,800.00\u00a0a\u00a0$2,570.00\u00a0a la se\u00f1alada en la fracci\u00f3n III, por cada documento.<\/div>\n<div class=\"Texto\" style=\"text-align: justify;\">III.\u00a0\u00a0\u00a0\u00a0\u00a0\u00a0\u00a0Multa de\u00a0$3,100.00\u00a0a\u00a0$5,180.00\u00a0trat\u00e1ndose de la fracci\u00f3n IV.<\/div>\n<div class=\"Texto\" style=\"text-align: justify;\">IV.\u00a0\u00a0\u00a0\u00a0\u00a0\u00a0\u00a0Multa de\u00a0$4,150.00\u00a0a\u00a0$6,210.00\u00a0a la se\u00f1alada en la fracci\u00f3n V, por cada medio magn\u00e9tico\u00a0que contenga informaci\u00f3n inexacta, incompleta o falsa.<\/div>\n<div class=\"Texto\" style=\"text-align: justify;\">V.\u00a0\u00a0\u00a0\u00a0\u00a0\u00a0\u00a0Multa de\u00a0$3,860.00\u00a0a\u00a0$6,430.00\u00a0a la se\u00f1alada en la fracci\u00f3n VI.<\/div>\n<div class=\"Texto\" style=\"text-align: justify;\">VI.\u00a0\u00a0\u00a0\u00a0\u00a0\u00a0\u00a0Multa de\u00a0$3,480.00\u00a0a\u00a0$5,790.00, en el caso se\u00f1alado en la fracci\u00f3n VII, por cada pedimento o\u00a0por cada aviso consolidado.<\/div>\n<div class=\"Texto\" style=\"text-align: justify;\">&#8230;&#8230;&#8230;&#8230;&#8230;&#8230;&#8230;&#8230;&#8230;&#8230;&#8230;&#8230;&#8230;&#8230;&#8230;&#8230;&#8230;&#8230;&#8230;&#8230;&#8230;&#8230;&#8230;&#8230;&#8230;&#8230;&#8230;&#8230;&#8230;&#8230;&#8230;&#8230;&#8230;&#8230;&#8230;&#8230;&#8230;&#8230;&#8230;&#8230;&#8230;&#8230;&#8230;&#8230;<\/div>\n<div class=\"Texto\" style=\"text-align: justify;\">VIII.\u00a0\u00a0\u00a0\u00a0\u00a0Multa de\u00a0$74,200.00\u00a0a\u00a0$111,310.00, en el caso de la transmisi\u00f3n electr\u00f3nica se\u00f1alada en la\u00a0fracci\u00f3n IX, por la omisi\u00f3n de cada pasajero, tripulante o medio de transporte que arribe a\u00a0territorio nacional, a que se refiere el inciso a) y por la omisi\u00f3n relativa a la mercanc\u00eda por\u00a0cada medio de transporte a que se refiere el inciso b). La multa se reducir\u00e1 en un 50%, en el\u00a0caso de que la transmisi\u00f3n electr\u00f3nica sea extempor\u00e1nea, incompleta o contenga\u00a0informaci\u00f3n incorrecta.<\/div>\n<div class=\"Texto\" style=\"text-align: justify;\">IX.\u00a0\u00a0\u00a0\u00a0\u00a0\u00a0\u00a0Multa de\u00a0$207,370.00\u00a0a\u00a0$311,050.00, en los casos se\u00f1alados en la fracci\u00f3n X, por cada\u00a0aeronave que arribe al territorio nacional.<\/div>\n<div class=\"Texto\" style=\"text-align: justify;\">X.\u00a0\u00a0\u00a0\u00a0\u00a0\u00a0\u00a0Multa de\u00a0$2,570.00 a $3,860.00, en el caso se\u00f1alado en la fracci\u00f3n XI, por cada pedimento.<\/div>\n<div class=\"Texto\" style=\"text-align: justify;\">XI.\u00a0\u00a0\u00a0\u00a0\u00a0\u00a0\u00a0Multa de\u00a0$7,710.00\u00a0a\u00a0$10,280.00\u00a0en caso de omisi\u00f3n y de\u00a0$3,860.00\u00a0a\u00a0$6,430.00\u00a0por la\u00a0presentaci\u00f3n extempor\u00e1nea, en el caso se\u00f1alado en la fracci\u00f3n XII.<\/div>\n<div class=\"Texto\" style=\"text-align: justify;\">XII.\u00a0\u00a0\u00a0\u00a0\u00a0\u00a0Multa de\u00a0$1,290.00\u00a0a\u00a0$2,570.00, en el caso se\u00f1alado en la fracci\u00f3n XIII, por cada documento.<\/div>\n<div class=\"Texto\" style=\"text-align: justify;\"><\/div>\n<div class=\"Texto\" style=\"text-align: justify;\">&#8230;&#8230;&#8230;&#8230;&#8230;&#8230;&#8230;&#8230;&#8230;&#8230;&#8230;&#8230;&#8230;&#8230;&#8230;&#8230;&#8230;&#8230;&#8230;&#8230;&#8230;&#8230;&#8230;&#8230;&#8230;&#8230;&#8230;&#8230;&#8230;&#8230;&#8230;&#8230;&#8230;&#8230;&#8230;&#8230;&#8230;&#8230;&#8230;&#8230;&#8230;&#8230;&#8230;&#8230;<\/div>\n<div class=\"Texto\" style=\"text-align: justify;\">XIV.\u00a0\u00a0\u00a0\u00a0\u00a0Multa de\u00a0$16,700.00\u00a0a\u00a0$25,050.00, a la se\u00f1alada en la fracci\u00f3n XVII, en caso de no presentar\u00a0el aviso dentro del plazo establecido.<\/div>\n<div class=\"Texto\" style=\"text-align: justify;\">ARTICULO 185-B.\u00a0Se aplicar\u00e1 una multa de\u00a0$18,540.00\u00a0a\u00a0$37,110.00\u00a0a quienes cometan la infracci\u00f3n\u00a0relacionada con la obligaci\u00f3n de llevar los sistemas de control de inventarios prevista en el art\u00edculo 185-A de\u00a0esta Ley.<\/div>\n<div class=\"Texto\" style=\"text-align: justify;\">ARTICULO 187.\u00a0&#8230;&#8230;&#8230;&#8230;&#8230;&#8230;&#8230;&#8230;&#8230;&#8230;&#8230;&#8230;&#8230;&#8230;&#8230;&#8230;&#8230;&#8230;&#8230;&#8230;&#8230;&#8230;&#8230;&#8230;&#8230;&#8230;&#8230;&#8230;&#8230;&#8230;&#8230;&#8230;&#8230;&#8230;&#8230;&#8230;&#8230;&#8230;.<\/div>\n<div class=\"Texto\" style=\"text-align: justify;\">l.\u00a0\u00a0\u00a0\u00a0\u00a0\u00a0\u00a0\u00a0\u00a0\u00a0Multa de\u00a0$7,420.00\u00a0a\u00a0$10,200.00, a las se\u00f1aladas en las fracciones I, II, IV, V, Xl, XXI y XXII.<\/div>\n<div class=\"Texto\" style=\"text-align: justify;\">II.\u00a0\u00a0\u00a0\u00a0\u00a0\u00a0\u00a0\u00a0\u00a0Multa de\u00a0$2,070.00\u00a0a\u00a0$3,120.00, a la se\u00f1alada en la fracci\u00f3n III.<\/div>\n<div class=\"Texto\" style=\"text-align: justify;\">&#8230;&#8230;&#8230;&#8230;&#8230;&#8230;&#8230;&#8230;&#8230;&#8230;&#8230;&#8230;&#8230;&#8230;&#8230;&#8230;&#8230;&#8230;&#8230;&#8230;&#8230;&#8230;&#8230;&#8230;&#8230;&#8230;&#8230;&#8230;&#8230;&#8230;&#8230;&#8230;&#8230;&#8230;&#8230;&#8230;&#8230;&#8230;&#8230;&#8230;&#8230;&#8230;&#8230;&#8230;<\/div>\n<div class=\"Texto\" style=\"text-align: justify;\">IV.\u00a0\u00a0\u00a0\u00a0\u00a0\u00a0\u00a0\u00a0Multa de\u00a0$18,670.00\u00a0a\u00a0$28,000.00\u00a0a las se\u00f1aladas en la fracci\u00f3n IX.<\/div>\n<div class=\"Texto\" style=\"text-align: justify;\">V.\u00a0\u00a0\u00a0\u00a0\u00a0\u00a0\u00a0\u00a0\u00a0Multa de\u00a0$12,440.00\u00a0a\u00a0$16,580.00\u00a0a las se\u00f1aladas en las fracciones Xll y Xlll.<\/div>\n<div class=\"Texto\" style=\"text-align: justify;\">VI.\u00a0\u00a0\u00a0\u00a0\u00a0\u00a0\u00a0\u00a0Multa de\u00a0$74,200.00\u00a0a\u00a0$111,310.00, a la se\u00f1alada en la fracci\u00f3n VIII.<\/div>\n<div class=\"Texto\" style=\"text-align: justify;\">&#8230;&#8230;&#8230;&#8230;&#8230;&#8230;&#8230;&#8230;&#8230;&#8230;&#8230;&#8230;&#8230;&#8230;&#8230;&#8230;&#8230;&#8230;&#8230;&#8230;&#8230;&#8230;&#8230;&#8230;&#8230;&#8230;&#8230;&#8230;&#8230;&#8230;&#8230;&#8230;&#8230;&#8230;&#8230;&#8230;&#8230;&#8230;&#8230;&#8230;&#8230;&#8230;&#8230;&#8230;<\/div>\n<div class=\"Texto\" style=\"text-align: justify;\">VIII.\u00a0\u00a0\u00a0\u00a0\u00a0\u00a0Multa de\u00a0$41,480.00\u00a0a\u00a0$82,950.00\u00a0a la se\u00f1alada en la fracci\u00f3n XVl.<\/div>\n<div class=\"Texto\" style=\"text-align: justify;\">&#8230;&#8230;&#8230;&#8230;&#8230;&#8230;&#8230;&#8230;&#8230;&#8230;&#8230;&#8230;&#8230;&#8230;&#8230;&#8230;&#8230;&#8230;&#8230;&#8230;&#8230;&#8230;&#8230;&#8230;&#8230;&#8230;&#8230;&#8230;&#8230;&#8230;&#8230;&#8230;&#8230;&#8230;&#8230;&#8230;&#8230;&#8230;&#8230;&#8230;&#8230;&#8230;&#8230;&#8230;<\/div>\n<div class=\"Texto\" style=\"text-align: justify;\">X.\u00a0\u00a0\u00a0\u00a0\u00a0\u00a0\u00a0\u00a0\u00a0Multa de\u00a0$102,810.00\u00a0a\u00a0$141,360.00, a la se\u00f1alada en la fracci\u00f3n XIX.<\/div>\n<div class=\"Texto\" style=\"text-align: justify;\">XI.\u00a0\u00a0\u00a0\u00a0\u00a0\u00a0\u00a0\u00a0Multa de\u00a0$1,290.00\u00a0a\u00a0$2,570.00, a la se\u00f1alada en la fracci\u00f3n XVII.<\/div>\n<div class=\"Texto\" style=\"text-align: justify;\">XII.\u00a0\u00a0\u00a0\u00a0\u00a0\u00a0\u00a0Multa de\u00a0$463,770.00\u00a0a\u00a0$742,040.00, a la se\u00f1alada en la fracci\u00f3n XX, por cada periodo de 20\u00a0d\u00edas o fracci\u00f3n que transcurra desde la fecha en que se debi\u00f3 dar cumplimiento a la\u00a0obligaci\u00f3n y hasta que la misma se cumpla.<\/div>\n<div class=\"Texto\" style=\"text-align: justify;\">&#8230;&#8230;&#8230;&#8230;&#8230;&#8230;&#8230;&#8230;&#8230;&#8230;&#8230;&#8230;&#8230;&#8230;&#8230;&#8230;&#8230;&#8230;&#8230;&#8230;&#8230;&#8230;&#8230;&#8230;&#8230;&#8230;&#8230;&#8230;&#8230;&#8230;&#8230;&#8230;&#8230;&#8230;&#8230;&#8230;&#8230;&#8230;&#8230;&#8230;&#8230;&#8230;&#8230;&#8230;<\/div>\n<div class=\"Texto\" style=\"text-align: justify;\">XIV.\u00a0\u00a0\u00a0\u00a0\u00a0\u00a0Multa de\u00a0$74,200.00\u00a0a\u00a0$111,310.00, a la se\u00f1alada en la fracci\u00f3n XIV. En el caso de\u00a0reincidencia, la sanci\u00f3n consistir\u00e1 en la suspensi\u00f3n provisional del recinto fiscalizado por un\u00a0plazo de dos a treinta d\u00edas.<\/div>\n<div class=\"Texto\" style=\"text-align: justify;\">XV.\u00a0\u00a0\u00a0\u00a0\u00a0\u00a0\u00a0Multa de\u00a0$927,530.00\u00a0a\u00a0$1,855,080.00\u00a0a la se\u00f1alada en la fracci\u00f3n XXIII.<\/div>\n<div class=\"Texto\" style=\"text-align: justify;\">&#8230;&#8230;&#8230;&#8230;&#8230;&#8230;&#8230;&#8230;&#8230;&#8230;&#8230;&#8230;&#8230;&#8230;&#8230;&#8230;&#8230;&#8230;&#8230;&#8230;&#8230;&#8230;&#8230;&#8230;&#8230;&#8230;&#8230;&#8230;&#8230;&#8230;&#8230;&#8230;&#8230;&#8230;&#8230;&#8230;&#8230;&#8230;&#8230;&#8230;&#8230;&#8230;&#8230;&#8230;<\/div>\n<div class=\"Texto\" style=\"text-align: justify;\">ARTICULO 189.\u00a0&#8230;&#8230;&#8230;&#8230;&#8230;&#8230;&#8230;&#8230;&#8230;&#8230;&#8230;&#8230;&#8230;&#8230;&#8230;&#8230;&#8230;&#8230;&#8230;&#8230;&#8230;&#8230;&#8230;&#8230;&#8230;&#8230;&#8230;&#8230;&#8230;&#8230;&#8230;&#8230;&#8230;&#8230;&#8230;&#8230;&#8230;&#8230;.<\/div>\n<div class=\"Texto\" style=\"text-align: justify;\">l.\u00a0\u00a0\u00a0\u00a0\u00a0\u00a0\u00a0\u00a0\u00a0\u00a0Multa de\u00a0$41,480.00\u00a0a\u00a0$62,210.00, a quien cometa la infracci\u00f3n se\u00f1alada en la fracci\u00f3n I.<\/div>\n<div class=\"Texto\" style=\"text-align: justify;\">Il.\u00a0\u00a0\u00a0\u00a0\u00a0\u00a0\u00a0\u00a0\u00a0Multa de\u00a0$82,950.00\u00a0a\u00a0$124,420.00, a quien cometa la infracci\u00f3n se\u00f1alada en la fracci\u00f3n II.<\/div>\n<div class=\"Texto\" style=\"text-align: justify;\">ARTICULO 191.\u00a0&#8230;&#8230;&#8230;&#8230;&#8230;&#8230;&#8230;&#8230;&#8230;&#8230;&#8230;&#8230;&#8230;&#8230;&#8230;&#8230;&#8230;&#8230;&#8230;&#8230;&#8230;&#8230;&#8230;&#8230;&#8230;&#8230;&#8230;&#8230;&#8230;&#8230;&#8230;&#8230;&#8230;&#8230;&#8230;&#8230;&#8230;&#8230;&#8230;&#8230;<\/div>\n<div class=\"Texto\" style=\"text-align: justify;\">l.\u00a0\u00a0\u00a0\u00a0\u00a0\u00a0\u00a0\u00a0\u00a0\u00a0Multa de\u00a0$20,740.00\u00a0a\u00a0$31,110.00, trat\u00e1ndose de las se\u00f1aladas en las fracciones l y Il.<\/div>\n<div class=\"Texto\" style=\"text-align: justify;\">II.\u00a0\u00a0\u00a0\u00a0\u00a0\u00a0\u00a0\u00a0\u00a0Multa de\u00a0$41,480.00\u00a0a\u00a0$62,210.00, trat\u00e1ndose de la se\u00f1alada en la fracci\u00f3n III.<\/div>\n<div class=\"Texto\" style=\"text-align: justify;\">IIl.\u00a0\u00a0\u00a0\u00a0\u00a0\u00a0\u00a0\u00a0Multa de\u00a0$4,150.00\u00a0a\u00a0$6,210.00, trat\u00e1ndose de la se\u00f1alada en la fracci\u00f3n IV.<\/div>\n<div class=\"Texto\" style=\"text-align: justify;\">IV.\u00a0\u00a0\u00a0\u00a0\u00a0\u00a0\u00a0\u00a0Multa de\u00a0$82,950.00\u00a0a\u00a0$124,420.00, trat\u00e1ndose de la se\u00f1alada en la fracci\u00f3n V,\u00a0independientemente de las sanciones a que haya lugar por la comisi\u00f3n de delitos.<\/div>\n<div class=\"Texto\" style=\"text-align: justify;\">&#8230;&#8230;&#8230;&#8230;&#8230;&#8230;&#8230;&#8230;&#8230;&#8230;&#8230;&#8230;&#8230;&#8230;&#8230;&#8230;&#8230;&#8230;&#8230;&#8230;&#8230;&#8230;&#8230;&#8230;&#8230;&#8230;&#8230;&#8230;&#8230;&#8230;&#8230;&#8230;&#8230;&#8230;&#8230;&#8230;&#8230;&#8230;&#8230;&#8230;&#8230;&#8230;&#8230;&#8230;&#8230;&#8230;<\/div>\n<div class=\"Texto\" style=\"text-align: justify;\">ARTICULO 193.\u00a0&#8230;&#8230;&#8230;&#8230;&#8230;&#8230;&#8230;&#8230;&#8230;&#8230;&#8230;&#8230;&#8230;&#8230;&#8230;&#8230;&#8230;&#8230;&#8230;&#8230;&#8230;&#8230;&#8230;&#8230;&#8230;&#8230;&#8230;&#8230;&#8230;&#8230;&#8230;&#8230;&#8230;&#8230;&#8230;&#8230;&#8230;&#8230;.<\/div>\n<div class=\"Texto\" style=\"text-align: justify;\">l.\u00a0\u00a0\u00a0\u00a0\u00a0\u00a0\u00a0\u00a0\u00a0\u00a0Multa de\u00a0$12,440.00\u00a0a\u00a0$16,580.00, a la se\u00f1alada en la fracci\u00f3n I.<\/div>\n<div class=\"Texto\" style=\"text-align: justify;\">II.\u00a0\u00a0\u00a0\u00a0\u00a0\u00a0\u00a0\u00a0\u00a0Multa de\u00a0$16,580.00\u00a0a\u00a0$20,740.00, a la se\u00f1alada en la fracci\u00f3n II, as\u00ed como reparaci\u00f3n del\u00a0da\u00f1o causado.<\/div>\n<div class=\"Texto\" style=\"text-align: justify;\">III.\u00a0\u00a0\u00a0\u00a0\u00a0\u00a0\u00a0\u00a0Multa de\u00a0$16,580.00\u00a0a\u00a0$20,740.00, si se trata de la se\u00f1alada en la fracci\u00f3n III.<\/div>\n<div class=\"Texto\" style=\"text-align: justify;\">&#8230;&#8230;&#8230;&#8230;&#8230;&#8230;&#8230;&#8230;&#8230;&#8230;&#8230;&#8230;&#8230;&#8230;&#8230;&#8230;&#8230;&#8230;&#8230;&#8230;&#8230;&#8230;&#8230;&#8230;&#8230;&#8230;&#8230;&#8230;&#8230;&#8230;&#8230;&#8230;&#8230;&#8230;&#8230;&#8230;&#8230;&#8230;&#8230;&#8230;&#8230;&#8230;&#8230;&#8230;&#8230;&#8230;<\/div>\n<div class=\"Texto\" style=\"text-align: justify;\">ARTICULO 200.\u00a0Cuando el monto de las multas que establece esta Ley est\u00e9 relacionado con el de los\u00a0impuestos al comercio exterior omitidos, con el valor en aduana de las mercanc\u00edas y \u00e9stos no pueden\u00a0determinarse, se aplicar\u00e1 a los infractores una multa de\u00a0$62,210.00\u00a0a\u00a0$82,950.00.<\/div>\n<div class=\"Texto\" style=\"text-align: justify;\"><\/div>\n<div class=\"Texto\" style=\"text-align: justify;\">II.\u00a0Se da a conocer la cantidad establecida en el Reglamento de la Ley Aduanera para 2018.<\/div>\n<div class=\"Texto\" style=\"text-align: justify;\">ART\u00cdCULO 144.\u00a0Para efectos del art\u00edculo 100, fracci\u00f3n II de la Ley, las empresas que hayan realizado\u00a0importaciones con un valor superior a\u00a0$120,139,530.00\u00a0en el ejercicio inmediato anterior a aqu\u00e9l en que\u00a0soliciten su inscripci\u00f3n en el registro del despacho de Mercanc\u00edas de las empresas, presentar\u00e1n su solicitud\u00a0ante la Autoridad Aduanera debiendo cumplir con lo siguiente:<\/div>\n<div class=\"Texto\" style=\"text-align: justify;\">&#8230;&#8230;&#8230;&#8230;&#8230;&#8230;&#8230;&#8230;&#8230;&#8230;&#8230;&#8230;&#8230;&#8230;&#8230;&#8230;&#8230;&#8230;&#8230;&#8230;&#8230;&#8230;&#8230;&#8230;&#8230;&#8230;&#8230;&#8230;&#8230;&#8230;&#8230;&#8230;&#8230;&#8230;&#8230;&#8230;&#8230;&#8230;&#8230;&#8230;&#8230;&#8230;&#8230;&#8230;&#8230;&#8230;<\/div>\n<div class=\"Texto\" style=\"text-align: justify;\">Atentamente,<\/div>\n<div class=\"Texto\" style=\"text-align: justify;\">Ciudad de M\u00e9xico, a 15 de diciembre de 2017.- El Jefe del Servicio de Administraci\u00f3n Tributaria,\u00a0Osvaldo\u00a0Antonio Sant\u00edn Quiroz.- R\u00fabrica.<\/div>\n<div><\/div>\n<div><\/div>\n<div>Link: http:\/\/www.dof.gob.mx\/nota_detalle.php?codigo=5508801&amp;fecha=22\/12\/2017<\/div>\n","protected":false},"excerpt":{"rendered":"<p>ANEXO 2 DE LAS REGLAS GENERALES DE COMERCIO EXTERIOR PARA 2018<\/p>\n","protected":false},"author":1,"featured_media":2512,"comment_status":"open","ping_status":"open","sticky":false,"template":"","format":"standard","meta":{"inline_featured_image":false,"_jetpack_memberships_contains_paid_content":false,"footnotes":""},"categories":[174],"tags":[328,331,332,330,329,9,312],"class_list":["post-2518","post","type-post","status-publish","format-standard","has-post-thumbnail","hentry","category-publicaciones-d-o-f","tag-anexo-2","tag-comercio-exterior-2018","tag-publicaciones-dof","tag-reglas-generales-de-comercio-exterior","tag-reglas-generales-de-comercio-exterior-para-2018","tag-sat","tag-servicio-de-administracion-tributaria"],"yoast_head":"<!-- This site is optimized with the Yoast SEO plugin v20.9 - https:\/\/yoast.com\/wordpress\/plugins\/seo\/ -->\n<title>ANEXO 2 de las Reglas Generales de Comercio Exterior para 2018, publicadas el 18 de diciembre de 2017. - Campa<\/title>\n<meta name=\"robots\" content=\"index, follow, max-snippet:-1, max-image-preview:large, max-video-preview:-1\" \/>\n<link rel=\"canonical\" href=\"https:\/\/www.campa.com.mx\/site\/anexo-2-de-las-reglas-generales-de-comercio-exterior-para-2018-publicadas-el-18-de-diciembre-de-2017\/\" \/>\n<meta property=\"og:locale\" content=\"es_ES\" \/>\n<meta property=\"og:type\" content=\"article\" \/>\n<meta property=\"og:title\" content=\"ANEXO 2 de las Reglas Generales de Comercio Exterior para 2018, publicadas el 18 de diciembre de 2017. - Campa\" \/>\n<meta property=\"og:description\" content=\"ANEXO 2 DE LAS REGLAS GENERALES DE COMERCIO EXTERIOR PARA 2018\" \/>\n<meta property=\"og:url\" content=\"https:\/\/www.campa.com.mx\/site\/anexo-2-de-las-reglas-generales-de-comercio-exterior-para-2018-publicadas-el-18-de-diciembre-de-2017\/\" \/>\n<meta property=\"og:site_name\" content=\"Campa\" \/>\n<meta property=\"article:publisher\" content=\"https:\/\/www.facebook.com\/MovimientoAnexo24\" \/>\n<meta property=\"article:published_time\" content=\"2017-12-22T15:23:14+00:00\" \/>\n<meta property=\"og:image\" content=\"https:\/\/www.campa.com.mx\/site\/wp-content\/uploads\/2017\/12\/0dof.png\" \/>\n\t<meta property=\"og:image:width\" content=\"1200\" \/>\n\t<meta property=\"og:image:height\" content=\"700\" \/>\n\t<meta property=\"og:image:type\" content=\"image\/png\" \/>\n<meta name=\"author\" content=\"campa\" \/>\n<meta name=\"twitter:card\" content=\"summary_large_image\" \/>\n<meta name=\"twitter:creator\" content=\"@artycampa\" \/>\n<meta name=\"twitter:site\" content=\"@artycampa\" \/>\n<meta name=\"twitter:label1\" content=\"Escrito por\" \/>\n\t<meta name=\"twitter:data1\" content=\"campa\" \/>\n\t<meta name=\"twitter:label2\" content=\"Tiempo de lectura\" \/>\n\t<meta name=\"twitter:data2\" content=\"8 minutos\" \/>\n<script type=\"application\/ld+json\" class=\"yoast-schema-graph\">{\"@context\":\"https:\/\/schema.org\",\"@graph\":[{\"@type\":\"WebPage\",\"@id\":\"https:\/\/www.campa.com.mx\/site\/anexo-2-de-las-reglas-generales-de-comercio-exterior-para-2018-publicadas-el-18-de-diciembre-de-2017\/\",\"url\":\"https:\/\/www.campa.com.mx\/site\/anexo-2-de-las-reglas-generales-de-comercio-exterior-para-2018-publicadas-el-18-de-diciembre-de-2017\/\",\"name\":\"ANEXO 2 de las Reglas Generales de Comercio Exterior para 2018, publicadas el 18 de diciembre de 2017. - Campa\",\"isPartOf\":{\"@id\":\"https:\/\/www.campa.com.mx\/site\/#website\"},\"datePublished\":\"2017-12-22T15:23:14+00:00\",\"dateModified\":\"2017-12-22T15:23:14+00:00\",\"author\":{\"@id\":\"https:\/\/www.campa.com.mx\/site\/#\/schema\/person\/5bf1874b81661ed013f5aa29df30761c\"},\"breadcrumb\":{\"@id\":\"https:\/\/www.campa.com.mx\/site\/anexo-2-de-las-reglas-generales-de-comercio-exterior-para-2018-publicadas-el-18-de-diciembre-de-2017\/#breadcrumb\"},\"inLanguage\":\"es\",\"potentialAction\":[{\"@type\":\"ReadAction\",\"target\":[\"https:\/\/www.campa.com.mx\/site\/anexo-2-de-las-reglas-generales-de-comercio-exterior-para-2018-publicadas-el-18-de-diciembre-de-2017\/\"]}]},{\"@type\":\"BreadcrumbList\",\"@id\":\"https:\/\/www.campa.com.mx\/site\/anexo-2-de-las-reglas-generales-de-comercio-exterior-para-2018-publicadas-el-18-de-diciembre-de-2017\/#breadcrumb\",\"itemListElement\":[{\"@type\":\"ListItem\",\"position\":1,\"name\":\"Portada\",\"item\":\"https:\/\/www.campa.com.mx\/site\/\"},{\"@type\":\"ListItem\",\"position\":2,\"name\":\"ANEXO 2 de las Reglas Generales de Comercio Exterior para 2018, publicadas el 18 de diciembre de 2017.\"}]},{\"@type\":\"WebSite\",\"@id\":\"https:\/\/www.campa.com.mx\/site\/#website\",\"url\":\"https:\/\/www.campa.com.mx\/site\/\",\"name\":\"Campa\",\"description\":\"Tecnolog\u00eda - Comercio Exterior - Servicios\",\"potentialAction\":[{\"@type\":\"SearchAction\",\"target\":{\"@type\":\"EntryPoint\",\"urlTemplate\":\"https:\/\/www.campa.com.mx\/site\/?s={search_term_string}\"},\"query-input\":\"required name=search_term_string\"}],\"inLanguage\":\"es\"},{\"@type\":\"Person\",\"@id\":\"https:\/\/www.campa.com.mx\/site\/#\/schema\/person\/5bf1874b81661ed013f5aa29df30761c\",\"name\":\"campa\",\"image\":{\"@type\":\"ImageObject\",\"inLanguage\":\"es\",\"@id\":\"https:\/\/www.campa.com.mx\/site\/#\/schema\/person\/image\/\",\"url\":\"https:\/\/secure.gravatar.com\/avatar\/921e6e5cffb9d78857948e938192591b9fd4168d0b55cc795582b49d9dc52bb1?s=96&d=mm&r=g\",\"contentUrl\":\"https:\/\/secure.gravatar.com\/avatar\/921e6e5cffb9d78857948e938192591b9fd4168d0b55cc795582b49d9dc52bb1?s=96&d=mm&r=g\",\"caption\":\"campa\"}}]}<\/script>\n<!-- \/ Yoast SEO plugin. -->","yoast_head_json":{"title":"ANEXO 2 de las Reglas Generales de Comercio Exterior para 2018, publicadas el 18 de diciembre de 2017. - Campa","robots":{"index":"index","follow":"follow","max-snippet":"max-snippet:-1","max-image-preview":"max-image-preview:large","max-video-preview":"max-video-preview:-1"},"canonical":"https:\/\/www.campa.com.mx\/site\/anexo-2-de-las-reglas-generales-de-comercio-exterior-para-2018-publicadas-el-18-de-diciembre-de-2017\/","og_locale":"es_ES","og_type":"article","og_title":"ANEXO 2 de las Reglas Generales de Comercio Exterior para 2018, publicadas el 18 de diciembre de 2017. - Campa","og_description":"ANEXO 2 DE LAS REGLAS GENERALES DE COMERCIO EXTERIOR PARA 2018","og_url":"https:\/\/www.campa.com.mx\/site\/anexo-2-de-las-reglas-generales-de-comercio-exterior-para-2018-publicadas-el-18-de-diciembre-de-2017\/","og_site_name":"Campa","article_publisher":"https:\/\/www.facebook.com\/MovimientoAnexo24","article_published_time":"2017-12-22T15:23:14+00:00","og_image":[{"width":1200,"height":700,"url":"https:\/\/www.campa.com.mx\/site\/wp-content\/uploads\/2017\/12\/0dof.png","type":"image\/png"}],"author":"campa","twitter_card":"summary_large_image","twitter_creator":"@artycampa","twitter_site":"@artycampa","twitter_misc":{"Escrito por":"campa","Tiempo de lectura":"8 minutos"},"schema":{"@context":"https:\/\/schema.org","@graph":[{"@type":"WebPage","@id":"https:\/\/www.campa.com.mx\/site\/anexo-2-de-las-reglas-generales-de-comercio-exterior-para-2018-publicadas-el-18-de-diciembre-de-2017\/","url":"https:\/\/www.campa.com.mx\/site\/anexo-2-de-las-reglas-generales-de-comercio-exterior-para-2018-publicadas-el-18-de-diciembre-de-2017\/","name":"ANEXO 2 de las Reglas Generales de Comercio Exterior para 2018, publicadas el 18 de diciembre de 2017. - Campa","isPartOf":{"@id":"https:\/\/www.campa.com.mx\/site\/#website"},"datePublished":"2017-12-22T15:23:14+00:00","dateModified":"2017-12-22T15:23:14+00:00","author":{"@id":"https:\/\/www.campa.com.mx\/site\/#\/schema\/person\/5bf1874b81661ed013f5aa29df30761c"},"breadcrumb":{"@id":"https:\/\/www.campa.com.mx\/site\/anexo-2-de-las-reglas-generales-de-comercio-exterior-para-2018-publicadas-el-18-de-diciembre-de-2017\/#breadcrumb"},"inLanguage":"es","potentialAction":[{"@type":"ReadAction","target":["https:\/\/www.campa.com.mx\/site\/anexo-2-de-las-reglas-generales-de-comercio-exterior-para-2018-publicadas-el-18-de-diciembre-de-2017\/"]}]},{"@type":"BreadcrumbList","@id":"https:\/\/www.campa.com.mx\/site\/anexo-2-de-las-reglas-generales-de-comercio-exterior-para-2018-publicadas-el-18-de-diciembre-de-2017\/#breadcrumb","itemListElement":[{"@type":"ListItem","position":1,"name":"Portada","item":"https:\/\/www.campa.com.mx\/site\/"},{"@type":"ListItem","position":2,"name":"ANEXO 2 de las Reglas Generales de Comercio Exterior para 2018, publicadas el 18 de diciembre de 2017."}]},{"@type":"WebSite","@id":"https:\/\/www.campa.com.mx\/site\/#website","url":"https:\/\/www.campa.com.mx\/site\/","name":"Campa","description":"Tecnolog\u00eda - Comercio Exterior - Servicios","potentialAction":[{"@type":"SearchAction","target":{"@type":"EntryPoint","urlTemplate":"https:\/\/www.campa.com.mx\/site\/?s={search_term_string}"},"query-input":"required name=search_term_string"}],"inLanguage":"es"},{"@type":"Person","@id":"https:\/\/www.campa.com.mx\/site\/#\/schema\/person\/5bf1874b81661ed013f5aa29df30761c","name":"campa","image":{"@type":"ImageObject","inLanguage":"es","@id":"https:\/\/www.campa.com.mx\/site\/#\/schema\/person\/image\/","url":"https:\/\/secure.gravatar.com\/avatar\/921e6e5cffb9d78857948e938192591b9fd4168d0b55cc795582b49d9dc52bb1?s=96&d=mm&r=g","contentUrl":"https:\/\/secure.gravatar.com\/avatar\/921e6e5cffb9d78857948e938192591b9fd4168d0b55cc795582b49d9dc52bb1?s=96&d=mm&r=g","caption":"campa"}}]}},"jetpack_featured_media_url":"https:\/\/www.campa.com.mx\/site\/wp-content\/uploads\/2017\/12\/0dof.png","jetpack_sharing_enabled":true,"_links":{"self":[{"href":"https:\/\/www.campa.com.mx\/site\/wp-json\/wp\/v2\/posts\/2518","targetHints":{"allow":["GET"]}}],"collection":[{"href":"https:\/\/www.campa.com.mx\/site\/wp-json\/wp\/v2\/posts"}],"about":[{"href":"https:\/\/www.campa.com.mx\/site\/wp-json\/wp\/v2\/types\/post"}],"author":[{"embeddable":true,"href":"https:\/\/www.campa.com.mx\/site\/wp-json\/wp\/v2\/users\/1"}],"replies":[{"embeddable":true,"href":"https:\/\/www.campa.com.mx\/site\/wp-json\/wp\/v2\/comments?post=2518"}],"version-history":[{"count":5,"href":"https:\/\/www.campa.com.mx\/site\/wp-json\/wp\/v2\/posts\/2518\/revisions"}],"predecessor-version":[{"id":2523,"href":"https:\/\/www.campa.com.mx\/site\/wp-json\/wp\/v2\/posts\/2518\/revisions\/2523"}],"wp:featuredmedia":[{"embeddable":true,"href":"https:\/\/www.campa.com.mx\/site\/wp-json\/wp\/v2\/media\/2512"}],"wp:attachment":[{"href":"https:\/\/www.campa.com.mx\/site\/wp-json\/wp\/v2\/media?parent=2518"}],"wp:term":[{"taxonomy":"category","embeddable":true,"href":"https:\/\/www.campa.com.mx\/site\/wp-json\/wp\/v2\/categories?post=2518"},{"taxonomy":"post_tag","embeddable":true,"href":"https:\/\/www.campa.com.mx\/site\/wp-json\/wp\/v2\/tags?post=2518"}],"curies":[{"name":"wp","href":"https:\/\/api.w.org\/{rel}","templated":true}]}}