{"id":2530,"date":"2017-12-28T16:01:10","date_gmt":"2017-12-28T16:01:10","guid":{"rendered":"http:\/\/www.campa.com.mx\/site\/?p=2530"},"modified":"2017-12-28T16:01:10","modified_gmt":"2017-12-28T16:01:10","slug":"acuerdo-que-modifica-al-diverso-por-el-que-la-secretaria-de-economia-emite-reglas-y-criterios-de-caracter-general-en-materia-de-comercio-exterior-2","status":"publish","type":"post","link":"https:\/\/www.campa.com.mx\/site\/acuerdo-que-modifica-al-diverso-por-el-que-la-secretaria-de-economia-emite-reglas-y-criterios-de-caracter-general-en-materia-de-comercio-exterior-2\/","title":{"rendered":"ACUERDO que modifica al diverso por el que la Secretar\u00eda de Econom\u00eda emite reglas y criterios de car\u00e1cter general en materia de Comercio Exterior."},"content":{"rendered":"<div class=\"Texto\" style=\"text-align: justify;\">Que el Acuerdo por el que la Secretar\u00eda de Econom\u00eda emite reglas y criterios de car\u00e1cter general en\u00a0materia de Comercio Exterior (Acuerdo), publicado en el Diario Oficial de la Federaci\u00f3n el 31 de diciembre de\u00a02012 y sus diversas modificaciones, tiene por objeto dar a conocer las reglas que establecen disposiciones\u00a0de car\u00e1cter general y los criterios necesarios para el cumplimiento de las leyes, acuerdos o tratados\u00a0comerciales internacionales, reglamentos, decretos, acuerdos y dem\u00e1s ordenamientos generales competencia\u00a0de esta Secretar\u00eda, agrup\u00e1ndolos de modo que faciliten al usuario su aplicaci\u00f3n.<\/div>\n<div class=\"Texto\" style=\"text-align: justify;\">Que mediante reforma al Acuerdo publicada en el Diario Oficial de la Federaci\u00f3n el 5 de diciembre de\u00a02013, se sujetaron al requisito de aviso autom\u00e1tico de importaci\u00f3n ciertas mercanc\u00edas del sector acero con el\u00a0objeto de efectuar un monitoreo estad\u00edstico que opere de manera transparente y \u00e1gil.<\/div>\n<div class=\"Texto\" style=\"text-align: justify;\">Que dicho aviso permite obtener una mejor informaci\u00f3n sobre las importaciones, constituy\u00e9ndose como un\u00a0instrumento para prevenir y combatir pr\u00e1cticas lesivas recurrentes como lo son la incorrecta clasificaci\u00f3n\u00a0arancelaria de las mercanc\u00edas, la subvaluaci\u00f3n y la triangulaci\u00f3n de origen de las mismas, que afectan la\u00a0participaci\u00f3n de la industria sider\u00fargica en la actividad econ\u00f3mica nacional.<\/div>\n<div class=\"Texto\" style=\"text-align: justify;\">Que en virtud de la reciente apertura del comercio internacional de hidrocarburos al sector privado, y con\u00a0el fin de contar con un monitoreo estad\u00edstico que permita identificar las mercanc\u00edas importadas como resultado\u00a0de la misma, resulta necesario sujetar a un aviso autom\u00e1tico de importaci\u00f3n diversas fracciones arancelarias\u00a0en las que se clasifican tubos, especialmente fabricados para la entubaci\u00f3n o perforaci\u00f3n en la extracci\u00f3n de\u00a0petr\u00f3leo y gas.<\/div>\n<div class=\"Texto\" style=\"text-align: justify;\">Que derivado de investigaciones por pr\u00e1cticas desleales de comercio internacional, se impusieron cuotas\u00a0compensatorias definitivas a diversos productos sider\u00fargicos, y con el prop\u00f3sito de evitar el pago de dichas\u00a0cuotas, algunos importadores clasifican incorrectamente las mercanc\u00edas, por lo que resulta necesario sujetar\u00a0al aviso autom\u00e1tico de importaci\u00f3n de productos sider\u00fargicos ciertas fracciones arancelarias en las que se\u00a0clasifican aceros planos recubiertos y alambr\u00f3n de acero, que actualmente tienen cuota compensatoria\u00a0definitiva.<\/div>\n<div class=\"Texto\" style=\"text-align: justify;\">Que durante el monitoreo estad\u00edstico realizado durante 2016 y 2017 respecto de diversas fracciones\u00a0arancelarias del sector sider\u00fargico, espec\u00edficamente en las que se clasifican tuber\u00edas de acero inoxidable y\u00a0que se encuentran sujetas al aviso autom\u00e1tico de importaci\u00f3n, se identific\u00f3 que las mismas no cuentan con un\u00a0comercio significativo y por ende resulta conveniente no continuar sujet\u00e1ndolas a dicho aviso.<\/div>\n<div class=\"Texto\" style=\"text-align: justify;\">Que mediante reforma al Acuerdo publicada en el Diario Oficial de la Federaci\u00f3n el 5 de febrero de 2015,\u00a0se sujetaron al requisito de permiso autom\u00e1tico de importaci\u00f3n ciertas mercanc\u00edas de los sectores textil y\u00a0confecci\u00f3n, con el objeto de efectuar un monitoreo estad\u00edstico que opere de manera transparente y \u00e1gil.<\/div>\n<div class=\"Texto\" style=\"text-align: justify;\">Que con el fin de seguir inhibiendo las pr\u00e1cticas comerciales lesivas, como la subvaluaci\u00f3n, en los\u00a0sectores de textil y confecci\u00f3n, es necesario sujetar ciertas fracciones arancelarias al permiso autom\u00e1tico de\u00a0importaci\u00f3n, toda vez que dichas mercanc\u00edas ingresan al pa\u00eds declarando un valor en aduana menor al\u00a0realmente pagado, incluso por debajo del precio de la materia prima con la que se elaboran.<\/div>\n<div class=\"Texto\" style=\"text-align: justify;\">Que el 5 de octubre de 2017 se public\u00f3 en el Diario Oficial de la Federaci\u00f3n el Decreto por el que se\u00a0modifica la Tarifa de la Ley de los Impuestos Generales de Importaci\u00f3n y de Exportaci\u00f3n, el Decreto por el\u00a0que se establece el impuesto general de importaci\u00f3n para la regi\u00f3n fronteriza y la franja fronteriza norte\u00a0y el\u00a0Decreto para el Fomento de la Industria Manufacturera, Maquiladora y de Servicios de Exportaci\u00f3n, mediante\u00a0el cual se crearon, modificaron y suprimieron diversas fracciones arancelarias, entre otras, las relativas a los\u00a0sectores textil y az\u00facar.<\/div>\n<div class=\"Texto\" style=\"text-align: justify;\">Que las modificaciones a la Tarifa arancelaria tienen por objeto contar con un mayor control sobre los\u00a0compromisos internacionales adquiridos, facilitando las operaciones de comercio exterior respecto del az\u00facar\u00a0e inhibir la continuidad de las pr\u00e1cticas de subvaluaci\u00f3n de los sectores textil y confecci\u00f3n.<\/div>\n<div class=\"Texto\" style=\"text-align: justify;\">Que mediante el Anexo 2.4.1 del Acuerdo se identifican las fracciones arancelarias de la Tarifa de la Ley\u00a0de los Impuestos Generales de Importaci\u00f3n y de Exportaci\u00f3n, cuyas mercanc\u00edas est\u00e1n sujetas al cumplimiento\u00a0de Normas Oficiales Mexicanas en el punto de su entrada al pa\u00eds, y en el de su salida, y en raz\u00f3n de las\u00a0referidas modificaciones en los sectores az\u00facar y textil y confecci\u00f3n se\u00f1aladas en el noveno considerando,\u00a0resulta necesario realizar las adecuaciones correspondientes a la descripci\u00f3n de diversas fracciones\u00a0arancelarias sujetas al cumplimiento de dichas normas previstas en el citado Anexo, con el fin de otorgar alusuario de comercio exterior una mayor certidumbre jur\u00eddica.<\/div>\n<div class=\"Texto\" style=\"text-align: justify;\">Que en cumplimiento a lo se\u00f1alado por la Ley de Comercio Exterior, las disposiciones del presente\u00a0instrumento fueron sometidas a la consideraci\u00f3n de la Comisi\u00f3n de Comercio Exterior y opinadas\u00a0favorablemente por la misma, por lo que se expide el siguiente:<\/div>\n<div><\/div>\n<div class=\"ANOTACION\" style=\"text-align: justify;\">ACUERDO QUE MODIFICA AL DIVERSO POR EL QUE LA SECRETAR\u00cdA DE ECONOM\u00cdA EMITE REGLAS Y CRITERIOS DE CAR\u00c1CTER GENERAL EN MATERIA DE COMERCIO EXTERIOR<\/div>\n<div><\/div>\n<div>Link.\u00a0http:\/\/www.dof.gob.mx\/nota_detalle.php?codigo=5509392&amp;fecha=28\/12\/2017<\/div>\n","protected":false},"excerpt":{"rendered":"<p>Que el Acuerdo por el que la Secretar\u00eda de Econom\u00eda emite reglas y criterios de car\u00e1cter general en\u00a0materia de Comercio Exterior (Acuerdo), publicado en el Diario Oficial de la Federaci\u00f3n el 31 de diciembre de\u00a02012 y sus diversas modificaciones, tiene [&hellip;]<\/p>\n","protected":false},"author":1,"featured_media":2512,"comment_status":"open","ping_status":"open","sticky":false,"template":"","format":"standard","meta":{"inline_featured_image":false,"_jetpack_memberships_contains_paid_content":false,"footnotes":""},"categories":[174],"tags":[],"class_list":["post-2530","post","type-post","status-publish","format-standard","has-post-thumbnail","hentry","category-publicaciones-d-o-f"],"yoast_head":"<!-- This site is optimized with the Yoast SEO plugin v20.9 - https:\/\/yoast.com\/wordpress\/plugins\/seo\/ -->\n<title>ACUERDO que modifica al diverso por el que la Secretar\u00eda de Econom\u00eda emite reglas y criterios de car\u00e1cter general en materia de Comercio Exterior. - Campa<\/title>\n<meta name=\"robots\" content=\"index, follow, max-snippet:-1, max-image-preview:large, max-video-preview:-1\" \/>\n<link rel=\"canonical\" href=\"https:\/\/www.campa.com.mx\/site\/acuerdo-que-modifica-al-diverso-por-el-que-la-secretaria-de-economia-emite-reglas-y-criterios-de-caracter-general-en-materia-de-comercio-exterior-2\/\" \/>\n<meta property=\"og:locale\" content=\"es_ES\" \/>\n<meta property=\"og:type\" content=\"article\" \/>\n<meta property=\"og:title\" content=\"ACUERDO que modifica al diverso por el que la Secretar\u00eda de Econom\u00eda emite reglas y criterios de car\u00e1cter general en materia de Comercio Exterior. - Campa\" \/>\n<meta property=\"og:description\" content=\"Que el Acuerdo por el que la Secretar\u00eda de Econom\u00eda emite reglas y criterios de car\u00e1cter general en\u00a0materia de Comercio Exterior (Acuerdo), publicado en el Diario Oficial de la Federaci\u00f3n el 31 de diciembre de\u00a02012 y sus diversas modificaciones, tiene [&hellip;]\" \/>\n<meta property=\"og:url\" content=\"https:\/\/www.campa.com.mx\/site\/acuerdo-que-modifica-al-diverso-por-el-que-la-secretaria-de-economia-emite-reglas-y-criterios-de-caracter-general-en-materia-de-comercio-exterior-2\/\" \/>\n<meta property=\"og:site_name\" content=\"Campa\" \/>\n<meta property=\"article:publisher\" content=\"https:\/\/www.facebook.com\/MovimientoAnexo24\" \/>\n<meta property=\"article:published_time\" content=\"2017-12-28T16:01:10+00:00\" \/>\n<meta property=\"og:image\" content=\"https:\/\/www.campa.com.mx\/site\/wp-content\/uploads\/2017\/12\/0dof.png\" \/>\n\t<meta property=\"og:image:width\" content=\"1200\" \/>\n\t<meta property=\"og:image:height\" content=\"700\" \/>\n\t<meta property=\"og:image:type\" content=\"image\/png\" \/>\n<meta name=\"author\" content=\"campa\" \/>\n<meta name=\"twitter:card\" content=\"summary_large_image\" \/>\n<meta name=\"twitter:creator\" content=\"@artycampa\" \/>\n<meta name=\"twitter:site\" content=\"@artycampa\" \/>\n<meta name=\"twitter:label1\" content=\"Escrito por\" \/>\n\t<meta name=\"twitter:data1\" content=\"campa\" \/>\n\t<meta name=\"twitter:label2\" content=\"Tiempo de lectura\" \/>\n\t<meta name=\"twitter:data2\" content=\"5 minutos\" \/>\n<script type=\"application\/ld+json\" class=\"yoast-schema-graph\">{\"@context\":\"https:\/\/schema.org\",\"@graph\":[{\"@type\":\"WebPage\",\"@id\":\"https:\/\/www.campa.com.mx\/site\/acuerdo-que-modifica-al-diverso-por-el-que-la-secretaria-de-economia-emite-reglas-y-criterios-de-caracter-general-en-materia-de-comercio-exterior-2\/\",\"url\":\"https:\/\/www.campa.com.mx\/site\/acuerdo-que-modifica-al-diverso-por-el-que-la-secretaria-de-economia-emite-reglas-y-criterios-de-caracter-general-en-materia-de-comercio-exterior-2\/\",\"name\":\"ACUERDO que modifica al diverso por el que la Secretar\u00eda de Econom\u00eda emite reglas y criterios de car\u00e1cter general en materia de Comercio Exterior. - Campa\",\"isPartOf\":{\"@id\":\"https:\/\/www.campa.com.mx\/site\/#website\"},\"datePublished\":\"2017-12-28T16:01:10+00:00\",\"dateModified\":\"2017-12-28T16:01:10+00:00\",\"author\":{\"@id\":\"https:\/\/www.campa.com.mx\/site\/#\/schema\/person\/5bf1874b81661ed013f5aa29df30761c\"},\"breadcrumb\":{\"@id\":\"https:\/\/www.campa.com.mx\/site\/acuerdo-que-modifica-al-diverso-por-el-que-la-secretaria-de-economia-emite-reglas-y-criterios-de-caracter-general-en-materia-de-comercio-exterior-2\/#breadcrumb\"},\"inLanguage\":\"es\",\"potentialAction\":[{\"@type\":\"ReadAction\",\"target\":[\"https:\/\/www.campa.com.mx\/site\/acuerdo-que-modifica-al-diverso-por-el-que-la-secretaria-de-economia-emite-reglas-y-criterios-de-caracter-general-en-materia-de-comercio-exterior-2\/\"]}]},{\"@type\":\"BreadcrumbList\",\"@id\":\"https:\/\/www.campa.com.mx\/site\/acuerdo-que-modifica-al-diverso-por-el-que-la-secretaria-de-economia-emite-reglas-y-criterios-de-caracter-general-en-materia-de-comercio-exterior-2\/#breadcrumb\",\"itemListElement\":[{\"@type\":\"ListItem\",\"position\":1,\"name\":\"Portada\",\"item\":\"https:\/\/www.campa.com.mx\/site\/\"},{\"@type\":\"ListItem\",\"position\":2,\"name\":\"ACUERDO que modifica al diverso por el que la Secretar\u00eda de Econom\u00eda emite reglas y criterios de car\u00e1cter general en materia de Comercio Exterior.\"}]},{\"@type\":\"WebSite\",\"@id\":\"https:\/\/www.campa.com.mx\/site\/#website\",\"url\":\"https:\/\/www.campa.com.mx\/site\/\",\"name\":\"Campa\",\"description\":\"Tecnolog\u00eda - Comercio Exterior - Servicios\",\"potentialAction\":[{\"@type\":\"SearchAction\",\"target\":{\"@type\":\"EntryPoint\",\"urlTemplate\":\"https:\/\/www.campa.com.mx\/site\/?s={search_term_string}\"},\"query-input\":\"required name=search_term_string\"}],\"inLanguage\":\"es\"},{\"@type\":\"Person\",\"@id\":\"https:\/\/www.campa.com.mx\/site\/#\/schema\/person\/5bf1874b81661ed013f5aa29df30761c\",\"name\":\"campa\",\"image\":{\"@type\":\"ImageObject\",\"inLanguage\":\"es\",\"@id\":\"https:\/\/www.campa.com.mx\/site\/#\/schema\/person\/image\/\",\"url\":\"https:\/\/secure.gravatar.com\/avatar\/921e6e5cffb9d78857948e938192591b9fd4168d0b55cc795582b49d9dc52bb1?s=96&d=mm&r=g\",\"contentUrl\":\"https:\/\/secure.gravatar.com\/avatar\/921e6e5cffb9d78857948e938192591b9fd4168d0b55cc795582b49d9dc52bb1?s=96&d=mm&r=g\",\"caption\":\"campa\"}}]}<\/script>\n<!-- \/ Yoast SEO plugin. -->","yoast_head_json":{"title":"ACUERDO que modifica al diverso por el que la Secretar\u00eda de Econom\u00eda emite reglas y criterios de car\u00e1cter general en materia de Comercio Exterior. - Campa","robots":{"index":"index","follow":"follow","max-snippet":"max-snippet:-1","max-image-preview":"max-image-preview:large","max-video-preview":"max-video-preview:-1"},"canonical":"https:\/\/www.campa.com.mx\/site\/acuerdo-que-modifica-al-diverso-por-el-que-la-secretaria-de-economia-emite-reglas-y-criterios-de-caracter-general-en-materia-de-comercio-exterior-2\/","og_locale":"es_ES","og_type":"article","og_title":"ACUERDO que modifica al diverso por el que la Secretar\u00eda de Econom\u00eda emite reglas y criterios de car\u00e1cter general en materia de Comercio Exterior. - Campa","og_description":"Que el Acuerdo por el que la Secretar\u00eda de Econom\u00eda emite reglas y criterios de car\u00e1cter general en\u00a0materia de Comercio Exterior (Acuerdo), publicado en el Diario Oficial de la Federaci\u00f3n el 31 de diciembre de\u00a02012 y sus diversas modificaciones, tiene [&hellip;]","og_url":"https:\/\/www.campa.com.mx\/site\/acuerdo-que-modifica-al-diverso-por-el-que-la-secretaria-de-economia-emite-reglas-y-criterios-de-caracter-general-en-materia-de-comercio-exterior-2\/","og_site_name":"Campa","article_publisher":"https:\/\/www.facebook.com\/MovimientoAnexo24","article_published_time":"2017-12-28T16:01:10+00:00","og_image":[{"width":1200,"height":700,"url":"https:\/\/www.campa.com.mx\/site\/wp-content\/uploads\/2017\/12\/0dof.png","type":"image\/png"}],"author":"campa","twitter_card":"summary_large_image","twitter_creator":"@artycampa","twitter_site":"@artycampa","twitter_misc":{"Escrito por":"campa","Tiempo de lectura":"5 minutos"},"schema":{"@context":"https:\/\/schema.org","@graph":[{"@type":"WebPage","@id":"https:\/\/www.campa.com.mx\/site\/acuerdo-que-modifica-al-diverso-por-el-que-la-secretaria-de-economia-emite-reglas-y-criterios-de-caracter-general-en-materia-de-comercio-exterior-2\/","url":"https:\/\/www.campa.com.mx\/site\/acuerdo-que-modifica-al-diverso-por-el-que-la-secretaria-de-economia-emite-reglas-y-criterios-de-caracter-general-en-materia-de-comercio-exterior-2\/","name":"ACUERDO que modifica al diverso por el que la Secretar\u00eda de Econom\u00eda emite reglas y criterios de car\u00e1cter general en materia de Comercio Exterior. - Campa","isPartOf":{"@id":"https:\/\/www.campa.com.mx\/site\/#website"},"datePublished":"2017-12-28T16:01:10+00:00","dateModified":"2017-12-28T16:01:10+00:00","author":{"@id":"https:\/\/www.campa.com.mx\/site\/#\/schema\/person\/5bf1874b81661ed013f5aa29df30761c"},"breadcrumb":{"@id":"https:\/\/www.campa.com.mx\/site\/acuerdo-que-modifica-al-diverso-por-el-que-la-secretaria-de-economia-emite-reglas-y-criterios-de-caracter-general-en-materia-de-comercio-exterior-2\/#breadcrumb"},"inLanguage":"es","potentialAction":[{"@type":"ReadAction","target":["https:\/\/www.campa.com.mx\/site\/acuerdo-que-modifica-al-diverso-por-el-que-la-secretaria-de-economia-emite-reglas-y-criterios-de-caracter-general-en-materia-de-comercio-exterior-2\/"]}]},{"@type":"BreadcrumbList","@id":"https:\/\/www.campa.com.mx\/site\/acuerdo-que-modifica-al-diverso-por-el-que-la-secretaria-de-economia-emite-reglas-y-criterios-de-caracter-general-en-materia-de-comercio-exterior-2\/#breadcrumb","itemListElement":[{"@type":"ListItem","position":1,"name":"Portada","item":"https:\/\/www.campa.com.mx\/site\/"},{"@type":"ListItem","position":2,"name":"ACUERDO que modifica al diverso por el que la Secretar\u00eda de Econom\u00eda emite reglas y criterios de car\u00e1cter general en materia de Comercio Exterior."}]},{"@type":"WebSite","@id":"https:\/\/www.campa.com.mx\/site\/#website","url":"https:\/\/www.campa.com.mx\/site\/","name":"Campa","description":"Tecnolog\u00eda - Comercio Exterior - Servicios","potentialAction":[{"@type":"SearchAction","target":{"@type":"EntryPoint","urlTemplate":"https:\/\/www.campa.com.mx\/site\/?s={search_term_string}"},"query-input":"required name=search_term_string"}],"inLanguage":"es"},{"@type":"Person","@id":"https:\/\/www.campa.com.mx\/site\/#\/schema\/person\/5bf1874b81661ed013f5aa29df30761c","name":"campa","image":{"@type":"ImageObject","inLanguage":"es","@id":"https:\/\/www.campa.com.mx\/site\/#\/schema\/person\/image\/","url":"https:\/\/secure.gravatar.com\/avatar\/921e6e5cffb9d78857948e938192591b9fd4168d0b55cc795582b49d9dc52bb1?s=96&d=mm&r=g","contentUrl":"https:\/\/secure.gravatar.com\/avatar\/921e6e5cffb9d78857948e938192591b9fd4168d0b55cc795582b49d9dc52bb1?s=96&d=mm&r=g","caption":"campa"}}]}},"jetpack_featured_media_url":"https:\/\/www.campa.com.mx\/site\/wp-content\/uploads\/2017\/12\/0dof.png","jetpack_sharing_enabled":true,"_links":{"self":[{"href":"https:\/\/www.campa.com.mx\/site\/wp-json\/wp\/v2\/posts\/2530","targetHints":{"allow":["GET"]}}],"collection":[{"href":"https:\/\/www.campa.com.mx\/site\/wp-json\/wp\/v2\/posts"}],"about":[{"href":"https:\/\/www.campa.com.mx\/site\/wp-json\/wp\/v2\/types\/post"}],"author":[{"embeddable":true,"href":"https:\/\/www.campa.com.mx\/site\/wp-json\/wp\/v2\/users\/1"}],"replies":[{"embeddable":true,"href":"https:\/\/www.campa.com.mx\/site\/wp-json\/wp\/v2\/comments?post=2530"}],"version-history":[{"count":5,"href":"https:\/\/www.campa.com.mx\/site\/wp-json\/wp\/v2\/posts\/2530\/revisions"}],"predecessor-version":[{"id":2535,"href":"https:\/\/www.campa.com.mx\/site\/wp-json\/wp\/v2\/posts\/2530\/revisions\/2535"}],"wp:featuredmedia":[{"embeddable":true,"href":"https:\/\/www.campa.com.mx\/site\/wp-json\/wp\/v2\/media\/2512"}],"wp:attachment":[{"href":"https:\/\/www.campa.com.mx\/site\/wp-json\/wp\/v2\/media?parent=2530"}],"wp:term":[{"taxonomy":"category","embeddable":true,"href":"https:\/\/www.campa.com.mx\/site\/wp-json\/wp\/v2\/categories?post=2530"},{"taxonomy":"post_tag","embeddable":true,"href":"https:\/\/www.campa.com.mx\/site\/wp-json\/wp\/v2\/tags?post=2530"}],"curies":[{"name":"wp","href":"https:\/\/api.w.org\/{rel}","templated":true}]}}