{"id":2550,"date":"2017-12-28T16:21:23","date_gmt":"2017-12-28T16:21:23","guid":{"rendered":"http:\/\/www.campa.com.mx\/site\/?p=2550"},"modified":"2017-12-28T16:21:23","modified_gmt":"2017-12-28T16:21:23","slug":"exportacion-la-mayor-alza-en-6-anos","status":"publish","type":"post","link":"https:\/\/www.campa.com.mx\/site\/exportacion-la-mayor-alza-en-6-anos\/","title":{"rendered":"Exportaci\u00f3n la mayor alza en 6 a\u00f1os"},"content":{"rendered":"<div class=\"main-article-wrapper\">\n<div class=\"sub-title\">\n<div id=\"m47-46-48\" style=\"text-align: justify;\">Luego de dos a\u00f1os con ca\u00eddas, el sector acumul\u00f3 entre enero y noviembre de este a\u00f1o un monto de 373 mil 669 millones de d\u00f3lares, lo que represent\u00f3 un crecimiento anual de 9.7 por ciento.<\/div>\n<\/div>\n<\/div>\n<div class=\"lower-article-part\" style=\"text-align: justify;\">Las<b>\u00a0exportaciones totales de M\u00e9xico\u00a0<\/b>acumularon entre enero y noviembre de este a\u00f1o un monto de<b>\u00a0373 mil 669 millones de d\u00f3lares<\/b>, lo que implic\u00f3 un\u00a0<b>crecimiento anual de 9.7 por ciento<\/b>. Este es el mayor avance en los \u00faltimos seis a\u00f1os para un periodo similar.<\/p>\n<div class=\"teads-inread xs-screen\"><\/div>\n<p>Este desempe\u00f1o muestra una<b>\u00a0fuerte recuperaci\u00f3n del sector exportador mexicano tras dos a\u00f1os con ca\u00eddas\u00a0<\/b>y, de acuerdo con analistas, el impulso obedece principalmente al\u00a0<b>dinamismo de las exportaciones manufactureras<\/b>, incentivadas por una mayor demanda de Estados Unidos, su principal mercado.<\/p>\n<p>Seg\u00fan los \u00faltimos registros del INEGI, hasta noviembre, las exportaciones de la<b>\u00a0industria manufacturera<\/b>\u00a0sumaron 333 mil 304 millones de d\u00f3lares y representaron 89 por ciento del total de las ventas al exterior. Su crecimiento acumulado en 2017 es de 8.8 por ciento, derivado de un aumento de 12 por ciento en las\u00a0<b>ventas automotrices<\/b>\u00a0y de 7.1 por ciento en las\u00a0<b>no automotrices.\u00a0<\/b><\/p>\n<p>Respecto al<b>\u00a0sector petrolero<\/b>, las cifras tambi\u00e9n mejoraron para M\u00e9xico. Las exportaciones de este sector acumularon a noviembre un crecimiento anual de 23.3 por ciento, luego de cinco a\u00f1os consecutivos en contracci\u00f3n. Con ello, el saldo en la balanza arroj\u00f3 un d\u00e9ficit acumulado de 10 mil 718 millones de d\u00f3lares, un monto 18.3 por ciento menor al reportado en el mismo periodo del a\u00f1o previo.<\/p>\n<\/div>\n","protected":false},"excerpt":{"rendered":"<p>Luego de dos a\u00f1os con ca\u00eddas, el sector acumul\u00f3 entre enero y noviembre de este a\u00f1o un monto de 373 mil 669 millones de d\u00f3lares, lo que represent\u00f3 un crecimiento anual de 9.7 por ciento. Las\u00a0exportaciones totales de M\u00e9xico\u00a0acumularon entre [&hellip;]<\/p>\n","protected":false},"author":1,"featured_media":2552,"comment_status":"open","ping_status":"open","sticky":false,"template":"","format":"standard","meta":{"inline_featured_image":false,"_jetpack_memberships_contains_paid_content":false,"footnotes":""},"categories":[173],"tags":[194,140,334,336,335],"class_list":["post-2550","post","type-post","status-publish","format-standard","has-post-thumbnail","hentry","category-comercio-exterior","tag-exportacion","tag-industria-manufacturera","tag-inegi","tag-sector-petrolero","tag-ventas-automotrices"],"yoast_head":"<!-- This site is optimized with the Yoast SEO plugin v20.9 - https:\/\/yoast.com\/wordpress\/plugins\/seo\/ -->\n<title>Exportaci\u00f3n la mayor alza en 6 a\u00f1os - Campa<\/title>\n<meta name=\"robots\" content=\"index, follow, max-snippet:-1, max-image-preview:large, max-video-preview:-1\" \/>\n<link rel=\"canonical\" href=\"https:\/\/www.campa.com.mx\/site\/exportacion-la-mayor-alza-en-6-anos\/\" \/>\n<meta property=\"og:locale\" content=\"es_ES\" \/>\n<meta property=\"og:type\" content=\"article\" \/>\n<meta property=\"og:title\" content=\"Exportaci\u00f3n la mayor alza en 6 a\u00f1os - Campa\" \/>\n<meta property=\"og:description\" content=\"Luego de dos a\u00f1os con ca\u00eddas, el sector acumul\u00f3 entre enero y noviembre de este a\u00f1o un monto de 373 mil 669 millones de d\u00f3lares, lo que represent\u00f3 un crecimiento anual de 9.7 por ciento. Las\u00a0exportaciones totales de M\u00e9xico\u00a0acumularon entre [&hellip;]\" \/>\n<meta property=\"og:url\" content=\"https:\/\/www.campa.com.mx\/site\/exportacion-la-mayor-alza-en-6-anos\/\" \/>\n<meta property=\"og:site_name\" content=\"Campa\" \/>\n<meta property=\"article:publisher\" content=\"https:\/\/www.facebook.com\/MovimientoAnexo24\" \/>\n<meta property=\"article:published_time\" content=\"2017-12-28T16:21:23+00:00\" \/>\n<meta property=\"og:image\" content=\"https:\/\/www.campa.com.mx\/site\/wp-content\/uploads\/2017\/12\/Captura-de-pantalla-2017-12-28-a-las-10.16.43.png\" \/>\n\t<meta property=\"og:image:width\" content=\"1200\" \/>\n\t<meta property=\"og:image:height\" content=\"623\" \/>\n\t<meta property=\"og:image:type\" content=\"image\/png\" \/>\n<meta name=\"author\" content=\"campa\" \/>\n<meta name=\"twitter:card\" content=\"summary_large_image\" \/>\n<meta name=\"twitter:creator\" content=\"@artycampa\" \/>\n<meta name=\"twitter:site\" content=\"@artycampa\" \/>\n<meta name=\"twitter:label1\" content=\"Escrito por\" \/>\n\t<meta name=\"twitter:data1\" content=\"campa\" \/>\n\t<meta name=\"twitter:label2\" content=\"Tiempo de lectura\" \/>\n\t<meta name=\"twitter:data2\" content=\"1 minuto\" \/>\n<script type=\"application\/ld+json\" class=\"yoast-schema-graph\">{\"@context\":\"https:\/\/schema.org\",\"@graph\":[{\"@type\":\"WebPage\",\"@id\":\"https:\/\/www.campa.com.mx\/site\/exportacion-la-mayor-alza-en-6-anos\/\",\"url\":\"https:\/\/www.campa.com.mx\/site\/exportacion-la-mayor-alza-en-6-anos\/\",\"name\":\"Exportaci\u00f3n la mayor alza en 6 a\u00f1os - Campa\",\"isPartOf\":{\"@id\":\"https:\/\/www.campa.com.mx\/site\/#website\"},\"datePublished\":\"2017-12-28T16:21:23+00:00\",\"dateModified\":\"2017-12-28T16:21:23+00:00\",\"author\":{\"@id\":\"https:\/\/www.campa.com.mx\/site\/#\/schema\/person\/5bf1874b81661ed013f5aa29df30761c\"},\"breadcrumb\":{\"@id\":\"https:\/\/www.campa.com.mx\/site\/exportacion-la-mayor-alza-en-6-anos\/#breadcrumb\"},\"inLanguage\":\"es\",\"potentialAction\":[{\"@type\":\"ReadAction\",\"target\":[\"https:\/\/www.campa.com.mx\/site\/exportacion-la-mayor-alza-en-6-anos\/\"]}]},{\"@type\":\"BreadcrumbList\",\"@id\":\"https:\/\/www.campa.com.mx\/site\/exportacion-la-mayor-alza-en-6-anos\/#breadcrumb\",\"itemListElement\":[{\"@type\":\"ListItem\",\"position\":1,\"name\":\"Portada\",\"item\":\"https:\/\/www.campa.com.mx\/site\/\"},{\"@type\":\"ListItem\",\"position\":2,\"name\":\"Exportaci\u00f3n la mayor alza en 6 a\u00f1os\"}]},{\"@type\":\"WebSite\",\"@id\":\"https:\/\/www.campa.com.mx\/site\/#website\",\"url\":\"https:\/\/www.campa.com.mx\/site\/\",\"name\":\"Campa\",\"description\":\"Tecnolog\u00eda - Comercio Exterior - Servicios\",\"potentialAction\":[{\"@type\":\"SearchAction\",\"target\":{\"@type\":\"EntryPoint\",\"urlTemplate\":\"https:\/\/www.campa.com.mx\/site\/?s={search_term_string}\"},\"query-input\":\"required name=search_term_string\"}],\"inLanguage\":\"es\"},{\"@type\":\"Person\",\"@id\":\"https:\/\/www.campa.com.mx\/site\/#\/schema\/person\/5bf1874b81661ed013f5aa29df30761c\",\"name\":\"campa\",\"image\":{\"@type\":\"ImageObject\",\"inLanguage\":\"es\",\"@id\":\"https:\/\/www.campa.com.mx\/site\/#\/schema\/person\/image\/\",\"url\":\"https:\/\/secure.gravatar.com\/avatar\/921e6e5cffb9d78857948e938192591b9fd4168d0b55cc795582b49d9dc52bb1?s=96&d=mm&r=g\",\"contentUrl\":\"https:\/\/secure.gravatar.com\/avatar\/921e6e5cffb9d78857948e938192591b9fd4168d0b55cc795582b49d9dc52bb1?s=96&d=mm&r=g\",\"caption\":\"campa\"}}]}<\/script>\n<!-- \/ Yoast SEO plugin. -->","yoast_head_json":{"title":"Exportaci\u00f3n la mayor alza en 6 a\u00f1os - Campa","robots":{"index":"index","follow":"follow","max-snippet":"max-snippet:-1","max-image-preview":"max-image-preview:large","max-video-preview":"max-video-preview:-1"},"canonical":"https:\/\/www.campa.com.mx\/site\/exportacion-la-mayor-alza-en-6-anos\/","og_locale":"es_ES","og_type":"article","og_title":"Exportaci\u00f3n la mayor alza en 6 a\u00f1os - Campa","og_description":"Luego de dos a\u00f1os con ca\u00eddas, el sector acumul\u00f3 entre enero y noviembre de este a\u00f1o un monto de 373 mil 669 millones de d\u00f3lares, lo que represent\u00f3 un crecimiento anual de 9.7 por ciento. Las\u00a0exportaciones totales de M\u00e9xico\u00a0acumularon entre [&hellip;]","og_url":"https:\/\/www.campa.com.mx\/site\/exportacion-la-mayor-alza-en-6-anos\/","og_site_name":"Campa","article_publisher":"https:\/\/www.facebook.com\/MovimientoAnexo24","article_published_time":"2017-12-28T16:21:23+00:00","og_image":[{"width":1200,"height":623,"url":"https:\/\/www.campa.com.mx\/site\/wp-content\/uploads\/2017\/12\/Captura-de-pantalla-2017-12-28-a-las-10.16.43.png","type":"image\/png"}],"author":"campa","twitter_card":"summary_large_image","twitter_creator":"@artycampa","twitter_site":"@artycampa","twitter_misc":{"Escrito por":"campa","Tiempo de lectura":"1 minuto"},"schema":{"@context":"https:\/\/schema.org","@graph":[{"@type":"WebPage","@id":"https:\/\/www.campa.com.mx\/site\/exportacion-la-mayor-alza-en-6-anos\/","url":"https:\/\/www.campa.com.mx\/site\/exportacion-la-mayor-alza-en-6-anos\/","name":"Exportaci\u00f3n la mayor alza en 6 a\u00f1os - Campa","isPartOf":{"@id":"https:\/\/www.campa.com.mx\/site\/#website"},"datePublished":"2017-12-28T16:21:23+00:00","dateModified":"2017-12-28T16:21:23+00:00","author":{"@id":"https:\/\/www.campa.com.mx\/site\/#\/schema\/person\/5bf1874b81661ed013f5aa29df30761c"},"breadcrumb":{"@id":"https:\/\/www.campa.com.mx\/site\/exportacion-la-mayor-alza-en-6-anos\/#breadcrumb"},"inLanguage":"es","potentialAction":[{"@type":"ReadAction","target":["https:\/\/www.campa.com.mx\/site\/exportacion-la-mayor-alza-en-6-anos\/"]}]},{"@type":"BreadcrumbList","@id":"https:\/\/www.campa.com.mx\/site\/exportacion-la-mayor-alza-en-6-anos\/#breadcrumb","itemListElement":[{"@type":"ListItem","position":1,"name":"Portada","item":"https:\/\/www.campa.com.mx\/site\/"},{"@type":"ListItem","position":2,"name":"Exportaci\u00f3n la mayor alza en 6 a\u00f1os"}]},{"@type":"WebSite","@id":"https:\/\/www.campa.com.mx\/site\/#website","url":"https:\/\/www.campa.com.mx\/site\/","name":"Campa","description":"Tecnolog\u00eda - Comercio Exterior - Servicios","potentialAction":[{"@type":"SearchAction","target":{"@type":"EntryPoint","urlTemplate":"https:\/\/www.campa.com.mx\/site\/?s={search_term_string}"},"query-input":"required name=search_term_string"}],"inLanguage":"es"},{"@type":"Person","@id":"https:\/\/www.campa.com.mx\/site\/#\/schema\/person\/5bf1874b81661ed013f5aa29df30761c","name":"campa","image":{"@type":"ImageObject","inLanguage":"es","@id":"https:\/\/www.campa.com.mx\/site\/#\/schema\/person\/image\/","url":"https:\/\/secure.gravatar.com\/avatar\/921e6e5cffb9d78857948e938192591b9fd4168d0b55cc795582b49d9dc52bb1?s=96&d=mm&r=g","contentUrl":"https:\/\/secure.gravatar.com\/avatar\/921e6e5cffb9d78857948e938192591b9fd4168d0b55cc795582b49d9dc52bb1?s=96&d=mm&r=g","caption":"campa"}}]}},"jetpack_featured_media_url":"https:\/\/www.campa.com.mx\/site\/wp-content\/uploads\/2017\/12\/Captura-de-pantalla-2017-12-28-a-las-10.16.43.png","jetpack_sharing_enabled":true,"_links":{"self":[{"href":"https:\/\/www.campa.com.mx\/site\/wp-json\/wp\/v2\/posts\/2550","targetHints":{"allow":["GET"]}}],"collection":[{"href":"https:\/\/www.campa.com.mx\/site\/wp-json\/wp\/v2\/posts"}],"about":[{"href":"https:\/\/www.campa.com.mx\/site\/wp-json\/wp\/v2\/types\/post"}],"author":[{"embeddable":true,"href":"https:\/\/www.campa.com.mx\/site\/wp-json\/wp\/v2\/users\/1"}],"replies":[{"embeddable":true,"href":"https:\/\/www.campa.com.mx\/site\/wp-json\/wp\/v2\/comments?post=2550"}],"version-history":[{"count":7,"href":"https:\/\/www.campa.com.mx\/site\/wp-json\/wp\/v2\/posts\/2550\/revisions"}],"predecessor-version":[{"id":2558,"href":"https:\/\/www.campa.com.mx\/site\/wp-json\/wp\/v2\/posts\/2550\/revisions\/2558"}],"wp:featuredmedia":[{"embeddable":true,"href":"https:\/\/www.campa.com.mx\/site\/wp-json\/wp\/v2\/media\/2552"}],"wp:attachment":[{"href":"https:\/\/www.campa.com.mx\/site\/wp-json\/wp\/v2\/media?parent=2550"}],"wp:term":[{"taxonomy":"category","embeddable":true,"href":"https:\/\/www.campa.com.mx\/site\/wp-json\/wp\/v2\/categories?post=2550"},{"taxonomy":"post_tag","embeddable":true,"href":"https:\/\/www.campa.com.mx\/site\/wp-json\/wp\/v2\/tags?post=2550"}],"curies":[{"name":"wp","href":"https:\/\/api.w.org\/{rel}","templated":true}]}}