{"id":2600,"date":"2018-01-09T14:54:29","date_gmt":"2018-01-09T14:54:29","guid":{"rendered":"http:\/\/www.campa.com.mx\/site\/?p=2600"},"modified":"2018-01-09T14:54:29","modified_gmt":"2018-01-09T14:54:29","slug":"gto-logistics-center-inicia-operaciones-de-su-recinto-fiscalizado","status":"publish","type":"post","link":"https:\/\/www.campa.com.mx\/site\/gto-logistics-center-inicia-operaciones-de-su-recinto-fiscalizado\/","title":{"rendered":"GTO Logistics Center inicia operaciones de su Recinto Fiscalizado"},"content":{"rendered":"<p class=\"td-post-sub-title\">El pasado 2 de enero el nuevo\u00a0Recinto Fiscalizado de la Aduana de Guanajuato, operado por\u00a0GTO Logistics Center, inici\u00f3 operaciones al recibir un servicio a\u00e9reo de carga internacional proveniente de Asia y que hizo escala en Los \u00c1ngeles, California.<\/p>\n<p style=\"text-align: justify;\">Este primer cargamento es parte de tres env\u00edos (que en total suman unas 100 toneladas de carga o 300 palets) que ingresar\u00e1n al pa\u00eds, a trav\u00e9s de Aerouni\u00f3n, con destino al Aeropuerto Internacional del Baj\u00edo.<\/p>\n<p style=\"text-align: justify;\">Los primeros dos embarques llegaron el 2 y 3 de enero y se espera el tercero para este pr\u00f3ximo s\u00e1bado 6 de enero.<\/p>\n<p style=\"text-align: justify;\">\u201cEs un proyecto importante, no s\u00f3lo porque lo trae Aerouni\u00f3n, sino porque es para el mismo Gobierno del estado (de Guanajuato)\u201d, coment\u00f3 en entrevista para T21, Enrique Valle, Director General de GTO Logistics Center.<\/p>\n<p style=\"text-align: justify;\">El 11 de diciembre pasado GTO Logistics Center recibi\u00f3 la autorizaci\u00f3n final por parte del Servicio de Administraci\u00f3n Tributaria (SAT)\u00a0para operar el Recinto Fiscalizado, luego de haber desarrollado todo el proyecto durante 2017.<\/p>\n<p style=\"text-align: justify;\">Guanajuato, un estado ubicado en el Baj\u00edo mexicano, ha desarrollado en los \u00faltimos a\u00f1os una importante comunidad de empresas extranjeras y nacionales con una amplia actividad en el\u00a0<span class=\"glossaryLink \" data-cmtooltip=\"Intercambio de bienes, productos y servicios entre dos pa\u00edses o regiones econ\u00f3micas.\">comercio exterior<\/span>, que sirven a varios cl\u00fasteres industriales, el automotriz como principal ejemplo, y que utilizan otros puntos de entrada y salida del pa\u00eds (aduanas) para el movimiento de su carga.<\/p>\n<p style=\"text-align: justify;\">El Recinto Fiscalizado de GTO Logistics center, un r\u00e9gimen en el que el SAT autoriza a particulares almacenar y recibir mercanc\u00edas en dep\u00f3sito ante la aduana, se encuentra a un lado de la Aduana, de Guanajuato Puerto Interior \u2013cuatro parques industriales con m\u00e1s de 100 empresas reunidas- y del nuevo parque industrial SkyPlus, enfocado al sector aeroespacial (a\u00fan en construcci\u00f3n).<\/p>\n<p style=\"text-align: justify;\">El nuevo Recinto Fiscalizado podr\u00eda incentivar el uso del\u00a0Tr\u00e1nsito Interno, un esquema que facilita el SAT a las empresas para movilizar sus productos de importaci\u00f3n hasta el punto de destino, pasando hasta la aduana local sin tener que realizar las revisiones respectivas en la aduana de internaci\u00f3n ya sea fronteriza o mar\u00edtima.<\/p>\n<p style=\"text-align: justify;\">El almac\u00e9n -de seis mil metros cuadrados (m2)- del Recinto Fiscalizado cuenta con \u00e1rea refrigerada (500 m2), \u00e1rea de alto valor, \u00e1rea de previos y valores agregados, \u00e1rea de mercanc\u00edas peligrosas y \u00e1rea de empresas paqueteras.<\/p>\n<p style=\"text-align: justify;\">El recinto se encuentra en un \u00e1rea de poco m\u00e1s de 30 mil m2, la primera etapa que ya funciona cuenta con poco m\u00e1s de 17 mil m2, y se prev\u00e9 una segunda etapa de expansi\u00f3n en el terreno restante (casi 13 mil m2), donde incluso funcione como Recinto Fiscalizado Estrat\u00e9gico, otra figura aduanera del SAT pero con ligeras diferencias, como \u201cbeneficios\u201d para la internaci\u00f3n de mercanc\u00edas y su salida del pa\u00eds una vez transformadas.<\/p>\n<p style=\"text-align: justify;\">Pero el pr\u00f3ximo paso de GTO Logistics Center es certificar al Recinto Fiscalizado como Operador Econ\u00f3mico Autorizado (OEA), una herramienta que busca vigilar los est\u00e1ndares de seguridad y a la vez facilitar las operaciones de\u00a0<span class=\"glossaryLink \" data-cmtooltip=\"Intercambio de bienes, productos y servicios entre dos pa\u00edses o regiones econ\u00f3micas.\">comercio exterior<\/span>\u00a0por parte de la autoridad aduanera.<\/p>\n","protected":false},"excerpt":{"rendered":"<p>El pasado 2 de enero el nuevo\u00a0Recinto Fiscalizado de la Aduana de Guanajuato, operado por\u00a0GTO Logistics Center, inici\u00f3 operaciones al recibir un servicio a\u00e9reo de carga internacional proveniente de Asia y que hizo escala en Los \u00c1ngeles, California. Este primer [&hellip;]<\/p>\n","protected":false},"author":1,"featured_media":2601,"comment_status":"open","ping_status":"open","sticky":false,"template":"","format":"standard","meta":{"inline_featured_image":false,"_jetpack_memberships_contains_paid_content":false,"footnotes":""},"categories":[173],"tags":[339,24,337,340,338,9,312],"class_list":["post-2600","post","type-post","status-publish","format-standard","has-post-thumbnail","hentry","category-comercio-exterior","tag-bajio","tag-comercio-exterior","tag-gto-logistics","tag-operador-economico-autorizado","tag-recinto-fiscalizado-de-la-aduana-de-guanajuato","tag-sat","tag-servicio-de-administracion-tributaria"],"yoast_head":"<!-- This site is optimized with the Yoast SEO plugin v20.9 - https:\/\/yoast.com\/wordpress\/plugins\/seo\/ -->\n<title>GTO Logistics Center inicia operaciones de su Recinto Fiscalizado - Campa<\/title>\n<meta name=\"robots\" content=\"index, follow, max-snippet:-1, max-image-preview:large, max-video-preview:-1\" \/>\n<link rel=\"canonical\" href=\"https:\/\/www.campa.com.mx\/site\/gto-logistics-center-inicia-operaciones-de-su-recinto-fiscalizado\/\" \/>\n<meta property=\"og:locale\" content=\"es_ES\" \/>\n<meta property=\"og:type\" content=\"article\" \/>\n<meta property=\"og:title\" content=\"GTO Logistics Center inicia operaciones de su Recinto Fiscalizado - Campa\" \/>\n<meta property=\"og:description\" content=\"El pasado 2 de enero el nuevo\u00a0Recinto Fiscalizado de la Aduana de Guanajuato, operado por\u00a0GTO Logistics Center, inici\u00f3 operaciones al recibir un servicio a\u00e9reo de carga internacional proveniente de Asia y que hizo escala en Los \u00c1ngeles, California. Este primer [&hellip;]\" \/>\n<meta property=\"og:url\" content=\"https:\/\/www.campa.com.mx\/site\/gto-logistics-center-inicia-operaciones-de-su-recinto-fiscalizado\/\" \/>\n<meta property=\"og:site_name\" content=\"Campa\" \/>\n<meta property=\"article:publisher\" content=\"https:\/\/www.facebook.com\/MovimientoAnexo24\" \/>\n<meta property=\"article:published_time\" content=\"2018-01-09T14:54:29+00:00\" \/>\n<meta property=\"og:image\" content=\"https:\/\/www.campa.com.mx\/site\/wp-content\/uploads\/2018\/01\/Captura-de-pantalla-2018-01-09-a-las-08.46.36.png\" \/>\n\t<meta property=\"og:image:width\" content=\"1198\" \/>\n\t<meta property=\"og:image:height\" content=\"624\" \/>\n\t<meta property=\"og:image:type\" content=\"image\/png\" \/>\n<meta name=\"author\" content=\"campa\" \/>\n<meta name=\"twitter:card\" content=\"summary_large_image\" \/>\n<meta name=\"twitter:creator\" content=\"@artycampa\" \/>\n<meta name=\"twitter:site\" content=\"@artycampa\" \/>\n<meta name=\"twitter:label1\" content=\"Escrito por\" \/>\n\t<meta name=\"twitter:data1\" content=\"campa\" \/>\n\t<meta name=\"twitter:label2\" content=\"Tiempo de lectura\" \/>\n\t<meta name=\"twitter:data2\" content=\"3 minutos\" \/>\n<script type=\"application\/ld+json\" class=\"yoast-schema-graph\">{\"@context\":\"https:\/\/schema.org\",\"@graph\":[{\"@type\":\"WebPage\",\"@id\":\"https:\/\/www.campa.com.mx\/site\/gto-logistics-center-inicia-operaciones-de-su-recinto-fiscalizado\/\",\"url\":\"https:\/\/www.campa.com.mx\/site\/gto-logistics-center-inicia-operaciones-de-su-recinto-fiscalizado\/\",\"name\":\"GTO Logistics Center inicia operaciones de su Recinto Fiscalizado - Campa\",\"isPartOf\":{\"@id\":\"https:\/\/www.campa.com.mx\/site\/#website\"},\"datePublished\":\"2018-01-09T14:54:29+00:00\",\"dateModified\":\"2018-01-09T14:54:29+00:00\",\"author\":{\"@id\":\"https:\/\/www.campa.com.mx\/site\/#\/schema\/person\/5bf1874b81661ed013f5aa29df30761c\"},\"breadcrumb\":{\"@id\":\"https:\/\/www.campa.com.mx\/site\/gto-logistics-center-inicia-operaciones-de-su-recinto-fiscalizado\/#breadcrumb\"},\"inLanguage\":\"es\",\"potentialAction\":[{\"@type\":\"ReadAction\",\"target\":[\"https:\/\/www.campa.com.mx\/site\/gto-logistics-center-inicia-operaciones-de-su-recinto-fiscalizado\/\"]}]},{\"@type\":\"BreadcrumbList\",\"@id\":\"https:\/\/www.campa.com.mx\/site\/gto-logistics-center-inicia-operaciones-de-su-recinto-fiscalizado\/#breadcrumb\",\"itemListElement\":[{\"@type\":\"ListItem\",\"position\":1,\"name\":\"Portada\",\"item\":\"https:\/\/www.campa.com.mx\/site\/\"},{\"@type\":\"ListItem\",\"position\":2,\"name\":\"GTO Logistics Center inicia operaciones de su Recinto Fiscalizado\"}]},{\"@type\":\"WebSite\",\"@id\":\"https:\/\/www.campa.com.mx\/site\/#website\",\"url\":\"https:\/\/www.campa.com.mx\/site\/\",\"name\":\"Campa\",\"description\":\"Tecnolog\u00eda - Comercio Exterior - Servicios\",\"potentialAction\":[{\"@type\":\"SearchAction\",\"target\":{\"@type\":\"EntryPoint\",\"urlTemplate\":\"https:\/\/www.campa.com.mx\/site\/?s={search_term_string}\"},\"query-input\":\"required name=search_term_string\"}],\"inLanguage\":\"es\"},{\"@type\":\"Person\",\"@id\":\"https:\/\/www.campa.com.mx\/site\/#\/schema\/person\/5bf1874b81661ed013f5aa29df30761c\",\"name\":\"campa\",\"image\":{\"@type\":\"ImageObject\",\"inLanguage\":\"es\",\"@id\":\"https:\/\/www.campa.com.mx\/site\/#\/schema\/person\/image\/\",\"url\":\"https:\/\/secure.gravatar.com\/avatar\/921e6e5cffb9d78857948e938192591b9fd4168d0b55cc795582b49d9dc52bb1?s=96&d=mm&r=g\",\"contentUrl\":\"https:\/\/secure.gravatar.com\/avatar\/921e6e5cffb9d78857948e938192591b9fd4168d0b55cc795582b49d9dc52bb1?s=96&d=mm&r=g\",\"caption\":\"campa\"}}]}<\/script>\n<!-- \/ Yoast SEO plugin. -->","yoast_head_json":{"title":"GTO Logistics Center inicia operaciones de su Recinto Fiscalizado - Campa","robots":{"index":"index","follow":"follow","max-snippet":"max-snippet:-1","max-image-preview":"max-image-preview:large","max-video-preview":"max-video-preview:-1"},"canonical":"https:\/\/www.campa.com.mx\/site\/gto-logistics-center-inicia-operaciones-de-su-recinto-fiscalizado\/","og_locale":"es_ES","og_type":"article","og_title":"GTO Logistics Center inicia operaciones de su Recinto Fiscalizado - Campa","og_description":"El pasado 2 de enero el nuevo\u00a0Recinto Fiscalizado de la Aduana de Guanajuato, operado por\u00a0GTO Logistics Center, inici\u00f3 operaciones al recibir un servicio a\u00e9reo de carga internacional proveniente de Asia y que hizo escala en Los \u00c1ngeles, California. Este primer [&hellip;]","og_url":"https:\/\/www.campa.com.mx\/site\/gto-logistics-center-inicia-operaciones-de-su-recinto-fiscalizado\/","og_site_name":"Campa","article_publisher":"https:\/\/www.facebook.com\/MovimientoAnexo24","article_published_time":"2018-01-09T14:54:29+00:00","og_image":[{"width":1198,"height":624,"url":"https:\/\/www.campa.com.mx\/site\/wp-content\/uploads\/2018\/01\/Captura-de-pantalla-2018-01-09-a-las-08.46.36.png","type":"image\/png"}],"author":"campa","twitter_card":"summary_large_image","twitter_creator":"@artycampa","twitter_site":"@artycampa","twitter_misc":{"Escrito por":"campa","Tiempo de lectura":"3 minutos"},"schema":{"@context":"https:\/\/schema.org","@graph":[{"@type":"WebPage","@id":"https:\/\/www.campa.com.mx\/site\/gto-logistics-center-inicia-operaciones-de-su-recinto-fiscalizado\/","url":"https:\/\/www.campa.com.mx\/site\/gto-logistics-center-inicia-operaciones-de-su-recinto-fiscalizado\/","name":"GTO Logistics Center inicia operaciones de su Recinto Fiscalizado - Campa","isPartOf":{"@id":"https:\/\/www.campa.com.mx\/site\/#website"},"datePublished":"2018-01-09T14:54:29+00:00","dateModified":"2018-01-09T14:54:29+00:00","author":{"@id":"https:\/\/www.campa.com.mx\/site\/#\/schema\/person\/5bf1874b81661ed013f5aa29df30761c"},"breadcrumb":{"@id":"https:\/\/www.campa.com.mx\/site\/gto-logistics-center-inicia-operaciones-de-su-recinto-fiscalizado\/#breadcrumb"},"inLanguage":"es","potentialAction":[{"@type":"ReadAction","target":["https:\/\/www.campa.com.mx\/site\/gto-logistics-center-inicia-operaciones-de-su-recinto-fiscalizado\/"]}]},{"@type":"BreadcrumbList","@id":"https:\/\/www.campa.com.mx\/site\/gto-logistics-center-inicia-operaciones-de-su-recinto-fiscalizado\/#breadcrumb","itemListElement":[{"@type":"ListItem","position":1,"name":"Portada","item":"https:\/\/www.campa.com.mx\/site\/"},{"@type":"ListItem","position":2,"name":"GTO Logistics Center inicia operaciones de su Recinto Fiscalizado"}]},{"@type":"WebSite","@id":"https:\/\/www.campa.com.mx\/site\/#website","url":"https:\/\/www.campa.com.mx\/site\/","name":"Campa","description":"Tecnolog\u00eda - Comercio Exterior - Servicios","potentialAction":[{"@type":"SearchAction","target":{"@type":"EntryPoint","urlTemplate":"https:\/\/www.campa.com.mx\/site\/?s={search_term_string}"},"query-input":"required name=search_term_string"}],"inLanguage":"es"},{"@type":"Person","@id":"https:\/\/www.campa.com.mx\/site\/#\/schema\/person\/5bf1874b81661ed013f5aa29df30761c","name":"campa","image":{"@type":"ImageObject","inLanguage":"es","@id":"https:\/\/www.campa.com.mx\/site\/#\/schema\/person\/image\/","url":"https:\/\/secure.gravatar.com\/avatar\/921e6e5cffb9d78857948e938192591b9fd4168d0b55cc795582b49d9dc52bb1?s=96&d=mm&r=g","contentUrl":"https:\/\/secure.gravatar.com\/avatar\/921e6e5cffb9d78857948e938192591b9fd4168d0b55cc795582b49d9dc52bb1?s=96&d=mm&r=g","caption":"campa"}}]}},"jetpack_featured_media_url":"https:\/\/www.campa.com.mx\/site\/wp-content\/uploads\/2018\/01\/Captura-de-pantalla-2018-01-09-a-las-08.46.36.png","jetpack_sharing_enabled":true,"_links":{"self":[{"href":"https:\/\/www.campa.com.mx\/site\/wp-json\/wp\/v2\/posts\/2600","targetHints":{"allow":["GET"]}}],"collection":[{"href":"https:\/\/www.campa.com.mx\/site\/wp-json\/wp\/v2\/posts"}],"about":[{"href":"https:\/\/www.campa.com.mx\/site\/wp-json\/wp\/v2\/types\/post"}],"author":[{"embeddable":true,"href":"https:\/\/www.campa.com.mx\/site\/wp-json\/wp\/v2\/users\/1"}],"replies":[{"embeddable":true,"href":"https:\/\/www.campa.com.mx\/site\/wp-json\/wp\/v2\/comments?post=2600"}],"version-history":[{"count":1,"href":"https:\/\/www.campa.com.mx\/site\/wp-json\/wp\/v2\/posts\/2600\/revisions"}],"predecessor-version":[{"id":2602,"href":"https:\/\/www.campa.com.mx\/site\/wp-json\/wp\/v2\/posts\/2600\/revisions\/2602"}],"wp:featuredmedia":[{"embeddable":true,"href":"https:\/\/www.campa.com.mx\/site\/wp-json\/wp\/v2\/media\/2601"}],"wp:attachment":[{"href":"https:\/\/www.campa.com.mx\/site\/wp-json\/wp\/v2\/media?parent=2600"}],"wp:term":[{"taxonomy":"category","embeddable":true,"href":"https:\/\/www.campa.com.mx\/site\/wp-json\/wp\/v2\/categories?post=2600"},{"taxonomy":"post_tag","embeddable":true,"href":"https:\/\/www.campa.com.mx\/site\/wp-json\/wp\/v2\/tags?post=2600"}],"curies":[{"name":"wp","href":"https:\/\/api.w.org\/{rel}","templated":true}]}}