{"id":2648,"date":"2018-01-23T15:39:37","date_gmt":"2018-01-23T15:39:37","guid":{"rendered":"http:\/\/www.campa.com.mx\/site\/?p=2648"},"modified":"2018-01-23T15:39:37","modified_gmt":"2018-01-23T15:39:37","slug":"las-reglas-de-origen-en-el-tlcan","status":"publish","type":"post","link":"https:\/\/www.campa.com.mx\/site\/las-reglas-de-origen-en-el-tlcan\/","title":{"rendered":"Las reglas de origen en el TLCAN"},"content":{"rendered":"<p style=\"text-align: justify;\">Para la sexta ronda de la renegociaci\u00f3n del Tratado de Libre Comercio de Am\u00e9rica del Norte (TLCAN), que se realiza en Montreal, Canad\u00e1, se espera mayor definici\u00f3n en temas relacionados con la industria automotriz, donde ya se conoce la propuesta de Estados Unidos sobre las reglas de origen, las cuales podr\u00edan modificarse, pero no en los niveles que propone el presidente de ese pa\u00eds, Donald Trump, de acuerdo con especialistas.<\/p>\n<p style=\"text-align: justify;\">A su vez, otros temas que se deben discutir con mayor profundidad es la cl\u00e1usula de caducidad del tratado, coment\u00f3 Manuel Padr\u00f3n, socio l\u00edder nacional del grupo de pr\u00e1ctica de Comercio Exterior y Aduanas en Baker McKenzie M\u00e9xico y asesor dentro del Cuarto de Junto de la Industria Maquiladora y de Manufactura de Exportaci\u00f3n en el TLCAN.<\/p>\n<p style=\"text-align: justify;\">En la cuarta ronda de la renegociaci\u00f3n de dicho acuerdo comercial, la administraci\u00f3n estadounidense propuso aumentar el contenido regional en el sector automotriz de 62.5% a 85%, donde el 50% de las autopartes tendr\u00edan que fabricarse en ese pa\u00eds, lo cual no ha sido aceptado por Canad\u00e1 y M\u00e9xico.<\/p>\n<p style=\"text-align: justify;\">\u201cLa idea es que en esta sexta ronda se sienten a platicar sobre qu\u00e9 alternativas hay para tomar en consideraci\u00f3n la propuesta de Estados Unidos, pero tener propuestas m\u00e1s espec\u00edficas ya en la mesa. Tal vez los tres pa\u00edses est\u00e1n de acuerdo con un incremento en el contenido regional, pero que \u00e9ste no sea en los niveles que propone el presidente Donald Trump y tampoco al 50%. Probablemente las reglas de origen se modificar\u00e1n y se analizan las contrapropuestas, pero no a esos niveles\u201d, agreg\u00f3 Adriana Ibarra, socia nacional del grupo de pr\u00e1ctica de Comercio Exterior y Aduanas en Baker McKenzie M\u00e9xico.<\/p>\n<p style=\"text-align: justify;\"><strong>\u00bfCu\u00e1n probable es que salga Estados Unidos del TLCAN?<\/strong><\/p>\n<p style=\"text-align: justify;\">Por otra parte, ante las declaraciones del mandatario estadounidense sobre salir del TLCAN, los especialistas conf\u00edan en que Estados Unidos se quede en el acuerdo comercial.<\/p>\n<p style=\"text-align: justify;\">\u201cTengo la impresi\u00f3n de que el tratado continuar\u00e1. Las tres econom\u00edas perder\u00edan muchas oportunidades sin el acuerdo y las sociedades tambi\u00e9n perder\u00edan oportunidades. Al final del d\u00eda, creo que se encontrar\u00e1 la forma de balancear los intereses que cada uno ha manifestado en beneficio de la regi\u00f3n\u201d, coment\u00f3 Padr\u00f3n.<\/p>\n<p style=\"text-align: justify;\">Este mes, Trump manifest\u00f3 que se podr\u00eda poner fin al TLCAN con M\u00e9xico y Canad\u00e1, debido a que ser\u00eda la manera de lograr un pacto m\u00e1s beneficioso para Estados Unidos, aunque reconoci\u00f3 que mucha gente nos estar\u00eda de acuerdo si lo hace.<\/p>\n<p style=\"text-align: justify;\">\u201cPodr\u00eda terminar el TLCAN. Mucha gente no estar\u00e1 feliz si acabo con el TLCAN. Mucha gente no se da cuenta de qu\u00e9 tan bueno ser\u00eda terminar con el TLCAN porque la manera en la que har\u00e1s el mejor trato es acabando con el TLCAN\u201d, dijo el mandatario republicano.<\/p>\n<p>&nbsp;<\/p>\n<p>Fuente:forbes.com.mx<\/p>\n","protected":false},"excerpt":{"rendered":"<p>Para la sexta ronda de la renegociaci\u00f3n del Tratado de Libre Comercio de Am\u00e9rica del Norte (TLCAN), que se realiza en Montreal, Canad\u00e1, se espera mayor definici\u00f3n en temas relacionados con la industria automotriz, donde ya se conoce la propuesta [&hellip;]<\/p>\n","protected":false},"author":1,"featured_media":2649,"comment_status":"open","ping_status":"open","sticky":false,"template":"","format":"standard","meta":{"inline_featured_image":false,"_jetpack_memberships_contains_paid_content":false,"footnotes":""},"categories":[1],"tags":[109,50,153,108,342,190],"class_list":["post-2648","post","type-post","status-publish","format-standard","has-post-thumbnail","hentry","category-campa","tag-donald-trump","tag-industria-automotriz","tag-renegociacion-tlcan","tag-tlcan","tag-tlcan-con-mexico-y-canada","tag-tratado-de-libre-comercio-de-america-del-norte"],"yoast_head":"<!-- This site is optimized with the Yoast SEO plugin v20.9 - https:\/\/yoast.com\/wordpress\/plugins\/seo\/ -->\n<title>Las reglas de origen en el TLCAN - Campa<\/title>\n<meta name=\"robots\" content=\"index, follow, max-snippet:-1, max-image-preview:large, max-video-preview:-1\" \/>\n<link rel=\"canonical\" href=\"https:\/\/www.campa.com.mx\/site\/las-reglas-de-origen-en-el-tlcan\/\" \/>\n<meta property=\"og:locale\" content=\"es_ES\" \/>\n<meta property=\"og:type\" content=\"article\" \/>\n<meta property=\"og:title\" content=\"Las reglas de origen en el TLCAN - Campa\" \/>\n<meta property=\"og:description\" content=\"Para la sexta ronda de la renegociaci\u00f3n del Tratado de Libre Comercio de Am\u00e9rica del Norte (TLCAN), que se realiza en Montreal, Canad\u00e1, se espera mayor definici\u00f3n en temas relacionados con la industria automotriz, donde ya se conoce la propuesta [&hellip;]\" \/>\n<meta property=\"og:url\" content=\"https:\/\/www.campa.com.mx\/site\/las-reglas-de-origen-en-el-tlcan\/\" \/>\n<meta property=\"og:site_name\" content=\"Campa\" \/>\n<meta property=\"article:publisher\" content=\"https:\/\/www.facebook.com\/MovimientoAnexo24\" \/>\n<meta property=\"article:published_time\" content=\"2018-01-23T15:39:37+00:00\" \/>\n<meta property=\"og:image\" content=\"https:\/\/www.campa.com.mx\/site\/wp-content\/uploads\/2018\/01\/Captura-de-pantalla-2018-01-23-a-las-09.38.23.png\" \/>\n\t<meta property=\"og:image:width\" content=\"1198\" \/>\n\t<meta property=\"og:image:height\" content=\"625\" \/>\n\t<meta property=\"og:image:type\" content=\"image\/png\" \/>\n<meta name=\"author\" content=\"campa\" \/>\n<meta name=\"twitter:card\" content=\"summary_large_image\" \/>\n<meta name=\"twitter:creator\" content=\"@artycampa\" \/>\n<meta name=\"twitter:site\" content=\"@artycampa\" \/>\n<meta name=\"twitter:label1\" content=\"Escrito por\" \/>\n\t<meta name=\"twitter:data1\" content=\"campa\" \/>\n\t<meta name=\"twitter:label2\" content=\"Tiempo de lectura\" \/>\n\t<meta name=\"twitter:data2\" content=\"2 minutos\" \/>\n<script type=\"application\/ld+json\" class=\"yoast-schema-graph\">{\"@context\":\"https:\/\/schema.org\",\"@graph\":[{\"@type\":\"WebPage\",\"@id\":\"https:\/\/www.campa.com.mx\/site\/las-reglas-de-origen-en-el-tlcan\/\",\"url\":\"https:\/\/www.campa.com.mx\/site\/las-reglas-de-origen-en-el-tlcan\/\",\"name\":\"Las reglas de origen en el TLCAN - Campa\",\"isPartOf\":{\"@id\":\"https:\/\/www.campa.com.mx\/site\/#website\"},\"datePublished\":\"2018-01-23T15:39:37+00:00\",\"dateModified\":\"2018-01-23T15:39:37+00:00\",\"author\":{\"@id\":\"https:\/\/www.campa.com.mx\/site\/#\/schema\/person\/5bf1874b81661ed013f5aa29df30761c\"},\"breadcrumb\":{\"@id\":\"https:\/\/www.campa.com.mx\/site\/las-reglas-de-origen-en-el-tlcan\/#breadcrumb\"},\"inLanguage\":\"es\",\"potentialAction\":[{\"@type\":\"ReadAction\",\"target\":[\"https:\/\/www.campa.com.mx\/site\/las-reglas-de-origen-en-el-tlcan\/\"]}]},{\"@type\":\"BreadcrumbList\",\"@id\":\"https:\/\/www.campa.com.mx\/site\/las-reglas-de-origen-en-el-tlcan\/#breadcrumb\",\"itemListElement\":[{\"@type\":\"ListItem\",\"position\":1,\"name\":\"Portada\",\"item\":\"https:\/\/www.campa.com.mx\/site\/\"},{\"@type\":\"ListItem\",\"position\":2,\"name\":\"Las reglas de origen en el TLCAN\"}]},{\"@type\":\"WebSite\",\"@id\":\"https:\/\/www.campa.com.mx\/site\/#website\",\"url\":\"https:\/\/www.campa.com.mx\/site\/\",\"name\":\"Campa\",\"description\":\"Tecnolog\u00eda - Comercio Exterior - Servicios\",\"potentialAction\":[{\"@type\":\"SearchAction\",\"target\":{\"@type\":\"EntryPoint\",\"urlTemplate\":\"https:\/\/www.campa.com.mx\/site\/?s={search_term_string}\"},\"query-input\":\"required name=search_term_string\"}],\"inLanguage\":\"es\"},{\"@type\":\"Person\",\"@id\":\"https:\/\/www.campa.com.mx\/site\/#\/schema\/person\/5bf1874b81661ed013f5aa29df30761c\",\"name\":\"campa\",\"image\":{\"@type\":\"ImageObject\",\"inLanguage\":\"es\",\"@id\":\"https:\/\/www.campa.com.mx\/site\/#\/schema\/person\/image\/\",\"url\":\"https:\/\/secure.gravatar.com\/avatar\/921e6e5cffb9d78857948e938192591b9fd4168d0b55cc795582b49d9dc52bb1?s=96&d=mm&r=g\",\"contentUrl\":\"https:\/\/secure.gravatar.com\/avatar\/921e6e5cffb9d78857948e938192591b9fd4168d0b55cc795582b49d9dc52bb1?s=96&d=mm&r=g\",\"caption\":\"campa\"}}]}<\/script>\n<!-- \/ Yoast SEO plugin. -->","yoast_head_json":{"title":"Las reglas de origen en el TLCAN - Campa","robots":{"index":"index","follow":"follow","max-snippet":"max-snippet:-1","max-image-preview":"max-image-preview:large","max-video-preview":"max-video-preview:-1"},"canonical":"https:\/\/www.campa.com.mx\/site\/las-reglas-de-origen-en-el-tlcan\/","og_locale":"es_ES","og_type":"article","og_title":"Las reglas de origen en el TLCAN - Campa","og_description":"Para la sexta ronda de la renegociaci\u00f3n del Tratado de Libre Comercio de Am\u00e9rica del Norte (TLCAN), que se realiza en Montreal, Canad\u00e1, se espera mayor definici\u00f3n en temas relacionados con la industria automotriz, donde ya se conoce la propuesta [&hellip;]","og_url":"https:\/\/www.campa.com.mx\/site\/las-reglas-de-origen-en-el-tlcan\/","og_site_name":"Campa","article_publisher":"https:\/\/www.facebook.com\/MovimientoAnexo24","article_published_time":"2018-01-23T15:39:37+00:00","og_image":[{"width":1198,"height":625,"url":"https:\/\/www.campa.com.mx\/site\/wp-content\/uploads\/2018\/01\/Captura-de-pantalla-2018-01-23-a-las-09.38.23.png","type":"image\/png"}],"author":"campa","twitter_card":"summary_large_image","twitter_creator":"@artycampa","twitter_site":"@artycampa","twitter_misc":{"Escrito por":"campa","Tiempo de lectura":"2 minutos"},"schema":{"@context":"https:\/\/schema.org","@graph":[{"@type":"WebPage","@id":"https:\/\/www.campa.com.mx\/site\/las-reglas-de-origen-en-el-tlcan\/","url":"https:\/\/www.campa.com.mx\/site\/las-reglas-de-origen-en-el-tlcan\/","name":"Las reglas de origen en el TLCAN - Campa","isPartOf":{"@id":"https:\/\/www.campa.com.mx\/site\/#website"},"datePublished":"2018-01-23T15:39:37+00:00","dateModified":"2018-01-23T15:39:37+00:00","author":{"@id":"https:\/\/www.campa.com.mx\/site\/#\/schema\/person\/5bf1874b81661ed013f5aa29df30761c"},"breadcrumb":{"@id":"https:\/\/www.campa.com.mx\/site\/las-reglas-de-origen-en-el-tlcan\/#breadcrumb"},"inLanguage":"es","potentialAction":[{"@type":"ReadAction","target":["https:\/\/www.campa.com.mx\/site\/las-reglas-de-origen-en-el-tlcan\/"]}]},{"@type":"BreadcrumbList","@id":"https:\/\/www.campa.com.mx\/site\/las-reglas-de-origen-en-el-tlcan\/#breadcrumb","itemListElement":[{"@type":"ListItem","position":1,"name":"Portada","item":"https:\/\/www.campa.com.mx\/site\/"},{"@type":"ListItem","position":2,"name":"Las reglas de origen en el TLCAN"}]},{"@type":"WebSite","@id":"https:\/\/www.campa.com.mx\/site\/#website","url":"https:\/\/www.campa.com.mx\/site\/","name":"Campa","description":"Tecnolog\u00eda - Comercio Exterior - Servicios","potentialAction":[{"@type":"SearchAction","target":{"@type":"EntryPoint","urlTemplate":"https:\/\/www.campa.com.mx\/site\/?s={search_term_string}"},"query-input":"required name=search_term_string"}],"inLanguage":"es"},{"@type":"Person","@id":"https:\/\/www.campa.com.mx\/site\/#\/schema\/person\/5bf1874b81661ed013f5aa29df30761c","name":"campa","image":{"@type":"ImageObject","inLanguage":"es","@id":"https:\/\/www.campa.com.mx\/site\/#\/schema\/person\/image\/","url":"https:\/\/secure.gravatar.com\/avatar\/921e6e5cffb9d78857948e938192591b9fd4168d0b55cc795582b49d9dc52bb1?s=96&d=mm&r=g","contentUrl":"https:\/\/secure.gravatar.com\/avatar\/921e6e5cffb9d78857948e938192591b9fd4168d0b55cc795582b49d9dc52bb1?s=96&d=mm&r=g","caption":"campa"}}]}},"jetpack_featured_media_url":"https:\/\/www.campa.com.mx\/site\/wp-content\/uploads\/2018\/01\/Captura-de-pantalla-2018-01-23-a-las-09.38.23.png","jetpack_sharing_enabled":true,"_links":{"self":[{"href":"https:\/\/www.campa.com.mx\/site\/wp-json\/wp\/v2\/posts\/2648","targetHints":{"allow":["GET"]}}],"collection":[{"href":"https:\/\/www.campa.com.mx\/site\/wp-json\/wp\/v2\/posts"}],"about":[{"href":"https:\/\/www.campa.com.mx\/site\/wp-json\/wp\/v2\/types\/post"}],"author":[{"embeddable":true,"href":"https:\/\/www.campa.com.mx\/site\/wp-json\/wp\/v2\/users\/1"}],"replies":[{"embeddable":true,"href":"https:\/\/www.campa.com.mx\/site\/wp-json\/wp\/v2\/comments?post=2648"}],"version-history":[{"count":1,"href":"https:\/\/www.campa.com.mx\/site\/wp-json\/wp\/v2\/posts\/2648\/revisions"}],"predecessor-version":[{"id":2650,"href":"https:\/\/www.campa.com.mx\/site\/wp-json\/wp\/v2\/posts\/2648\/revisions\/2650"}],"wp:featuredmedia":[{"embeddable":true,"href":"https:\/\/www.campa.com.mx\/site\/wp-json\/wp\/v2\/media\/2649"}],"wp:attachment":[{"href":"https:\/\/www.campa.com.mx\/site\/wp-json\/wp\/v2\/media?parent=2648"}],"wp:term":[{"taxonomy":"category","embeddable":true,"href":"https:\/\/www.campa.com.mx\/site\/wp-json\/wp\/v2\/categories?post=2648"},{"taxonomy":"post_tag","embeddable":true,"href":"https:\/\/www.campa.com.mx\/site\/wp-json\/wp\/v2\/tags?post=2648"}],"curies":[{"name":"wp","href":"https:\/\/api.w.org\/{rel}","templated":true}]}}