{"id":2660,"date":"2018-01-26T15:21:47","date_gmt":"2018-01-26T15:21:47","guid":{"rendered":"http:\/\/www.campa.com.mx\/site\/?p=2660"},"modified":"2018-01-26T15:21:47","modified_gmt":"2018-01-26T15:21:47","slug":"queretaro-esta-listo-para-transformar-la-industria-automotriz","status":"publish","type":"post","link":"https:\/\/www.campa.com.mx\/site\/queretaro-esta-listo-para-transformar-la-industria-automotriz\/","title":{"rendered":"Quer\u00e9taro est\u00e1 listo para transformar la industria automotriz"},"content":{"rendered":"<div class=\"content-body clearfix \">\n<div id=\"content-body-225-750214\">\n<p style=\"text-align: justify;\">Quer\u00e9taro est\u00e1 listo para transformar la industria automotriz, sostuvo el gobernador Francisco Dom\u00ednguez al encabezar la ceremonia de ubicaci\u00f3n\u00a0del Centro de Investigaci\u00f3n Desarrollo e Innovaci\u00f3n de Continental en la zona sur de la capital, el cual estima iniciar operaciones en mayo pr\u00f3ximo.<\/p>\n<p style=\"text-align: justify;\">En este centro la empresa alemana anunci\u00f3 inversi\u00f3n en los 10 a\u00f1os siguientes de 50 millones de euros y la generaci\u00f3n\u00a0de mil 100 contrataciones de ingenieros dedicados al desarrollo y la investigaci\u00f3n en la industria automotriz.<\/p>\n<\/div>\n<\/div>\n<div class=\"advertisment \" style=\"text-align: justify;\">\n<div id=\"dfp-nota-1x1s\" data-google-query-id=\"CNOq6bz19dgCFU3ZwAodrowMPw\">\n<div id=\"google_ads_iframe_\/2000002\/diariodequeretaro\/mexico_nota_1x1_0__container__\"><\/div>\n<\/div>\n<\/div>\n<section class=\"content-continued-body clearfix \">\n<div id=\"content-body-226-750214\">\n<p style=\"text-align: justify;\">En su intervenci\u00f3n Dom\u00ednguez Servi\u00e9n, dijo. \u201cHoy en Quer\u00e9taro estamos listos para desarrollar la tecnolog\u00eda m\u00e1s avanzada del mundo junto a Continental Automotive para contribuir con las ideas de nuestros ingenieros a la fabricaci\u00f3n de veh\u00edculos aut\u00f3nomos y para transformar la industria automotriz nacional\u201d.<\/p>\n<p style=\"text-align: justify;\">Asegur\u00f3 que el nuevo Centro de Investigaci\u00f3n\u00a0representa un antes y un despu\u00e9s para el sector automotriz, por su inversi\u00f3n, los ingenieros y el personal con posgrado que emplear\u00e1; adem\u00e1s, porque fortalecer\u00e1 al sector automotriz que tiene m\u00e1s de 300 empresas que participan pr\u00e1cticamente con el 30 por ciento de las exportaciones.<\/p>\n<p style=\"text-align: justify;\">Destac\u00f3\u00a0el valor agregado que representa evolucionar desde la manufactura hacia el desarrollo, la investigaci\u00f3n, la tecnolog\u00eda e innovaci\u00f3n.<\/p>\n<p style=\"text-align: justify;\">Comunic\u00f3 que actualmente Quer\u00e9taro cuenta con tecnolog\u00eda de vanguardia en los ejes del transporte p\u00fablico mediante un sistema de semaforizaci\u00f3n que identifica el n\u00famero de autos y su acumulaci\u00f3n, lo que permite ajustar la operaci\u00f3n y desahogar vialidades; adem\u00e1s, de autobuses equipados con un sensor que se \u201ccomunica\u201d con dichos sem\u00e1foros, a fin de controlar y garantizar su paso seguro.<\/p>\n<p style=\"text-align: justify;\">Por su parte el secretario de Desarrollo Sustentable, Marco Antonio del Prete Tercero\u00a0inform\u00f3 que en el periodo de enero a noviembre 2017 la fabricaci\u00f3n de equipo de transporte produjo 65 mil 821 millones de pesos, obteniendo un crecimiento de 9.27 por ciento en comparaci\u00f3n con el mismo periodo del a\u00f1o anterior; la producci\u00f3n en ese sector corresponde al 26.67 por ciento del total del valor de la producci\u00f3n de manufacturas, de ah\u00ed que Quer\u00e9taro es un l\u00edder en la producci\u00f3n de autopartes.<\/p>\n<p style=\"text-align: justify;\">Detall\u00f3 que el sector automotriz genera 50 mil empleos formales para la econom\u00eda queretana; adem\u00e1s, el sector automotriz se ha especializado en el subsector de autopartes y el flujo de inversi\u00f3n extranjera directa cuenta con la mayor recepci\u00f3n de capital extranjero en el estado recibiendo del 2012 a septiembre 2017, mil 190 millones de d\u00f3lares.<\/p>\n<p style=\"text-align: justify;\">La fabricaci\u00f3n de autopartes y veh\u00edculos automotores, representa el 57 por ciento del total de la inversi\u00f3n extranjera directa reportada al tercer trimestre del 2017 con 155 millones de d\u00f3lares y el 38.4 por ciento del total recibido de enero a septiembre de 2017.<\/p>\n<p style=\"text-align: justify;\">Mencion\u00f3 que en lo que va de la administraci\u00f3n del gobernador Dom\u00ednguez se han concretado en el sector automotriz 40 proyectos que representan una inversi\u00f3n de 17 mil 606 millones de pesos y una generaci\u00f3n de 12 mil 165 nuevos empleos.<\/p>\n<p style=\"text-align: justify;\">Refiri\u00f3 que en la entidad Alemania ocupa el primer lugar en materia de inversi\u00f3n extranjera directa y durante la presente administraci\u00f3n estatal se han captado 10 empresas de origen Alem\u00e1n por un monto de seis mil 400 millones de pesos y la generaci\u00f3n de cinco mil 592 nuevos empleos.<\/p>\n<p style=\"text-align: justify;\">En su participaci\u00f3n el director del Centro de Investigaci\u00f3n y Desarrollo de Continental M\u00e9xico, Jorge V\u00e1zquez Murillo dijo que eligieron a Quer\u00e9taro por ser una localidad industrial en crecimiento acelerado en los \u00faltimos a\u00f1os, donde se concentran universidades y donde la cantidad de investigadores per c\u00e1pita\u00a0que existe es de las m\u00e1s altas del pa\u00eds, lo que se ve reflejado en la calidad de los egresados, que permite tener una capacidad de ingenier\u00eda bien desarrollada, s\u00f3lida y facilita la generaci\u00f3n de innovaci\u00f3n, investigaci\u00f3n y desarrollo.<\/p>\n<p style=\"text-align: justify;\">Fuente:diariodequeretaro.com.mx<\/p>\n<\/div>\n<\/section>\n","protected":false},"excerpt":{"rendered":"<p>Quer\u00e9taro est\u00e1 listo para transformar la industria automotriz, sostuvo el gobernador Francisco Dom\u00ednguez al encabezar la ceremonia de ubicaci\u00f3n\u00a0del Centro de Investigaci\u00f3n Desarrollo e Innovaci\u00f3n de Continental en la zona sur de la capital, el cual estima iniciar operaciones en [&hellip;]<\/p>\n","protected":false},"author":1,"featured_media":2661,"comment_status":"open","ping_status":"open","sticky":false,"template":"","format":"standard","meta":{"inline_featured_image":false,"_jetpack_memberships_contains_paid_content":false,"footnotes":""},"categories":[1],"tags":[347,50,126,348,93],"class_list":["post-2660","post","type-post","status-publish","format-standard","has-post-thumbnail","hentry","category-campa","tag-continental","tag-industria-automotriz","tag-inversion","tag-investigacion-en-la-industria-automotriz","tag-queretaro"],"yoast_head":"<!-- This site is optimized with the Yoast SEO plugin v20.9 - https:\/\/yoast.com\/wordpress\/plugins\/seo\/ -->\n<title>Quer\u00e9taro est\u00e1 listo para transformar la industria automotriz - Campa<\/title>\n<meta name=\"robots\" content=\"index, follow, max-snippet:-1, max-image-preview:large, max-video-preview:-1\" \/>\n<link rel=\"canonical\" href=\"https:\/\/www.campa.com.mx\/site\/queretaro-esta-listo-para-transformar-la-industria-automotriz\/\" \/>\n<meta property=\"og:locale\" content=\"es_ES\" \/>\n<meta property=\"og:type\" content=\"article\" \/>\n<meta property=\"og:title\" content=\"Quer\u00e9taro est\u00e1 listo para transformar la industria automotriz - Campa\" \/>\n<meta property=\"og:description\" content=\"Quer\u00e9taro est\u00e1 listo para transformar la industria automotriz, sostuvo el gobernador Francisco Dom\u00ednguez al encabezar la ceremonia de ubicaci\u00f3n\u00a0del Centro de Investigaci\u00f3n Desarrollo e Innovaci\u00f3n de Continental en la zona sur de la capital, el cual estima iniciar operaciones en [&hellip;]\" \/>\n<meta property=\"og:url\" content=\"https:\/\/www.campa.com.mx\/site\/queretaro-esta-listo-para-transformar-la-industria-automotriz\/\" \/>\n<meta property=\"og:site_name\" content=\"Campa\" \/>\n<meta property=\"article:publisher\" content=\"https:\/\/www.facebook.com\/MovimientoAnexo24\" \/>\n<meta property=\"article:published_time\" content=\"2018-01-26T15:21:47+00:00\" \/>\n<meta property=\"og:image\" content=\"https:\/\/www.campa.com.mx\/site\/wp-content\/uploads\/2018\/01\/Captura-de-pantalla-2018-01-26-a-las-09.16.46.png\" \/>\n\t<meta property=\"og:image:width\" content=\"1197\" \/>\n\t<meta property=\"og:image:height\" content=\"627\" \/>\n\t<meta property=\"og:image:type\" content=\"image\/png\" \/>\n<meta name=\"author\" content=\"campa\" \/>\n<meta name=\"twitter:card\" content=\"summary_large_image\" \/>\n<meta name=\"twitter:creator\" content=\"@artycampa\" \/>\n<meta name=\"twitter:site\" content=\"@artycampa\" \/>\n<meta name=\"twitter:label1\" content=\"Escrito por\" \/>\n\t<meta name=\"twitter:data1\" content=\"campa\" \/>\n\t<meta name=\"twitter:label2\" content=\"Tiempo de lectura\" \/>\n\t<meta name=\"twitter:data2\" content=\"3 minutos\" \/>\n<script type=\"application\/ld+json\" class=\"yoast-schema-graph\">{\"@context\":\"https:\/\/schema.org\",\"@graph\":[{\"@type\":\"WebPage\",\"@id\":\"https:\/\/www.campa.com.mx\/site\/queretaro-esta-listo-para-transformar-la-industria-automotriz\/\",\"url\":\"https:\/\/www.campa.com.mx\/site\/queretaro-esta-listo-para-transformar-la-industria-automotriz\/\",\"name\":\"Quer\u00e9taro est\u00e1 listo para transformar la industria automotriz - Campa\",\"isPartOf\":{\"@id\":\"https:\/\/www.campa.com.mx\/site\/#website\"},\"datePublished\":\"2018-01-26T15:21:47+00:00\",\"dateModified\":\"2018-01-26T15:21:47+00:00\",\"author\":{\"@id\":\"https:\/\/www.campa.com.mx\/site\/#\/schema\/person\/5bf1874b81661ed013f5aa29df30761c\"},\"breadcrumb\":{\"@id\":\"https:\/\/www.campa.com.mx\/site\/queretaro-esta-listo-para-transformar-la-industria-automotriz\/#breadcrumb\"},\"inLanguage\":\"es\",\"potentialAction\":[{\"@type\":\"ReadAction\",\"target\":[\"https:\/\/www.campa.com.mx\/site\/queretaro-esta-listo-para-transformar-la-industria-automotriz\/\"]}]},{\"@type\":\"BreadcrumbList\",\"@id\":\"https:\/\/www.campa.com.mx\/site\/queretaro-esta-listo-para-transformar-la-industria-automotriz\/#breadcrumb\",\"itemListElement\":[{\"@type\":\"ListItem\",\"position\":1,\"name\":\"Portada\",\"item\":\"https:\/\/www.campa.com.mx\/site\/\"},{\"@type\":\"ListItem\",\"position\":2,\"name\":\"Quer\u00e9taro est\u00e1 listo para transformar la industria automotriz\"}]},{\"@type\":\"WebSite\",\"@id\":\"https:\/\/www.campa.com.mx\/site\/#website\",\"url\":\"https:\/\/www.campa.com.mx\/site\/\",\"name\":\"Campa\",\"description\":\"Tecnolog\u00eda - Comercio Exterior - Servicios\",\"potentialAction\":[{\"@type\":\"SearchAction\",\"target\":{\"@type\":\"EntryPoint\",\"urlTemplate\":\"https:\/\/www.campa.com.mx\/site\/?s={search_term_string}\"},\"query-input\":\"required name=search_term_string\"}],\"inLanguage\":\"es\"},{\"@type\":\"Person\",\"@id\":\"https:\/\/www.campa.com.mx\/site\/#\/schema\/person\/5bf1874b81661ed013f5aa29df30761c\",\"name\":\"campa\",\"image\":{\"@type\":\"ImageObject\",\"inLanguage\":\"es\",\"@id\":\"https:\/\/www.campa.com.mx\/site\/#\/schema\/person\/image\/\",\"url\":\"https:\/\/secure.gravatar.com\/avatar\/921e6e5cffb9d78857948e938192591b9fd4168d0b55cc795582b49d9dc52bb1?s=96&d=mm&r=g\",\"contentUrl\":\"https:\/\/secure.gravatar.com\/avatar\/921e6e5cffb9d78857948e938192591b9fd4168d0b55cc795582b49d9dc52bb1?s=96&d=mm&r=g\",\"caption\":\"campa\"}}]}<\/script>\n<!-- \/ Yoast SEO plugin. -->","yoast_head_json":{"title":"Quer\u00e9taro est\u00e1 listo para transformar la industria automotriz - Campa","robots":{"index":"index","follow":"follow","max-snippet":"max-snippet:-1","max-image-preview":"max-image-preview:large","max-video-preview":"max-video-preview:-1"},"canonical":"https:\/\/www.campa.com.mx\/site\/queretaro-esta-listo-para-transformar-la-industria-automotriz\/","og_locale":"es_ES","og_type":"article","og_title":"Quer\u00e9taro est\u00e1 listo para transformar la industria automotriz - Campa","og_description":"Quer\u00e9taro est\u00e1 listo para transformar la industria automotriz, sostuvo el gobernador Francisco Dom\u00ednguez al encabezar la ceremonia de ubicaci\u00f3n\u00a0del Centro de Investigaci\u00f3n Desarrollo e Innovaci\u00f3n de Continental en la zona sur de la capital, el cual estima iniciar operaciones en [&hellip;]","og_url":"https:\/\/www.campa.com.mx\/site\/queretaro-esta-listo-para-transformar-la-industria-automotriz\/","og_site_name":"Campa","article_publisher":"https:\/\/www.facebook.com\/MovimientoAnexo24","article_published_time":"2018-01-26T15:21:47+00:00","og_image":[{"width":1197,"height":627,"url":"https:\/\/www.campa.com.mx\/site\/wp-content\/uploads\/2018\/01\/Captura-de-pantalla-2018-01-26-a-las-09.16.46.png","type":"image\/png"}],"author":"campa","twitter_card":"summary_large_image","twitter_creator":"@artycampa","twitter_site":"@artycampa","twitter_misc":{"Escrito por":"campa","Tiempo de lectura":"3 minutos"},"schema":{"@context":"https:\/\/schema.org","@graph":[{"@type":"WebPage","@id":"https:\/\/www.campa.com.mx\/site\/queretaro-esta-listo-para-transformar-la-industria-automotriz\/","url":"https:\/\/www.campa.com.mx\/site\/queretaro-esta-listo-para-transformar-la-industria-automotriz\/","name":"Quer\u00e9taro est\u00e1 listo para transformar la industria automotriz - Campa","isPartOf":{"@id":"https:\/\/www.campa.com.mx\/site\/#website"},"datePublished":"2018-01-26T15:21:47+00:00","dateModified":"2018-01-26T15:21:47+00:00","author":{"@id":"https:\/\/www.campa.com.mx\/site\/#\/schema\/person\/5bf1874b81661ed013f5aa29df30761c"},"breadcrumb":{"@id":"https:\/\/www.campa.com.mx\/site\/queretaro-esta-listo-para-transformar-la-industria-automotriz\/#breadcrumb"},"inLanguage":"es","potentialAction":[{"@type":"ReadAction","target":["https:\/\/www.campa.com.mx\/site\/queretaro-esta-listo-para-transformar-la-industria-automotriz\/"]}]},{"@type":"BreadcrumbList","@id":"https:\/\/www.campa.com.mx\/site\/queretaro-esta-listo-para-transformar-la-industria-automotriz\/#breadcrumb","itemListElement":[{"@type":"ListItem","position":1,"name":"Portada","item":"https:\/\/www.campa.com.mx\/site\/"},{"@type":"ListItem","position":2,"name":"Quer\u00e9taro est\u00e1 listo para transformar la industria automotriz"}]},{"@type":"WebSite","@id":"https:\/\/www.campa.com.mx\/site\/#website","url":"https:\/\/www.campa.com.mx\/site\/","name":"Campa","description":"Tecnolog\u00eda - Comercio Exterior - Servicios","potentialAction":[{"@type":"SearchAction","target":{"@type":"EntryPoint","urlTemplate":"https:\/\/www.campa.com.mx\/site\/?s={search_term_string}"},"query-input":"required name=search_term_string"}],"inLanguage":"es"},{"@type":"Person","@id":"https:\/\/www.campa.com.mx\/site\/#\/schema\/person\/5bf1874b81661ed013f5aa29df30761c","name":"campa","image":{"@type":"ImageObject","inLanguage":"es","@id":"https:\/\/www.campa.com.mx\/site\/#\/schema\/person\/image\/","url":"https:\/\/secure.gravatar.com\/avatar\/921e6e5cffb9d78857948e938192591b9fd4168d0b55cc795582b49d9dc52bb1?s=96&d=mm&r=g","contentUrl":"https:\/\/secure.gravatar.com\/avatar\/921e6e5cffb9d78857948e938192591b9fd4168d0b55cc795582b49d9dc52bb1?s=96&d=mm&r=g","caption":"campa"}}]}},"jetpack_featured_media_url":"https:\/\/www.campa.com.mx\/site\/wp-content\/uploads\/2018\/01\/Captura-de-pantalla-2018-01-26-a-las-09.16.46.png","jetpack_sharing_enabled":true,"_links":{"self":[{"href":"https:\/\/www.campa.com.mx\/site\/wp-json\/wp\/v2\/posts\/2660","targetHints":{"allow":["GET"]}}],"collection":[{"href":"https:\/\/www.campa.com.mx\/site\/wp-json\/wp\/v2\/posts"}],"about":[{"href":"https:\/\/www.campa.com.mx\/site\/wp-json\/wp\/v2\/types\/post"}],"author":[{"embeddable":true,"href":"https:\/\/www.campa.com.mx\/site\/wp-json\/wp\/v2\/users\/1"}],"replies":[{"embeddable":true,"href":"https:\/\/www.campa.com.mx\/site\/wp-json\/wp\/v2\/comments?post=2660"}],"version-history":[{"count":1,"href":"https:\/\/www.campa.com.mx\/site\/wp-json\/wp\/v2\/posts\/2660\/revisions"}],"predecessor-version":[{"id":2662,"href":"https:\/\/www.campa.com.mx\/site\/wp-json\/wp\/v2\/posts\/2660\/revisions\/2662"}],"wp:featuredmedia":[{"embeddable":true,"href":"https:\/\/www.campa.com.mx\/site\/wp-json\/wp\/v2\/media\/2661"}],"wp:attachment":[{"href":"https:\/\/www.campa.com.mx\/site\/wp-json\/wp\/v2\/media?parent=2660"}],"wp:term":[{"taxonomy":"category","embeddable":true,"href":"https:\/\/www.campa.com.mx\/site\/wp-json\/wp\/v2\/categories?post=2660"},{"taxonomy":"post_tag","embeddable":true,"href":"https:\/\/www.campa.com.mx\/site\/wp-json\/wp\/v2\/tags?post=2660"}],"curies":[{"name":"wp","href":"https:\/\/api.w.org\/{rel}","templated":true}]}}