{"id":2663,"date":"2018-01-30T15:04:50","date_gmt":"2018-01-30T15:04:50","guid":{"rendered":"http:\/\/www.campa.com.mx\/site\/?p=2663"},"modified":"2018-01-30T15:04:50","modified_gmt":"2018-01-30T15:04:50","slug":"se-amplian-las-negociaciones-del-tlcan","status":"publish","type":"post","link":"https:\/\/www.campa.com.mx\/site\/se-amplian-las-negociaciones-del-tlcan\/","title":{"rendered":"Se ampl\u00edan las negociaciones del TLCAN"},"content":{"rendered":"<p id=\"m328-1-329\" style=\"text-align: justify;\">Ayer concluy\u00f3 la<b>\u00a0<\/b>sexta ronda de renegociaciones<b>\u00a0<\/b>del Tratado de Libre Comercio de Am\u00e9rica del Norte (<b>TLCAN<\/b>) apuntando a la resoluci\u00f3n y cierre de algunos cap\u00edtulos en la\u00a0<b>s\u00e9ptima ronda<\/b>, que se llevar\u00e1 a cabo en la\u00a0<b>Ciudad de M\u00e9xico<\/b>, pero despu\u00e9s podr\u00eda haber otro encuentro entre los grupos negociadores en\u00a0<b>Estados Unidos<\/b>, revel\u00f3 en entrevista Mois\u00e9s Kalach, coordinador del Cuarto de Junto.<\/p>\n<div class=\"teads-inread xs-screen\" style=\"text-align: justify;\"><\/div>\n<p style=\"text-align: justify;\">\u201cTodo indica que tendremos dos reuniones programadas, una en M\u00e9xico a finales de febrero y principios de marzo, y otra en Washington, entre tres y media y cuatro semanas despu\u00e9s, parece que eso ser\u00e1 as\u00ed.<\/p>\n<p>Normalmente, las van confirmando cada que hay una reuni\u00f3n, entonces hay que esperar a que se reconfirme, pero por lo pronto ya tenemos dos reuniones programadas\u201d, indic\u00f3 Kalach.<\/p>\n<p>El empresario dijo que, entre las rondas, los grupos han estado trabajando en conjunto de forma remota por medio de conferencias o llamadas y el trabajo contin\u00faa.<\/p>\n<p>Pese a que el Representante Comercial de Estados Unidos, Robert Lighthizer, mencion\u00f3 que el proceso de renegociaci\u00f3n del acuerdo ha sido \u201clento\u201d, el secretario de Econom\u00eda, Ildefonso Guajardo, destac\u00f3 los\u00a0<b>avances que se realizaron en esta \u00faltima ronda.<\/b><\/p>\n<p>Tres cap\u00edtulos, de los 28 que se est\u00e1n negociando en el TLCAN presentan un avance importante y cerrar\u00edan en la s\u00e9ptima ronda de negociaciones, a finales de febrero, asegur\u00f3 Guajardo durante la clausura de la sexta ronda de renegociaciones.<\/p>\n<div id=\"m334-2-335\" class=\"quote\" style=\"text-align: justify;\">\n<p id=\"m338-337-339\">El avance realizado hasta ahora nos coloca en la ruta correcta para poder concluir este proceso<\/p>\n<\/div>\n<p id=\"m347-3-348\" style=\"text-align: justify;\">\u201cCap\u00edtulos sobre<b>\u00a0telecomunicaciones, comercio digital y medidas sanitarias y fitosanitarias<\/b>\u00a0han avanzado mucho y estamos listos para cerrarlos en la Ciudad de M\u00e9xico; aduanas y facilitaci\u00f3n del comercio est\u00e1n avanzando en nuevas normas vinculantes en esta nueva \u00e1rea sobre aduanas y est\u00e1n redactadas a un nivel mucho m\u00e1s alto de lo que se ha logrado en el marco de la Organizaci\u00f3n Mundial del Comercio (OMC) y mucho m\u00e1s fuerte de lo que hab\u00edamos logrado en el TPP\u201d, dijo el titular de Econom\u00eda.<\/p>\n<p>Hasta ahora, los negociadores han logrado concluir tres cap\u00edtulos:\u00a0<b>Pymes, competencia y anticorrupci\u00f3n.<br \/>\n<\/b><br \/>\nEl funcionario asegur\u00f3 que adicionalmente concluyeron el anexo sectorial sobre<b>\u00a0tecnolog\u00edas de la informaci\u00f3n, comunicaci\u00f3n<\/b>, y adem\u00e1s, est\u00e1n por terminar las negociaciones enfocadas en los anexos de\u00a0<b>productos farmac\u00e9uticos, qu\u00edmicos y cosm\u00e9ticos.<\/b><\/p>\n<p>As\u00edmismo, el secretario reconoci\u00f3 el<b>\u00a0esfuerzo de Canad\u00e1<\/b>\u00a0por proponer nuevas ideas en los puntos \u00e1speros de la negociaci\u00f3n, relacionados con las reglas de origen, el mecanismo de resoluci\u00f3n de controversias, y la cl\u00e1usula sunset, entre otras.<\/p>\n<p>De acuerdo con Chrystia Freeland, ministra de Relaciones Exteriores de Canad\u00e1, sus nuevas propuestas buscan beneficiar a la regi\u00f3n intentando no arruinar<b>\u00a0cadenas log\u00edsticas transfronterizas\u00a0<\/b>e impulsando la\u00a0<b>competitividad,<\/b>\u00a0ya que \u201clas propuestas estadounidenses no tienen precedente\u201d.<\/p>\n<div class=\"teads-inread xs-screen\" style=\"text-align: justify;\"><\/div>\n<div id=\"m353-4-354\" class=\"quote\" style=\"text-align: justify;\">\n<p id=\"m357-356-358\">No queremos debilitar la competitividad de Estados Unidos,<br \/>\nsino fortalecerla<\/p>\n<\/div>\n<p id=\"m366-5-367\" style=\"text-align: justify;\">\u201cEsto incluye ideas para actualizar las reglas de origen para la industria automotriz del TLCAN, incluyendo autos el\u00e9ctricos, aut\u00f3nomos, y tambi\u00e9n la producci\u00f3n de acero y aluminio de Am\u00e9rica del Norte\u201d, dijo en la clausura.<\/p>\n<p>En este sentido, Lighthizer, se\u00f1al\u00f3 que la propuesta en materia de reglas de origen de Canad\u00e1 llevar\u00eda una menor generaci\u00f3n de empleo en los tres pa\u00edses.<\/p>\n<p>\u201cNos parece que las reglas del sector automotriz o automotor, como se present\u00f3 (por Canad\u00e1) pueden conducir a menos contenido regional del que tenemos ahora, menos trabajo en EU, Canad\u00e1 y posiblemente M\u00e9xico, as\u00ed que tendr\u00edamos lo opuesto de lo que estamos tratando de lograr\u201d, coment\u00f3.<\/p>\n<p>La<b>\u00a0tensi\u00f3n percibida entre las partes canadiense y estadounidense<\/b>se habr\u00eda podido generar por situaciones \u2018extra cancha\u2019, consideraron analistas de JP Morgan.<\/p>\n<p>\u201cParece que las disputas laterales entre Canad\u00e1 y EU podr\u00edan haber interferido en la ronda de conversaciones de Montreal\u201d, anotaron en una publicaci\u00f3n Gabriel Lozano y Steven Palacio, del \u00e1rea de investigaci\u00f3n econ\u00f3mica de mercados emergentes de JP Morgan.<\/p>\n","protected":false},"excerpt":{"rendered":"<p>Ayer concluy\u00f3 la\u00a0sexta ronda de renegociaciones\u00a0del Tratado de Libre Comercio de Am\u00e9rica del Norte (TLCAN) apuntando a la resoluci\u00f3n y cierre de algunos cap\u00edtulos en la\u00a0s\u00e9ptima ronda, que se llevar\u00e1 a cabo en la\u00a0Ciudad de M\u00e9xico, pero despu\u00e9s podr\u00eda haber [&hellip;]<\/p>\n","protected":false},"author":1,"featured_media":2664,"comment_status":"open","ping_status":"open","sticky":false,"template":"","format":"standard","meta":{"inline_featured_image":false,"_jetpack_memberships_contains_paid_content":false,"footnotes":""},"categories":[1],"tags":[152,108],"class_list":["post-2663","post","type-post","status-publish","format-standard","has-post-thumbnail","hentry","category-campa","tag-negociaciones-tlcan","tag-tlcan"],"yoast_head":"<!-- This site is optimized with the Yoast SEO plugin v20.9 - https:\/\/yoast.com\/wordpress\/plugins\/seo\/ -->\n<title>Se ampl\u00edan las negociaciones del TLCAN - Campa<\/title>\n<meta name=\"robots\" content=\"index, follow, max-snippet:-1, max-image-preview:large, max-video-preview:-1\" \/>\n<link rel=\"canonical\" href=\"https:\/\/www.campa.com.mx\/site\/se-amplian-las-negociaciones-del-tlcan\/\" \/>\n<meta property=\"og:locale\" content=\"es_ES\" \/>\n<meta property=\"og:type\" content=\"article\" \/>\n<meta property=\"og:title\" content=\"Se ampl\u00edan las negociaciones del TLCAN - Campa\" \/>\n<meta property=\"og:description\" content=\"Ayer concluy\u00f3 la\u00a0sexta ronda de renegociaciones\u00a0del Tratado de Libre Comercio de Am\u00e9rica del Norte (TLCAN) apuntando a la resoluci\u00f3n y cierre de algunos cap\u00edtulos en la\u00a0s\u00e9ptima ronda, que se llevar\u00e1 a cabo en la\u00a0Ciudad de M\u00e9xico, pero despu\u00e9s podr\u00eda haber [&hellip;]\" \/>\n<meta property=\"og:url\" content=\"https:\/\/www.campa.com.mx\/site\/se-amplian-las-negociaciones-del-tlcan\/\" \/>\n<meta property=\"og:site_name\" content=\"Campa\" \/>\n<meta property=\"article:publisher\" content=\"https:\/\/www.facebook.com\/MovimientoAnexo24\" \/>\n<meta property=\"article:published_time\" content=\"2018-01-30T15:04:50+00:00\" \/>\n<meta property=\"og:image\" content=\"https:\/\/www.campa.com.mx\/site\/wp-content\/uploads\/2018\/01\/Captura-de-pantalla-2018-01-30-a-las-09.00.26.png\" \/>\n\t<meta property=\"og:image:width\" content=\"1197\" \/>\n\t<meta property=\"og:image:height\" content=\"620\" \/>\n\t<meta property=\"og:image:type\" content=\"image\/png\" \/>\n<meta name=\"author\" content=\"campa\" \/>\n<meta name=\"twitter:card\" content=\"summary_large_image\" \/>\n<meta name=\"twitter:creator\" content=\"@artycampa\" \/>\n<meta name=\"twitter:site\" content=\"@artycampa\" \/>\n<meta name=\"twitter:label1\" content=\"Escrito por\" \/>\n\t<meta name=\"twitter:data1\" content=\"campa\" \/>\n\t<meta name=\"twitter:label2\" content=\"Tiempo de lectura\" \/>\n\t<meta name=\"twitter:data2\" content=\"3 minutos\" \/>\n<script type=\"application\/ld+json\" class=\"yoast-schema-graph\">{\"@context\":\"https:\/\/schema.org\",\"@graph\":[{\"@type\":\"WebPage\",\"@id\":\"https:\/\/www.campa.com.mx\/site\/se-amplian-las-negociaciones-del-tlcan\/\",\"url\":\"https:\/\/www.campa.com.mx\/site\/se-amplian-las-negociaciones-del-tlcan\/\",\"name\":\"Se ampl\u00edan las negociaciones del TLCAN - Campa\",\"isPartOf\":{\"@id\":\"https:\/\/www.campa.com.mx\/site\/#website\"},\"datePublished\":\"2018-01-30T15:04:50+00:00\",\"dateModified\":\"2018-01-30T15:04:50+00:00\",\"author\":{\"@id\":\"https:\/\/www.campa.com.mx\/site\/#\/schema\/person\/5bf1874b81661ed013f5aa29df30761c\"},\"breadcrumb\":{\"@id\":\"https:\/\/www.campa.com.mx\/site\/se-amplian-las-negociaciones-del-tlcan\/#breadcrumb\"},\"inLanguage\":\"es\",\"potentialAction\":[{\"@type\":\"ReadAction\",\"target\":[\"https:\/\/www.campa.com.mx\/site\/se-amplian-las-negociaciones-del-tlcan\/\"]}]},{\"@type\":\"BreadcrumbList\",\"@id\":\"https:\/\/www.campa.com.mx\/site\/se-amplian-las-negociaciones-del-tlcan\/#breadcrumb\",\"itemListElement\":[{\"@type\":\"ListItem\",\"position\":1,\"name\":\"Portada\",\"item\":\"https:\/\/www.campa.com.mx\/site\/\"},{\"@type\":\"ListItem\",\"position\":2,\"name\":\"Se ampl\u00edan las negociaciones del TLCAN\"}]},{\"@type\":\"WebSite\",\"@id\":\"https:\/\/www.campa.com.mx\/site\/#website\",\"url\":\"https:\/\/www.campa.com.mx\/site\/\",\"name\":\"Campa\",\"description\":\"Tecnolog\u00eda - Comercio Exterior - Servicios\",\"potentialAction\":[{\"@type\":\"SearchAction\",\"target\":{\"@type\":\"EntryPoint\",\"urlTemplate\":\"https:\/\/www.campa.com.mx\/site\/?s={search_term_string}\"},\"query-input\":\"required name=search_term_string\"}],\"inLanguage\":\"es\"},{\"@type\":\"Person\",\"@id\":\"https:\/\/www.campa.com.mx\/site\/#\/schema\/person\/5bf1874b81661ed013f5aa29df30761c\",\"name\":\"campa\",\"image\":{\"@type\":\"ImageObject\",\"inLanguage\":\"es\",\"@id\":\"https:\/\/www.campa.com.mx\/site\/#\/schema\/person\/image\/\",\"url\":\"https:\/\/secure.gravatar.com\/avatar\/921e6e5cffb9d78857948e938192591b9fd4168d0b55cc795582b49d9dc52bb1?s=96&d=mm&r=g\",\"contentUrl\":\"https:\/\/secure.gravatar.com\/avatar\/921e6e5cffb9d78857948e938192591b9fd4168d0b55cc795582b49d9dc52bb1?s=96&d=mm&r=g\",\"caption\":\"campa\"}}]}<\/script>\n<!-- \/ Yoast SEO plugin. -->","yoast_head_json":{"title":"Se ampl\u00edan las negociaciones del TLCAN - Campa","robots":{"index":"index","follow":"follow","max-snippet":"max-snippet:-1","max-image-preview":"max-image-preview:large","max-video-preview":"max-video-preview:-1"},"canonical":"https:\/\/www.campa.com.mx\/site\/se-amplian-las-negociaciones-del-tlcan\/","og_locale":"es_ES","og_type":"article","og_title":"Se ampl\u00edan las negociaciones del TLCAN - Campa","og_description":"Ayer concluy\u00f3 la\u00a0sexta ronda de renegociaciones\u00a0del Tratado de Libre Comercio de Am\u00e9rica del Norte (TLCAN) apuntando a la resoluci\u00f3n y cierre de algunos cap\u00edtulos en la\u00a0s\u00e9ptima ronda, que se llevar\u00e1 a cabo en la\u00a0Ciudad de M\u00e9xico, pero despu\u00e9s podr\u00eda haber [&hellip;]","og_url":"https:\/\/www.campa.com.mx\/site\/se-amplian-las-negociaciones-del-tlcan\/","og_site_name":"Campa","article_publisher":"https:\/\/www.facebook.com\/MovimientoAnexo24","article_published_time":"2018-01-30T15:04:50+00:00","og_image":[{"width":1197,"height":620,"url":"https:\/\/www.campa.com.mx\/site\/wp-content\/uploads\/2018\/01\/Captura-de-pantalla-2018-01-30-a-las-09.00.26.png","type":"image\/png"}],"author":"campa","twitter_card":"summary_large_image","twitter_creator":"@artycampa","twitter_site":"@artycampa","twitter_misc":{"Escrito por":"campa","Tiempo de lectura":"3 minutos"},"schema":{"@context":"https:\/\/schema.org","@graph":[{"@type":"WebPage","@id":"https:\/\/www.campa.com.mx\/site\/se-amplian-las-negociaciones-del-tlcan\/","url":"https:\/\/www.campa.com.mx\/site\/se-amplian-las-negociaciones-del-tlcan\/","name":"Se ampl\u00edan las negociaciones del TLCAN - Campa","isPartOf":{"@id":"https:\/\/www.campa.com.mx\/site\/#website"},"datePublished":"2018-01-30T15:04:50+00:00","dateModified":"2018-01-30T15:04:50+00:00","author":{"@id":"https:\/\/www.campa.com.mx\/site\/#\/schema\/person\/5bf1874b81661ed013f5aa29df30761c"},"breadcrumb":{"@id":"https:\/\/www.campa.com.mx\/site\/se-amplian-las-negociaciones-del-tlcan\/#breadcrumb"},"inLanguage":"es","potentialAction":[{"@type":"ReadAction","target":["https:\/\/www.campa.com.mx\/site\/se-amplian-las-negociaciones-del-tlcan\/"]}]},{"@type":"BreadcrumbList","@id":"https:\/\/www.campa.com.mx\/site\/se-amplian-las-negociaciones-del-tlcan\/#breadcrumb","itemListElement":[{"@type":"ListItem","position":1,"name":"Portada","item":"https:\/\/www.campa.com.mx\/site\/"},{"@type":"ListItem","position":2,"name":"Se ampl\u00edan las negociaciones del TLCAN"}]},{"@type":"WebSite","@id":"https:\/\/www.campa.com.mx\/site\/#website","url":"https:\/\/www.campa.com.mx\/site\/","name":"Campa","description":"Tecnolog\u00eda - Comercio Exterior - Servicios","potentialAction":[{"@type":"SearchAction","target":{"@type":"EntryPoint","urlTemplate":"https:\/\/www.campa.com.mx\/site\/?s={search_term_string}"},"query-input":"required name=search_term_string"}],"inLanguage":"es"},{"@type":"Person","@id":"https:\/\/www.campa.com.mx\/site\/#\/schema\/person\/5bf1874b81661ed013f5aa29df30761c","name":"campa","image":{"@type":"ImageObject","inLanguage":"es","@id":"https:\/\/www.campa.com.mx\/site\/#\/schema\/person\/image\/","url":"https:\/\/secure.gravatar.com\/avatar\/921e6e5cffb9d78857948e938192591b9fd4168d0b55cc795582b49d9dc52bb1?s=96&d=mm&r=g","contentUrl":"https:\/\/secure.gravatar.com\/avatar\/921e6e5cffb9d78857948e938192591b9fd4168d0b55cc795582b49d9dc52bb1?s=96&d=mm&r=g","caption":"campa"}}]}},"jetpack_featured_media_url":"https:\/\/www.campa.com.mx\/site\/wp-content\/uploads\/2018\/01\/Captura-de-pantalla-2018-01-30-a-las-09.00.26.png","jetpack_sharing_enabled":true,"_links":{"self":[{"href":"https:\/\/www.campa.com.mx\/site\/wp-json\/wp\/v2\/posts\/2663","targetHints":{"allow":["GET"]}}],"collection":[{"href":"https:\/\/www.campa.com.mx\/site\/wp-json\/wp\/v2\/posts"}],"about":[{"href":"https:\/\/www.campa.com.mx\/site\/wp-json\/wp\/v2\/types\/post"}],"author":[{"embeddable":true,"href":"https:\/\/www.campa.com.mx\/site\/wp-json\/wp\/v2\/users\/1"}],"replies":[{"embeddable":true,"href":"https:\/\/www.campa.com.mx\/site\/wp-json\/wp\/v2\/comments?post=2663"}],"version-history":[{"count":1,"href":"https:\/\/www.campa.com.mx\/site\/wp-json\/wp\/v2\/posts\/2663\/revisions"}],"predecessor-version":[{"id":2665,"href":"https:\/\/www.campa.com.mx\/site\/wp-json\/wp\/v2\/posts\/2663\/revisions\/2665"}],"wp:featuredmedia":[{"embeddable":true,"href":"https:\/\/www.campa.com.mx\/site\/wp-json\/wp\/v2\/media\/2664"}],"wp:attachment":[{"href":"https:\/\/www.campa.com.mx\/site\/wp-json\/wp\/v2\/media?parent=2663"}],"wp:term":[{"taxonomy":"category","embeddable":true,"href":"https:\/\/www.campa.com.mx\/site\/wp-json\/wp\/v2\/categories?post=2663"},{"taxonomy":"post_tag","embeddable":true,"href":"https:\/\/www.campa.com.mx\/site\/wp-json\/wp\/v2\/tags?post=2663"}],"curies":[{"name":"wp","href":"https:\/\/api.w.org\/{rel}","templated":true}]}}