{"id":2673,"date":"2018-01-31T16:02:15","date_gmt":"2018-01-31T16:02:15","guid":{"rendered":"http:\/\/www.campa.com.mx\/site\/?p=2673"},"modified":"2018-01-31T16:05:07","modified_gmt":"2018-01-31T16:05:07","slug":"los-dias-que-se-senalan-como-inhabiles-para-la-secretaria-de-economia-los-dias-de-2018","status":"publish","type":"post","link":"https:\/\/www.campa.com.mx\/site\/los-dias-que-se-senalan-como-inhabiles-para-la-secretaria-de-economia-los-dias-de-2018\/","title":{"rendered":"LOS D\u00cdAS QUE SE SE\u00d1ALAN COMO INH\u00c1BILES PARA LA SECRETAR\u00cdA DE ECONOM\u00cdA 2018."},"content":{"rendered":"<div class=\"ANOTACION\" style=\"text-align: justify;\">ACUERDO POR EL QUE SE SE\u00d1ALAN COMO INH\u00c1BILES PARA LA SECRETAR\u00cdA DE ECONOM\u00cdA\u00a0LOS D\u00cdAS DE 2018 QUE A CONTINUACI\u00d3N SE INDICAN Y SUS EFECTOS PARA LA\u00a0TRAMITACI\u00d3N DE ASUNTOS ANTE LA MISMA.<\/div>\n<div style=\"text-align: justify;\"><\/div>\n<div class=\"Texto\" style=\"text-align: justify;\">Primero.-\u00a0Para efectos de las diligencias o actuaciones de los procedimientos que se tramitan o deban\u00a0tramitarse ante las unidades administrativas de la Secretar\u00eda de Econom\u00eda, incluyendo sus delegaciones y\u00a0subdelegaciones federales y su \u00f3rgano administrativo desconcentrado, Instituto Nacional del Emprendedor,\u00a0adicionalmente a los d\u00edas previstos en el art\u00edculo 28 de la Ley Federal de Procedimiento Administrativo, se\u00a0considerar\u00e1n como inh\u00e1biles en el a\u00f1o 2018 y, por consiguiente no correr\u00e1n t\u00e9rminos, los siguientes:<\/div>\n<div><\/div>\n<div class=\"Texto\" style=\"text-align: justify;\">I.\u00a0\u00a0\u00a0\u00a0\u00a0El 5 de febrero;<\/div>\n<div class=\"Texto\" style=\"text-align: justify;\">II.\u00a0\u00a0\u00a0\u00a0El 19 de marzo (en conmemoraci\u00f3n del 21 de marzo);<\/div>\n<div class=\"Texto\" style=\"text-align: justify;\">III.\u00a0\u00a0\u00a0\u00a0El 29 y 30 de marzo;<\/div>\n<div class=\"Texto\" style=\"text-align: justify;\">IV.\u00a0\u00a0\u00a0El 2 de noviembre, y<\/div>\n<div class=\"Texto\" style=\"text-align: justify;\">V.\u00a0\u00a0\u00a0\u00a0El 19 de noviembre.<\/div>\n<div><\/div>\n<div class=\"Texto\" style=\"text-align: justify;\">Segundo.-\u00a0En la atenci\u00f3n de las solicitudes de acceso a la informaci\u00f3n por parte de la Unidad de\u00a0Transparencia, los d\u00edas que ser\u00e1n considerados como inh\u00e1biles corresponder\u00e1n a aquellos que d\u00e9 a conocer\u00a0el Instituto Nacional de Transparencia, Acceso a la Informaci\u00f3n y Protecci\u00f3n de Datos Personales a trav\u00e9s de\u00a0su calendario de d\u00edas inh\u00e1biles.<\/div>\n<div><\/div>\n<div class=\"Texto\" style=\"text-align: justify;\">Tercero.-\u00a0Los d\u00edas de suspensi\u00f3n de labores correspondientes al segundo periodo vacacional de 2018, se\u00a0dar\u00e1n a conocer en t\u00e9rminos del art\u00edculo 28 de la Ley Federal de Procedimiento Administrativo y tomando\u00a0como base el periodo vacacional que determine la Secretar\u00eda de Educaci\u00f3n P\u00fablica para el ciclo lectivo\u00a02018-2019.<\/div>\n<div><\/div>\n<div class=\"ANOTACION\" style=\"text-align: justify;\">TRANSITORIO<\/div>\n<div class=\"Texto\" style=\"text-align: justify;\">\u00daNICO.-\u00a0El presente Acuerdo entrar\u00e1 en vigor al d\u00eda siguiente de su publicaci\u00f3n en el Diario Oficial\u00a0de la\u00a0Federaci\u00f3n.<\/div>\n<div class=\"Texto\" style=\"text-align: justify;\">Ciudad de M\u00e9xico, a\u00a019 de enero de 2018.-\u00a0El Secretario de Econom\u00eda,\u00a0Ildefonso Guajardo Villarreal.-\u00a0R\u00fabrica.<\/div>\n<div class=\"Texto\" style=\"text-align: justify;\"><\/div>\n","protected":false},"excerpt":{"rendered":"<p>ACUERDO POR EL QUE SE SE\u00d1ALAN COMO INH\u00c1BILES PARA LA SECRETAR\u00cdA DE ECONOM\u00cdA\u00a0LOS D\u00cdAS DE 2018 QUE A CONTINUACI\u00d3N SE INDICAN Y SUS EFECTOS PARA LA\u00a0TRAMITACI\u00d3N DE ASUNTOS ANTE LA MISMA. Primero.-\u00a0Para efectos de las diligencias o actuaciones de los [&hellip;]<\/p>\n","protected":false},"author":1,"featured_media":2512,"comment_status":"open","ping_status":"open","sticky":false,"template":"","format":"standard","meta":{"inline_featured_image":false,"_jetpack_memberships_contains_paid_content":false,"footnotes":""},"categories":[174],"tags":[],"class_list":["post-2673","post","type-post","status-publish","format-standard","has-post-thumbnail","hentry","category-publicaciones-d-o-f"],"yoast_head":"<!-- This site is optimized with the Yoast SEO plugin v20.9 - https:\/\/yoast.com\/wordpress\/plugins\/seo\/ -->\n<title>LOS D\u00cdAS QUE SE SE\u00d1ALAN COMO INH\u00c1BILES PARA LA SECRETAR\u00cdA DE ECONOM\u00cdA 2018. - Campa<\/title>\n<meta name=\"robots\" content=\"index, follow, max-snippet:-1, max-image-preview:large, max-video-preview:-1\" \/>\n<link rel=\"canonical\" href=\"https:\/\/www.campa.com.mx\/site\/los-dias-que-se-senalan-como-inhabiles-para-la-secretaria-de-economia-los-dias-de-2018\/\" \/>\n<meta property=\"og:locale\" content=\"es_ES\" \/>\n<meta property=\"og:type\" content=\"article\" \/>\n<meta property=\"og:title\" content=\"LOS D\u00cdAS QUE SE SE\u00d1ALAN COMO INH\u00c1BILES PARA LA SECRETAR\u00cdA DE ECONOM\u00cdA 2018. - Campa\" \/>\n<meta property=\"og:description\" content=\"ACUERDO POR EL QUE SE SE\u00d1ALAN COMO INH\u00c1BILES PARA LA SECRETAR\u00cdA DE ECONOM\u00cdA\u00a0LOS D\u00cdAS DE 2018 QUE A CONTINUACI\u00d3N SE INDICAN Y SUS EFECTOS PARA LA\u00a0TRAMITACI\u00d3N DE ASUNTOS ANTE LA MISMA. Primero.-\u00a0Para efectos de las diligencias o actuaciones de los [&hellip;]\" \/>\n<meta property=\"og:url\" content=\"https:\/\/www.campa.com.mx\/site\/los-dias-que-se-senalan-como-inhabiles-para-la-secretaria-de-economia-los-dias-de-2018\/\" \/>\n<meta property=\"og:site_name\" content=\"Campa\" \/>\n<meta property=\"article:publisher\" content=\"https:\/\/www.facebook.com\/MovimientoAnexo24\" \/>\n<meta property=\"article:published_time\" content=\"2018-01-31T16:02:15+00:00\" \/>\n<meta property=\"article:modified_time\" content=\"2018-01-31T16:05:07+00:00\" \/>\n<meta property=\"og:image\" content=\"https:\/\/www.campa.com.mx\/site\/wp-content\/uploads\/2017\/12\/0dof.png\" \/>\n\t<meta property=\"og:image:width\" content=\"1200\" \/>\n\t<meta property=\"og:image:height\" content=\"700\" \/>\n\t<meta property=\"og:image:type\" content=\"image\/png\" \/>\n<meta name=\"author\" content=\"campa\" \/>\n<meta name=\"twitter:card\" content=\"summary_large_image\" \/>\n<meta name=\"twitter:creator\" content=\"@artycampa\" \/>\n<meta name=\"twitter:site\" content=\"@artycampa\" \/>\n<meta name=\"twitter:label1\" content=\"Escrito por\" \/>\n\t<meta name=\"twitter:data1\" content=\"campa\" \/>\n\t<meta name=\"twitter:label2\" content=\"Tiempo de lectura\" \/>\n\t<meta name=\"twitter:data2\" content=\"2 minutos\" \/>\n<script type=\"application\/ld+json\" class=\"yoast-schema-graph\">{\"@context\":\"https:\/\/schema.org\",\"@graph\":[{\"@type\":\"WebPage\",\"@id\":\"https:\/\/www.campa.com.mx\/site\/los-dias-que-se-senalan-como-inhabiles-para-la-secretaria-de-economia-los-dias-de-2018\/\",\"url\":\"https:\/\/www.campa.com.mx\/site\/los-dias-que-se-senalan-como-inhabiles-para-la-secretaria-de-economia-los-dias-de-2018\/\",\"name\":\"LOS D\u00cdAS QUE SE SE\u00d1ALAN COMO INH\u00c1BILES PARA LA SECRETAR\u00cdA DE ECONOM\u00cdA 2018. - Campa\",\"isPartOf\":{\"@id\":\"https:\/\/www.campa.com.mx\/site\/#website\"},\"datePublished\":\"2018-01-31T16:02:15+00:00\",\"dateModified\":\"2018-01-31T16:05:07+00:00\",\"author\":{\"@id\":\"https:\/\/www.campa.com.mx\/site\/#\/schema\/person\/5bf1874b81661ed013f5aa29df30761c\"},\"breadcrumb\":{\"@id\":\"https:\/\/www.campa.com.mx\/site\/los-dias-que-se-senalan-como-inhabiles-para-la-secretaria-de-economia-los-dias-de-2018\/#breadcrumb\"},\"inLanguage\":\"es\",\"potentialAction\":[{\"@type\":\"ReadAction\",\"target\":[\"https:\/\/www.campa.com.mx\/site\/los-dias-que-se-senalan-como-inhabiles-para-la-secretaria-de-economia-los-dias-de-2018\/\"]}]},{\"@type\":\"BreadcrumbList\",\"@id\":\"https:\/\/www.campa.com.mx\/site\/los-dias-que-se-senalan-como-inhabiles-para-la-secretaria-de-economia-los-dias-de-2018\/#breadcrumb\",\"itemListElement\":[{\"@type\":\"ListItem\",\"position\":1,\"name\":\"Portada\",\"item\":\"https:\/\/www.campa.com.mx\/site\/\"},{\"@type\":\"ListItem\",\"position\":2,\"name\":\"LOS D\u00cdAS QUE SE SE\u00d1ALAN COMO INH\u00c1BILES PARA LA SECRETAR\u00cdA DE ECONOM\u00cdA 2018.\"}]},{\"@type\":\"WebSite\",\"@id\":\"https:\/\/www.campa.com.mx\/site\/#website\",\"url\":\"https:\/\/www.campa.com.mx\/site\/\",\"name\":\"Campa\",\"description\":\"Tecnolog\u00eda - Comercio Exterior - Servicios\",\"potentialAction\":[{\"@type\":\"SearchAction\",\"target\":{\"@type\":\"EntryPoint\",\"urlTemplate\":\"https:\/\/www.campa.com.mx\/site\/?s={search_term_string}\"},\"query-input\":\"required name=search_term_string\"}],\"inLanguage\":\"es\"},{\"@type\":\"Person\",\"@id\":\"https:\/\/www.campa.com.mx\/site\/#\/schema\/person\/5bf1874b81661ed013f5aa29df30761c\",\"name\":\"campa\",\"image\":{\"@type\":\"ImageObject\",\"inLanguage\":\"es\",\"@id\":\"https:\/\/www.campa.com.mx\/site\/#\/schema\/person\/image\/\",\"url\":\"https:\/\/secure.gravatar.com\/avatar\/921e6e5cffb9d78857948e938192591b9fd4168d0b55cc795582b49d9dc52bb1?s=96&d=mm&r=g\",\"contentUrl\":\"https:\/\/secure.gravatar.com\/avatar\/921e6e5cffb9d78857948e938192591b9fd4168d0b55cc795582b49d9dc52bb1?s=96&d=mm&r=g\",\"caption\":\"campa\"}}]}<\/script>\n<!-- \/ Yoast SEO plugin. -->","yoast_head_json":{"title":"LOS D\u00cdAS QUE SE SE\u00d1ALAN COMO INH\u00c1BILES PARA LA SECRETAR\u00cdA DE ECONOM\u00cdA 2018. - Campa","robots":{"index":"index","follow":"follow","max-snippet":"max-snippet:-1","max-image-preview":"max-image-preview:large","max-video-preview":"max-video-preview:-1"},"canonical":"https:\/\/www.campa.com.mx\/site\/los-dias-que-se-senalan-como-inhabiles-para-la-secretaria-de-economia-los-dias-de-2018\/","og_locale":"es_ES","og_type":"article","og_title":"LOS D\u00cdAS QUE SE SE\u00d1ALAN COMO INH\u00c1BILES PARA LA SECRETAR\u00cdA DE ECONOM\u00cdA 2018. - Campa","og_description":"ACUERDO POR EL QUE SE SE\u00d1ALAN COMO INH\u00c1BILES PARA LA SECRETAR\u00cdA DE ECONOM\u00cdA\u00a0LOS D\u00cdAS DE 2018 QUE A CONTINUACI\u00d3N SE INDICAN Y SUS EFECTOS PARA LA\u00a0TRAMITACI\u00d3N DE ASUNTOS ANTE LA MISMA. Primero.-\u00a0Para efectos de las diligencias o actuaciones de los [&hellip;]","og_url":"https:\/\/www.campa.com.mx\/site\/los-dias-que-se-senalan-como-inhabiles-para-la-secretaria-de-economia-los-dias-de-2018\/","og_site_name":"Campa","article_publisher":"https:\/\/www.facebook.com\/MovimientoAnexo24","article_published_time":"2018-01-31T16:02:15+00:00","article_modified_time":"2018-01-31T16:05:07+00:00","og_image":[{"width":1200,"height":700,"url":"https:\/\/www.campa.com.mx\/site\/wp-content\/uploads\/2017\/12\/0dof.png","type":"image\/png"}],"author":"campa","twitter_card":"summary_large_image","twitter_creator":"@artycampa","twitter_site":"@artycampa","twitter_misc":{"Escrito por":"campa","Tiempo de lectura":"2 minutos"},"schema":{"@context":"https:\/\/schema.org","@graph":[{"@type":"WebPage","@id":"https:\/\/www.campa.com.mx\/site\/los-dias-que-se-senalan-como-inhabiles-para-la-secretaria-de-economia-los-dias-de-2018\/","url":"https:\/\/www.campa.com.mx\/site\/los-dias-que-se-senalan-como-inhabiles-para-la-secretaria-de-economia-los-dias-de-2018\/","name":"LOS D\u00cdAS QUE SE SE\u00d1ALAN COMO INH\u00c1BILES PARA LA SECRETAR\u00cdA DE ECONOM\u00cdA 2018. - Campa","isPartOf":{"@id":"https:\/\/www.campa.com.mx\/site\/#website"},"datePublished":"2018-01-31T16:02:15+00:00","dateModified":"2018-01-31T16:05:07+00:00","author":{"@id":"https:\/\/www.campa.com.mx\/site\/#\/schema\/person\/5bf1874b81661ed013f5aa29df30761c"},"breadcrumb":{"@id":"https:\/\/www.campa.com.mx\/site\/los-dias-que-se-senalan-como-inhabiles-para-la-secretaria-de-economia-los-dias-de-2018\/#breadcrumb"},"inLanguage":"es","potentialAction":[{"@type":"ReadAction","target":["https:\/\/www.campa.com.mx\/site\/los-dias-que-se-senalan-como-inhabiles-para-la-secretaria-de-economia-los-dias-de-2018\/"]}]},{"@type":"BreadcrumbList","@id":"https:\/\/www.campa.com.mx\/site\/los-dias-que-se-senalan-como-inhabiles-para-la-secretaria-de-economia-los-dias-de-2018\/#breadcrumb","itemListElement":[{"@type":"ListItem","position":1,"name":"Portada","item":"https:\/\/www.campa.com.mx\/site\/"},{"@type":"ListItem","position":2,"name":"LOS D\u00cdAS QUE SE SE\u00d1ALAN COMO INH\u00c1BILES PARA LA SECRETAR\u00cdA DE ECONOM\u00cdA 2018."}]},{"@type":"WebSite","@id":"https:\/\/www.campa.com.mx\/site\/#website","url":"https:\/\/www.campa.com.mx\/site\/","name":"Campa","description":"Tecnolog\u00eda - Comercio Exterior - Servicios","potentialAction":[{"@type":"SearchAction","target":{"@type":"EntryPoint","urlTemplate":"https:\/\/www.campa.com.mx\/site\/?s={search_term_string}"},"query-input":"required name=search_term_string"}],"inLanguage":"es"},{"@type":"Person","@id":"https:\/\/www.campa.com.mx\/site\/#\/schema\/person\/5bf1874b81661ed013f5aa29df30761c","name":"campa","image":{"@type":"ImageObject","inLanguage":"es","@id":"https:\/\/www.campa.com.mx\/site\/#\/schema\/person\/image\/","url":"https:\/\/secure.gravatar.com\/avatar\/921e6e5cffb9d78857948e938192591b9fd4168d0b55cc795582b49d9dc52bb1?s=96&d=mm&r=g","contentUrl":"https:\/\/secure.gravatar.com\/avatar\/921e6e5cffb9d78857948e938192591b9fd4168d0b55cc795582b49d9dc52bb1?s=96&d=mm&r=g","caption":"campa"}}]}},"jetpack_featured_media_url":"https:\/\/www.campa.com.mx\/site\/wp-content\/uploads\/2017\/12\/0dof.png","jetpack_sharing_enabled":true,"_links":{"self":[{"href":"https:\/\/www.campa.com.mx\/site\/wp-json\/wp\/v2\/posts\/2673","targetHints":{"allow":["GET"]}}],"collection":[{"href":"https:\/\/www.campa.com.mx\/site\/wp-json\/wp\/v2\/posts"}],"about":[{"href":"https:\/\/www.campa.com.mx\/site\/wp-json\/wp\/v2\/types\/post"}],"author":[{"embeddable":true,"href":"https:\/\/www.campa.com.mx\/site\/wp-json\/wp\/v2\/users\/1"}],"replies":[{"embeddable":true,"href":"https:\/\/www.campa.com.mx\/site\/wp-json\/wp\/v2\/comments?post=2673"}],"version-history":[{"count":3,"href":"https:\/\/www.campa.com.mx\/site\/wp-json\/wp\/v2\/posts\/2673\/revisions"}],"predecessor-version":[{"id":2676,"href":"https:\/\/www.campa.com.mx\/site\/wp-json\/wp\/v2\/posts\/2673\/revisions\/2676"}],"wp:featuredmedia":[{"embeddable":true,"href":"https:\/\/www.campa.com.mx\/site\/wp-json\/wp\/v2\/media\/2512"}],"wp:attachment":[{"href":"https:\/\/www.campa.com.mx\/site\/wp-json\/wp\/v2\/media?parent=2673"}],"wp:term":[{"taxonomy":"category","embeddable":true,"href":"https:\/\/www.campa.com.mx\/site\/wp-json\/wp\/v2\/categories?post=2673"},{"taxonomy":"post_tag","embeddable":true,"href":"https:\/\/www.campa.com.mx\/site\/wp-json\/wp\/v2\/tags?post=2673"}],"curies":[{"name":"wp","href":"https:\/\/api.w.org\/{rel}","templated":true}]}}