{"id":2726,"date":"2018-02-20T14:48:21","date_gmt":"2018-02-20T14:48:21","guid":{"rendered":"http:\/\/www.campa.com.mx\/site\/?p=2726"},"modified":"2018-02-20T14:48:21","modified_gmt":"2018-02-20T14:48:21","slug":"mexico-alista-su-propuesta-automotriz-en-el-tlcan","status":"publish","type":"post","link":"https:\/\/www.campa.com.mx\/site\/mexico-alista-su-propuesta-automotriz-en-el-tlcan\/","title":{"rendered":"M\u00e9xico alista su propuesta automotriz en el TLCAN"},"content":{"rendered":"<p style=\"text-align: justify;\">El gobierno de M\u00e9xico, en coordinaci\u00f3n con la Asociaci\u00f3n Mexicana de la Industria Automotriz (AMIA), presentar\u00e1 una propuesta sobre reglas de origen en la pr\u00f3xima ronda de negociaciones del Tratado de Libre Comercio de Am\u00e9rica del Norte (TLCAN), afirm\u00f3 Ildefonso Guajardo, secretario de Econom\u00eda.<\/p>\n<p style=\"text-align: justify;\">\u201cHay dos propuestas en la mesa, una canadiense y una estadounidense, y estamos trabajando con la AMIA para determinar, para la pr\u00f3xima ronda, una propuesta mexicana\u201d, coment\u00f3 el funcionario, en el marco del foro Industria 4.0: Retos para M\u00e9xico\u201d.<\/p>\n<p style=\"text-align: justify;\">El 21 de noviembre pasado, al finalizar la quinta ronda de negociaciones, Guajardo dijo que M\u00e9xico presentar\u00eda en la sexta ronda una contrapropuesta en materia de reglas de origen, lo cual no ocurri\u00f3.<\/p>\n<p style=\"text-align: justify;\">Como en ese mismo d\u00eda de noviembre, Eduardo Sol\u00eds, presidente de la AMIA, volvi\u00f3 a negar ahora lo dicho por el secretario de Econom\u00eda, enfatizando que no se prev\u00e9 que en la s\u00e9ptima ronda de negociaciones, a realizarse del 25 de febrero al 5 de marzo en la Ciudad de M\u00e9xico, se vaya a presentar la propuesta conjunta referida por Guajardo.<\/p>\n<p style=\"text-align: justify;\">Desde el principio de la renegociaci\u00f3n del TLCAN, Sol\u00eds ha reiterado que la industria ensambladora de autos, no s\u00f3lo de M\u00e9xico, sino tambi\u00e9n de Canad\u00e1 y Estados Unidos, quiere mantener las reglas de origen vigentes.<\/p>\n<p style=\"text-align: justify;\">\u201cLa AMIA hizo una posici\u00f3n de arranque en materia de regla de origen regional. Creo que es, despu\u00e9s de seis meses de negociaci\u00f3n, tiempo para reconocer que una regla de origen fortalecida, alej\u00e1ndonos del veh\u00edculo que se utiliz\u00f3 cuando el modelo era de 1992, y en 2018 es otro autom\u00f3vil, muy diferente, tenemos que modernizar la regla de origen (sic)\u201d, coment\u00f3 Guajardo. Estados Unidos pidi\u00f3 en la cuarta ronda de negociaciones que los autom\u00f3viles importados por Estados Unidos desde M\u00e9xico y Canad\u00e1 tengan 50% de contenido estadounidense y 85% de contenido de los tres pa\u00edses, adem\u00e1s de que se obligue al rastreo del origen de 100% de las piezas.<\/p>\n<p style=\"text-align: justify;\">En lugar de simplemente contar las piezas mec\u00e1nicas, la iniciativa canadiense contempla adem\u00e1s la propiedad intelectual y las tecnolog\u00edas emergentes en las normas de origen para los autom\u00f3viles, lo que inflar\u00eda, desde su perspectiva, el porcentaje de contenido estadounidense dado el dominio de la investigaci\u00f3n de Estados Unidos.<\/p>\n<p style=\"text-align: justify;\">\u201cEs claro que para la s\u00e9ptima ronda de negociaciones (del TLCAN) la parte mexicana no lleva una propuesta mexicana en la mesa, no la tenemos y estamos buscando entender la metodolog\u00eda canadiense y ver si es una avenida que se puede tomar\u201d, dijo Sol\u00eds.<\/p>\n<p style=\"text-align: justify;\">A\u00f1adi\u00f3 que los canadienses proponen un tema de cr\u00e9ditos en investigaci\u00f3n y desarrollo, esto es, de cuando una empresa invierte en la regi\u00f3n, pero no especifica los mecanismos mediante los cuales se puede obtener, ni por qu\u00e9 o cu\u00e1nto tiempo, ni los montos que se traducir\u00edan para acreditar la regla de origen. \u201cEs una idea vaga, necesitamos aterrizar para ver si es aceptable\u201d, dijo.<\/p>\n<p style=\"text-align: justify;\">Como parte de las negociaciones, seg\u00fan una fuente, se prev\u00e9 hacer una nueva lista de rastreo que incorpore productos de nueva generaci\u00f3n y nuevos par\u00e1metros. Al respecto, Sol\u00eds se pronunci\u00f3 por mantener la lista de rastreo actual, de alrededor de 70 productos en m\u00e1s de 300 fracciones arancelarias.<\/p>\n<p style=\"text-align: justify;\">\u201cLo que estamos haciendo es revisar las ideas canadienses, revisar este marco conceptual metodol\u00f3gico que se nos present\u00f3. Tiene muchas lagunas que estamos tratando de entender y de llenar, a trav\u00e9s de reuniones con nuestros negociadores y con los negociadores canadienses para poder ir comprendiendo mejor el detalle de esas ideas\u201d, concluy\u00f3 Sol\u00eds.<\/p>\n<h4 style=\"text-align: justify;\">VAN 12 D\u00cdAS DE AFECTACIONES<\/h4>\n<h3 style=\"text-align: justify;\">Bloqueo de lecheros pega a automotores<\/h3>\n<p style=\"text-align: justify;\">Un bloqueo de v\u00edas f\u00e9rreas en Delicias, Chihuahua por parte de productores del sector l\u00e1cteo ha afectado desde hace 12 d\u00edas a empresas armadoras de autos en su comercio internacional y en la producci\u00f3n de sus plantas, inform\u00f3 Eduardo Sol\u00eds, presidente de la Asociaci\u00f3n Mexicana de la Industria Automotriz (AMIA).<\/p>\n<p style=\"text-align: justify;\">Los productores piden un aumento en el precio de la leche, sin que hayan llegado a una soluci\u00f3n con autoridades de la Secretar\u00eda de Agricultura, Ganader\u00eda, Desarrollo Rural, Pesca y Alimentaci\u00f3n (Sagarpa) y de la Secretar\u00eda de Desarrollo Social (Sedesol).<\/p>\n<p style=\"text-align: justify;\">\u201cNo es posible que plantas nuestras que est\u00e1n por exportar veh\u00edculos tengan un problema tan grave, ya ahora son miles de veh\u00edculos los que est\u00e1n atorados en plantas en M\u00e9xico\u201d, coment\u00f3 Sol\u00eds.<\/p>\n<p style=\"text-align: justify;\">Algunos de los ferrocarriles no han podido regresar vac\u00edos de Estados Unidos y Canad\u00e1 para ser cargados en las f\u00e1bricas de autom\u00f3viles en M\u00e9xico; otros no han podido suministrar partes y componentes, afectando las cadenas de producci\u00f3n regionales.<\/p>\n<p style=\"text-align: justify;\">\u201cHacemos un llamado urgente al gobierno federal y al gobierno estatal para dar una soluci\u00f3n inmediata a este problema. El tema del sector l\u00e1cteo se deber\u00e1 atender, pero siempre bajo el Estado del Derecho; no puede afectarse a los dem\u00e1s\u201d, demand\u00f3 Sol\u00eds.<\/p>\n<p style=\"text-align: justify;\">Entre las plantas m\u00e1s afectadas est\u00e1n algunas operadas por Honda, Fiat-Chrysler, Toyota, Mazda, General Motors y Ford.<\/p>\n<p style=\"text-align: justify;\">Seg\u00fan datos de ProM\u00e9xico, la industria automotriz aporta m\u00e1s de 3% del Producto Interno Bruto (PIB) y 18% del PIB manufacturero de M\u00e9xico, logra un super\u00e1vit comercial superior a 52,000 millones de d\u00f3lares al a\u00f1o, cuenta con un acervo de Inversi\u00f3n Extranjera Directa de m\u00e1s de 51,200 millones de d\u00f3lares (11% del total) y es responsable de unos 900,000 empleos directos.<\/p>\n<p style=\"text-align: justify;\">\n<p style=\"text-align: justify;\">Fuente:mexicoxport<\/p>\n","protected":false},"excerpt":{"rendered":"<p>El gobierno de M\u00e9xico, en coordinaci\u00f3n con la Asociaci\u00f3n Mexicana de la Industria Automotriz (AMIA), presentar\u00e1 una propuesta sobre reglas de origen en la pr\u00f3xima ronda de negociaciones del Tratado de Libre Comercio de Am\u00e9rica del Norte (TLCAN), afirm\u00f3 Ildefonso [&hellip;]<\/p>\n","protected":false},"author":1,"featured_media":2727,"comment_status":"open","ping_status":"open","sticky":false,"template":"","format":"standard","meta":{"inline_featured_image":false,"_jetpack_memberships_contains_paid_content":false,"footnotes":""},"categories":[169],"tags":[33,137,7,111,371,108,132],"class_list":["post-2726","post","type-post","status-publish","format-standard","has-post-thumbnail","hentry","category-automotriz","tag-automotriz","tag-exportacion-usa","tag-mexico","tag-mexico-usa","tag-reglas-de-origen","tag-tlcan","tag-tratado-de-libre-comercio"],"yoast_head":"<!-- This site is optimized with the Yoast SEO plugin v20.9 - https:\/\/yoast.com\/wordpress\/plugins\/seo\/ -->\n<title>M\u00e9xico alista su propuesta automotriz en el TLCAN - Campa<\/title>\n<meta name=\"robots\" content=\"index, follow, max-snippet:-1, max-image-preview:large, max-video-preview:-1\" \/>\n<link rel=\"canonical\" href=\"https:\/\/www.campa.com.mx\/site\/mexico-alista-su-propuesta-automotriz-en-el-tlcan\/\" \/>\n<meta property=\"og:locale\" content=\"es_ES\" \/>\n<meta property=\"og:type\" content=\"article\" \/>\n<meta property=\"og:title\" content=\"M\u00e9xico alista su propuesta automotriz en el TLCAN - Campa\" \/>\n<meta property=\"og:description\" content=\"El gobierno de M\u00e9xico, en coordinaci\u00f3n con la Asociaci\u00f3n Mexicana de la Industria Automotriz (AMIA), presentar\u00e1 una propuesta sobre reglas de origen en la pr\u00f3xima ronda de negociaciones del Tratado de Libre Comercio de Am\u00e9rica del Norte (TLCAN), afirm\u00f3 Ildefonso [&hellip;]\" \/>\n<meta property=\"og:url\" content=\"https:\/\/www.campa.com.mx\/site\/mexico-alista-su-propuesta-automotriz-en-el-tlcan\/\" \/>\n<meta property=\"og:site_name\" content=\"Campa\" \/>\n<meta property=\"article:publisher\" content=\"https:\/\/www.facebook.com\/MovimientoAnexo24\" \/>\n<meta property=\"article:published_time\" content=\"2018-02-20T14:48:21+00:00\" \/>\n<meta property=\"og:image\" content=\"https:\/\/www.campa.com.mx\/site\/wp-content\/uploads\/2018\/02\/automotriz-en-el-TLCAN.png\" \/>\n\t<meta property=\"og:image:width\" content=\"1197\" \/>\n\t<meta property=\"og:image:height\" content=\"624\" \/>\n\t<meta property=\"og:image:type\" content=\"image\/png\" \/>\n<meta name=\"author\" content=\"campa\" \/>\n<meta name=\"twitter:card\" content=\"summary_large_image\" \/>\n<meta name=\"twitter:creator\" content=\"@artycampa\" \/>\n<meta name=\"twitter:site\" content=\"@artycampa\" \/>\n<meta name=\"twitter:label1\" content=\"Escrito por\" \/>\n\t<meta name=\"twitter:data1\" content=\"campa\" \/>\n\t<meta name=\"twitter:label2\" content=\"Tiempo de lectura\" \/>\n\t<meta name=\"twitter:data2\" content=\"5 minutos\" \/>\n<script type=\"application\/ld+json\" class=\"yoast-schema-graph\">{\"@context\":\"https:\/\/schema.org\",\"@graph\":[{\"@type\":\"WebPage\",\"@id\":\"https:\/\/www.campa.com.mx\/site\/mexico-alista-su-propuesta-automotriz-en-el-tlcan\/\",\"url\":\"https:\/\/www.campa.com.mx\/site\/mexico-alista-su-propuesta-automotriz-en-el-tlcan\/\",\"name\":\"M\u00e9xico alista su propuesta automotriz en el TLCAN - Campa\",\"isPartOf\":{\"@id\":\"https:\/\/www.campa.com.mx\/site\/#website\"},\"datePublished\":\"2018-02-20T14:48:21+00:00\",\"dateModified\":\"2018-02-20T14:48:21+00:00\",\"author\":{\"@id\":\"https:\/\/www.campa.com.mx\/site\/#\/schema\/person\/5bf1874b81661ed013f5aa29df30761c\"},\"breadcrumb\":{\"@id\":\"https:\/\/www.campa.com.mx\/site\/mexico-alista-su-propuesta-automotriz-en-el-tlcan\/#breadcrumb\"},\"inLanguage\":\"es\",\"potentialAction\":[{\"@type\":\"ReadAction\",\"target\":[\"https:\/\/www.campa.com.mx\/site\/mexico-alista-su-propuesta-automotriz-en-el-tlcan\/\"]}]},{\"@type\":\"BreadcrumbList\",\"@id\":\"https:\/\/www.campa.com.mx\/site\/mexico-alista-su-propuesta-automotriz-en-el-tlcan\/#breadcrumb\",\"itemListElement\":[{\"@type\":\"ListItem\",\"position\":1,\"name\":\"Portada\",\"item\":\"https:\/\/www.campa.com.mx\/site\/\"},{\"@type\":\"ListItem\",\"position\":2,\"name\":\"M\u00e9xico alista su propuesta automotriz en el TLCAN\"}]},{\"@type\":\"WebSite\",\"@id\":\"https:\/\/www.campa.com.mx\/site\/#website\",\"url\":\"https:\/\/www.campa.com.mx\/site\/\",\"name\":\"Campa\",\"description\":\"Tecnolog\u00eda - Comercio Exterior - Servicios\",\"potentialAction\":[{\"@type\":\"SearchAction\",\"target\":{\"@type\":\"EntryPoint\",\"urlTemplate\":\"https:\/\/www.campa.com.mx\/site\/?s={search_term_string}\"},\"query-input\":\"required name=search_term_string\"}],\"inLanguage\":\"es\"},{\"@type\":\"Person\",\"@id\":\"https:\/\/www.campa.com.mx\/site\/#\/schema\/person\/5bf1874b81661ed013f5aa29df30761c\",\"name\":\"campa\",\"image\":{\"@type\":\"ImageObject\",\"inLanguage\":\"es\",\"@id\":\"https:\/\/www.campa.com.mx\/site\/#\/schema\/person\/image\/\",\"url\":\"https:\/\/secure.gravatar.com\/avatar\/921e6e5cffb9d78857948e938192591b9fd4168d0b55cc795582b49d9dc52bb1?s=96&d=mm&r=g\",\"contentUrl\":\"https:\/\/secure.gravatar.com\/avatar\/921e6e5cffb9d78857948e938192591b9fd4168d0b55cc795582b49d9dc52bb1?s=96&d=mm&r=g\",\"caption\":\"campa\"}}]}<\/script>\n<!-- \/ Yoast SEO plugin. -->","yoast_head_json":{"title":"M\u00e9xico alista su propuesta automotriz en el TLCAN - Campa","robots":{"index":"index","follow":"follow","max-snippet":"max-snippet:-1","max-image-preview":"max-image-preview:large","max-video-preview":"max-video-preview:-1"},"canonical":"https:\/\/www.campa.com.mx\/site\/mexico-alista-su-propuesta-automotriz-en-el-tlcan\/","og_locale":"es_ES","og_type":"article","og_title":"M\u00e9xico alista su propuesta automotriz en el TLCAN - Campa","og_description":"El gobierno de M\u00e9xico, en coordinaci\u00f3n con la Asociaci\u00f3n Mexicana de la Industria Automotriz (AMIA), presentar\u00e1 una propuesta sobre reglas de origen en la pr\u00f3xima ronda de negociaciones del Tratado de Libre Comercio de Am\u00e9rica del Norte (TLCAN), afirm\u00f3 Ildefonso [&hellip;]","og_url":"https:\/\/www.campa.com.mx\/site\/mexico-alista-su-propuesta-automotriz-en-el-tlcan\/","og_site_name":"Campa","article_publisher":"https:\/\/www.facebook.com\/MovimientoAnexo24","article_published_time":"2018-02-20T14:48:21+00:00","og_image":[{"width":1197,"height":624,"url":"https:\/\/www.campa.com.mx\/site\/wp-content\/uploads\/2018\/02\/automotriz-en-el-TLCAN.png","type":"image\/png"}],"author":"campa","twitter_card":"summary_large_image","twitter_creator":"@artycampa","twitter_site":"@artycampa","twitter_misc":{"Escrito por":"campa","Tiempo de lectura":"5 minutos"},"schema":{"@context":"https:\/\/schema.org","@graph":[{"@type":"WebPage","@id":"https:\/\/www.campa.com.mx\/site\/mexico-alista-su-propuesta-automotriz-en-el-tlcan\/","url":"https:\/\/www.campa.com.mx\/site\/mexico-alista-su-propuesta-automotriz-en-el-tlcan\/","name":"M\u00e9xico alista su propuesta automotriz en el TLCAN - Campa","isPartOf":{"@id":"https:\/\/www.campa.com.mx\/site\/#website"},"datePublished":"2018-02-20T14:48:21+00:00","dateModified":"2018-02-20T14:48:21+00:00","author":{"@id":"https:\/\/www.campa.com.mx\/site\/#\/schema\/person\/5bf1874b81661ed013f5aa29df30761c"},"breadcrumb":{"@id":"https:\/\/www.campa.com.mx\/site\/mexico-alista-su-propuesta-automotriz-en-el-tlcan\/#breadcrumb"},"inLanguage":"es","potentialAction":[{"@type":"ReadAction","target":["https:\/\/www.campa.com.mx\/site\/mexico-alista-su-propuesta-automotriz-en-el-tlcan\/"]}]},{"@type":"BreadcrumbList","@id":"https:\/\/www.campa.com.mx\/site\/mexico-alista-su-propuesta-automotriz-en-el-tlcan\/#breadcrumb","itemListElement":[{"@type":"ListItem","position":1,"name":"Portada","item":"https:\/\/www.campa.com.mx\/site\/"},{"@type":"ListItem","position":2,"name":"M\u00e9xico alista su propuesta automotriz en el TLCAN"}]},{"@type":"WebSite","@id":"https:\/\/www.campa.com.mx\/site\/#website","url":"https:\/\/www.campa.com.mx\/site\/","name":"Campa","description":"Tecnolog\u00eda - Comercio Exterior - Servicios","potentialAction":[{"@type":"SearchAction","target":{"@type":"EntryPoint","urlTemplate":"https:\/\/www.campa.com.mx\/site\/?s={search_term_string}"},"query-input":"required name=search_term_string"}],"inLanguage":"es"},{"@type":"Person","@id":"https:\/\/www.campa.com.mx\/site\/#\/schema\/person\/5bf1874b81661ed013f5aa29df30761c","name":"campa","image":{"@type":"ImageObject","inLanguage":"es","@id":"https:\/\/www.campa.com.mx\/site\/#\/schema\/person\/image\/","url":"https:\/\/secure.gravatar.com\/avatar\/921e6e5cffb9d78857948e938192591b9fd4168d0b55cc795582b49d9dc52bb1?s=96&d=mm&r=g","contentUrl":"https:\/\/secure.gravatar.com\/avatar\/921e6e5cffb9d78857948e938192591b9fd4168d0b55cc795582b49d9dc52bb1?s=96&d=mm&r=g","caption":"campa"}}]}},"jetpack_featured_media_url":"https:\/\/www.campa.com.mx\/site\/wp-content\/uploads\/2018\/02\/automotriz-en-el-TLCAN.png","jetpack_sharing_enabled":true,"_links":{"self":[{"href":"https:\/\/www.campa.com.mx\/site\/wp-json\/wp\/v2\/posts\/2726","targetHints":{"allow":["GET"]}}],"collection":[{"href":"https:\/\/www.campa.com.mx\/site\/wp-json\/wp\/v2\/posts"}],"about":[{"href":"https:\/\/www.campa.com.mx\/site\/wp-json\/wp\/v2\/types\/post"}],"author":[{"embeddable":true,"href":"https:\/\/www.campa.com.mx\/site\/wp-json\/wp\/v2\/users\/1"}],"replies":[{"embeddable":true,"href":"https:\/\/www.campa.com.mx\/site\/wp-json\/wp\/v2\/comments?post=2726"}],"version-history":[{"count":1,"href":"https:\/\/www.campa.com.mx\/site\/wp-json\/wp\/v2\/posts\/2726\/revisions"}],"predecessor-version":[{"id":2728,"href":"https:\/\/www.campa.com.mx\/site\/wp-json\/wp\/v2\/posts\/2726\/revisions\/2728"}],"wp:featuredmedia":[{"embeddable":true,"href":"https:\/\/www.campa.com.mx\/site\/wp-json\/wp\/v2\/media\/2727"}],"wp:attachment":[{"href":"https:\/\/www.campa.com.mx\/site\/wp-json\/wp\/v2\/media?parent=2726"}],"wp:term":[{"taxonomy":"category","embeddable":true,"href":"https:\/\/www.campa.com.mx\/site\/wp-json\/wp\/v2\/categories?post=2726"},{"taxonomy":"post_tag","embeddable":true,"href":"https:\/\/www.campa.com.mx\/site\/wp-json\/wp\/v2\/tags?post=2726"}],"curies":[{"name":"wp","href":"https:\/\/api.w.org\/{rel}","templated":true}]}}