{"id":2729,"date":"2018-02-21T14:56:37","date_gmt":"2018-02-21T14:56:37","guid":{"rendered":"http:\/\/www.campa.com.mx\/site\/?p=2729"},"modified":"2018-02-21T14:56:37","modified_gmt":"2018-02-21T14:56:37","slug":"mexico-va-por-reglas-de-origen-para-automotriz-en-renegociacion-del-tlcan","status":"publish","type":"post","link":"https:\/\/www.campa.com.mx\/site\/mexico-va-por-reglas-de-origen-para-automotriz-en-renegociacion-del-tlcan\/","title":{"rendered":"M\u00c9XICO VA POR REGLAS DE ORIGEN PARA AUTOMOTRIZ EN RENEGOCIACI\u00d3N DEL TLCAN"},"content":{"rendered":"<p style=\"text-align: justify;\">De cara a la s\u00e9ptima ronda de renegociaci\u00f3n del Tratado de Libre Comercio de Am\u00e9rica del Norte (TLCAN), Ildefonso Guajardo Villareal, titular de la\u00a0Secretar\u00eda de Econom\u00eda, revel\u00f3 que\u00a0<strong>M\u00e9xico pondr\u00e1 sobre la mesa su posici\u00f3n sobre las reglas de origen para la comercializaci\u00f3n de autom\u00f3viles<\/strong>\u00a0entre los tres pa\u00edses que integran el acuerdo.<\/p>\n<p style=\"text-align: justify;\">Entrevistado en el marco de la conferencia \u201cIndustria 4.0: Retos para M\u00e9xico\u201d, el funcionario adelant\u00f3 que los representantes mexicanos dar\u00e1n a conocer su esquema sobre las reglas de origen para la industria automotriz ante<strong>\u00a0la propuesta hecha por Estados Unidos de elevar el contenido de fabricaci\u00f3n regional de 62.5 a 85 por ciento.<\/strong><\/p>\n<blockquote><p>\u201cCreo que es ya, despu\u00e9s de seis meses de negociaci\u00f3n, un tiempo para reconocer que una regla de origen fortalecida, alej\u00e1ndonos del veh\u00edculo que se utiliz\u00f3 como modelo, que era un 1992, y que en 2018 es otro autom\u00f3vil, muy diferente, tenemos que modernizar la reglas de origen\u201d, coment\u00f3 el secretario de Econom\u00eda.<\/p><\/blockquote>\n<p style=\"text-align: justify;\">Por su parte, Eduardo Sol\u00eds, Presidente de la\u00a0Asociaci\u00f3n Mexicana de la Industria Automotriz (AMIA), explic\u00f3 que seguir\u00e1n las reglas<strong>\u00a0conforme al tratado ya establecido.<\/strong><\/p>\n<blockquote><p>\u201cHemos sido muy claros, nuestra propuesta es mantener la regla de origen, mantener la regla que tenemos en el acuerdo original, es la que ha hecho exitoso a este sector, no tenemos una propuesta mexicana.\u00a0<strong>Lo que estamos haciendo es revisar las propuestas canadienses y revisar el marco metodol\u00f3gico<\/strong>\u201d, dijo.<\/p><\/blockquote>\n<p style=\"text-align: justify;\">La pr\u00f3xima reuni\u00f3n entre los funcionarios de los tres pa\u00edses que integran el TLCAN\u00a0<strong>se realizar\u00e1 en la Ciudad de M\u00e9xico el 25 de febrero pr\u00f3ximo<\/strong>, espacio donde tambi\u00e9n se hablar\u00e1 sobre el sector energ\u00e9tico y de telecomunicaciones.<\/p>\n<p style=\"text-align: justify;\">Con informaci\u00f3n de<em>\u00a0Notimex<\/em><\/p>\n","protected":false},"excerpt":{"rendered":"<p>De cara a la s\u00e9ptima ronda de renegociaci\u00f3n del Tratado de Libre Comercio de Am\u00e9rica del Norte (TLCAN), Ildefonso Guajardo Villareal, titular de la\u00a0Secretar\u00eda de Econom\u00eda, revel\u00f3 que\u00a0M\u00e9xico pondr\u00e1 sobre la mesa su posici\u00f3n sobre las reglas de origen para [&hellip;]<\/p>\n","protected":false},"author":1,"featured_media":2730,"comment_status":"open","ping_status":"open","sticky":false,"template":"","format":"standard","meta":{"inline_featured_image":false,"_jetpack_memberships_contains_paid_content":false,"footnotes":""},"categories":[169],"tags":[33,373,7,372,374,108],"class_list":["post-2729","post","type-post","status-publish","format-standard","has-post-thumbnail","hentry","category-automotriz","tag-automotriz","tag-industria-automotriz-amia","tag-mexico","tag-renegociacion-del-tlcan","tag-septima-ronda-de-renegociacion-del-tratado-de-libre-comercio-de-america-del-norte-tlcan","tag-tlcan"],"yoast_head":"<!-- This site is optimized with the Yoast SEO plugin v20.9 - https:\/\/yoast.com\/wordpress\/plugins\/seo\/ -->\n<title>M\u00c9XICO VA POR REGLAS DE ORIGEN PARA AUTOMOTRIZ EN RENEGOCIACI\u00d3N DEL TLCAN - Campa<\/title>\n<meta name=\"robots\" content=\"index, follow, max-snippet:-1, max-image-preview:large, max-video-preview:-1\" \/>\n<link rel=\"canonical\" href=\"https:\/\/www.campa.com.mx\/site\/mexico-va-por-reglas-de-origen-para-automotriz-en-renegociacion-del-tlcan\/\" \/>\n<meta property=\"og:locale\" content=\"es_ES\" \/>\n<meta property=\"og:type\" content=\"article\" \/>\n<meta property=\"og:title\" content=\"M\u00c9XICO VA POR REGLAS DE ORIGEN PARA AUTOMOTRIZ EN RENEGOCIACI\u00d3N DEL TLCAN - Campa\" \/>\n<meta property=\"og:description\" content=\"De cara a la s\u00e9ptima ronda de renegociaci\u00f3n del Tratado de Libre Comercio de Am\u00e9rica del Norte (TLCAN), Ildefonso Guajardo Villareal, titular de la\u00a0Secretar\u00eda de Econom\u00eda, revel\u00f3 que\u00a0M\u00e9xico pondr\u00e1 sobre la mesa su posici\u00f3n sobre las reglas de origen para [&hellip;]\" \/>\n<meta property=\"og:url\" content=\"https:\/\/www.campa.com.mx\/site\/mexico-va-por-reglas-de-origen-para-automotriz-en-renegociacion-del-tlcan\/\" \/>\n<meta property=\"og:site_name\" content=\"Campa\" \/>\n<meta property=\"article:publisher\" content=\"https:\/\/www.facebook.com\/MovimientoAnexo24\" \/>\n<meta property=\"article:published_time\" content=\"2018-02-21T14:56:37+00:00\" \/>\n<meta property=\"og:image\" content=\"https:\/\/www.campa.com.mx\/site\/wp-content\/uploads\/2018\/02\/ME\u0301XICO-VA-POR-REGLAS-DE-ORIGEN-PARA-AUTOMOTRIZ-EN-RENEGOCIACIO\u0301N-DEL-TLCAN.png\" \/>\n\t<meta property=\"og:image:width\" content=\"1198\" \/>\n\t<meta property=\"og:image:height\" content=\"623\" \/>\n\t<meta property=\"og:image:type\" content=\"image\/png\" \/>\n<meta name=\"author\" content=\"campa\" \/>\n<meta name=\"twitter:card\" content=\"summary_large_image\" \/>\n<meta name=\"twitter:creator\" content=\"@artycampa\" \/>\n<meta name=\"twitter:site\" content=\"@artycampa\" \/>\n<meta name=\"twitter:label1\" content=\"Escrito por\" \/>\n\t<meta name=\"twitter:data1\" content=\"campa\" \/>\n\t<meta name=\"twitter:label2\" content=\"Tiempo de lectura\" \/>\n\t<meta name=\"twitter:data2\" content=\"2 minutos\" \/>\n<script type=\"application\/ld+json\" class=\"yoast-schema-graph\">{\"@context\":\"https:\/\/schema.org\",\"@graph\":[{\"@type\":\"WebPage\",\"@id\":\"https:\/\/www.campa.com.mx\/site\/mexico-va-por-reglas-de-origen-para-automotriz-en-renegociacion-del-tlcan\/\",\"url\":\"https:\/\/www.campa.com.mx\/site\/mexico-va-por-reglas-de-origen-para-automotriz-en-renegociacion-del-tlcan\/\",\"name\":\"M\u00c9XICO VA POR REGLAS DE ORIGEN PARA AUTOMOTRIZ EN RENEGOCIACI\u00d3N DEL TLCAN - Campa\",\"isPartOf\":{\"@id\":\"https:\/\/www.campa.com.mx\/site\/#website\"},\"datePublished\":\"2018-02-21T14:56:37+00:00\",\"dateModified\":\"2018-02-21T14:56:37+00:00\",\"author\":{\"@id\":\"https:\/\/www.campa.com.mx\/site\/#\/schema\/person\/5bf1874b81661ed013f5aa29df30761c\"},\"breadcrumb\":{\"@id\":\"https:\/\/www.campa.com.mx\/site\/mexico-va-por-reglas-de-origen-para-automotriz-en-renegociacion-del-tlcan\/#breadcrumb\"},\"inLanguage\":\"es\",\"potentialAction\":[{\"@type\":\"ReadAction\",\"target\":[\"https:\/\/www.campa.com.mx\/site\/mexico-va-por-reglas-de-origen-para-automotriz-en-renegociacion-del-tlcan\/\"]}]},{\"@type\":\"BreadcrumbList\",\"@id\":\"https:\/\/www.campa.com.mx\/site\/mexico-va-por-reglas-de-origen-para-automotriz-en-renegociacion-del-tlcan\/#breadcrumb\",\"itemListElement\":[{\"@type\":\"ListItem\",\"position\":1,\"name\":\"Portada\",\"item\":\"https:\/\/www.campa.com.mx\/site\/\"},{\"@type\":\"ListItem\",\"position\":2,\"name\":\"M\u00c9XICO VA POR REGLAS DE ORIGEN PARA AUTOMOTRIZ EN RENEGOCIACI\u00d3N DEL TLCAN\"}]},{\"@type\":\"WebSite\",\"@id\":\"https:\/\/www.campa.com.mx\/site\/#website\",\"url\":\"https:\/\/www.campa.com.mx\/site\/\",\"name\":\"Campa\",\"description\":\"Tecnolog\u00eda - Comercio Exterior - Servicios\",\"potentialAction\":[{\"@type\":\"SearchAction\",\"target\":{\"@type\":\"EntryPoint\",\"urlTemplate\":\"https:\/\/www.campa.com.mx\/site\/?s={search_term_string}\"},\"query-input\":\"required name=search_term_string\"}],\"inLanguage\":\"es\"},{\"@type\":\"Person\",\"@id\":\"https:\/\/www.campa.com.mx\/site\/#\/schema\/person\/5bf1874b81661ed013f5aa29df30761c\",\"name\":\"campa\",\"image\":{\"@type\":\"ImageObject\",\"inLanguage\":\"es\",\"@id\":\"https:\/\/www.campa.com.mx\/site\/#\/schema\/person\/image\/\",\"url\":\"https:\/\/secure.gravatar.com\/avatar\/921e6e5cffb9d78857948e938192591b9fd4168d0b55cc795582b49d9dc52bb1?s=96&d=mm&r=g\",\"contentUrl\":\"https:\/\/secure.gravatar.com\/avatar\/921e6e5cffb9d78857948e938192591b9fd4168d0b55cc795582b49d9dc52bb1?s=96&d=mm&r=g\",\"caption\":\"campa\"}}]}<\/script>\n<!-- \/ Yoast SEO plugin. -->","yoast_head_json":{"title":"M\u00c9XICO VA POR REGLAS DE ORIGEN PARA AUTOMOTRIZ EN RENEGOCIACI\u00d3N DEL TLCAN - Campa","robots":{"index":"index","follow":"follow","max-snippet":"max-snippet:-1","max-image-preview":"max-image-preview:large","max-video-preview":"max-video-preview:-1"},"canonical":"https:\/\/www.campa.com.mx\/site\/mexico-va-por-reglas-de-origen-para-automotriz-en-renegociacion-del-tlcan\/","og_locale":"es_ES","og_type":"article","og_title":"M\u00c9XICO VA POR REGLAS DE ORIGEN PARA AUTOMOTRIZ EN RENEGOCIACI\u00d3N DEL TLCAN - Campa","og_description":"De cara a la s\u00e9ptima ronda de renegociaci\u00f3n del Tratado de Libre Comercio de Am\u00e9rica del Norte (TLCAN), Ildefonso Guajardo Villareal, titular de la\u00a0Secretar\u00eda de Econom\u00eda, revel\u00f3 que\u00a0M\u00e9xico pondr\u00e1 sobre la mesa su posici\u00f3n sobre las reglas de origen para [&hellip;]","og_url":"https:\/\/www.campa.com.mx\/site\/mexico-va-por-reglas-de-origen-para-automotriz-en-renegociacion-del-tlcan\/","og_site_name":"Campa","article_publisher":"https:\/\/www.facebook.com\/MovimientoAnexo24","article_published_time":"2018-02-21T14:56:37+00:00","og_image":[{"width":1198,"height":623,"url":"https:\/\/www.campa.com.mx\/site\/wp-content\/uploads\/2018\/02\/ME\u0301XICO-VA-POR-REGLAS-DE-ORIGEN-PARA-AUTOMOTRIZ-EN-RENEGOCIACIO\u0301N-DEL-TLCAN.png","type":"image\/png"}],"author":"campa","twitter_card":"summary_large_image","twitter_creator":"@artycampa","twitter_site":"@artycampa","twitter_misc":{"Escrito por":"campa","Tiempo de lectura":"2 minutos"},"schema":{"@context":"https:\/\/schema.org","@graph":[{"@type":"WebPage","@id":"https:\/\/www.campa.com.mx\/site\/mexico-va-por-reglas-de-origen-para-automotriz-en-renegociacion-del-tlcan\/","url":"https:\/\/www.campa.com.mx\/site\/mexico-va-por-reglas-de-origen-para-automotriz-en-renegociacion-del-tlcan\/","name":"M\u00c9XICO VA POR REGLAS DE ORIGEN PARA AUTOMOTRIZ EN RENEGOCIACI\u00d3N DEL TLCAN - Campa","isPartOf":{"@id":"https:\/\/www.campa.com.mx\/site\/#website"},"datePublished":"2018-02-21T14:56:37+00:00","dateModified":"2018-02-21T14:56:37+00:00","author":{"@id":"https:\/\/www.campa.com.mx\/site\/#\/schema\/person\/5bf1874b81661ed013f5aa29df30761c"},"breadcrumb":{"@id":"https:\/\/www.campa.com.mx\/site\/mexico-va-por-reglas-de-origen-para-automotriz-en-renegociacion-del-tlcan\/#breadcrumb"},"inLanguage":"es","potentialAction":[{"@type":"ReadAction","target":["https:\/\/www.campa.com.mx\/site\/mexico-va-por-reglas-de-origen-para-automotriz-en-renegociacion-del-tlcan\/"]}]},{"@type":"BreadcrumbList","@id":"https:\/\/www.campa.com.mx\/site\/mexico-va-por-reglas-de-origen-para-automotriz-en-renegociacion-del-tlcan\/#breadcrumb","itemListElement":[{"@type":"ListItem","position":1,"name":"Portada","item":"https:\/\/www.campa.com.mx\/site\/"},{"@type":"ListItem","position":2,"name":"M\u00c9XICO VA POR REGLAS DE ORIGEN PARA AUTOMOTRIZ EN RENEGOCIACI\u00d3N DEL TLCAN"}]},{"@type":"WebSite","@id":"https:\/\/www.campa.com.mx\/site\/#website","url":"https:\/\/www.campa.com.mx\/site\/","name":"Campa","description":"Tecnolog\u00eda - Comercio Exterior - Servicios","potentialAction":[{"@type":"SearchAction","target":{"@type":"EntryPoint","urlTemplate":"https:\/\/www.campa.com.mx\/site\/?s={search_term_string}"},"query-input":"required name=search_term_string"}],"inLanguage":"es"},{"@type":"Person","@id":"https:\/\/www.campa.com.mx\/site\/#\/schema\/person\/5bf1874b81661ed013f5aa29df30761c","name":"campa","image":{"@type":"ImageObject","inLanguage":"es","@id":"https:\/\/www.campa.com.mx\/site\/#\/schema\/person\/image\/","url":"https:\/\/secure.gravatar.com\/avatar\/921e6e5cffb9d78857948e938192591b9fd4168d0b55cc795582b49d9dc52bb1?s=96&d=mm&r=g","contentUrl":"https:\/\/secure.gravatar.com\/avatar\/921e6e5cffb9d78857948e938192591b9fd4168d0b55cc795582b49d9dc52bb1?s=96&d=mm&r=g","caption":"campa"}}]}},"jetpack_featured_media_url":"https:\/\/www.campa.com.mx\/site\/wp-content\/uploads\/2018\/02\/ME\u0301XICO-VA-POR-REGLAS-DE-ORIGEN-PARA-AUTOMOTRIZ-EN-RENEGOCIACIO\u0301N-DEL-TLCAN.png","jetpack_sharing_enabled":true,"_links":{"self":[{"href":"https:\/\/www.campa.com.mx\/site\/wp-json\/wp\/v2\/posts\/2729","targetHints":{"allow":["GET"]}}],"collection":[{"href":"https:\/\/www.campa.com.mx\/site\/wp-json\/wp\/v2\/posts"}],"about":[{"href":"https:\/\/www.campa.com.mx\/site\/wp-json\/wp\/v2\/types\/post"}],"author":[{"embeddable":true,"href":"https:\/\/www.campa.com.mx\/site\/wp-json\/wp\/v2\/users\/1"}],"replies":[{"embeddable":true,"href":"https:\/\/www.campa.com.mx\/site\/wp-json\/wp\/v2\/comments?post=2729"}],"version-history":[{"count":1,"href":"https:\/\/www.campa.com.mx\/site\/wp-json\/wp\/v2\/posts\/2729\/revisions"}],"predecessor-version":[{"id":2731,"href":"https:\/\/www.campa.com.mx\/site\/wp-json\/wp\/v2\/posts\/2729\/revisions\/2731"}],"wp:featuredmedia":[{"embeddable":true,"href":"https:\/\/www.campa.com.mx\/site\/wp-json\/wp\/v2\/media\/2730"}],"wp:attachment":[{"href":"https:\/\/www.campa.com.mx\/site\/wp-json\/wp\/v2\/media?parent=2729"}],"wp:term":[{"taxonomy":"category","embeddable":true,"href":"https:\/\/www.campa.com.mx\/site\/wp-json\/wp\/v2\/categories?post=2729"},{"taxonomy":"post_tag","embeddable":true,"href":"https:\/\/www.campa.com.mx\/site\/wp-json\/wp\/v2\/tags?post=2729"}],"curies":[{"name":"wp","href":"https:\/\/api.w.org\/{rel}","templated":true}]}}