{"id":2758,"date":"2018-02-27T15:01:23","date_gmt":"2018-02-27T15:01:23","guid":{"rendered":"http:\/\/www.campa.com.mx\/site\/?p=2758"},"modified":"2018-02-27T15:01:23","modified_gmt":"2018-02-27T15:01:23","slug":"la-7a-ronda-del-tlcan-comenzo-en-cdmx-reglas-de-origen-el-tema-mas-dificil","status":"publish","type":"post","link":"https:\/\/www.campa.com.mx\/site\/la-7a-ronda-del-tlcan-comenzo-en-cdmx-reglas-de-origen-el-tema-mas-dificil\/","title":{"rendered":"La 7a ronda del TLCAN, comenz\u00f3 en CDMX &#8211; REGLAS DE ORIGEN EL TEMA M\u00c1S DIF\u00cdCIL."},"content":{"rendered":"<p class=\"p1\">El tema de reglas de origen, uno de los m\u00e1s dif\u00edciles en la renegociaci\u00f3n del Tratado de Libre Comercio de Am\u00e9rica del Norte (TLCAN) inaugur\u00f3 la s\u00e9ptima ronda, que comenz\u00f3 el domingo y que terminar\u00e1 hasta el 5 de marzo en la Ciudad de M\u00e9xico.<\/p>\n<p class=\"p1\">Los posibles cambios en materia de reglas de origen, y que afectar\u00e1n a sectores como el automotriz, textil y del vestido, comenzaron ayer domingo y se tratar\u00e1n cuatro de los nueve d\u00edas que durar\u00e1 la ronda, inform\u00f3 Ricardo Navarro, representante de la Confederaci\u00f3n de C\u00e1maras Nacionales de Comercio, Servicios y Turismo (Concanaco-Servytur) en el Cuarto de Junto.<\/p>\n<p class=\"p1\">\u201cM\u00e9xico est\u00e1 en actitud negociadora, al pensar en propuestas innovadoras en temas reglas de origen. Cada sector eval\u00faa qu\u00e9 margen de flexibilidad tiene para negociar. A estas alturas tenemos que enfrentar los temas \u00e1lgidos, se prev\u00e9 que esta ronda sea un poco m\u00e1s dif\u00edcil que las anteriores\u201d, dijo Navarro, en entrevista con la prensa.<\/p>\n<p class=\"p1\">En materia de reglas de origen en el sector automotriz, Estados Unidos propone incrementar el contenido regional de los autos armados en el TLCAN de 62.5% a 85%; no obstante, del 100% pide que 50% sea de contenido estadounidense.<\/p>\n<p class=\"p1\">El sector automotriz es el que m\u00e1s contribuye con el d\u00e9ficit comercial de Estados Unidos con M\u00e9xico. Uno de los principales objetivos en la renegociaci\u00f3n es disminuir este d\u00e9ficit en la balanza comercial estadounidense.<\/p>\n<p class=\"p1\">Adem\u00e1s de reglas de origen, ayer domingo se abordaron los temas de buenas pr\u00e1cticas regulatoria y el agroalimentario.<\/p>\n<p class=\"p1\">Conforme con el programa de actividades en el hotel Camino Real de la Ciudad de M\u00e9xico \u2014donde se efect\u00faan las pl\u00e1ticas\u2014, los equipos t\u00e9cnicos del TLCAN sesionan en 10 salones desde las 9:00 horas.<\/p>\n<p class=\"p1\">Este lunes se tratar\u00e1n los temas de entrada temporal laboral, farmac\u00e9utico, laboral y de buenas pr\u00e1cticas regulatorias.<\/p>\n<p class=\"p1\">En tanto, informaci\u00f3n de la Secretar\u00eda de Econom\u00eda detall\u00f3 que los temas que se discutir\u00e1n en los siguientes d\u00edas son propiedad intelectual, remedios comerciales, servicios financieros y propiedad intelectual.<\/p>\n<p class=\"p1\">Asimismo, los negociadores abordar\u00e1n los temas de comercio transfronterizo de servicios, competitividad, obst\u00e1culos t\u00e9cnicos al comercio, medio ambiente, ingreso a mercados, g\u00e9nero, energ\u00eda y telecomunicaciones.<\/p>\n<p class=\"p1\">La dependencia inform\u00f3 que el lunes 5 de marzo se realizar\u00e1 el encuentro ministerial, para cerrar avances de las mesas de esta s\u00e9ptima ronda.<\/p>\n<p class=\"p1\">La Secretar\u00eda de Econom\u00eda dio a conocer la agenda de temas de la s\u00e9ptima ronda.<\/p>\n<p class=\"p1\"><strong>Domingo 25 de febrero:<\/strong><\/p>\n<p class=\"p1\">\u2022 Agricultura<\/p>\n<p class=\"p1\">\u2022 Buenas Pr\u00e1cticas Regulatorias<\/p>\n<p class=\"p1\">\u2022 Reglas de Origen<\/p>\n<p class=\"p1\"><strong>Lunes 26 de febrero:<\/strong><\/p>\n<p class=\"p1\">\u2022 Agricultura<\/p>\n<p class=\"p1\">\u2022 Buenas Pr\u00e1cticas Regulatorias<\/p>\n<p class=\"p1\">\u2022 Reglas de Origen<\/p>\n<p class=\"p1\">\u2022 Entrada Temporal<\/p>\n<p class=\"p1\">\u2022 Anexo de Transparencia Farmac\u00e9utica<\/p>\n<p class=\"p1\">\u2022 Laboral<\/p>\n<p class=\"p1\"><strong>Martes 27 de febrero:<\/strong><\/p>\n<p class=\"p1\">\u2022 Buenas Pr\u00e1cticas Regulatorias<\/p>\n<p class=\"p1\">\u2022 Reglas de Origen<\/p>\n<p class=\"p1\">\u2022 Entrada Temporal<\/p>\n<p class=\"p1\">\u2022 Laboral<\/p>\n<p class=\"p1\">\u2022 Propiedad Intelectual<\/p>\n<p class=\"p1\">\u2022 Remedios Comerciales<\/p>\n<p class=\"p1\">\u2022 Servicios Financieros<\/p>\n<p class=\"p1\"><strong>Mi\u00e9rcoles 28 de febrero:<\/strong><\/p>\n<p class=\"p1\">\u2022 Propiedad Intelectual<\/p>\n<p class=\"p1\">\u2022 Servicios Financieros<\/p>\n<p class=\"p1\">\u2022 Comercio Transfronterizo de Servicios<\/p>\n<p class=\"p1\">\u2022 Competitividad<\/p>\n<p class=\"p1\">\u2022 Obst\u00e1culos T\u00e9cnicos al Comercio<\/p>\n<p class=\"p1\">\u2022 Medio Ambiente<\/p>\n<p class=\"p1\">\u2022 Legal e Institucional<\/p>\n<p class=\"p1\">\u2022 Textiles<\/p>\n<p class=\"p1\">\u2022 Acceso a Mercado<\/p>\n<p class=\"p1\"><strong>Jueves 1ro de marzo:<\/strong><\/p>\n<ul>\n<li class=\"p1\">Comercio Transfronterizo de Servicios<\/li>\n<\/ul>\n<p class=\"p1\">\u2022 Obst\u00e1culos T\u00e9cnicos al Comercio<\/p>\n<p class=\"p1\">\u2022 Medio Ambiente<\/p>\n<p class=\"p1\">\u2022 Servicios Financieros<\/p>\n<p class=\"p1\">\u2022 Acceso a Mercado<\/p>\n<p class=\"p1\">\u2022 Textiles<\/p>\n<p class=\"p1\">\u2022 Legal e Institucional<\/p>\n<p class=\"p1\">\u2022 Medidas Disconformes<\/p>\n<p class=\"p1\">\u2022 Compras de Gobierno<\/p>\n<p class=\"p1\">\u2022 Comercio Electr\u00f3nico<\/p>\n<p class=\"p1\">\u2022 Anexos Sectoriales<\/p>\n<p class=\"p1\">\u2022 Empresas del Estado<\/p>\n<p class=\"p1\">\u2022 G\u00e9nero<\/p>\n<p class=\"p1\"><strong>Viernes 2 de marzo:<\/strong><\/p>\n<ul>\n<li class=\"p1\">Medidas Disconformes<\/li>\n<\/ul>\n<p class=\"p1\">\u2022 Compras de Gobierno<\/p>\n<p class=\"p1\">\u2022 Energ\u00eda<\/p>\n<p class=\"p1\">\u2022 Comercio Electr\u00f3nico<\/p>\n<p class=\"p1\">\u2022 Anexos Sectoriales<\/p>\n<p class=\"p1\">\u2022 Empresas del Estado<\/p>\n<p class=\"p1\">\u2022 Aduanas y Facilitaci\u00f3n Comercia<\/p>\n<p class=\"p1\"><strong>S\u00e1bado 3 de marzo:<\/strong><\/p>\n<ul>\n<li class=\"p1\">Energ\u00eda<\/li>\n<\/ul>\n<p class=\"p1\">\u2022 Anexos Sectoriales<\/p>\n<p class=\"p1\">\u2022 Aduanas y Facilitaci\u00f3n Comercial<\/p>\n<p class=\"p1\">\u2022 Pueblos Ind\u00edgenas<\/p>\n<p class=\"p1\">\u2022 Telecomunicaciones<\/p>\n<p class=\"p1\"><strong>Domingo 4 de marzo:<\/strong><\/p>\n<p class=\"p1\">\u2022 Medidas Sanitarias y Fitosanitarias<\/p>\n<p class=\"p1\"><strong>Lunes 5 de marzo:<\/strong><\/p>\n<ul>\n<li class=\"p1\">Encuentro Ministerial<\/li>\n<\/ul>\n","protected":false},"excerpt":{"rendered":"<p>El tema de reglas de origen, uno de los m\u00e1s dif\u00edciles en la renegociaci\u00f3n del Tratado de Libre Comercio de Am\u00e9rica del Norte (TLCAN) inaugur\u00f3 la s\u00e9ptima ronda, que comenz\u00f3 el domingo y que terminar\u00e1 hasta el 5 de marzo [&hellip;]<\/p>\n","protected":false},"author":1,"featured_media":2759,"comment_status":"open","ping_status":"open","sticky":false,"template":"","format":"standard","meta":{"inline_featured_image":false,"_jetpack_memberships_contains_paid_content":false,"footnotes":""},"categories":[1],"tags":[404,33,406,50,371,405,407,108],"class_list":["post-2758","post","type-post","status-publish","format-standard","has-post-thumbnail","hentry","category-campa","tag-7a-ronda-del-tlcan","tag-automotriz","tag-confederacion-de-camaras-nacionales-de-comercio","tag-industria-automotriz","tag-reglas-de-origen","tag-renegociacion-del-tratado-de-libre-comercio-de-america-del-norte","tag-servicios-y-turismo","tag-tlcan"],"yoast_head":"<!-- This site is optimized with the Yoast SEO plugin v20.9 - https:\/\/yoast.com\/wordpress\/plugins\/seo\/ -->\n<title>La 7a ronda del TLCAN, comenz\u00f3 en CDMX - REGLAS DE ORIGEN EL TEMA M\u00c1S DIF\u00cdCIL. - Campa<\/title>\n<meta name=\"robots\" content=\"index, follow, max-snippet:-1, max-image-preview:large, max-video-preview:-1\" \/>\n<link rel=\"canonical\" href=\"https:\/\/www.campa.com.mx\/site\/la-7a-ronda-del-tlcan-comenzo-en-cdmx-reglas-de-origen-el-tema-mas-dificil\/\" \/>\n<meta property=\"og:locale\" content=\"es_ES\" \/>\n<meta property=\"og:type\" content=\"article\" \/>\n<meta property=\"og:title\" content=\"La 7a ronda del TLCAN, comenz\u00f3 en CDMX - REGLAS DE ORIGEN EL TEMA M\u00c1S DIF\u00cdCIL. - Campa\" \/>\n<meta property=\"og:description\" content=\"El tema de reglas de origen, uno de los m\u00e1s dif\u00edciles en la renegociaci\u00f3n del Tratado de Libre Comercio de Am\u00e9rica del Norte (TLCAN) inaugur\u00f3 la s\u00e9ptima ronda, que comenz\u00f3 el domingo y que terminar\u00e1 hasta el 5 de marzo [&hellip;]\" \/>\n<meta property=\"og:url\" content=\"https:\/\/www.campa.com.mx\/site\/la-7a-ronda-del-tlcan-comenzo-en-cdmx-reglas-de-origen-el-tema-mas-dificil\/\" \/>\n<meta property=\"og:site_name\" content=\"Campa\" \/>\n<meta property=\"article:publisher\" content=\"https:\/\/www.facebook.com\/MovimientoAnexo24\" \/>\n<meta property=\"article:published_time\" content=\"2018-02-27T15:01:23+00:00\" \/>\n<meta property=\"og:image\" content=\"https:\/\/www.campa.com.mx\/site\/wp-content\/uploads\/2018\/02\/La-7a-ronda-del-TLCAN-que-comenzo\u0301-en-CDMX.png\" \/>\n\t<meta property=\"og:image:width\" content=\"1196\" \/>\n\t<meta property=\"og:image:height\" content=\"623\" \/>\n\t<meta property=\"og:image:type\" content=\"image\/png\" \/>\n<meta name=\"author\" content=\"campa\" \/>\n<meta name=\"twitter:card\" content=\"summary_large_image\" \/>\n<meta name=\"twitter:creator\" content=\"@artycampa\" \/>\n<meta name=\"twitter:site\" content=\"@artycampa\" \/>\n<meta name=\"twitter:label1\" content=\"Escrito por\" \/>\n\t<meta name=\"twitter:data1\" content=\"campa\" \/>\n\t<meta name=\"twitter:label2\" content=\"Tiempo de lectura\" \/>\n\t<meta name=\"twitter:data2\" content=\"3 minutos\" \/>\n<script type=\"application\/ld+json\" class=\"yoast-schema-graph\">{\"@context\":\"https:\/\/schema.org\",\"@graph\":[{\"@type\":\"WebPage\",\"@id\":\"https:\/\/www.campa.com.mx\/site\/la-7a-ronda-del-tlcan-comenzo-en-cdmx-reglas-de-origen-el-tema-mas-dificil\/\",\"url\":\"https:\/\/www.campa.com.mx\/site\/la-7a-ronda-del-tlcan-comenzo-en-cdmx-reglas-de-origen-el-tema-mas-dificil\/\",\"name\":\"La 7a ronda del TLCAN, comenz\u00f3 en CDMX - REGLAS DE ORIGEN EL TEMA M\u00c1S DIF\u00cdCIL. - Campa\",\"isPartOf\":{\"@id\":\"https:\/\/www.campa.com.mx\/site\/#website\"},\"datePublished\":\"2018-02-27T15:01:23+00:00\",\"dateModified\":\"2018-02-27T15:01:23+00:00\",\"author\":{\"@id\":\"https:\/\/www.campa.com.mx\/site\/#\/schema\/person\/5bf1874b81661ed013f5aa29df30761c\"},\"breadcrumb\":{\"@id\":\"https:\/\/www.campa.com.mx\/site\/la-7a-ronda-del-tlcan-comenzo-en-cdmx-reglas-de-origen-el-tema-mas-dificil\/#breadcrumb\"},\"inLanguage\":\"es\",\"potentialAction\":[{\"@type\":\"ReadAction\",\"target\":[\"https:\/\/www.campa.com.mx\/site\/la-7a-ronda-del-tlcan-comenzo-en-cdmx-reglas-de-origen-el-tema-mas-dificil\/\"]}]},{\"@type\":\"BreadcrumbList\",\"@id\":\"https:\/\/www.campa.com.mx\/site\/la-7a-ronda-del-tlcan-comenzo-en-cdmx-reglas-de-origen-el-tema-mas-dificil\/#breadcrumb\",\"itemListElement\":[{\"@type\":\"ListItem\",\"position\":1,\"name\":\"Portada\",\"item\":\"https:\/\/www.campa.com.mx\/site\/\"},{\"@type\":\"ListItem\",\"position\":2,\"name\":\"La 7a ronda del TLCAN, comenz\u00f3 en CDMX &#8211; REGLAS DE ORIGEN EL TEMA M\u00c1S DIF\u00cdCIL.\"}]},{\"@type\":\"WebSite\",\"@id\":\"https:\/\/www.campa.com.mx\/site\/#website\",\"url\":\"https:\/\/www.campa.com.mx\/site\/\",\"name\":\"Campa\",\"description\":\"Tecnolog\u00eda - Comercio Exterior - Servicios\",\"potentialAction\":[{\"@type\":\"SearchAction\",\"target\":{\"@type\":\"EntryPoint\",\"urlTemplate\":\"https:\/\/www.campa.com.mx\/site\/?s={search_term_string}\"},\"query-input\":\"required name=search_term_string\"}],\"inLanguage\":\"es\"},{\"@type\":\"Person\",\"@id\":\"https:\/\/www.campa.com.mx\/site\/#\/schema\/person\/5bf1874b81661ed013f5aa29df30761c\",\"name\":\"campa\",\"image\":{\"@type\":\"ImageObject\",\"inLanguage\":\"es\",\"@id\":\"https:\/\/www.campa.com.mx\/site\/#\/schema\/person\/image\/\",\"url\":\"https:\/\/secure.gravatar.com\/avatar\/921e6e5cffb9d78857948e938192591b9fd4168d0b55cc795582b49d9dc52bb1?s=96&d=mm&r=g\",\"contentUrl\":\"https:\/\/secure.gravatar.com\/avatar\/921e6e5cffb9d78857948e938192591b9fd4168d0b55cc795582b49d9dc52bb1?s=96&d=mm&r=g\",\"caption\":\"campa\"}}]}<\/script>\n<!-- \/ Yoast SEO plugin. -->","yoast_head_json":{"title":"La 7a ronda del TLCAN, comenz\u00f3 en CDMX - REGLAS DE ORIGEN EL TEMA M\u00c1S DIF\u00cdCIL. - Campa","robots":{"index":"index","follow":"follow","max-snippet":"max-snippet:-1","max-image-preview":"max-image-preview:large","max-video-preview":"max-video-preview:-1"},"canonical":"https:\/\/www.campa.com.mx\/site\/la-7a-ronda-del-tlcan-comenzo-en-cdmx-reglas-de-origen-el-tema-mas-dificil\/","og_locale":"es_ES","og_type":"article","og_title":"La 7a ronda del TLCAN, comenz\u00f3 en CDMX - REGLAS DE ORIGEN EL TEMA M\u00c1S DIF\u00cdCIL. - Campa","og_description":"El tema de reglas de origen, uno de los m\u00e1s dif\u00edciles en la renegociaci\u00f3n del Tratado de Libre Comercio de Am\u00e9rica del Norte (TLCAN) inaugur\u00f3 la s\u00e9ptima ronda, que comenz\u00f3 el domingo y que terminar\u00e1 hasta el 5 de marzo [&hellip;]","og_url":"https:\/\/www.campa.com.mx\/site\/la-7a-ronda-del-tlcan-comenzo-en-cdmx-reglas-de-origen-el-tema-mas-dificil\/","og_site_name":"Campa","article_publisher":"https:\/\/www.facebook.com\/MovimientoAnexo24","article_published_time":"2018-02-27T15:01:23+00:00","og_image":[{"width":1196,"height":623,"url":"https:\/\/www.campa.com.mx\/site\/wp-content\/uploads\/2018\/02\/La-7a-ronda-del-TLCAN-que-comenzo\u0301-en-CDMX.png","type":"image\/png"}],"author":"campa","twitter_card":"summary_large_image","twitter_creator":"@artycampa","twitter_site":"@artycampa","twitter_misc":{"Escrito por":"campa","Tiempo de lectura":"3 minutos"},"schema":{"@context":"https:\/\/schema.org","@graph":[{"@type":"WebPage","@id":"https:\/\/www.campa.com.mx\/site\/la-7a-ronda-del-tlcan-comenzo-en-cdmx-reglas-de-origen-el-tema-mas-dificil\/","url":"https:\/\/www.campa.com.mx\/site\/la-7a-ronda-del-tlcan-comenzo-en-cdmx-reglas-de-origen-el-tema-mas-dificil\/","name":"La 7a ronda del TLCAN, comenz\u00f3 en CDMX - REGLAS DE ORIGEN EL TEMA M\u00c1S DIF\u00cdCIL. - Campa","isPartOf":{"@id":"https:\/\/www.campa.com.mx\/site\/#website"},"datePublished":"2018-02-27T15:01:23+00:00","dateModified":"2018-02-27T15:01:23+00:00","author":{"@id":"https:\/\/www.campa.com.mx\/site\/#\/schema\/person\/5bf1874b81661ed013f5aa29df30761c"},"breadcrumb":{"@id":"https:\/\/www.campa.com.mx\/site\/la-7a-ronda-del-tlcan-comenzo-en-cdmx-reglas-de-origen-el-tema-mas-dificil\/#breadcrumb"},"inLanguage":"es","potentialAction":[{"@type":"ReadAction","target":["https:\/\/www.campa.com.mx\/site\/la-7a-ronda-del-tlcan-comenzo-en-cdmx-reglas-de-origen-el-tema-mas-dificil\/"]}]},{"@type":"BreadcrumbList","@id":"https:\/\/www.campa.com.mx\/site\/la-7a-ronda-del-tlcan-comenzo-en-cdmx-reglas-de-origen-el-tema-mas-dificil\/#breadcrumb","itemListElement":[{"@type":"ListItem","position":1,"name":"Portada","item":"https:\/\/www.campa.com.mx\/site\/"},{"@type":"ListItem","position":2,"name":"La 7a ronda del TLCAN, comenz\u00f3 en CDMX &#8211; REGLAS DE ORIGEN EL TEMA M\u00c1S DIF\u00cdCIL."}]},{"@type":"WebSite","@id":"https:\/\/www.campa.com.mx\/site\/#website","url":"https:\/\/www.campa.com.mx\/site\/","name":"Campa","description":"Tecnolog\u00eda - Comercio Exterior - Servicios","potentialAction":[{"@type":"SearchAction","target":{"@type":"EntryPoint","urlTemplate":"https:\/\/www.campa.com.mx\/site\/?s={search_term_string}"},"query-input":"required name=search_term_string"}],"inLanguage":"es"},{"@type":"Person","@id":"https:\/\/www.campa.com.mx\/site\/#\/schema\/person\/5bf1874b81661ed013f5aa29df30761c","name":"campa","image":{"@type":"ImageObject","inLanguage":"es","@id":"https:\/\/www.campa.com.mx\/site\/#\/schema\/person\/image\/","url":"https:\/\/secure.gravatar.com\/avatar\/921e6e5cffb9d78857948e938192591b9fd4168d0b55cc795582b49d9dc52bb1?s=96&d=mm&r=g","contentUrl":"https:\/\/secure.gravatar.com\/avatar\/921e6e5cffb9d78857948e938192591b9fd4168d0b55cc795582b49d9dc52bb1?s=96&d=mm&r=g","caption":"campa"}}]}},"jetpack_featured_media_url":"https:\/\/www.campa.com.mx\/site\/wp-content\/uploads\/2018\/02\/La-7a-ronda-del-TLCAN-que-comenzo\u0301-en-CDMX.png","jetpack_sharing_enabled":true,"_links":{"self":[{"href":"https:\/\/www.campa.com.mx\/site\/wp-json\/wp\/v2\/posts\/2758","targetHints":{"allow":["GET"]}}],"collection":[{"href":"https:\/\/www.campa.com.mx\/site\/wp-json\/wp\/v2\/posts"}],"about":[{"href":"https:\/\/www.campa.com.mx\/site\/wp-json\/wp\/v2\/types\/post"}],"author":[{"embeddable":true,"href":"https:\/\/www.campa.com.mx\/site\/wp-json\/wp\/v2\/users\/1"}],"replies":[{"embeddable":true,"href":"https:\/\/www.campa.com.mx\/site\/wp-json\/wp\/v2\/comments?post=2758"}],"version-history":[{"count":1,"href":"https:\/\/www.campa.com.mx\/site\/wp-json\/wp\/v2\/posts\/2758\/revisions"}],"predecessor-version":[{"id":2760,"href":"https:\/\/www.campa.com.mx\/site\/wp-json\/wp\/v2\/posts\/2758\/revisions\/2760"}],"wp:featuredmedia":[{"embeddable":true,"href":"https:\/\/www.campa.com.mx\/site\/wp-json\/wp\/v2\/media\/2759"}],"wp:attachment":[{"href":"https:\/\/www.campa.com.mx\/site\/wp-json\/wp\/v2\/media?parent=2758"}],"wp:term":[{"taxonomy":"category","embeddable":true,"href":"https:\/\/www.campa.com.mx\/site\/wp-json\/wp\/v2\/categories?post=2758"},{"taxonomy":"post_tag","embeddable":true,"href":"https:\/\/www.campa.com.mx\/site\/wp-json\/wp\/v2\/tags?post=2758"}],"curies":[{"name":"wp","href":"https:\/\/api.w.org\/{rel}","templated":true}]}}