{"id":2764,"date":"2018-03-01T15:45:38","date_gmt":"2018-03-01T15:45:38","guid":{"rendered":"http:\/\/www.campa.com.mx\/site\/?p=2764"},"modified":"2018-03-01T15:45:38","modified_gmt":"2018-03-01T15:45:38","slug":"el-empleo-en-immex-crecio-4-2-en-diciembre","status":"publish","type":"post","link":"https:\/\/www.campa.com.mx\/site\/el-empleo-en-immex-crecio-4-2-en-diciembre\/","title":{"rendered":"El empleo en IMMEX creci\u00f3 4.2% en diciembre"},"content":{"rendered":"<p style=\"text-align: justify;\">En diciembre de 2017, el personal ocupado en los establecimiento con Programa IMMEX (Industria Manufacturera, Maquiladora y de Servicios de Exportaci\u00f3n) se increment\u00f3 4.2 por ciento respecto a igual mes de 2016.<\/p>\n<p style=\"text-align: justify;\">El Instituto Nacional de Estad\u00edstica y Geograf\u00eda (INEGI) inform\u00f3 que las horas trabajadas se acrecentaron 3.9 por ciento y las remuneraciones medias reales 3.6 por ciento durante el \u00faltimo mes de 2017 respecto al mismo periodo de 2016.<\/p>\n<p style=\"text-align: justify;\">El organismo se\u00f1al\u00f3 que el personal ocupado en los establecimientos con programa IMMEX no present\u00f3 variaci\u00f3n en diciembre de 2017 respecto al mes inmediato anterior, con cifras desestacionalizadas.<\/p>\n<p style=\"text-align: justify;\">Seg\u00fan el tipo de establecimiento en el que labora, en los manufactureros creci\u00f3 0.1 por ciento, en tanto que en los no manufactureros se mantuvo sin cambio a tasa mensual, a\u00f1adi\u00f3.<\/p>\n<p style=\"text-align: justify;\">Indic\u00f3 que durante el \u00faltimo mes de 2017 las horas trabajadas fueron superiores en 0.8 por ciento, mientras que las remuneraciones medias reales pagadas al personal contratado directamente por los establecimientos con programa IMMEX observaron un alza de 0.3 por ciento con relaci\u00f3n al mes precedente, seg\u00fan datos desestacionalizados.<\/p>\n","protected":false},"excerpt":{"rendered":"<p>En diciembre de 2017, el personal ocupado en los establecimiento con Programa IMMEX (Industria Manufacturera, Maquiladora y de Servicios de Exportaci\u00f3n) se increment\u00f3 4.2 por ciento respecto a igual mes de 2016. El Instituto Nacional de Estad\u00edstica y Geograf\u00eda (INEGI) [&hellip;]<\/p>\n","protected":false},"author":1,"featured_media":2765,"comment_status":"open","ping_status":"open","sticky":false,"template":"","format":"standard","meta":{"inline_featured_image":false,"_jetpack_memberships_contains_paid_content":false,"footnotes":""},"categories":[1],"tags":[413,21,8,140,415,259,260],"class_list":["post-2764","post","type-post","status-publish","format-standard","has-post-thumbnail","hentry","category-campa","tag-empleo-en-immex","tag-empresas-immex","tag-immex","tag-industria-manufacturera","tag-instituto-nacional-de-estadistica-y-geografia","tag-maquiladora","tag-servicios-de-exportacion"],"yoast_head":"<!-- This site is optimized with the Yoast SEO plugin v20.9 - https:\/\/yoast.com\/wordpress\/plugins\/seo\/ -->\n<title>El empleo en IMMEX creci\u00f3 4.2% en diciembre - Campa<\/title>\n<meta name=\"robots\" content=\"index, follow, max-snippet:-1, max-image-preview:large, max-video-preview:-1\" \/>\n<link rel=\"canonical\" href=\"https:\/\/www.campa.com.mx\/site\/el-empleo-en-immex-crecio-4-2-en-diciembre\/\" \/>\n<meta property=\"og:locale\" content=\"es_ES\" \/>\n<meta property=\"og:type\" content=\"article\" \/>\n<meta property=\"og:title\" content=\"El empleo en IMMEX creci\u00f3 4.2% en diciembre - Campa\" \/>\n<meta property=\"og:description\" content=\"En diciembre de 2017, el personal ocupado en los establecimiento con Programa IMMEX (Industria Manufacturera, Maquiladora y de Servicios de Exportaci\u00f3n) se increment\u00f3 4.2 por ciento respecto a igual mes de 2016. El Instituto Nacional de Estad\u00edstica y Geograf\u00eda (INEGI) [&hellip;]\" \/>\n<meta property=\"og:url\" content=\"https:\/\/www.campa.com.mx\/site\/el-empleo-en-immex-crecio-4-2-en-diciembre\/\" \/>\n<meta property=\"og:site_name\" content=\"Campa\" \/>\n<meta property=\"article:publisher\" content=\"https:\/\/www.facebook.com\/MovimientoAnexo24\" \/>\n<meta property=\"article:published_time\" content=\"2018-03-01T15:45:38+00:00\" \/>\n<meta property=\"og:image\" content=\"https:\/\/www.campa.com.mx\/site\/wp-content\/uploads\/2018\/03\/El-empleo-en-IMMEX-crecio.png\" \/>\n\t<meta property=\"og:image:width\" content=\"1197\" \/>\n\t<meta property=\"og:image:height\" content=\"623\" \/>\n\t<meta property=\"og:image:type\" content=\"image\/png\" \/>\n<meta name=\"author\" content=\"campa\" \/>\n<meta name=\"twitter:card\" content=\"summary_large_image\" \/>\n<meta name=\"twitter:creator\" content=\"@artycampa\" \/>\n<meta name=\"twitter:site\" content=\"@artycampa\" \/>\n<meta name=\"twitter:label1\" content=\"Escrito por\" \/>\n\t<meta name=\"twitter:data1\" content=\"campa\" \/>\n\t<meta name=\"twitter:label2\" content=\"Tiempo de lectura\" \/>\n\t<meta name=\"twitter:data2\" content=\"1 minuto\" \/>\n<script type=\"application\/ld+json\" class=\"yoast-schema-graph\">{\"@context\":\"https:\/\/schema.org\",\"@graph\":[{\"@type\":\"WebPage\",\"@id\":\"https:\/\/www.campa.com.mx\/site\/el-empleo-en-immex-crecio-4-2-en-diciembre\/\",\"url\":\"https:\/\/www.campa.com.mx\/site\/el-empleo-en-immex-crecio-4-2-en-diciembre\/\",\"name\":\"El empleo en IMMEX creci\u00f3 4.2% en diciembre - Campa\",\"isPartOf\":{\"@id\":\"https:\/\/www.campa.com.mx\/site\/#website\"},\"datePublished\":\"2018-03-01T15:45:38+00:00\",\"dateModified\":\"2018-03-01T15:45:38+00:00\",\"author\":{\"@id\":\"https:\/\/www.campa.com.mx\/site\/#\/schema\/person\/5bf1874b81661ed013f5aa29df30761c\"},\"breadcrumb\":{\"@id\":\"https:\/\/www.campa.com.mx\/site\/el-empleo-en-immex-crecio-4-2-en-diciembre\/#breadcrumb\"},\"inLanguage\":\"es\",\"potentialAction\":[{\"@type\":\"ReadAction\",\"target\":[\"https:\/\/www.campa.com.mx\/site\/el-empleo-en-immex-crecio-4-2-en-diciembre\/\"]}]},{\"@type\":\"BreadcrumbList\",\"@id\":\"https:\/\/www.campa.com.mx\/site\/el-empleo-en-immex-crecio-4-2-en-diciembre\/#breadcrumb\",\"itemListElement\":[{\"@type\":\"ListItem\",\"position\":1,\"name\":\"Portada\",\"item\":\"https:\/\/www.campa.com.mx\/site\/\"},{\"@type\":\"ListItem\",\"position\":2,\"name\":\"El empleo en IMMEX creci\u00f3 4.2% en diciembre\"}]},{\"@type\":\"WebSite\",\"@id\":\"https:\/\/www.campa.com.mx\/site\/#website\",\"url\":\"https:\/\/www.campa.com.mx\/site\/\",\"name\":\"Campa\",\"description\":\"Tecnolog\u00eda - Comercio Exterior - Servicios\",\"potentialAction\":[{\"@type\":\"SearchAction\",\"target\":{\"@type\":\"EntryPoint\",\"urlTemplate\":\"https:\/\/www.campa.com.mx\/site\/?s={search_term_string}\"},\"query-input\":\"required name=search_term_string\"}],\"inLanguage\":\"es\"},{\"@type\":\"Person\",\"@id\":\"https:\/\/www.campa.com.mx\/site\/#\/schema\/person\/5bf1874b81661ed013f5aa29df30761c\",\"name\":\"campa\",\"image\":{\"@type\":\"ImageObject\",\"inLanguage\":\"es\",\"@id\":\"https:\/\/www.campa.com.mx\/site\/#\/schema\/person\/image\/\",\"url\":\"https:\/\/secure.gravatar.com\/avatar\/921e6e5cffb9d78857948e938192591b9fd4168d0b55cc795582b49d9dc52bb1?s=96&d=mm&r=g\",\"contentUrl\":\"https:\/\/secure.gravatar.com\/avatar\/921e6e5cffb9d78857948e938192591b9fd4168d0b55cc795582b49d9dc52bb1?s=96&d=mm&r=g\",\"caption\":\"campa\"}}]}<\/script>\n<!-- \/ Yoast SEO plugin. -->","yoast_head_json":{"title":"El empleo en IMMEX creci\u00f3 4.2% en diciembre - Campa","robots":{"index":"index","follow":"follow","max-snippet":"max-snippet:-1","max-image-preview":"max-image-preview:large","max-video-preview":"max-video-preview:-1"},"canonical":"https:\/\/www.campa.com.mx\/site\/el-empleo-en-immex-crecio-4-2-en-diciembre\/","og_locale":"es_ES","og_type":"article","og_title":"El empleo en IMMEX creci\u00f3 4.2% en diciembre - Campa","og_description":"En diciembre de 2017, el personal ocupado en los establecimiento con Programa IMMEX (Industria Manufacturera, Maquiladora y de Servicios de Exportaci\u00f3n) se increment\u00f3 4.2 por ciento respecto a igual mes de 2016. El Instituto Nacional de Estad\u00edstica y Geograf\u00eda (INEGI) [&hellip;]","og_url":"https:\/\/www.campa.com.mx\/site\/el-empleo-en-immex-crecio-4-2-en-diciembre\/","og_site_name":"Campa","article_publisher":"https:\/\/www.facebook.com\/MovimientoAnexo24","article_published_time":"2018-03-01T15:45:38+00:00","og_image":[{"width":1197,"height":623,"url":"https:\/\/www.campa.com.mx\/site\/wp-content\/uploads\/2018\/03\/El-empleo-en-IMMEX-crecio.png","type":"image\/png"}],"author":"campa","twitter_card":"summary_large_image","twitter_creator":"@artycampa","twitter_site":"@artycampa","twitter_misc":{"Escrito por":"campa","Tiempo de lectura":"1 minuto"},"schema":{"@context":"https:\/\/schema.org","@graph":[{"@type":"WebPage","@id":"https:\/\/www.campa.com.mx\/site\/el-empleo-en-immex-crecio-4-2-en-diciembre\/","url":"https:\/\/www.campa.com.mx\/site\/el-empleo-en-immex-crecio-4-2-en-diciembre\/","name":"El empleo en IMMEX creci\u00f3 4.2% en diciembre - Campa","isPartOf":{"@id":"https:\/\/www.campa.com.mx\/site\/#website"},"datePublished":"2018-03-01T15:45:38+00:00","dateModified":"2018-03-01T15:45:38+00:00","author":{"@id":"https:\/\/www.campa.com.mx\/site\/#\/schema\/person\/5bf1874b81661ed013f5aa29df30761c"},"breadcrumb":{"@id":"https:\/\/www.campa.com.mx\/site\/el-empleo-en-immex-crecio-4-2-en-diciembre\/#breadcrumb"},"inLanguage":"es","potentialAction":[{"@type":"ReadAction","target":["https:\/\/www.campa.com.mx\/site\/el-empleo-en-immex-crecio-4-2-en-diciembre\/"]}]},{"@type":"BreadcrumbList","@id":"https:\/\/www.campa.com.mx\/site\/el-empleo-en-immex-crecio-4-2-en-diciembre\/#breadcrumb","itemListElement":[{"@type":"ListItem","position":1,"name":"Portada","item":"https:\/\/www.campa.com.mx\/site\/"},{"@type":"ListItem","position":2,"name":"El empleo en IMMEX creci\u00f3 4.2% en diciembre"}]},{"@type":"WebSite","@id":"https:\/\/www.campa.com.mx\/site\/#website","url":"https:\/\/www.campa.com.mx\/site\/","name":"Campa","description":"Tecnolog\u00eda - Comercio Exterior - Servicios","potentialAction":[{"@type":"SearchAction","target":{"@type":"EntryPoint","urlTemplate":"https:\/\/www.campa.com.mx\/site\/?s={search_term_string}"},"query-input":"required name=search_term_string"}],"inLanguage":"es"},{"@type":"Person","@id":"https:\/\/www.campa.com.mx\/site\/#\/schema\/person\/5bf1874b81661ed013f5aa29df30761c","name":"campa","image":{"@type":"ImageObject","inLanguage":"es","@id":"https:\/\/www.campa.com.mx\/site\/#\/schema\/person\/image\/","url":"https:\/\/secure.gravatar.com\/avatar\/921e6e5cffb9d78857948e938192591b9fd4168d0b55cc795582b49d9dc52bb1?s=96&d=mm&r=g","contentUrl":"https:\/\/secure.gravatar.com\/avatar\/921e6e5cffb9d78857948e938192591b9fd4168d0b55cc795582b49d9dc52bb1?s=96&d=mm&r=g","caption":"campa"}}]}},"jetpack_featured_media_url":"https:\/\/www.campa.com.mx\/site\/wp-content\/uploads\/2018\/03\/El-empleo-en-IMMEX-crecio.png","jetpack_sharing_enabled":true,"_links":{"self":[{"href":"https:\/\/www.campa.com.mx\/site\/wp-json\/wp\/v2\/posts\/2764","targetHints":{"allow":["GET"]}}],"collection":[{"href":"https:\/\/www.campa.com.mx\/site\/wp-json\/wp\/v2\/posts"}],"about":[{"href":"https:\/\/www.campa.com.mx\/site\/wp-json\/wp\/v2\/types\/post"}],"author":[{"embeddable":true,"href":"https:\/\/www.campa.com.mx\/site\/wp-json\/wp\/v2\/users\/1"}],"replies":[{"embeddable":true,"href":"https:\/\/www.campa.com.mx\/site\/wp-json\/wp\/v2\/comments?post=2764"}],"version-history":[{"count":1,"href":"https:\/\/www.campa.com.mx\/site\/wp-json\/wp\/v2\/posts\/2764\/revisions"}],"predecessor-version":[{"id":2766,"href":"https:\/\/www.campa.com.mx\/site\/wp-json\/wp\/v2\/posts\/2764\/revisions\/2766"}],"wp:featuredmedia":[{"embeddable":true,"href":"https:\/\/www.campa.com.mx\/site\/wp-json\/wp\/v2\/media\/2765"}],"wp:attachment":[{"href":"https:\/\/www.campa.com.mx\/site\/wp-json\/wp\/v2\/media?parent=2764"}],"wp:term":[{"taxonomy":"category","embeddable":true,"href":"https:\/\/www.campa.com.mx\/site\/wp-json\/wp\/v2\/categories?post=2764"},{"taxonomy":"post_tag","embeddable":true,"href":"https:\/\/www.campa.com.mx\/site\/wp-json\/wp\/v2\/tags?post=2764"}],"curies":[{"name":"wp","href":"https:\/\/api.w.org\/{rel}","templated":true}]}}