{"id":2781,"date":"2018-03-06T15:01:35","date_gmt":"2018-03-06T15:01:35","guid":{"rendered":"http:\/\/www.campa.com.mx\/site\/?p=2781"},"modified":"2018-03-06T15:06:27","modified_gmt":"2018-03-06T15:06:27","slug":"concluye-la-septima-ronda-de-negociaciones-para-la-modernizacion-del-tlcan","status":"publish","type":"post","link":"https:\/\/www.campa.com.mx\/site\/concluye-la-septima-ronda-de-negociaciones-para-la-modernizacion-del-tlcan\/","title":{"rendered":"Concluye la S\u00e9ptima Ronda de Negociaciones para la Modernizaci\u00f3n del TLCAN"},"content":{"rendered":"<div>\n<h2 style=\"text-align: justify;\">El Secretario de Econom\u00eda, Ildefonso Guajardo, la Ministra de Relaciones Exteriores de Canad\u00e1, Chrystia Freeland, y el Representante Comercial de Estados Unidos, Robert Lighthizer, anunciaron el cierre de la S\u00e9ptima Ronda de negociaciones para la modernizaci\u00f3n del Tratado de Libre Comercio de Am\u00e9rica del Norte ( TLCAN), la cual tuvo lugar del 25 de febrero al 5 de marzo de 2018, en la Ciudad de M\u00e9xico.<\/h2>\n<\/div>\n<div style=\"text-align: justify;\">Concluye la S\u00e9ptima Ronda de Negociaciones para la Modernizaci\u00f3n del TLCAN<\/div>\n<div style=\"text-align: justify;\"><\/div>\n<div style=\"text-align: justify;\">Durante esta Ronda, los equipos negociadores de los tres pa\u00edses lograron concluir los cap\u00edtulos de Buenas Pr\u00e1cticas Regulatorias, Administraci\u00f3n y Publicaci\u00f3n (Transparencia) y Medidas Sanitarias y Fitosanitarias, as\u00ed como los Anexos Sectoriales de Qu\u00edmicos y F\u00f3rmulas Patentadas, los cuales se suman a los tres cap\u00edtulos y dos anexos finalizados anteriormente (Peque\u00f1as y Medianas Empresas, Competencia, Anticorrupci\u00f3n, y los anexos sectoriales de Eficiencia Energ\u00e9tica y de Tecnolog\u00edas de la Informaci\u00f3n y Comunicaci\u00f3n).<\/div>\n<div style=\"text-align: justify;\"><\/div>\n<div style=\"text-align: justify;\">\n<div>\n<p>Los equipos negociadores tambi\u00e9n avanzaron sustancialmente en los cap\u00edtulos de Comercio Digital, Telecomunicaciones, Obst\u00e1culos T\u00e9cnicos al Comercio y Energ\u00eda, as\u00ed como en el Anexo Sectorial de Farmac\u00e9uticos, los cuales se perfilan hacia un cierre pr\u00f3ximo. Los Ministros instruyeron a los equipos negociadores a encontrar las condiciones que perfilen su cierre, en el per\u00edodo intersesional o en la siguiente ronda.<\/p>\n<p>Asimismo, el Secretario de Econom\u00eda hizo un llamado a sus contrapartes de Canad\u00e1 y Estados Unidos a intensificar el di\u00e1logo Ministerial en los temas restantes y hacer un seguimiento puntual de los mismos, a fin de lograr un avance sustantivo en las rondas subsecuentes.<\/p>\n<\/div>\n<\/div>\n<p style=\"text-align: justify;\">\n<p>&nbsp;<\/p>\n","protected":false},"excerpt":{"rendered":"<p>El Secretario de Econom\u00eda, Ildefonso Guajardo, la Ministra de Relaciones Exteriores de Canad\u00e1, Chrystia Freeland, y el Representante Comercial de Estados Unidos, Robert Lighthizer, anunciaron el cierre de la S\u00e9ptima Ronda de negociaciones para la modernizaci\u00f3n del Tratado de Libre [&hellip;]<\/p>\n","protected":false},"author":1,"featured_media":2782,"comment_status":"open","ping_status":"open","sticky":false,"template":"","format":"standard","meta":{"inline_featured_image":false,"_jetpack_memberships_contains_paid_content":false,"footnotes":""},"categories":[1],"tags":[448,8,449,108,190],"class_list":["post-2781","post","type-post","status-publish","format-standard","has-post-thumbnail","hentry","category-campa","tag-concluye-la-septima-ronda-de-negociaciones-para-la-modernizacion-del-tlcan","tag-immex","tag-septima-ronda-de-negociaciones","tag-tlcan","tag-tratado-de-libre-comercio-de-america-del-norte"],"yoast_head":"<!-- This site is optimized with the Yoast SEO plugin v20.9 - https:\/\/yoast.com\/wordpress\/plugins\/seo\/ -->\n<title>Concluye la S\u00e9ptima Ronda de Negociaciones para la Modernizaci\u00f3n del TLCAN - Campa<\/title>\n<meta name=\"robots\" content=\"index, follow, max-snippet:-1, max-image-preview:large, max-video-preview:-1\" \/>\n<link rel=\"canonical\" href=\"https:\/\/www.campa.com.mx\/site\/concluye-la-septima-ronda-de-negociaciones-para-la-modernizacion-del-tlcan\/\" \/>\n<meta property=\"og:locale\" content=\"es_ES\" \/>\n<meta property=\"og:type\" content=\"article\" \/>\n<meta property=\"og:title\" content=\"Concluye la S\u00e9ptima Ronda de Negociaciones para la Modernizaci\u00f3n del TLCAN - Campa\" \/>\n<meta property=\"og:description\" content=\"El Secretario de Econom\u00eda, Ildefonso Guajardo, la Ministra de Relaciones Exteriores de Canad\u00e1, Chrystia Freeland, y el Representante Comercial de Estados Unidos, Robert Lighthizer, anunciaron el cierre de la S\u00e9ptima Ronda de negociaciones para la modernizaci\u00f3n del Tratado de Libre [&hellip;]\" \/>\n<meta property=\"og:url\" content=\"https:\/\/www.campa.com.mx\/site\/concluye-la-septima-ronda-de-negociaciones-para-la-modernizacion-del-tlcan\/\" \/>\n<meta property=\"og:site_name\" content=\"Campa\" \/>\n<meta property=\"article:publisher\" content=\"https:\/\/www.facebook.com\/MovimientoAnexo24\" \/>\n<meta property=\"article:published_time\" content=\"2018-03-06T15:01:35+00:00\" \/>\n<meta property=\"article:modified_time\" content=\"2018-03-06T15:06:27+00:00\" \/>\n<meta property=\"og:image\" content=\"https:\/\/www.campa.com.mx\/site\/wp-content\/uploads\/2018\/03\/Concluye-la-Se\u0301ptima-Ronda-de-Negociaciones-para-la-Modernizacio\u0301n-del-TLCAN.png\" \/>\n\t<meta property=\"og:image:width\" content=\"1197\" \/>\n\t<meta property=\"og:image:height\" content=\"623\" \/>\n\t<meta property=\"og:image:type\" content=\"image\/png\" \/>\n<meta name=\"author\" content=\"campa\" \/>\n<meta name=\"twitter:card\" content=\"summary_large_image\" \/>\n<meta name=\"twitter:creator\" content=\"@artycampa\" \/>\n<meta name=\"twitter:site\" content=\"@artycampa\" \/>\n<meta name=\"twitter:label1\" content=\"Escrito por\" \/>\n\t<meta name=\"twitter:data1\" content=\"campa\" \/>\n\t<meta name=\"twitter:label2\" content=\"Tiempo de lectura\" \/>\n\t<meta name=\"twitter:data2\" content=\"1 minuto\" \/>\n<script type=\"application\/ld+json\" class=\"yoast-schema-graph\">{\"@context\":\"https:\/\/schema.org\",\"@graph\":[{\"@type\":\"WebPage\",\"@id\":\"https:\/\/www.campa.com.mx\/site\/concluye-la-septima-ronda-de-negociaciones-para-la-modernizacion-del-tlcan\/\",\"url\":\"https:\/\/www.campa.com.mx\/site\/concluye-la-septima-ronda-de-negociaciones-para-la-modernizacion-del-tlcan\/\",\"name\":\"Concluye la S\u00e9ptima Ronda de Negociaciones para la Modernizaci\u00f3n del TLCAN - Campa\",\"isPartOf\":{\"@id\":\"https:\/\/www.campa.com.mx\/site\/#website\"},\"datePublished\":\"2018-03-06T15:01:35+00:00\",\"dateModified\":\"2018-03-06T15:06:27+00:00\",\"author\":{\"@id\":\"https:\/\/www.campa.com.mx\/site\/#\/schema\/person\/5bf1874b81661ed013f5aa29df30761c\"},\"breadcrumb\":{\"@id\":\"https:\/\/www.campa.com.mx\/site\/concluye-la-septima-ronda-de-negociaciones-para-la-modernizacion-del-tlcan\/#breadcrumb\"},\"inLanguage\":\"es\",\"potentialAction\":[{\"@type\":\"ReadAction\",\"target\":[\"https:\/\/www.campa.com.mx\/site\/concluye-la-septima-ronda-de-negociaciones-para-la-modernizacion-del-tlcan\/\"]}]},{\"@type\":\"BreadcrumbList\",\"@id\":\"https:\/\/www.campa.com.mx\/site\/concluye-la-septima-ronda-de-negociaciones-para-la-modernizacion-del-tlcan\/#breadcrumb\",\"itemListElement\":[{\"@type\":\"ListItem\",\"position\":1,\"name\":\"Portada\",\"item\":\"https:\/\/www.campa.com.mx\/site\/\"},{\"@type\":\"ListItem\",\"position\":2,\"name\":\"Concluye la S\u00e9ptima Ronda de Negociaciones para la Modernizaci\u00f3n del TLCAN\"}]},{\"@type\":\"WebSite\",\"@id\":\"https:\/\/www.campa.com.mx\/site\/#website\",\"url\":\"https:\/\/www.campa.com.mx\/site\/\",\"name\":\"Campa\",\"description\":\"Tecnolog\u00eda - Comercio Exterior - Servicios\",\"potentialAction\":[{\"@type\":\"SearchAction\",\"target\":{\"@type\":\"EntryPoint\",\"urlTemplate\":\"https:\/\/www.campa.com.mx\/site\/?s={search_term_string}\"},\"query-input\":\"required name=search_term_string\"}],\"inLanguage\":\"es\"},{\"@type\":\"Person\",\"@id\":\"https:\/\/www.campa.com.mx\/site\/#\/schema\/person\/5bf1874b81661ed013f5aa29df30761c\",\"name\":\"campa\",\"image\":{\"@type\":\"ImageObject\",\"inLanguage\":\"es\",\"@id\":\"https:\/\/www.campa.com.mx\/site\/#\/schema\/person\/image\/\",\"url\":\"https:\/\/secure.gravatar.com\/avatar\/921e6e5cffb9d78857948e938192591b9fd4168d0b55cc795582b49d9dc52bb1?s=96&d=mm&r=g\",\"contentUrl\":\"https:\/\/secure.gravatar.com\/avatar\/921e6e5cffb9d78857948e938192591b9fd4168d0b55cc795582b49d9dc52bb1?s=96&d=mm&r=g\",\"caption\":\"campa\"}}]}<\/script>\n<!-- \/ Yoast SEO plugin. -->","yoast_head_json":{"title":"Concluye la S\u00e9ptima Ronda de Negociaciones para la Modernizaci\u00f3n del TLCAN - Campa","robots":{"index":"index","follow":"follow","max-snippet":"max-snippet:-1","max-image-preview":"max-image-preview:large","max-video-preview":"max-video-preview:-1"},"canonical":"https:\/\/www.campa.com.mx\/site\/concluye-la-septima-ronda-de-negociaciones-para-la-modernizacion-del-tlcan\/","og_locale":"es_ES","og_type":"article","og_title":"Concluye la S\u00e9ptima Ronda de Negociaciones para la Modernizaci\u00f3n del TLCAN - Campa","og_description":"El Secretario de Econom\u00eda, Ildefonso Guajardo, la Ministra de Relaciones Exteriores de Canad\u00e1, Chrystia Freeland, y el Representante Comercial de Estados Unidos, Robert Lighthizer, anunciaron el cierre de la S\u00e9ptima Ronda de negociaciones para la modernizaci\u00f3n del Tratado de Libre [&hellip;]","og_url":"https:\/\/www.campa.com.mx\/site\/concluye-la-septima-ronda-de-negociaciones-para-la-modernizacion-del-tlcan\/","og_site_name":"Campa","article_publisher":"https:\/\/www.facebook.com\/MovimientoAnexo24","article_published_time":"2018-03-06T15:01:35+00:00","article_modified_time":"2018-03-06T15:06:27+00:00","og_image":[{"width":1197,"height":623,"url":"https:\/\/www.campa.com.mx\/site\/wp-content\/uploads\/2018\/03\/Concluye-la-Se\u0301ptima-Ronda-de-Negociaciones-para-la-Modernizacio\u0301n-del-TLCAN.png","type":"image\/png"}],"author":"campa","twitter_card":"summary_large_image","twitter_creator":"@artycampa","twitter_site":"@artycampa","twitter_misc":{"Escrito por":"campa","Tiempo de lectura":"1 minuto"},"schema":{"@context":"https:\/\/schema.org","@graph":[{"@type":"WebPage","@id":"https:\/\/www.campa.com.mx\/site\/concluye-la-septima-ronda-de-negociaciones-para-la-modernizacion-del-tlcan\/","url":"https:\/\/www.campa.com.mx\/site\/concluye-la-septima-ronda-de-negociaciones-para-la-modernizacion-del-tlcan\/","name":"Concluye la S\u00e9ptima Ronda de Negociaciones para la Modernizaci\u00f3n del TLCAN - Campa","isPartOf":{"@id":"https:\/\/www.campa.com.mx\/site\/#website"},"datePublished":"2018-03-06T15:01:35+00:00","dateModified":"2018-03-06T15:06:27+00:00","author":{"@id":"https:\/\/www.campa.com.mx\/site\/#\/schema\/person\/5bf1874b81661ed013f5aa29df30761c"},"breadcrumb":{"@id":"https:\/\/www.campa.com.mx\/site\/concluye-la-septima-ronda-de-negociaciones-para-la-modernizacion-del-tlcan\/#breadcrumb"},"inLanguage":"es","potentialAction":[{"@type":"ReadAction","target":["https:\/\/www.campa.com.mx\/site\/concluye-la-septima-ronda-de-negociaciones-para-la-modernizacion-del-tlcan\/"]}]},{"@type":"BreadcrumbList","@id":"https:\/\/www.campa.com.mx\/site\/concluye-la-septima-ronda-de-negociaciones-para-la-modernizacion-del-tlcan\/#breadcrumb","itemListElement":[{"@type":"ListItem","position":1,"name":"Portada","item":"https:\/\/www.campa.com.mx\/site\/"},{"@type":"ListItem","position":2,"name":"Concluye la S\u00e9ptima Ronda de Negociaciones para la Modernizaci\u00f3n del TLCAN"}]},{"@type":"WebSite","@id":"https:\/\/www.campa.com.mx\/site\/#website","url":"https:\/\/www.campa.com.mx\/site\/","name":"Campa","description":"Tecnolog\u00eda - Comercio Exterior - Servicios","potentialAction":[{"@type":"SearchAction","target":{"@type":"EntryPoint","urlTemplate":"https:\/\/www.campa.com.mx\/site\/?s={search_term_string}"},"query-input":"required name=search_term_string"}],"inLanguage":"es"},{"@type":"Person","@id":"https:\/\/www.campa.com.mx\/site\/#\/schema\/person\/5bf1874b81661ed013f5aa29df30761c","name":"campa","image":{"@type":"ImageObject","inLanguage":"es","@id":"https:\/\/www.campa.com.mx\/site\/#\/schema\/person\/image\/","url":"https:\/\/secure.gravatar.com\/avatar\/921e6e5cffb9d78857948e938192591b9fd4168d0b55cc795582b49d9dc52bb1?s=96&d=mm&r=g","contentUrl":"https:\/\/secure.gravatar.com\/avatar\/921e6e5cffb9d78857948e938192591b9fd4168d0b55cc795582b49d9dc52bb1?s=96&d=mm&r=g","caption":"campa"}}]}},"jetpack_featured_media_url":"https:\/\/www.campa.com.mx\/site\/wp-content\/uploads\/2018\/03\/Concluye-la-Se\u0301ptima-Ronda-de-Negociaciones-para-la-Modernizacio\u0301n-del-TLCAN.png","jetpack_sharing_enabled":true,"_links":{"self":[{"href":"https:\/\/www.campa.com.mx\/site\/wp-json\/wp\/v2\/posts\/2781","targetHints":{"allow":["GET"]}}],"collection":[{"href":"https:\/\/www.campa.com.mx\/site\/wp-json\/wp\/v2\/posts"}],"about":[{"href":"https:\/\/www.campa.com.mx\/site\/wp-json\/wp\/v2\/types\/post"}],"author":[{"embeddable":true,"href":"https:\/\/www.campa.com.mx\/site\/wp-json\/wp\/v2\/users\/1"}],"replies":[{"embeddable":true,"href":"https:\/\/www.campa.com.mx\/site\/wp-json\/wp\/v2\/comments?post=2781"}],"version-history":[{"count":2,"href":"https:\/\/www.campa.com.mx\/site\/wp-json\/wp\/v2\/posts\/2781\/revisions"}],"predecessor-version":[{"id":2784,"href":"https:\/\/www.campa.com.mx\/site\/wp-json\/wp\/v2\/posts\/2781\/revisions\/2784"}],"wp:featuredmedia":[{"embeddable":true,"href":"https:\/\/www.campa.com.mx\/site\/wp-json\/wp\/v2\/media\/2782"}],"wp:attachment":[{"href":"https:\/\/www.campa.com.mx\/site\/wp-json\/wp\/v2\/media?parent=2781"}],"wp:term":[{"taxonomy":"category","embeddable":true,"href":"https:\/\/www.campa.com.mx\/site\/wp-json\/wp\/v2\/categories?post=2781"},{"taxonomy":"post_tag","embeddable":true,"href":"https:\/\/www.campa.com.mx\/site\/wp-json\/wp\/v2\/tags?post=2781"}],"curies":[{"name":"wp","href":"https:\/\/api.w.org\/{rel}","templated":true}]}}