{"id":2790,"date":"2018-03-08T15:51:52","date_gmt":"2018-03-08T15:51:52","guid":{"rendered":"http:\/\/www.campa.com.mx\/site\/?p=2790"},"modified":"2018-03-08T15:51:53","modified_gmt":"2018-03-08T15:51:53","slug":"1st-international-congress-on-foreign-trade-and-customs-2018","status":"publish","type":"post","link":"https:\/\/www.campa.com.mx\/site\/1st-international-congress-on-foreign-trade-and-customs-2018\/","title":{"rendered":"1st International Congress on Foreign Trade and Customs 2018."},"content":{"rendered":"<p style=\"text-align: justify;\">El pasado jueves 1\u00b0 de Marzo se llev\u00f3 a cabo el <a href=\"http:\/\/www.internationalcongress.com.mx\/\">Congreso Internacional de Comercio Exterior y Aduanas 2018<\/a>, en el Hotel Grand Fiesta Americana Guadalajara Country Club, con el objetivo de compartir tendencias y oportunidades de mejora en el <span class=\"glossaryLink \" data-cmtooltip=\"Intercambio de bienes, productos y servicios entre dos pa\u00edses o regiones econ\u00f3micas.\">Comercio Exterior,\u00a0<\/span>el evento estuvo conformado por 7 conferencias y un panel de discusi\u00f3n, algunas de las conferencias que tuvieron lugar en el evento fueron: Actualizaci\u00f3n y Reformas, Mejores Pr\u00e1cticas, Competitividad y Oportunidades.<\/p>\n<p style=\"text-align: justify;\">En el evento estuvieron presentes, el Delegado Federal de la Secretaria de Econom\u00eda en el estado de Jalisco, Mario Mart\u00edn Guti\u00e9rrez Trevi\u00f1o, qui\u00e9n se encarga de fortalecer el sector econ\u00f3mico importador y exportador de Jalisco, tambi\u00e9n el Secretario de Desarrollo Econ\u00f3mico del Gobierno del Estado de Jalisco, Jos\u00e9 Palacios Jim\u00e9nez. As\u00ed como el Presidente del Consejo Mexicano de <span class=\"glossaryLink \" data-cmtooltip=\"Intercambio de bienes, productos y servicios entre dos pa\u00edses o regiones econ\u00f3micas.\">Comercio Exterior<\/span>, Inversi\u00f3n y Tecnolog\u00eda de Occidente, Miguel \u00c1ngel Landeros.<\/p>\n<p style=\"text-align: justify;\">El equipo de <a href=\"http:\/\/www.campa.com.mx\">CAMPA<\/a> estuvo presente en el evento del cual tambi\u00e9n nos complace haber sido patrocinadores en conjunto con la Firma especializada en servicios de consultor\u00eda <a href=\"http:\/\/www.pepperandsalt.mx\/\">Pepper &amp; Salt.<\/a><\/p>\n<p><img loading=\"lazy\" decoding=\"async\" class=\"alignnone size-full wp-image-2792\" src=\"http:\/\/www.campa.com.mx\/site\/wp-content\/uploads\/2018\/03\/28166494_1867938103498233_2178446683556100528_n.jpg\" alt=\"28166494_1867938103498233_2178446683556100528_n\" width=\"960\" height=\"540\" srcset=\"https:\/\/www.campa.com.mx\/site\/wp-content\/uploads\/2018\/03\/28166494_1867938103498233_2178446683556100528_n.jpg 960w, https:\/\/www.campa.com.mx\/site\/wp-content\/uploads\/2018\/03\/28166494_1867938103498233_2178446683556100528_n-300x169.jpg 300w, https:\/\/www.campa.com.mx\/site\/wp-content\/uploads\/2018\/03\/28166494_1867938103498233_2178446683556100528_n-768x432.jpg 768w\" sizes=\"auto, (max-width: 960px) 100vw, 960px\" \/><\/p>\n<p><img loading=\"lazy\" decoding=\"async\" class=\"alignnone size-full wp-image-2793\" src=\"http:\/\/www.campa.com.mx\/site\/wp-content\/uploads\/2018\/03\/28279243_1867966516828725_5650521615248571084_n.jpg\" alt=\"28279243_1867966516828725_5650521615248571084_n\" width=\"960\" height=\"720\" srcset=\"https:\/\/www.campa.com.mx\/site\/wp-content\/uploads\/2018\/03\/28279243_1867966516828725_5650521615248571084_n.jpg 960w, https:\/\/www.campa.com.mx\/site\/wp-content\/uploads\/2018\/03\/28279243_1867966516828725_5650521615248571084_n-300x225.jpg 300w, https:\/\/www.campa.com.mx\/site\/wp-content\/uploads\/2018\/03\/28279243_1867966516828725_5650521615248571084_n-768x576.jpg 768w\" sizes=\"auto, (max-width: 960px) 100vw, 960px\" \/><\/p>\n<p><img loading=\"lazy\" decoding=\"async\" class=\"alignnone size-full wp-image-2797\" src=\"http:\/\/www.campa.com.mx\/site\/wp-content\/uploads\/2018\/03\/WhatsApp-Image-2018-03-01-at-9.02.06-AM.jpeg\" alt=\"WhatsApp Image 2018-03-01 at 9.02.06 AM\" width=\"960\" height=\"1280\" srcset=\"https:\/\/www.campa.com.mx\/site\/wp-content\/uploads\/2018\/03\/WhatsApp-Image-2018-03-01-at-9.02.06-AM.jpeg 960w, https:\/\/www.campa.com.mx\/site\/wp-content\/uploads\/2018\/03\/WhatsApp-Image-2018-03-01-at-9.02.06-AM-225x300.jpeg 225w, https:\/\/www.campa.com.mx\/site\/wp-content\/uploads\/2018\/03\/WhatsApp-Image-2018-03-01-at-9.02.06-AM-768x1024.jpeg 768w\" sizes=\"auto, (max-width: 960px) 100vw, 960px\" \/><img loading=\"lazy\" decoding=\"async\" class=\"alignnone size-full wp-image-2798\" src=\"http:\/\/www.campa.com.mx\/site\/wp-content\/uploads\/2018\/03\/WhatsApp-Image-2018-03-01-at-9.02.17-AM.jpeg\" alt=\"WhatsApp Image 2018-03-01 at 9.02.17 AM\" width=\"1280\" height=\"960\" srcset=\"https:\/\/www.campa.com.mx\/site\/wp-content\/uploads\/2018\/03\/WhatsApp-Image-2018-03-01-at-9.02.17-AM.jpeg 1280w, https:\/\/www.campa.com.mx\/site\/wp-content\/uploads\/2018\/03\/WhatsApp-Image-2018-03-01-at-9.02.17-AM-300x225.jpeg 300w, https:\/\/www.campa.com.mx\/site\/wp-content\/uploads\/2018\/03\/WhatsApp-Image-2018-03-01-at-9.02.17-AM-768x576.jpeg 768w, https:\/\/www.campa.com.mx\/site\/wp-content\/uploads\/2018\/03\/WhatsApp-Image-2018-03-01-at-9.02.17-AM-1024x768.jpeg 1024w\" sizes=\"auto, (max-width: 1280px) 100vw, 1280px\" \/><img loading=\"lazy\" decoding=\"async\" class=\"alignnone size-full wp-image-2800\" src=\"http:\/\/www.campa.com.mx\/site\/wp-content\/uploads\/2018\/03\/WhatsApp-Image-2018-03-01-at-10.14.33-AM.jpeg\" alt=\"WhatsApp Image 2018-03-01 at 10.14.33 AM\" width=\"1280\" height=\"960\" srcset=\"https:\/\/www.campa.com.mx\/site\/wp-content\/uploads\/2018\/03\/WhatsApp-Image-2018-03-01-at-10.14.33-AM.jpeg 1280w, https:\/\/www.campa.com.mx\/site\/wp-content\/uploads\/2018\/03\/WhatsApp-Image-2018-03-01-at-10.14.33-AM-300x225.jpeg 300w, https:\/\/www.campa.com.mx\/site\/wp-content\/uploads\/2018\/03\/WhatsApp-Image-2018-03-01-at-10.14.33-AM-768x576.jpeg 768w, https:\/\/www.campa.com.mx\/site\/wp-content\/uploads\/2018\/03\/WhatsApp-Image-2018-03-01-at-10.14.33-AM-1024x768.jpeg 1024w\" sizes=\"auto, (max-width: 1280px) 100vw, 1280px\" \/><\/p>\n<p>&nbsp;<\/p>\n<p><img loading=\"lazy\" decoding=\"async\" class=\"aligncenter size-full wp-image-2794\" src=\"http:\/\/www.campa.com.mx\/site\/wp-content\/uploads\/2018\/03\/Captura-de-pantalla-2018-03-08-a-las-09.45.35.png\" alt=\"Captura de pantalla 2018-03-08 a la(s) 09.45.35.png\" width=\"1261\" height=\"796\" srcset=\"https:\/\/www.campa.com.mx\/site\/wp-content\/uploads\/2018\/03\/Captura-de-pantalla-2018-03-08-a-las-09.45.35.png 1261w, https:\/\/www.campa.com.mx\/site\/wp-content\/uploads\/2018\/03\/Captura-de-pantalla-2018-03-08-a-las-09.45.35-300x189.png 300w, https:\/\/www.campa.com.mx\/site\/wp-content\/uploads\/2018\/03\/Captura-de-pantalla-2018-03-08-a-las-09.45.35-768x485.png 768w, https:\/\/www.campa.com.mx\/site\/wp-content\/uploads\/2018\/03\/Captura-de-pantalla-2018-03-08-a-las-09.45.35-1024x646.png 1024w\" sizes=\"auto, (max-width: 1261px) 100vw, 1261px\" \/><\/p>\n<p>&nbsp;<\/p>\n<p>&nbsp;<\/p>\n","protected":false},"excerpt":{"rendered":"<p>El pasado jueves 1\u00b0 de Marzo se llev\u00f3 a cabo el Congreso Internacional de Comercio Exterior y Aduanas 2018, en el Hotel Grand Fiesta Americana Guadalajara Country Club, con el objetivo de compartir tendencias y oportunidades de mejora en el [&hellip;]<\/p>\n","protected":false},"author":1,"featured_media":2800,"comment_status":"open","ping_status":"open","sticky":false,"template":"","format":"standard","meta":{"inline_featured_image":false,"_jetpack_memberships_contains_paid_content":false,"footnotes":""},"categories":[1],"tags":[455,454,457,456,462,460,458,463,464,461,459],"class_list":["post-2790","post","type-post","status-publish","format-standard","has-post-thumbnail","hentry","category-campa","tag-1st-international-congress-on-foreign-trade-and-customs-2018","tag-congreso-internacional-de-comercio-exterior-y-aduanas-2018","tag-ecretaria-de-economia","tag-guadalajara","tag-inversion-y-tecnologia-de-occidente","tag-jose-palacios-jimenez","tag-mario-martin-gutierrez-trevino","tag-miguel-angel-landeros","tag-pepper-salt","tag-presidente-del-consejo-mexicano-de-comercio-exterior","tag-secretario-de-desarrollo-economico-del-gobierno-del-estado-de-jalisco"],"yoast_head":"<!-- This site is optimized with the Yoast SEO plugin v20.9 - https:\/\/yoast.com\/wordpress\/plugins\/seo\/ -->\n<title>1st International Congress on Foreign Trade and Customs 2018. - Campa<\/title>\n<meta name=\"robots\" content=\"index, follow, max-snippet:-1, max-image-preview:large, max-video-preview:-1\" \/>\n<link rel=\"canonical\" href=\"https:\/\/www.campa.com.mx\/site\/1st-international-congress-on-foreign-trade-and-customs-2018\/\" \/>\n<meta property=\"og:locale\" content=\"es_ES\" \/>\n<meta property=\"og:type\" content=\"article\" \/>\n<meta property=\"og:title\" content=\"1st International Congress on Foreign Trade and Customs 2018. - Campa\" \/>\n<meta property=\"og:description\" content=\"El pasado jueves 1\u00b0 de Marzo se llev\u00f3 a cabo el Congreso Internacional de Comercio Exterior y Aduanas 2018, en el Hotel Grand Fiesta Americana Guadalajara Country Club, con el objetivo de compartir tendencias y oportunidades de mejora en el [&hellip;]\" \/>\n<meta property=\"og:url\" content=\"https:\/\/www.campa.com.mx\/site\/1st-international-congress-on-foreign-trade-and-customs-2018\/\" \/>\n<meta property=\"og:site_name\" content=\"Campa\" \/>\n<meta property=\"article:publisher\" content=\"https:\/\/www.facebook.com\/MovimientoAnexo24\" \/>\n<meta property=\"article:published_time\" content=\"2018-03-08T15:51:52+00:00\" \/>\n<meta property=\"article:modified_time\" content=\"2018-03-08T15:51:53+00:00\" \/>\n<meta property=\"og:image\" content=\"https:\/\/www.campa.com.mx\/site\/wp-content\/uploads\/2018\/03\/WhatsApp-Image-2018-03-01-at-10.14.33-AM.jpeg\" \/>\n\t<meta property=\"og:image:width\" content=\"1280\" \/>\n\t<meta property=\"og:image:height\" content=\"960\" \/>\n\t<meta property=\"og:image:type\" content=\"image\/jpeg\" \/>\n<meta name=\"author\" content=\"campa\" \/>\n<meta name=\"twitter:card\" content=\"summary_large_image\" \/>\n<meta name=\"twitter:creator\" content=\"@artycampa\" \/>\n<meta name=\"twitter:site\" content=\"@artycampa\" \/>\n<meta name=\"twitter:label1\" content=\"Escrito por\" \/>\n\t<meta name=\"twitter:data1\" content=\"campa\" \/>\n\t<meta name=\"twitter:label2\" content=\"Tiempo de lectura\" \/>\n\t<meta name=\"twitter:data2\" content=\"1 minuto\" \/>\n<script type=\"application\/ld+json\" class=\"yoast-schema-graph\">{\"@context\":\"https:\/\/schema.org\",\"@graph\":[{\"@type\":\"WebPage\",\"@id\":\"https:\/\/www.campa.com.mx\/site\/1st-international-congress-on-foreign-trade-and-customs-2018\/\",\"url\":\"https:\/\/www.campa.com.mx\/site\/1st-international-congress-on-foreign-trade-and-customs-2018\/\",\"name\":\"1st International Congress on Foreign Trade and Customs 2018. - Campa\",\"isPartOf\":{\"@id\":\"https:\/\/www.campa.com.mx\/site\/#website\"},\"datePublished\":\"2018-03-08T15:51:52+00:00\",\"dateModified\":\"2018-03-08T15:51:53+00:00\",\"author\":{\"@id\":\"https:\/\/www.campa.com.mx\/site\/#\/schema\/person\/5bf1874b81661ed013f5aa29df30761c\"},\"breadcrumb\":{\"@id\":\"https:\/\/www.campa.com.mx\/site\/1st-international-congress-on-foreign-trade-and-customs-2018\/#breadcrumb\"},\"inLanguage\":\"es\",\"potentialAction\":[{\"@type\":\"ReadAction\",\"target\":[\"https:\/\/www.campa.com.mx\/site\/1st-international-congress-on-foreign-trade-and-customs-2018\/\"]}]},{\"@type\":\"BreadcrumbList\",\"@id\":\"https:\/\/www.campa.com.mx\/site\/1st-international-congress-on-foreign-trade-and-customs-2018\/#breadcrumb\",\"itemListElement\":[{\"@type\":\"ListItem\",\"position\":1,\"name\":\"Portada\",\"item\":\"https:\/\/www.campa.com.mx\/site\/\"},{\"@type\":\"ListItem\",\"position\":2,\"name\":\"1st International Congress on Foreign Trade and Customs 2018.\"}]},{\"@type\":\"WebSite\",\"@id\":\"https:\/\/www.campa.com.mx\/site\/#website\",\"url\":\"https:\/\/www.campa.com.mx\/site\/\",\"name\":\"Campa\",\"description\":\"Tecnolog\u00eda - Comercio Exterior - Servicios\",\"potentialAction\":[{\"@type\":\"SearchAction\",\"target\":{\"@type\":\"EntryPoint\",\"urlTemplate\":\"https:\/\/www.campa.com.mx\/site\/?s={search_term_string}\"},\"query-input\":\"required name=search_term_string\"}],\"inLanguage\":\"es\"},{\"@type\":\"Person\",\"@id\":\"https:\/\/www.campa.com.mx\/site\/#\/schema\/person\/5bf1874b81661ed013f5aa29df30761c\",\"name\":\"campa\",\"image\":{\"@type\":\"ImageObject\",\"inLanguage\":\"es\",\"@id\":\"https:\/\/www.campa.com.mx\/site\/#\/schema\/person\/image\/\",\"url\":\"https:\/\/secure.gravatar.com\/avatar\/921e6e5cffb9d78857948e938192591b9fd4168d0b55cc795582b49d9dc52bb1?s=96&d=mm&r=g\",\"contentUrl\":\"https:\/\/secure.gravatar.com\/avatar\/921e6e5cffb9d78857948e938192591b9fd4168d0b55cc795582b49d9dc52bb1?s=96&d=mm&r=g\",\"caption\":\"campa\"}}]}<\/script>\n<!-- \/ Yoast SEO plugin. -->","yoast_head_json":{"title":"1st International Congress on Foreign Trade and Customs 2018. - Campa","robots":{"index":"index","follow":"follow","max-snippet":"max-snippet:-1","max-image-preview":"max-image-preview:large","max-video-preview":"max-video-preview:-1"},"canonical":"https:\/\/www.campa.com.mx\/site\/1st-international-congress-on-foreign-trade-and-customs-2018\/","og_locale":"es_ES","og_type":"article","og_title":"1st International Congress on Foreign Trade and Customs 2018. - Campa","og_description":"El pasado jueves 1\u00b0 de Marzo se llev\u00f3 a cabo el Congreso Internacional de Comercio Exterior y Aduanas 2018, en el Hotel Grand Fiesta Americana Guadalajara Country Club, con el objetivo de compartir tendencias y oportunidades de mejora en el [&hellip;]","og_url":"https:\/\/www.campa.com.mx\/site\/1st-international-congress-on-foreign-trade-and-customs-2018\/","og_site_name":"Campa","article_publisher":"https:\/\/www.facebook.com\/MovimientoAnexo24","article_published_time":"2018-03-08T15:51:52+00:00","article_modified_time":"2018-03-08T15:51:53+00:00","og_image":[{"width":1280,"height":960,"url":"https:\/\/www.campa.com.mx\/site\/wp-content\/uploads\/2018\/03\/WhatsApp-Image-2018-03-01-at-10.14.33-AM.jpeg","type":"image\/jpeg"}],"author":"campa","twitter_card":"summary_large_image","twitter_creator":"@artycampa","twitter_site":"@artycampa","twitter_misc":{"Escrito por":"campa","Tiempo de lectura":"1 minuto"},"schema":{"@context":"https:\/\/schema.org","@graph":[{"@type":"WebPage","@id":"https:\/\/www.campa.com.mx\/site\/1st-international-congress-on-foreign-trade-and-customs-2018\/","url":"https:\/\/www.campa.com.mx\/site\/1st-international-congress-on-foreign-trade-and-customs-2018\/","name":"1st International Congress on Foreign Trade and Customs 2018. - Campa","isPartOf":{"@id":"https:\/\/www.campa.com.mx\/site\/#website"},"datePublished":"2018-03-08T15:51:52+00:00","dateModified":"2018-03-08T15:51:53+00:00","author":{"@id":"https:\/\/www.campa.com.mx\/site\/#\/schema\/person\/5bf1874b81661ed013f5aa29df30761c"},"breadcrumb":{"@id":"https:\/\/www.campa.com.mx\/site\/1st-international-congress-on-foreign-trade-and-customs-2018\/#breadcrumb"},"inLanguage":"es","potentialAction":[{"@type":"ReadAction","target":["https:\/\/www.campa.com.mx\/site\/1st-international-congress-on-foreign-trade-and-customs-2018\/"]}]},{"@type":"BreadcrumbList","@id":"https:\/\/www.campa.com.mx\/site\/1st-international-congress-on-foreign-trade-and-customs-2018\/#breadcrumb","itemListElement":[{"@type":"ListItem","position":1,"name":"Portada","item":"https:\/\/www.campa.com.mx\/site\/"},{"@type":"ListItem","position":2,"name":"1st International Congress on Foreign Trade and Customs 2018."}]},{"@type":"WebSite","@id":"https:\/\/www.campa.com.mx\/site\/#website","url":"https:\/\/www.campa.com.mx\/site\/","name":"Campa","description":"Tecnolog\u00eda - Comercio Exterior - Servicios","potentialAction":[{"@type":"SearchAction","target":{"@type":"EntryPoint","urlTemplate":"https:\/\/www.campa.com.mx\/site\/?s={search_term_string}"},"query-input":"required name=search_term_string"}],"inLanguage":"es"},{"@type":"Person","@id":"https:\/\/www.campa.com.mx\/site\/#\/schema\/person\/5bf1874b81661ed013f5aa29df30761c","name":"campa","image":{"@type":"ImageObject","inLanguage":"es","@id":"https:\/\/www.campa.com.mx\/site\/#\/schema\/person\/image\/","url":"https:\/\/secure.gravatar.com\/avatar\/921e6e5cffb9d78857948e938192591b9fd4168d0b55cc795582b49d9dc52bb1?s=96&d=mm&r=g","contentUrl":"https:\/\/secure.gravatar.com\/avatar\/921e6e5cffb9d78857948e938192591b9fd4168d0b55cc795582b49d9dc52bb1?s=96&d=mm&r=g","caption":"campa"}}]}},"jetpack_featured_media_url":"https:\/\/www.campa.com.mx\/site\/wp-content\/uploads\/2018\/03\/WhatsApp-Image-2018-03-01-at-10.14.33-AM.jpeg","jetpack_sharing_enabled":true,"_links":{"self":[{"href":"https:\/\/www.campa.com.mx\/site\/wp-json\/wp\/v2\/posts\/2790","targetHints":{"allow":["GET"]}}],"collection":[{"href":"https:\/\/www.campa.com.mx\/site\/wp-json\/wp\/v2\/posts"}],"about":[{"href":"https:\/\/www.campa.com.mx\/site\/wp-json\/wp\/v2\/types\/post"}],"author":[{"embeddable":true,"href":"https:\/\/www.campa.com.mx\/site\/wp-json\/wp\/v2\/users\/1"}],"replies":[{"embeddable":true,"href":"https:\/\/www.campa.com.mx\/site\/wp-json\/wp\/v2\/comments?post=2790"}],"version-history":[{"count":1,"href":"https:\/\/www.campa.com.mx\/site\/wp-json\/wp\/v2\/posts\/2790\/revisions"}],"predecessor-version":[{"id":2801,"href":"https:\/\/www.campa.com.mx\/site\/wp-json\/wp\/v2\/posts\/2790\/revisions\/2801"}],"wp:featuredmedia":[{"embeddable":true,"href":"https:\/\/www.campa.com.mx\/site\/wp-json\/wp\/v2\/media\/2800"}],"wp:attachment":[{"href":"https:\/\/www.campa.com.mx\/site\/wp-json\/wp\/v2\/media?parent=2790"}],"wp:term":[{"taxonomy":"category","embeddable":true,"href":"https:\/\/www.campa.com.mx\/site\/wp-json\/wp\/v2\/categories?post=2790"},{"taxonomy":"post_tag","embeddable":true,"href":"https:\/\/www.campa.com.mx\/site\/wp-json\/wp\/v2\/tags?post=2790"}],"curies":[{"name":"wp","href":"https:\/\/api.w.org\/{rel}","templated":true}]}}