{"id":2882,"date":"2018-03-15T15:01:30","date_gmt":"2018-03-15T15:01:30","guid":{"rendered":"http:\/\/www.campa.com.mx\/site\/?p=2882"},"modified":"2018-03-15T15:01:30","modified_gmt":"2018-03-15T15:01:30","slug":"textileros-piden-modificar-condiciones-de-apertura-en-cptpp","status":"publish","type":"post","link":"https:\/\/www.campa.com.mx\/site\/textileros-piden-modificar-condiciones-de-apertura-en-cptpp\/","title":{"rendered":"Textileros piden modificar condiciones de apertura en CPTPP"},"content":{"rendered":"<p style=\"text-align: justify;\">La industria textil-vestido demand\u00f3 a la Secretar\u00eda de Econom\u00eda y el Senado instrumentar un mecanismo de excepci\u00f3n con Vietnam y Malasia en el Tratado Integral y Progresista de Asociaci\u00f3n Transpac\u00edfico (TPP 11 o CPTPP), que salvaguarde a la industria mexicana de posibles pr\u00e1cticas desleales.<\/p>\n<p style=\"text-align: justify;\">El presidente de la C\u00e1mara Nacional de la Industria Textil (Canaintex), Jos\u00e9 Cohen Sitton, dijo que antes de que sea ratificado el acuerdo se agregue el mecanismo de cartas paralelas, como lo obtuvo la industria automotriz, luego de la salida de Estados Unidos. \u201cTenemos que dar tiros de precisi\u00f3n con Vietnam y Malasia, en donde se elimine la lista de escaso abasto (el uso de insumos de cualquier procedencia, incluida China, porque no se producen en la regi\u00f3n) y fijar cupos a las exportaciones de estos pa\u00edses al nuestro\u201d.<\/p>\n<p style=\"text-align: justify;\">Rogelio Garza, subsecretario de Industria y Comercio de la Secretar\u00eda de Econom\u00eda, dijo que las cartas paralelas son un mecanismo viable de incorporar, pero \u201cno son opci\u00f3n. No hay nada concreto\u201d.<\/p>\n<p style=\"text-align: justify;\">No obstante, garantiz\u00f3 que el Acuerdo Transpac\u00edfico no es una amenaza para la p\u00e9rdida de empleos, luego de que la industria realiz\u00f3 un estudio de mercado con un prestigiado despacho de economistas, donde confirmaba que \u201cest\u00e1bamos en una total desigualdad\u201d y que en los primeros tres a\u00f1os, m\u00e1s de 30% de la industria desaparecer\u00eda, generando una p\u00e9rdida superior a 150,000 empleos formales.<\/p>\n<p style=\"text-align: justify;\">Cohen expres\u00f3 que el gran temor del CPTPP es que Vietnam triangule mercanc\u00edas chinas y las ingrese a M\u00e9xico con un menor precio y fuera de competencia.<\/p>\n<p style=\"text-align: justify;\">El compromiso del gobierno en turno es que las Secretar\u00edas de Hacienda y de Econom\u00eda reforzar\u00e1n los mecanismos de\u00a0<span class=\"glossaryLink \" data-cmtooltip=\"Intercambio de bienes, productos y servicios entre dos pa\u00edses o regiones econ\u00f3micas.\">comercio exterior<\/span>\u00a0y aduanero para \u201cir con todo\u201d contra la delincuencia organizada que ingresa textiles y ropa procedentes de Asia de manera desleal.<\/p>\n<p style=\"text-align: justify;\">En representaci\u00f3n del secretario de Econom\u00eda, Ildefonso Guajardo, se comprometi\u00f3 a reajustar el decreto del 2014 para \u201capretar las tuercas y que la ilegalidad no entre\u201d, pues record\u00f3 que el permiso de importaci\u00f3n de textiles del oriente se ha acotado a 20 empresas. El presidente de la Canaintex sostuvo que \u201cel peor c\u00e1ncer de esta industria es la ilegalidad y la falta del Estado de Derecho\u201d.<\/p>\n<p style=\"text-align: justify;\">Durante el Segundo Encuentro Nacional de la Cadena Fibra-Textil-Vestido, el subsecretario de Econom\u00eda dijo: \u201cSabemos de su preocupaci\u00f3n sobre la firma del acuerdo, pero si alguien ha tenido sensibilidad con el sector ha sido el gobierno de Enrique Pe\u00f1a Nieto\u201d, por atender sus inquietudes como el c\u00e1ncer que aqueja a la industria, y se han reducido en 60% las importaciones desleales de procedencia asi\u00e1tica.<\/p>\n<p style=\"text-align: justify;\">Coment\u00f3 que en el marco para el fortalecimiento y competitividad del sector fibra-textil-confecci\u00f3n, se han cancelado 60 empresas consideradas como fantasma, quienes importaban con documentos falsos.<\/p>\n<p style=\"text-align: justify;\">Refrend\u00f3 el apoyo \u2014hasta el \u00faltimo d\u00eda del sexenio\u2014 para reforzar los mecanismos contra la ilegalidad e ir con todo contra la delincuencia organizada.<\/p>\n<p style=\"text-align: justify;\">El jefe del Servicio de Administraci\u00f3n Tributaria (SAT), Oswaldo Sant\u00edn Quiroz, dijo que trabajan contra esos males. \u201cEntendemos perfectamente la gran responsabilidad que tiene el SAT en materia de crear un piso parejo, combatir la ilegalidad y construir un estado derecho\u201d.<\/p>\n<p style=\"text-align: justify;\">El subsecretario de\u00a0<span class=\"glossaryLink \" data-cmtooltip=\"Intercambio de bienes, productos y servicios entre dos pa\u00edses o regiones econ\u00f3micas.\">Comercio Exterior<\/span>, Juan Carlos Baker Pineda, destac\u00f3 que con el Tratado Integral y Progresista de Asociaci\u00f3n Transpac\u00edfico (CPTPP, por sus sigla en ingl\u00e9s) se colocar\u00e1n productos prioritarios de la industria mexicana con sus socios comerciales como, por ejemplo, huevo, at\u00fan, jugo de naranja, carnes, tequila, mezcal y cerveza.<\/p>\n<p style=\"text-align: justify;\">Refiri\u00f3 el caso del huevo fresco, confiter\u00eda, at\u00fan aleta azul, trigo y cigarrillos, que originalmente est\u00e1n excluidos del Tratado de Libre Comercio entre M\u00e9xico-Jap\u00f3n.<\/p>\n<p style=\"text-align: justify;\">En su cuenta de Twitter, el funcionario de la Secretar\u00eda de Econom\u00eda (SE) expuso: \u201cCon el #CPTPP, Jap\u00f3n eliminar\u00e1 inmediatamente el arancel al jarabe de agave mexicano\u201d, mientras que el jugo de naranja mexicano podr\u00e1 entrar al mercado nip\u00f3n, libre de arancel, el primer d\u00eda del sexto a\u00f1o del acuerdo. Se\u00f1al\u00f3 que el sector c\u00e1rnico mexicano se ver\u00e1 beneficiado con el CPTPP, pues Jap\u00f3n eliminar\u00e1 los aranceles al pollo mexicano tras seis a\u00f1os y reducir\u00e1 sustancialmente los aranceles a la carne de res y de cerdo del pa\u00eds.<\/p>\n<p style=\"text-align: justify;\">En cuanto a otros socios, Baker dijo que, por primera vez, Malasia y Vietnam abrir\u00e1n sus mercados al tequila, mezcal y cerveza mexicana.<\/p>\n<p style=\"text-align: justify;\">\u201cEl tomate y el aguacate mexicanos entrar\u00e1n libres de arancel inmediatamente a Malasia y, al cuarto a\u00f1o de estar en vigor el CPTPP, al mercado de Vietnam\u201d, indic\u00f3. A\u00f1adi\u00f3 que las berries mexicanas, como frambuesa, zarzamora o fresa, tendr\u00e1n acceso inmediato a seis nuevos mercados a trav\u00e9s del acuerdo, firmado el pasado jueves luego de que Estados Unidos decidiera salirse del entonces llamado Acuerdo de Asociaci\u00f3n Transpac\u00edfico. (Con informaci\u00f3n de Notimex)<\/p>\n<p>&nbsp;<\/p>\n<p>fuente: mexicoxport.com<\/p>\n","protected":false},"excerpt":{"rendered":"<p>La industria textil-vestido demand\u00f3 a la Secretar\u00eda de Econom\u00eda y el Senado instrumentar un mecanismo de excepci\u00f3n con Vietnam y Malasia en el Tratado Integral y Progresista de Asociaci\u00f3n Transpac\u00edfico (TPP 11 o CPTPP), que salvaguarde a la industria mexicana [&hellip;]<\/p>\n","protected":false},"author":1,"featured_media":2883,"comment_status":"open","ping_status":"open","sticky":false,"template":"","format":"standard","meta":{"inline_featured_image":false,"_jetpack_memberships_contains_paid_content":false,"footnotes":""},"categories":[1],"tags":[381,470,143,380],"class_list":["post-2882","post","type-post","status-publish","format-standard","has-post-thumbnail","hentry","category-campa","tag-cptpp","tag-industria-textil-vestido","tag-secretaria-de-economia","tag-tratado-integral-y-progresista-de-asociacion-transpacifico"],"yoast_head":"<!-- This site is optimized with the Yoast SEO plugin v20.9 - https:\/\/yoast.com\/wordpress\/plugins\/seo\/ -->\n<title>Textileros piden modificar condiciones de apertura en CPTPP - Campa<\/title>\n<meta name=\"robots\" content=\"index, follow, max-snippet:-1, max-image-preview:large, max-video-preview:-1\" \/>\n<link rel=\"canonical\" href=\"https:\/\/www.campa.com.mx\/site\/textileros-piden-modificar-condiciones-de-apertura-en-cptpp\/\" \/>\n<meta property=\"og:locale\" content=\"es_ES\" \/>\n<meta property=\"og:type\" content=\"article\" \/>\n<meta property=\"og:title\" content=\"Textileros piden modificar condiciones de apertura en CPTPP - Campa\" \/>\n<meta property=\"og:description\" content=\"La industria textil-vestido demand\u00f3 a la Secretar\u00eda de Econom\u00eda y el Senado instrumentar un mecanismo de excepci\u00f3n con Vietnam y Malasia en el Tratado Integral y Progresista de Asociaci\u00f3n Transpac\u00edfico (TPP 11 o CPTPP), que salvaguarde a la industria mexicana [&hellip;]\" \/>\n<meta property=\"og:url\" content=\"https:\/\/www.campa.com.mx\/site\/textileros-piden-modificar-condiciones-de-apertura-en-cptpp\/\" \/>\n<meta property=\"og:site_name\" content=\"Campa\" \/>\n<meta property=\"article:publisher\" content=\"https:\/\/www.facebook.com\/MovimientoAnexo24\" \/>\n<meta property=\"article:published_time\" content=\"2018-03-15T15:01:30+00:00\" \/>\n<meta property=\"og:image\" content=\"https:\/\/www.campa.com.mx\/site\/wp-content\/uploads\/2018\/03\/Textileros-piden-modificar-condiciones-de-apertura-en-CPTPP.png\" \/>\n\t<meta property=\"og:image:width\" content=\"1194\" \/>\n\t<meta property=\"og:image:height\" content=\"624\" \/>\n\t<meta property=\"og:image:type\" content=\"image\/png\" \/>\n<meta name=\"author\" content=\"campa\" \/>\n<meta name=\"twitter:card\" content=\"summary_large_image\" \/>\n<meta name=\"twitter:creator\" content=\"@artycampa\" \/>\n<meta name=\"twitter:site\" content=\"@artycampa\" \/>\n<meta name=\"twitter:label1\" content=\"Escrito por\" \/>\n\t<meta name=\"twitter:data1\" content=\"campa\" \/>\n\t<meta name=\"twitter:label2\" content=\"Tiempo de lectura\" \/>\n\t<meta name=\"twitter:data2\" content=\"4 minutos\" \/>\n<script type=\"application\/ld+json\" class=\"yoast-schema-graph\">{\"@context\":\"https:\/\/schema.org\",\"@graph\":[{\"@type\":\"WebPage\",\"@id\":\"https:\/\/www.campa.com.mx\/site\/textileros-piden-modificar-condiciones-de-apertura-en-cptpp\/\",\"url\":\"https:\/\/www.campa.com.mx\/site\/textileros-piden-modificar-condiciones-de-apertura-en-cptpp\/\",\"name\":\"Textileros piden modificar condiciones de apertura en CPTPP - Campa\",\"isPartOf\":{\"@id\":\"https:\/\/www.campa.com.mx\/site\/#website\"},\"datePublished\":\"2018-03-15T15:01:30+00:00\",\"dateModified\":\"2018-03-15T15:01:30+00:00\",\"author\":{\"@id\":\"https:\/\/www.campa.com.mx\/site\/#\/schema\/person\/5bf1874b81661ed013f5aa29df30761c\"},\"breadcrumb\":{\"@id\":\"https:\/\/www.campa.com.mx\/site\/textileros-piden-modificar-condiciones-de-apertura-en-cptpp\/#breadcrumb\"},\"inLanguage\":\"es\",\"potentialAction\":[{\"@type\":\"ReadAction\",\"target\":[\"https:\/\/www.campa.com.mx\/site\/textileros-piden-modificar-condiciones-de-apertura-en-cptpp\/\"]}]},{\"@type\":\"BreadcrumbList\",\"@id\":\"https:\/\/www.campa.com.mx\/site\/textileros-piden-modificar-condiciones-de-apertura-en-cptpp\/#breadcrumb\",\"itemListElement\":[{\"@type\":\"ListItem\",\"position\":1,\"name\":\"Portada\",\"item\":\"https:\/\/www.campa.com.mx\/site\/\"},{\"@type\":\"ListItem\",\"position\":2,\"name\":\"Textileros piden modificar condiciones de apertura en CPTPP\"}]},{\"@type\":\"WebSite\",\"@id\":\"https:\/\/www.campa.com.mx\/site\/#website\",\"url\":\"https:\/\/www.campa.com.mx\/site\/\",\"name\":\"Campa\",\"description\":\"Tecnolog\u00eda - Comercio Exterior - Servicios\",\"potentialAction\":[{\"@type\":\"SearchAction\",\"target\":{\"@type\":\"EntryPoint\",\"urlTemplate\":\"https:\/\/www.campa.com.mx\/site\/?s={search_term_string}\"},\"query-input\":\"required name=search_term_string\"}],\"inLanguage\":\"es\"},{\"@type\":\"Person\",\"@id\":\"https:\/\/www.campa.com.mx\/site\/#\/schema\/person\/5bf1874b81661ed013f5aa29df30761c\",\"name\":\"campa\",\"image\":{\"@type\":\"ImageObject\",\"inLanguage\":\"es\",\"@id\":\"https:\/\/www.campa.com.mx\/site\/#\/schema\/person\/image\/\",\"url\":\"https:\/\/secure.gravatar.com\/avatar\/921e6e5cffb9d78857948e938192591b9fd4168d0b55cc795582b49d9dc52bb1?s=96&d=mm&r=g\",\"contentUrl\":\"https:\/\/secure.gravatar.com\/avatar\/921e6e5cffb9d78857948e938192591b9fd4168d0b55cc795582b49d9dc52bb1?s=96&d=mm&r=g\",\"caption\":\"campa\"}}]}<\/script>\n<!-- \/ Yoast SEO plugin. -->","yoast_head_json":{"title":"Textileros piden modificar condiciones de apertura en CPTPP - Campa","robots":{"index":"index","follow":"follow","max-snippet":"max-snippet:-1","max-image-preview":"max-image-preview:large","max-video-preview":"max-video-preview:-1"},"canonical":"https:\/\/www.campa.com.mx\/site\/textileros-piden-modificar-condiciones-de-apertura-en-cptpp\/","og_locale":"es_ES","og_type":"article","og_title":"Textileros piden modificar condiciones de apertura en CPTPP - Campa","og_description":"La industria textil-vestido demand\u00f3 a la Secretar\u00eda de Econom\u00eda y el Senado instrumentar un mecanismo de excepci\u00f3n con Vietnam y Malasia en el Tratado Integral y Progresista de Asociaci\u00f3n Transpac\u00edfico (TPP 11 o CPTPP), que salvaguarde a la industria mexicana [&hellip;]","og_url":"https:\/\/www.campa.com.mx\/site\/textileros-piden-modificar-condiciones-de-apertura-en-cptpp\/","og_site_name":"Campa","article_publisher":"https:\/\/www.facebook.com\/MovimientoAnexo24","article_published_time":"2018-03-15T15:01:30+00:00","og_image":[{"width":1194,"height":624,"url":"https:\/\/www.campa.com.mx\/site\/wp-content\/uploads\/2018\/03\/Textileros-piden-modificar-condiciones-de-apertura-en-CPTPP.png","type":"image\/png"}],"author":"campa","twitter_card":"summary_large_image","twitter_creator":"@artycampa","twitter_site":"@artycampa","twitter_misc":{"Escrito por":"campa","Tiempo de lectura":"4 minutos"},"schema":{"@context":"https:\/\/schema.org","@graph":[{"@type":"WebPage","@id":"https:\/\/www.campa.com.mx\/site\/textileros-piden-modificar-condiciones-de-apertura-en-cptpp\/","url":"https:\/\/www.campa.com.mx\/site\/textileros-piden-modificar-condiciones-de-apertura-en-cptpp\/","name":"Textileros piden modificar condiciones de apertura en CPTPP - Campa","isPartOf":{"@id":"https:\/\/www.campa.com.mx\/site\/#website"},"datePublished":"2018-03-15T15:01:30+00:00","dateModified":"2018-03-15T15:01:30+00:00","author":{"@id":"https:\/\/www.campa.com.mx\/site\/#\/schema\/person\/5bf1874b81661ed013f5aa29df30761c"},"breadcrumb":{"@id":"https:\/\/www.campa.com.mx\/site\/textileros-piden-modificar-condiciones-de-apertura-en-cptpp\/#breadcrumb"},"inLanguage":"es","potentialAction":[{"@type":"ReadAction","target":["https:\/\/www.campa.com.mx\/site\/textileros-piden-modificar-condiciones-de-apertura-en-cptpp\/"]}]},{"@type":"BreadcrumbList","@id":"https:\/\/www.campa.com.mx\/site\/textileros-piden-modificar-condiciones-de-apertura-en-cptpp\/#breadcrumb","itemListElement":[{"@type":"ListItem","position":1,"name":"Portada","item":"https:\/\/www.campa.com.mx\/site\/"},{"@type":"ListItem","position":2,"name":"Textileros piden modificar condiciones de apertura en CPTPP"}]},{"@type":"WebSite","@id":"https:\/\/www.campa.com.mx\/site\/#website","url":"https:\/\/www.campa.com.mx\/site\/","name":"Campa","description":"Tecnolog\u00eda - Comercio Exterior - Servicios","potentialAction":[{"@type":"SearchAction","target":{"@type":"EntryPoint","urlTemplate":"https:\/\/www.campa.com.mx\/site\/?s={search_term_string}"},"query-input":"required name=search_term_string"}],"inLanguage":"es"},{"@type":"Person","@id":"https:\/\/www.campa.com.mx\/site\/#\/schema\/person\/5bf1874b81661ed013f5aa29df30761c","name":"campa","image":{"@type":"ImageObject","inLanguage":"es","@id":"https:\/\/www.campa.com.mx\/site\/#\/schema\/person\/image\/","url":"https:\/\/secure.gravatar.com\/avatar\/921e6e5cffb9d78857948e938192591b9fd4168d0b55cc795582b49d9dc52bb1?s=96&d=mm&r=g","contentUrl":"https:\/\/secure.gravatar.com\/avatar\/921e6e5cffb9d78857948e938192591b9fd4168d0b55cc795582b49d9dc52bb1?s=96&d=mm&r=g","caption":"campa"}}]}},"jetpack_featured_media_url":"https:\/\/www.campa.com.mx\/site\/wp-content\/uploads\/2018\/03\/Textileros-piden-modificar-condiciones-de-apertura-en-CPTPP.png","jetpack_sharing_enabled":true,"_links":{"self":[{"href":"https:\/\/www.campa.com.mx\/site\/wp-json\/wp\/v2\/posts\/2882","targetHints":{"allow":["GET"]}}],"collection":[{"href":"https:\/\/www.campa.com.mx\/site\/wp-json\/wp\/v2\/posts"}],"about":[{"href":"https:\/\/www.campa.com.mx\/site\/wp-json\/wp\/v2\/types\/post"}],"author":[{"embeddable":true,"href":"https:\/\/www.campa.com.mx\/site\/wp-json\/wp\/v2\/users\/1"}],"replies":[{"embeddable":true,"href":"https:\/\/www.campa.com.mx\/site\/wp-json\/wp\/v2\/comments?post=2882"}],"version-history":[{"count":1,"href":"https:\/\/www.campa.com.mx\/site\/wp-json\/wp\/v2\/posts\/2882\/revisions"}],"predecessor-version":[{"id":2884,"href":"https:\/\/www.campa.com.mx\/site\/wp-json\/wp\/v2\/posts\/2882\/revisions\/2884"}],"wp:featuredmedia":[{"embeddable":true,"href":"https:\/\/www.campa.com.mx\/site\/wp-json\/wp\/v2\/media\/2883"}],"wp:attachment":[{"href":"https:\/\/www.campa.com.mx\/site\/wp-json\/wp\/v2\/media?parent=2882"}],"wp:term":[{"taxonomy":"category","embeddable":true,"href":"https:\/\/www.campa.com.mx\/site\/wp-json\/wp\/v2\/categories?post=2882"},{"taxonomy":"post_tag","embeddable":true,"href":"https:\/\/www.campa.com.mx\/site\/wp-json\/wp\/v2\/tags?post=2882"}],"curies":[{"name":"wp","href":"https:\/\/api.w.org\/{rel}","templated":true}]}}