{"id":2953,"date":"2015-07-15T15:02:20","date_gmt":"2015-07-15T15:02:20","guid":{"rendered":"http:\/\/www.campa.com.mx\/site\/?p=2953"},"modified":"2018-04-05T15:03:59","modified_gmt":"2018-04-05T15:03:59","slug":"participacion-de-campa-en-certificacion-de-gerente-de-trafico-y-aduanas-por-bufete-internacional","status":"publish","type":"post","link":"https:\/\/www.campa.com.mx\/site\/participacion-de-campa-en-certificacion-de-gerente-de-trafico-y-aduanas-por-bufete-internacional\/","title":{"rendered":"PARTICIPACI\u00d3N DE CAMPA EN CERTIFICACI\u00d3N DE GERENTE DE TR\u00c1FICO Y ADUANAS POR BUFETE INTERNACIONAL"},"content":{"rendered":"<p style=\"text-align: justify;\">El pasado jueves 25 de junio tuvimos la oportunidad de impartir el taller de \u201cTips para el manejo del ANEXO 24\u00a0 &#8211; ANEXO 31\u201d para\u00a0 la \u201cCertificaci\u00f3n de Gerente de Tr\u00e1fico y Aduanas\u201d, organizada anualmente por Bufete Internacional Quer\u00e9taro, la sede de dicha Certificaci\u00f3n fue en el Hotel HS Hotsson ubicado en la misma ciudad.<\/p>\n<p style=\"text-align: justify;\">Esta certificaci\u00f3n se realiza en varios puntos de la Rep\u00fablica Mexicana con la finalidad de acreditar el conocimiento de los actores m\u00e1s importantes del comercio exterior en las empresas importadoras y exportadoras de nuestro pa\u00eds; dicha certificaci\u00f3n tuvo una duraci\u00f3n de 50 horas y se abordaron varios temas de car\u00e1cter aduanero, fiscal, log\u00edstico y legal.<\/p>\n<p style=\"text-align: justify;\">Para las empresas que cuentan con una Certificaci\u00f3n o Garant\u00eda en IVA e IEPS se trataron dos temas de vital importancia, que fueron el ANEXO 24 y el ANEXO 31 ya que ambos comprenden los aspectos fiscal, legal y aduanero.<\/p>\n<p><img loading=\"lazy\" decoding=\"async\" class=\"alignnone size-full wp-image-2954\" src=\"http:\/\/www.campa.com.mx\/site\/wp-content\/uploads\/2018\/04\/Imagen-1.png\" alt=\"Imagen 1.png\" width=\"972\" height=\"318\" srcset=\"https:\/\/www.campa.com.mx\/site\/wp-content\/uploads\/2018\/04\/Imagen-1.png 972w, https:\/\/www.campa.com.mx\/site\/wp-content\/uploads\/2018\/04\/Imagen-1-300x98.png 300w, https:\/\/www.campa.com.mx\/site\/wp-content\/uploads\/2018\/04\/Imagen-1-768x251.png 768w\" sizes=\"auto, (max-width: 972px) 100vw, 972px\" \/><\/p>\n<p style=\"text-align: justify;\">Dentro de nuestra participaci\u00f3n el Lic. Mario Alberto Medrano, Gerente de Proyectos Especiales\u00a0 de la empresa, se centr\u00f3 en la importancia del ANEXO 24 cuando estamos siendo auditados y dio los siguientes tips:<\/p>\n<ul style=\"text-align: justify;\">\n<li>Aprovechar las nuevas tecnolog\u00edas para ahorrar tiempos de captura.<\/li>\n<li>Analizar la informaci\u00f3n al momento de la captura, previo al descargo y posterior al descargo.<\/li>\n<\/ul>\n<p style=\"text-align: justify;\">Mayor comunicaci\u00f3n entre \u00e1reas para contar con una base de datos real.<\/p>\n<p style=\"text-align: justify;\">Adem\u00e1s aprovech\u00f3 para compartir la problem\u00e1tica a la que el departamento de Comercio Exterior se enfrenta para llevar un control efectivo del ANEXO 24 y ahora tambi\u00e9n del ANEXO 31.<\/p>\n<p><img loading=\"lazy\" decoding=\"async\" class=\"alignnone size-full wp-image-2955\" src=\"http:\/\/www.campa.com.mx\/site\/wp-content\/uploads\/2018\/04\/Imagen-2.png\" alt=\"Imagen 2.png\" width=\"785\" height=\"256\" srcset=\"https:\/\/www.campa.com.mx\/site\/wp-content\/uploads\/2018\/04\/Imagen-2.png 785w, https:\/\/www.campa.com.mx\/site\/wp-content\/uploads\/2018\/04\/Imagen-2-300x98.png 300w, https:\/\/www.campa.com.mx\/site\/wp-content\/uploads\/2018\/04\/Imagen-2-768x250.png 768w\" sizes=\"auto, (max-width: 785px) 100vw, 785px\" \/><\/p>\n<p style=\"text-align: justify;\">Por otro lado la Lic. Karla Mart\u00ednez, quien tambi\u00e9n forma parte de nuestra empresa como Ejecutiva de Comercio Exterior\u00a0 habl\u00f3 de las validaciones adicionales \u00a0contra Data Stage, que las empresas deben de tomar en cuenta para que la informaci\u00f3n que se suba al SCCC&amp;G sea correcta tales como: fracciones arancelarias, claves de pedimentos y valor comercial por secuencia de pedimento; as\u00ed mismo reiter\u00f3 que el ANEXO 24 tiene un papel muy importante dentro del ANEXO 31 por lo siguiente:<\/p>\n<ul style=\"text-align: justify;\">\n<li>Es la mejor y m\u00e1s automatizada fuente de alimentaci\u00f3n del SCCC&amp;G.<\/li>\n<li>La desactualizaci\u00f3n del ANEXO 24 nos puede llevar a tener grandes diferencias vs los saldos del SCCC&amp;G.<\/li>\n<\/ul>\n<p style=\"text-align: justify;\">Tambi\u00e9n aclar\u00f3 que los resultados de ANEXO 24 y SCCC&amp;G \u00a0no van a coincidir de manera exacta, sin embargo la diferencia no debe de ser muy grande, \u00a0e hizo hincapi\u00e9 en que los sistemas de ANEXO 24 hoy en d\u00eda deben de apoyar a los usuarios en transmitir los reportes en el formato que el SAT solicita para evitar re trabajar la informaci\u00f3n de manera manual.<\/p>\n<p style=\"text-align: justify;\">Finalmente los participantes de las diversas industrias que formaron parte de esta Certificaci\u00f3n se encontraron muy satisfechos al abrir un di\u00e1logo de experiencias en referencia a los temas y poder encontrar respuestas a sus dudas.<\/p>\n","protected":false},"excerpt":{"rendered":"<p>El pasado jueves 25 de junio tuvimos la oportunidad de impartir el taller de \u201cTips para el manejo del ANEXO 24\u00a0 &#8211; ANEXO 31\u201d para\u00a0 la \u201cCertificaci\u00f3n de Gerente de Tr\u00e1fico y Aduanas\u201d, organizada anualmente por Bufete Internacional Quer\u00e9taro, la [&hellip;]<\/p>\n","protected":false},"author":1,"featured_media":2956,"comment_status":"open","ping_status":"open","sticky":false,"template":"","format":"standard","meta":{"inline_featured_image":false,"_jetpack_memberships_contains_paid_content":false,"footnotes":""},"categories":[1],"tags":[488,18,43,27,24,489,490,491,492,42,493,494,495],"class_list":["post-2953","post","type-post","status-publish","format-standard","has-post-thumbnail","hentry","category-campa","tag-aduana","tag-anexo24","tag-anexo31","tag-certificacion","tag-comercio-exterior","tag-data-stage","tag-fiscal","tag-gerente-de-trafico","tag-legal","tag-scccg","tag-servicios","tag-tips","tag-validaciones"],"yoast_head":"<!-- This site is optimized with the Yoast SEO plugin v20.9 - https:\/\/yoast.com\/wordpress\/plugins\/seo\/ -->\n<title>PARTICIPACI\u00d3N DE CAMPA EN CERTIFICACI\u00d3N DE GERENTE DE TR\u00c1FICO Y ADUANAS POR BUFETE INTERNACIONAL - Campa<\/title>\n<meta name=\"robots\" content=\"index, follow, max-snippet:-1, max-image-preview:large, max-video-preview:-1\" \/>\n<link rel=\"canonical\" href=\"https:\/\/www.campa.com.mx\/site\/participacion-de-campa-en-certificacion-de-gerente-de-trafico-y-aduanas-por-bufete-internacional\/\" \/>\n<meta property=\"og:locale\" content=\"es_ES\" \/>\n<meta property=\"og:type\" content=\"article\" \/>\n<meta property=\"og:title\" content=\"PARTICIPACI\u00d3N DE CAMPA EN CERTIFICACI\u00d3N DE GERENTE DE TR\u00c1FICO Y ADUANAS POR BUFETE INTERNACIONAL - Campa\" \/>\n<meta property=\"og:description\" content=\"El pasado jueves 25 de junio tuvimos la oportunidad de impartir el taller de \u201cTips para el manejo del ANEXO 24\u00a0 &#8211; ANEXO 31\u201d para\u00a0 la \u201cCertificaci\u00f3n de Gerente de Tr\u00e1fico y Aduanas\u201d, organizada anualmente por Bufete Internacional Quer\u00e9taro, la [&hellip;]\" \/>\n<meta property=\"og:url\" content=\"https:\/\/www.campa.com.mx\/site\/participacion-de-campa-en-certificacion-de-gerente-de-trafico-y-aduanas-por-bufete-internacional\/\" \/>\n<meta property=\"og:site_name\" content=\"Campa\" \/>\n<meta property=\"article:publisher\" content=\"https:\/\/www.facebook.com\/MovimientoAnexo24\" \/>\n<meta property=\"article:published_time\" content=\"2015-07-15T15:02:20+00:00\" \/>\n<meta property=\"article:modified_time\" content=\"2018-04-05T15:03:59+00:00\" \/>\n<meta property=\"og:image\" content=\"https:\/\/www.campa.com.mx\/site\/wp-content\/uploads\/2018\/04\/Imagen-3.png\" \/>\n\t<meta property=\"og:image:width\" content=\"924\" \/>\n\t<meta property=\"og:image:height\" content=\"302\" \/>\n\t<meta property=\"og:image:type\" content=\"image\/png\" \/>\n<meta name=\"author\" content=\"campa\" \/>\n<meta name=\"twitter:card\" content=\"summary_large_image\" \/>\n<meta name=\"twitter:creator\" content=\"@artycampa\" \/>\n<meta name=\"twitter:site\" content=\"@artycampa\" \/>\n<meta name=\"twitter:label1\" content=\"Escrito por\" \/>\n\t<meta name=\"twitter:data1\" content=\"campa\" \/>\n\t<meta name=\"twitter:label2\" content=\"Tiempo de lectura\" \/>\n\t<meta name=\"twitter:data2\" content=\"2 minutos\" \/>\n<script type=\"application\/ld+json\" class=\"yoast-schema-graph\">{\"@context\":\"https:\/\/schema.org\",\"@graph\":[{\"@type\":\"WebPage\",\"@id\":\"https:\/\/www.campa.com.mx\/site\/participacion-de-campa-en-certificacion-de-gerente-de-trafico-y-aduanas-por-bufete-internacional\/\",\"url\":\"https:\/\/www.campa.com.mx\/site\/participacion-de-campa-en-certificacion-de-gerente-de-trafico-y-aduanas-por-bufete-internacional\/\",\"name\":\"PARTICIPACI\u00d3N DE CAMPA EN CERTIFICACI\u00d3N DE GERENTE DE TR\u00c1FICO Y ADUANAS POR BUFETE INTERNACIONAL - Campa\",\"isPartOf\":{\"@id\":\"https:\/\/www.campa.com.mx\/site\/#website\"},\"datePublished\":\"2015-07-15T15:02:20+00:00\",\"dateModified\":\"2018-04-05T15:03:59+00:00\",\"author\":{\"@id\":\"https:\/\/www.campa.com.mx\/site\/#\/schema\/person\/5bf1874b81661ed013f5aa29df30761c\"},\"breadcrumb\":{\"@id\":\"https:\/\/www.campa.com.mx\/site\/participacion-de-campa-en-certificacion-de-gerente-de-trafico-y-aduanas-por-bufete-internacional\/#breadcrumb\"},\"inLanguage\":\"es\",\"potentialAction\":[{\"@type\":\"ReadAction\",\"target\":[\"https:\/\/www.campa.com.mx\/site\/participacion-de-campa-en-certificacion-de-gerente-de-trafico-y-aduanas-por-bufete-internacional\/\"]}]},{\"@type\":\"BreadcrumbList\",\"@id\":\"https:\/\/www.campa.com.mx\/site\/participacion-de-campa-en-certificacion-de-gerente-de-trafico-y-aduanas-por-bufete-internacional\/#breadcrumb\",\"itemListElement\":[{\"@type\":\"ListItem\",\"position\":1,\"name\":\"Portada\",\"item\":\"https:\/\/www.campa.com.mx\/site\/\"},{\"@type\":\"ListItem\",\"position\":2,\"name\":\"PARTICIPACI\u00d3N DE CAMPA EN CERTIFICACI\u00d3N DE GERENTE DE TR\u00c1FICO Y ADUANAS POR BUFETE INTERNACIONAL\"}]},{\"@type\":\"WebSite\",\"@id\":\"https:\/\/www.campa.com.mx\/site\/#website\",\"url\":\"https:\/\/www.campa.com.mx\/site\/\",\"name\":\"Campa\",\"description\":\"Tecnolog\u00eda - Comercio Exterior - Servicios\",\"potentialAction\":[{\"@type\":\"SearchAction\",\"target\":{\"@type\":\"EntryPoint\",\"urlTemplate\":\"https:\/\/www.campa.com.mx\/site\/?s={search_term_string}\"},\"query-input\":\"required name=search_term_string\"}],\"inLanguage\":\"es\"},{\"@type\":\"Person\",\"@id\":\"https:\/\/www.campa.com.mx\/site\/#\/schema\/person\/5bf1874b81661ed013f5aa29df30761c\",\"name\":\"campa\",\"image\":{\"@type\":\"ImageObject\",\"inLanguage\":\"es\",\"@id\":\"https:\/\/www.campa.com.mx\/site\/#\/schema\/person\/image\/\",\"url\":\"https:\/\/secure.gravatar.com\/avatar\/921e6e5cffb9d78857948e938192591b9fd4168d0b55cc795582b49d9dc52bb1?s=96&d=mm&r=g\",\"contentUrl\":\"https:\/\/secure.gravatar.com\/avatar\/921e6e5cffb9d78857948e938192591b9fd4168d0b55cc795582b49d9dc52bb1?s=96&d=mm&r=g\",\"caption\":\"campa\"}}]}<\/script>\n<!-- \/ Yoast SEO plugin. -->","yoast_head_json":{"title":"PARTICIPACI\u00d3N DE CAMPA EN CERTIFICACI\u00d3N DE GERENTE DE TR\u00c1FICO Y ADUANAS POR BUFETE INTERNACIONAL - Campa","robots":{"index":"index","follow":"follow","max-snippet":"max-snippet:-1","max-image-preview":"max-image-preview:large","max-video-preview":"max-video-preview:-1"},"canonical":"https:\/\/www.campa.com.mx\/site\/participacion-de-campa-en-certificacion-de-gerente-de-trafico-y-aduanas-por-bufete-internacional\/","og_locale":"es_ES","og_type":"article","og_title":"PARTICIPACI\u00d3N DE CAMPA EN CERTIFICACI\u00d3N DE GERENTE DE TR\u00c1FICO Y ADUANAS POR BUFETE INTERNACIONAL - Campa","og_description":"El pasado jueves 25 de junio tuvimos la oportunidad de impartir el taller de \u201cTips para el manejo del ANEXO 24\u00a0 &#8211; ANEXO 31\u201d para\u00a0 la \u201cCertificaci\u00f3n de Gerente de Tr\u00e1fico y Aduanas\u201d, organizada anualmente por Bufete Internacional Quer\u00e9taro, la [&hellip;]","og_url":"https:\/\/www.campa.com.mx\/site\/participacion-de-campa-en-certificacion-de-gerente-de-trafico-y-aduanas-por-bufete-internacional\/","og_site_name":"Campa","article_publisher":"https:\/\/www.facebook.com\/MovimientoAnexo24","article_published_time":"2015-07-15T15:02:20+00:00","article_modified_time":"2018-04-05T15:03:59+00:00","og_image":[{"width":924,"height":302,"url":"https:\/\/www.campa.com.mx\/site\/wp-content\/uploads\/2018\/04\/Imagen-3.png","type":"image\/png"}],"author":"campa","twitter_card":"summary_large_image","twitter_creator":"@artycampa","twitter_site":"@artycampa","twitter_misc":{"Escrito por":"campa","Tiempo de lectura":"2 minutos"},"schema":{"@context":"https:\/\/schema.org","@graph":[{"@type":"WebPage","@id":"https:\/\/www.campa.com.mx\/site\/participacion-de-campa-en-certificacion-de-gerente-de-trafico-y-aduanas-por-bufete-internacional\/","url":"https:\/\/www.campa.com.mx\/site\/participacion-de-campa-en-certificacion-de-gerente-de-trafico-y-aduanas-por-bufete-internacional\/","name":"PARTICIPACI\u00d3N DE CAMPA EN CERTIFICACI\u00d3N DE GERENTE DE TR\u00c1FICO Y ADUANAS POR BUFETE INTERNACIONAL - Campa","isPartOf":{"@id":"https:\/\/www.campa.com.mx\/site\/#website"},"datePublished":"2015-07-15T15:02:20+00:00","dateModified":"2018-04-05T15:03:59+00:00","author":{"@id":"https:\/\/www.campa.com.mx\/site\/#\/schema\/person\/5bf1874b81661ed013f5aa29df30761c"},"breadcrumb":{"@id":"https:\/\/www.campa.com.mx\/site\/participacion-de-campa-en-certificacion-de-gerente-de-trafico-y-aduanas-por-bufete-internacional\/#breadcrumb"},"inLanguage":"es","potentialAction":[{"@type":"ReadAction","target":["https:\/\/www.campa.com.mx\/site\/participacion-de-campa-en-certificacion-de-gerente-de-trafico-y-aduanas-por-bufete-internacional\/"]}]},{"@type":"BreadcrumbList","@id":"https:\/\/www.campa.com.mx\/site\/participacion-de-campa-en-certificacion-de-gerente-de-trafico-y-aduanas-por-bufete-internacional\/#breadcrumb","itemListElement":[{"@type":"ListItem","position":1,"name":"Portada","item":"https:\/\/www.campa.com.mx\/site\/"},{"@type":"ListItem","position":2,"name":"PARTICIPACI\u00d3N DE CAMPA EN CERTIFICACI\u00d3N DE GERENTE DE TR\u00c1FICO Y ADUANAS POR BUFETE INTERNACIONAL"}]},{"@type":"WebSite","@id":"https:\/\/www.campa.com.mx\/site\/#website","url":"https:\/\/www.campa.com.mx\/site\/","name":"Campa","description":"Tecnolog\u00eda - Comercio Exterior - Servicios","potentialAction":[{"@type":"SearchAction","target":{"@type":"EntryPoint","urlTemplate":"https:\/\/www.campa.com.mx\/site\/?s={search_term_string}"},"query-input":"required name=search_term_string"}],"inLanguage":"es"},{"@type":"Person","@id":"https:\/\/www.campa.com.mx\/site\/#\/schema\/person\/5bf1874b81661ed013f5aa29df30761c","name":"campa","image":{"@type":"ImageObject","inLanguage":"es","@id":"https:\/\/www.campa.com.mx\/site\/#\/schema\/person\/image\/","url":"https:\/\/secure.gravatar.com\/avatar\/921e6e5cffb9d78857948e938192591b9fd4168d0b55cc795582b49d9dc52bb1?s=96&d=mm&r=g","contentUrl":"https:\/\/secure.gravatar.com\/avatar\/921e6e5cffb9d78857948e938192591b9fd4168d0b55cc795582b49d9dc52bb1?s=96&d=mm&r=g","caption":"campa"}}]}},"jetpack_featured_media_url":"https:\/\/www.campa.com.mx\/site\/wp-content\/uploads\/2018\/04\/Imagen-3.png","jetpack_sharing_enabled":true,"_links":{"self":[{"href":"https:\/\/www.campa.com.mx\/site\/wp-json\/wp\/v2\/posts\/2953","targetHints":{"allow":["GET"]}}],"collection":[{"href":"https:\/\/www.campa.com.mx\/site\/wp-json\/wp\/v2\/posts"}],"about":[{"href":"https:\/\/www.campa.com.mx\/site\/wp-json\/wp\/v2\/types\/post"}],"author":[{"embeddable":true,"href":"https:\/\/www.campa.com.mx\/site\/wp-json\/wp\/v2\/users\/1"}],"replies":[{"embeddable":true,"href":"https:\/\/www.campa.com.mx\/site\/wp-json\/wp\/v2\/comments?post=2953"}],"version-history":[{"count":1,"href":"https:\/\/www.campa.com.mx\/site\/wp-json\/wp\/v2\/posts\/2953\/revisions"}],"predecessor-version":[{"id":2957,"href":"https:\/\/www.campa.com.mx\/site\/wp-json\/wp\/v2\/posts\/2953\/revisions\/2957"}],"wp:featuredmedia":[{"embeddable":true,"href":"https:\/\/www.campa.com.mx\/site\/wp-json\/wp\/v2\/media\/2956"}],"wp:attachment":[{"href":"https:\/\/www.campa.com.mx\/site\/wp-json\/wp\/v2\/media?parent=2953"}],"wp:term":[{"taxonomy":"category","embeddable":true,"href":"https:\/\/www.campa.com.mx\/site\/wp-json\/wp\/v2\/categories?post=2953"},{"taxonomy":"post_tag","embeddable":true,"href":"https:\/\/www.campa.com.mx\/site\/wp-json\/wp\/v2\/tags?post=2953"}],"curies":[{"name":"wp","href":"https:\/\/api.w.org\/{rel}","templated":true}]}}