{"id":3014,"date":"2018-04-17T13:58:28","date_gmt":"2018-04-17T13:58:28","guid":{"rendered":"http:\/\/www.campa.com.mx\/site\/?p=3014"},"modified":"2018-04-17T13:58:28","modified_gmt":"2018-04-17T13:58:28","slug":"puebla-podria-convertirse-en-una-zona-economica-especial","status":"publish","type":"post","link":"https:\/\/www.campa.com.mx\/site\/puebla-podria-convertirse-en-una-zona-economica-especial\/","title":{"rendered":"Puebla podr\u00eda convertirse en una Zona Econ\u00f3mica Especial."},"content":{"rendered":"<p style=\"text-align: justify;\"><span class=\"f4_article-info__excerpt entry-summary\">El estado podr\u00eda convertirse en una Zona Econ\u00f3mica Especial con el objetivo de cerrar la brecha de desigualdad que hay entre el Norte-Baj\u00edo y el Sur-Sureste del pa\u00eds. El siguiente gobernador enfrentar\u00eda esta responsabilidad.<\/span><\/p>\n<p style=\"text-align: justify;\">Puebla es uno de los estados que tendr\u00e1n elecciones para decidir al siguiente gobernador. La entidad tiene m\u00e1s de 4.5 millones de electores, lo que representa el 5% de la lista nominal nacional.<\/p>\n<p style=\"text-align: justify;\">El siguiente gobernador podr\u00eda enfrentar el reto de dirigir un estado que se convertir\u00eda en una Zona Econ\u00f3mica Especial (ZEE).<\/p>\n<p style=\"text-align: justify;\">De acuerdo con la Autoridad Federal para el Desarrollo de las Zonas Econ\u00f3micas Especiales (AFDZEE), Puebla es parte de un proyecto de tres zonas de nicho: Yucat\u00e1n, para el desarrollo tecnol\u00f3gico y la innovaci\u00f3n; Puebla, que contribuir\u00e1 a la proveedur\u00eda de segundo y tercer nivel para sectores estrat\u00e9gicos, como el automotriz; e Hidalgo, que implica un cl\u00faster de dise\u00f1o textil y confecci\u00f3n.<\/p>\n<p style=\"text-align: justify;\">Puebla ser\u00eda participe de una derrama calculada por el Gobierno Federal de 6,700 millones de pesos (mdp) provenientes de 42 empresas interesadas que podr\u00e1n generar al menos 29,000 empleos para la etapa de arranque.<\/p>\n<p style=\"text-align: justify;\">El estado ser\u00eda parte de un esfuerzo por cerrar la brecha de desigualdad que hay entre el Norte-Baj\u00edo y el Sur-Sureste del pa\u00eds. El siguiente gobernador enfrentar\u00eda esta responsabilidad.<\/p>\n<p style=\"text-align: justify;\">Fuente:forbes<\/p>\n<p>&nbsp;<\/p>\n","protected":false},"excerpt":{"rendered":"<p>El estado podr\u00eda convertirse en una Zona Econ\u00f3mica Especial con el objetivo de cerrar la brecha de desigualdad que hay entre el Norte-Baj\u00edo y el Sur-Sureste del pa\u00eds. El siguiente gobernador enfrentar\u00eda esta responsabilidad. Puebla es uno de los estados [&hellip;]<\/p>\n","protected":false},"author":1,"featured_media":3016,"comment_status":"open","ping_status":"open","sticky":false,"template":"","format":"standard","meta":{"inline_featured_image":false,"_jetpack_memberships_contains_paid_content":false,"footnotes":""},"categories":[173,1],"tags":[33,523,524,8,522,239,238],"class_list":["post-3014","post","type-post","status-publish","format-standard","has-post-thumbnail","hentry","category-comercio-exterior","category-campa","tag-automotriz","tag-autoridad-federal-para-el-desarrollo-de-las-zonas-economicas-especiales","tag-cluster-de-diseno-textil-y-confeccion","tag-immex","tag-puebla","tag-zee","tag-zona-economica-especial"],"yoast_head":"<!-- This site is optimized with the Yoast SEO plugin v20.9 - https:\/\/yoast.com\/wordpress\/plugins\/seo\/ -->\n<title>Puebla podr\u00eda convertirse en una Zona Econ\u00f3mica Especial. - Campa<\/title>\n<meta name=\"robots\" content=\"index, follow, max-snippet:-1, max-image-preview:large, max-video-preview:-1\" \/>\n<link rel=\"canonical\" href=\"https:\/\/www.campa.com.mx\/site\/puebla-podria-convertirse-en-una-zona-economica-especial\/\" \/>\n<meta property=\"og:locale\" content=\"es_ES\" \/>\n<meta property=\"og:type\" content=\"article\" \/>\n<meta property=\"og:title\" content=\"Puebla podr\u00eda convertirse en una Zona Econ\u00f3mica Especial. - Campa\" \/>\n<meta property=\"og:description\" content=\"El estado podr\u00eda convertirse en una Zona Econ\u00f3mica Especial con el objetivo de cerrar la brecha de desigualdad que hay entre el Norte-Baj\u00edo y el Sur-Sureste del pa\u00eds. El siguiente gobernador enfrentar\u00eda esta responsabilidad. Puebla es uno de los estados [&hellip;]\" \/>\n<meta property=\"og:url\" content=\"https:\/\/www.campa.com.mx\/site\/puebla-podria-convertirse-en-una-zona-economica-especial\/\" \/>\n<meta property=\"og:site_name\" content=\"Campa\" \/>\n<meta property=\"article:publisher\" content=\"https:\/\/www.facebook.com\/MovimientoAnexo24\" \/>\n<meta property=\"article:published_time\" content=\"2018-04-17T13:58:28+00:00\" \/>\n<meta property=\"og:image\" content=\"https:\/\/www.campa.com.mx\/site\/wp-content\/uploads\/2018\/04\/Puebla-podri\u0301a-convertirse-en-una-Zona-Econo\u0301mica-Especial.png\" \/>\n\t<meta property=\"og:image:width\" content=\"1195\" \/>\n\t<meta property=\"og:image:height\" content=\"623\" \/>\n\t<meta property=\"og:image:type\" content=\"image\/png\" \/>\n<meta name=\"author\" content=\"campa\" \/>\n<meta name=\"twitter:card\" content=\"summary_large_image\" \/>\n<meta name=\"twitter:creator\" content=\"@artycampa\" \/>\n<meta name=\"twitter:site\" content=\"@artycampa\" \/>\n<meta name=\"twitter:label1\" content=\"Escrito por\" \/>\n\t<meta name=\"twitter:data1\" content=\"campa\" \/>\n\t<meta name=\"twitter:label2\" content=\"Tiempo de lectura\" \/>\n\t<meta name=\"twitter:data2\" content=\"1 minuto\" \/>\n<script type=\"application\/ld+json\" class=\"yoast-schema-graph\">{\"@context\":\"https:\/\/schema.org\",\"@graph\":[{\"@type\":\"WebPage\",\"@id\":\"https:\/\/www.campa.com.mx\/site\/puebla-podria-convertirse-en-una-zona-economica-especial\/\",\"url\":\"https:\/\/www.campa.com.mx\/site\/puebla-podria-convertirse-en-una-zona-economica-especial\/\",\"name\":\"Puebla podr\u00eda convertirse en una Zona Econ\u00f3mica Especial. - Campa\",\"isPartOf\":{\"@id\":\"https:\/\/www.campa.com.mx\/site\/#website\"},\"datePublished\":\"2018-04-17T13:58:28+00:00\",\"dateModified\":\"2018-04-17T13:58:28+00:00\",\"author\":{\"@id\":\"https:\/\/www.campa.com.mx\/site\/#\/schema\/person\/5bf1874b81661ed013f5aa29df30761c\"},\"breadcrumb\":{\"@id\":\"https:\/\/www.campa.com.mx\/site\/puebla-podria-convertirse-en-una-zona-economica-especial\/#breadcrumb\"},\"inLanguage\":\"es\",\"potentialAction\":[{\"@type\":\"ReadAction\",\"target\":[\"https:\/\/www.campa.com.mx\/site\/puebla-podria-convertirse-en-una-zona-economica-especial\/\"]}]},{\"@type\":\"BreadcrumbList\",\"@id\":\"https:\/\/www.campa.com.mx\/site\/puebla-podria-convertirse-en-una-zona-economica-especial\/#breadcrumb\",\"itemListElement\":[{\"@type\":\"ListItem\",\"position\":1,\"name\":\"Portada\",\"item\":\"https:\/\/www.campa.com.mx\/site\/\"},{\"@type\":\"ListItem\",\"position\":2,\"name\":\"Puebla podr\u00eda convertirse en una Zona Econ\u00f3mica Especial.\"}]},{\"@type\":\"WebSite\",\"@id\":\"https:\/\/www.campa.com.mx\/site\/#website\",\"url\":\"https:\/\/www.campa.com.mx\/site\/\",\"name\":\"Campa\",\"description\":\"Tecnolog\u00eda - Comercio Exterior - Servicios\",\"potentialAction\":[{\"@type\":\"SearchAction\",\"target\":{\"@type\":\"EntryPoint\",\"urlTemplate\":\"https:\/\/www.campa.com.mx\/site\/?s={search_term_string}\"},\"query-input\":\"required name=search_term_string\"}],\"inLanguage\":\"es\"},{\"@type\":\"Person\",\"@id\":\"https:\/\/www.campa.com.mx\/site\/#\/schema\/person\/5bf1874b81661ed013f5aa29df30761c\",\"name\":\"campa\",\"image\":{\"@type\":\"ImageObject\",\"inLanguage\":\"es\",\"@id\":\"https:\/\/www.campa.com.mx\/site\/#\/schema\/person\/image\/\",\"url\":\"https:\/\/secure.gravatar.com\/avatar\/921e6e5cffb9d78857948e938192591b9fd4168d0b55cc795582b49d9dc52bb1?s=96&d=mm&r=g\",\"contentUrl\":\"https:\/\/secure.gravatar.com\/avatar\/921e6e5cffb9d78857948e938192591b9fd4168d0b55cc795582b49d9dc52bb1?s=96&d=mm&r=g\",\"caption\":\"campa\"}}]}<\/script>\n<!-- \/ Yoast SEO plugin. -->","yoast_head_json":{"title":"Puebla podr\u00eda convertirse en una Zona Econ\u00f3mica Especial. - Campa","robots":{"index":"index","follow":"follow","max-snippet":"max-snippet:-1","max-image-preview":"max-image-preview:large","max-video-preview":"max-video-preview:-1"},"canonical":"https:\/\/www.campa.com.mx\/site\/puebla-podria-convertirse-en-una-zona-economica-especial\/","og_locale":"es_ES","og_type":"article","og_title":"Puebla podr\u00eda convertirse en una Zona Econ\u00f3mica Especial. - Campa","og_description":"El estado podr\u00eda convertirse en una Zona Econ\u00f3mica Especial con el objetivo de cerrar la brecha de desigualdad que hay entre el Norte-Baj\u00edo y el Sur-Sureste del pa\u00eds. El siguiente gobernador enfrentar\u00eda esta responsabilidad. Puebla es uno de los estados [&hellip;]","og_url":"https:\/\/www.campa.com.mx\/site\/puebla-podria-convertirse-en-una-zona-economica-especial\/","og_site_name":"Campa","article_publisher":"https:\/\/www.facebook.com\/MovimientoAnexo24","article_published_time":"2018-04-17T13:58:28+00:00","og_image":[{"width":1195,"height":623,"url":"https:\/\/www.campa.com.mx\/site\/wp-content\/uploads\/2018\/04\/Puebla-podri\u0301a-convertirse-en-una-Zona-Econo\u0301mica-Especial.png","type":"image\/png"}],"author":"campa","twitter_card":"summary_large_image","twitter_creator":"@artycampa","twitter_site":"@artycampa","twitter_misc":{"Escrito por":"campa","Tiempo de lectura":"1 minuto"},"schema":{"@context":"https:\/\/schema.org","@graph":[{"@type":"WebPage","@id":"https:\/\/www.campa.com.mx\/site\/puebla-podria-convertirse-en-una-zona-economica-especial\/","url":"https:\/\/www.campa.com.mx\/site\/puebla-podria-convertirse-en-una-zona-economica-especial\/","name":"Puebla podr\u00eda convertirse en una Zona Econ\u00f3mica Especial. - Campa","isPartOf":{"@id":"https:\/\/www.campa.com.mx\/site\/#website"},"datePublished":"2018-04-17T13:58:28+00:00","dateModified":"2018-04-17T13:58:28+00:00","author":{"@id":"https:\/\/www.campa.com.mx\/site\/#\/schema\/person\/5bf1874b81661ed013f5aa29df30761c"},"breadcrumb":{"@id":"https:\/\/www.campa.com.mx\/site\/puebla-podria-convertirse-en-una-zona-economica-especial\/#breadcrumb"},"inLanguage":"es","potentialAction":[{"@type":"ReadAction","target":["https:\/\/www.campa.com.mx\/site\/puebla-podria-convertirse-en-una-zona-economica-especial\/"]}]},{"@type":"BreadcrumbList","@id":"https:\/\/www.campa.com.mx\/site\/puebla-podria-convertirse-en-una-zona-economica-especial\/#breadcrumb","itemListElement":[{"@type":"ListItem","position":1,"name":"Portada","item":"https:\/\/www.campa.com.mx\/site\/"},{"@type":"ListItem","position":2,"name":"Puebla podr\u00eda convertirse en una Zona Econ\u00f3mica Especial."}]},{"@type":"WebSite","@id":"https:\/\/www.campa.com.mx\/site\/#website","url":"https:\/\/www.campa.com.mx\/site\/","name":"Campa","description":"Tecnolog\u00eda - Comercio Exterior - Servicios","potentialAction":[{"@type":"SearchAction","target":{"@type":"EntryPoint","urlTemplate":"https:\/\/www.campa.com.mx\/site\/?s={search_term_string}"},"query-input":"required name=search_term_string"}],"inLanguage":"es"},{"@type":"Person","@id":"https:\/\/www.campa.com.mx\/site\/#\/schema\/person\/5bf1874b81661ed013f5aa29df30761c","name":"campa","image":{"@type":"ImageObject","inLanguage":"es","@id":"https:\/\/www.campa.com.mx\/site\/#\/schema\/person\/image\/","url":"https:\/\/secure.gravatar.com\/avatar\/921e6e5cffb9d78857948e938192591b9fd4168d0b55cc795582b49d9dc52bb1?s=96&d=mm&r=g","contentUrl":"https:\/\/secure.gravatar.com\/avatar\/921e6e5cffb9d78857948e938192591b9fd4168d0b55cc795582b49d9dc52bb1?s=96&d=mm&r=g","caption":"campa"}}]}},"jetpack_featured_media_url":"https:\/\/www.campa.com.mx\/site\/wp-content\/uploads\/2018\/04\/Puebla-podri\u0301a-convertirse-en-una-Zona-Econo\u0301mica-Especial.png","jetpack_sharing_enabled":true,"_links":{"self":[{"href":"https:\/\/www.campa.com.mx\/site\/wp-json\/wp\/v2\/posts\/3014","targetHints":{"allow":["GET"]}}],"collection":[{"href":"https:\/\/www.campa.com.mx\/site\/wp-json\/wp\/v2\/posts"}],"about":[{"href":"https:\/\/www.campa.com.mx\/site\/wp-json\/wp\/v2\/types\/post"}],"author":[{"embeddable":true,"href":"https:\/\/www.campa.com.mx\/site\/wp-json\/wp\/v2\/users\/1"}],"replies":[{"embeddable":true,"href":"https:\/\/www.campa.com.mx\/site\/wp-json\/wp\/v2\/comments?post=3014"}],"version-history":[{"count":1,"href":"https:\/\/www.campa.com.mx\/site\/wp-json\/wp\/v2\/posts\/3014\/revisions"}],"predecessor-version":[{"id":3017,"href":"https:\/\/www.campa.com.mx\/site\/wp-json\/wp\/v2\/posts\/3014\/revisions\/3017"}],"wp:featuredmedia":[{"embeddable":true,"href":"https:\/\/www.campa.com.mx\/site\/wp-json\/wp\/v2\/media\/3016"}],"wp:attachment":[{"href":"https:\/\/www.campa.com.mx\/site\/wp-json\/wp\/v2\/media?parent=3014"}],"wp:term":[{"taxonomy":"category","embeddable":true,"href":"https:\/\/www.campa.com.mx\/site\/wp-json\/wp\/v2\/categories?post=3014"},{"taxonomy":"post_tag","embeddable":true,"href":"https:\/\/www.campa.com.mx\/site\/wp-json\/wp\/v2\/tags?post=3014"}],"curies":[{"name":"wp","href":"https:\/\/api.w.org\/{rel}","templated":true}]}}