{"id":3018,"date":"2018-04-18T14:46:06","date_gmt":"2018-04-18T14:46:06","guid":{"rendered":"http:\/\/www.campa.com.mx\/site\/?p=3018"},"modified":"2018-04-18T14:47:29","modified_gmt":"2018-04-18T14:47:29","slug":"empresas-de-tecnologias-de-la-informacion-ti-instaladas-en-queretaro-participaran-en-hannover-messe-2018","status":"publish","type":"post","link":"https:\/\/www.campa.com.mx\/site\/empresas-de-tecnologias-de-la-informacion-ti-instaladas-en-queretaro-participaran-en-hannover-messe-2018\/","title":{"rendered":"Empresas de tecnolog\u00edas de la informaci\u00f3n (TI), instaladas en Quer\u00e9taro, participar\u00e1n en Hannover Messe 2018"},"content":{"rendered":"<div><\/div>\n<p style=\"text-align: justify;\">Empresas de tecnolog\u00edas de la informaci\u00f3n (TI), instaladas en Quer\u00e9taro, alistan su participaci\u00f3n en la Hannover Messe 2018, feria alemana que en esta edici\u00f3n tendr\u00e1 como eje central la Industria 4.0.<\/p>\n<section>\n<div>\n<p style=\"text-align: justify;\">Asistir\u00e1 una comitiva de siete compa\u00f1\u00edas en representaci\u00f3n del V\u00f3rtice IT, el Cl\u00faster de Tecnolog\u00edas de la Informaci\u00f3n del estado.<\/p>\n<p style=\"text-align: justify;\">As\u00ed lo expuso el presidente de V\u00f3rtice IT, Jorge Buitr\u00f3n Arriola, quien detall\u00f3 que la gira comienza\u00a0 el viernes 20 y la feria est\u00e1 prevista para los d\u00edas del 23 al 27 de abril, en Hannover, Alemania.<\/p>\n<p style=\"text-align: justify;\">\u201cArmamos el esquema para asistir y estar en Hannover a finales de mes, nos vamos el 20, a hacer la presentaci\u00f3n de siete empresas que ya tienen acciones, productos y servicios, para la Industria 4.0, lo vamos a exponer en Hannover, con gobierno del estado y gobierno federal\u201d.<\/p>\n<p style=\"text-align: justify;\">La comitiva del sector TI acude con el objetivo prioritario de generar negocios e incluso para fungir como asociado de firmas extranjeras.<\/p>\n<p style=\"text-align: justify;\">\u201cEl foco principal es negocio, con empresas interesadas, tanto de la industria de todo el mundo como partner que puedan asociarse con\u00a0 nosotros para atraer tecnolog\u00edas m\u00e1s apropiadas o m\u00e1s fuertes hacia M\u00e9xico\u201d.<\/p>\n<p style=\"text-align: justify;\">El conjunto de firmas queretanas se proyectar\u00e1 como cl\u00faster y como unidades econ\u00f3micas independientes.<\/p>\n<p style=\"text-align: justify;\">Durante su participaci\u00f3n, las empresas destacar\u00e1n los avances y aportaciones en el desarrollo de la Industria 4.0 en la entidad.<\/p>\n<p style=\"text-align: justify;\">Las firmas locales \u2014que integran el grupo de empresas queretanas de TI\u2014 se concentran en las \u00e1reas de automatizaci\u00f3n de la cadena de suministro, sensorizaci\u00f3n, Internet de las Cosas.<\/p>\n<p style=\"text-align: justify;\">Adem\u00e1s de especialistas en visualizaci\u00f3n en tiempo real de las plantas, animaci\u00f3n digital, realidad aumentada para capacitaci\u00f3n industria, integraci\u00f3n de la nube con manufactura aditiva, impresi\u00f3n 3D, modelos de animaci\u00f3n para el dise\u00f1o de nuevos productos, rob\u00f3tica, enlist\u00f3 Buitr\u00f3n Arriola.<\/p>\n<p style=\"text-align: justify;\">V\u00f3rtice IT se configura como la integraci\u00f3n de empresas de tecnolog\u00eda que generan una red de colaboraci\u00f3n con componentes de la triple h\u00e9lice.<\/p>\n<p style=\"text-align: justify;\">Los afiliados proveen especialmente de soluciones tecnol\u00f3gicas por medio de una cadena de suministro, dando soporte desde\u00a0 peque\u00f1as y medianas empresas, hasta las industrias manufacturera, aeron\u00e1utica, automotriz, a los sectores comercio, servicio, financiero, entre otros.<\/p>\n<h4 style=\"text-align: justify;\">M\u00c9XICO, PA\u00cdS INVITADO<\/h4>\n<p style=\"text-align: justify;\">M\u00e9xico es el pa\u00eds invitado de la Feria Hannover 2018, siendo la primera ocasi\u00f3n en que un territorio latinoamericano es nombrado naci\u00f3n de honor.<\/p>\n<p style=\"text-align: justify;\">Para esta edici\u00f3n, M\u00e9xico promover\u00e1 las fortalezas en Industria 4.0, energ\u00edas, tecnolog\u00edas medioambientales, capital humano, startups y manufactura de alta tecnolog\u00eda.<\/p>\n<p style=\"text-align: justify;\">Hannover Messe es distinguida como la\u00a0 feria industrial m\u00e1s relevante del mundo, donde se exhiben novedades en automatizaci\u00f3n,\u00a0 energ\u00eda, maquinaria e industria metalmec\u00e1nica.<\/p>\n<p style=\"text-align: justify;\">La edici\u00f3n 2018 tiene como eje principal Industria integrada: con\u00e9ctese y colabore.<\/p>\n<p style=\"text-align: justify;\">Los temas que derivan de esta vertiente son la integraci\u00f3n industrial, automatizaci\u00f3n, inteligencia artificial, mantenimiento predictivo, econom\u00eda de plataforma industrial, entre otros.<\/p>\n<\/div>\n<\/section>\n<p>&nbsp;<\/p>\n<p><img loading=\"lazy\" decoding=\"async\" class=\" size-full wp-image-3019 aligncenter\" src=\"http:\/\/www.campa.com.mx\/site\/wp-content\/uploads\/2018\/04\/Hannover-Messe-2018.png\" alt=\"Hannover Messe 2018\" width=\"760\" height=\"780\" srcset=\"https:\/\/www.campa.com.mx\/site\/wp-content\/uploads\/2018\/04\/Hannover-Messe-2018.png 760w, https:\/\/www.campa.com.mx\/site\/wp-content\/uploads\/2018\/04\/Hannover-Messe-2018-292x300.png 292w\" sizes=\"auto, (max-width: 760px) 100vw, 760px\" \/><\/p>\n<p>Fuente:\u00a0Economista<\/p>\n<p>&nbsp;<\/p>\n","protected":false},"excerpt":{"rendered":"<p>Empresas de tecnolog\u00edas de la informaci\u00f3n (TI), instaladas en Quer\u00e9taro, alistan su participaci\u00f3n en la Hannover Messe 2018, feria alemana que en esta edici\u00f3n tendr\u00e1 como eje central la Industria 4.0. Asistir\u00e1 una comitiva de siete compa\u00f1\u00edas en representaci\u00f3n del [&hellip;]<\/p>\n","protected":false},"author":1,"featured_media":3020,"comment_status":"open","ping_status":"open","sticky":false,"template":"","format":"standard","meta":{"inline_featured_image":false,"_jetpack_memberships_contains_paid_content":false,"footnotes":""},"categories":[173],"tags":[535,532,527,536,530,529,526,525,392,534,537,93,533,531,528],"class_list":["post-3018","post","type-post","status-publish","format-standard","has-post-thumbnail","hentry","category-comercio-exterior","tag-automatizacion","tag-capital-humano","tag-empresas-de-tecnologias-de-la-informacion-ti","tag-energia","tag-energias","tag-feria-hannover-2018","tag-hannover-messe","tag-hannover-messe-2018","tag-industria-4-0","tag-manufactura-de-alta-tecnologia","tag-maquinaria-e-industria-metalmecanica","tag-queretaro","tag-startups","tag-tecnologias-medioambientales","tag-ti"],"yoast_head":"<!-- This site is optimized with the Yoast SEO plugin v20.9 - https:\/\/yoast.com\/wordpress\/plugins\/seo\/ -->\n<title>Empresas de tecnolog\u00edas de la informaci\u00f3n (TI), instaladas en Quer\u00e9taro, participar\u00e1n en Hannover Messe 2018 - Campa<\/title>\n<meta name=\"robots\" content=\"index, follow, max-snippet:-1, max-image-preview:large, max-video-preview:-1\" \/>\n<link rel=\"canonical\" href=\"https:\/\/www.campa.com.mx\/site\/empresas-de-tecnologias-de-la-informacion-ti-instaladas-en-queretaro-participaran-en-hannover-messe-2018\/\" \/>\n<meta property=\"og:locale\" content=\"es_ES\" \/>\n<meta property=\"og:type\" content=\"article\" \/>\n<meta property=\"og:title\" content=\"Empresas de tecnolog\u00edas de la informaci\u00f3n (TI), instaladas en Quer\u00e9taro, participar\u00e1n en Hannover Messe 2018 - Campa\" \/>\n<meta property=\"og:description\" content=\"Empresas de tecnolog\u00edas de la informaci\u00f3n (TI), instaladas en Quer\u00e9taro, alistan su participaci\u00f3n en la Hannover Messe 2018, feria alemana que en esta edici\u00f3n tendr\u00e1 como eje central la Industria 4.0. Asistir\u00e1 una comitiva de siete compa\u00f1\u00edas en representaci\u00f3n del [&hellip;]\" \/>\n<meta property=\"og:url\" content=\"https:\/\/www.campa.com.mx\/site\/empresas-de-tecnologias-de-la-informacion-ti-instaladas-en-queretaro-participaran-en-hannover-messe-2018\/\" \/>\n<meta property=\"og:site_name\" content=\"Campa\" \/>\n<meta property=\"article:publisher\" content=\"https:\/\/www.facebook.com\/MovimientoAnexo24\" \/>\n<meta property=\"article:published_time\" content=\"2018-04-18T14:46:06+00:00\" \/>\n<meta property=\"article:modified_time\" content=\"2018-04-18T14:47:29+00:00\" \/>\n<meta property=\"og:image\" content=\"https:\/\/www.campa.com.mx\/site\/wp-content\/uploads\/2018\/04\/Empresas-de-tecnologi\u0301as-de-la-informacio\u0301n-TI-instaladas-en-Quere\u0301taro-participara\u0301n-en-Hannover-Messe-2018.png\" \/>\n\t<meta property=\"og:image:width\" content=\"1195\" \/>\n\t<meta property=\"og:image:height\" content=\"624\" \/>\n\t<meta property=\"og:image:type\" content=\"image\/png\" \/>\n<meta name=\"author\" content=\"campa\" \/>\n<meta name=\"twitter:card\" content=\"summary_large_image\" \/>\n<meta name=\"twitter:creator\" content=\"@artycampa\" \/>\n<meta name=\"twitter:site\" content=\"@artycampa\" \/>\n<meta name=\"twitter:label1\" content=\"Escrito por\" \/>\n\t<meta name=\"twitter:data1\" content=\"campa\" \/>\n\t<meta name=\"twitter:label2\" content=\"Tiempo de lectura\" \/>\n\t<meta name=\"twitter:data2\" content=\"3 minutos\" \/>\n<script type=\"application\/ld+json\" class=\"yoast-schema-graph\">{\"@context\":\"https:\/\/schema.org\",\"@graph\":[{\"@type\":\"WebPage\",\"@id\":\"https:\/\/www.campa.com.mx\/site\/empresas-de-tecnologias-de-la-informacion-ti-instaladas-en-queretaro-participaran-en-hannover-messe-2018\/\",\"url\":\"https:\/\/www.campa.com.mx\/site\/empresas-de-tecnologias-de-la-informacion-ti-instaladas-en-queretaro-participaran-en-hannover-messe-2018\/\",\"name\":\"Empresas de tecnolog\u00edas de la informaci\u00f3n (TI), instaladas en Quer\u00e9taro, participar\u00e1n en Hannover Messe 2018 - Campa\",\"isPartOf\":{\"@id\":\"https:\/\/www.campa.com.mx\/site\/#website\"},\"datePublished\":\"2018-04-18T14:46:06+00:00\",\"dateModified\":\"2018-04-18T14:47:29+00:00\",\"author\":{\"@id\":\"https:\/\/www.campa.com.mx\/site\/#\/schema\/person\/5bf1874b81661ed013f5aa29df30761c\"},\"breadcrumb\":{\"@id\":\"https:\/\/www.campa.com.mx\/site\/empresas-de-tecnologias-de-la-informacion-ti-instaladas-en-queretaro-participaran-en-hannover-messe-2018\/#breadcrumb\"},\"inLanguage\":\"es\",\"potentialAction\":[{\"@type\":\"ReadAction\",\"target\":[\"https:\/\/www.campa.com.mx\/site\/empresas-de-tecnologias-de-la-informacion-ti-instaladas-en-queretaro-participaran-en-hannover-messe-2018\/\"]}]},{\"@type\":\"BreadcrumbList\",\"@id\":\"https:\/\/www.campa.com.mx\/site\/empresas-de-tecnologias-de-la-informacion-ti-instaladas-en-queretaro-participaran-en-hannover-messe-2018\/#breadcrumb\",\"itemListElement\":[{\"@type\":\"ListItem\",\"position\":1,\"name\":\"Portada\",\"item\":\"https:\/\/www.campa.com.mx\/site\/\"},{\"@type\":\"ListItem\",\"position\":2,\"name\":\"Empresas de tecnolog\u00edas de la informaci\u00f3n (TI), instaladas en Quer\u00e9taro, participar\u00e1n en Hannover Messe 2018\"}]},{\"@type\":\"WebSite\",\"@id\":\"https:\/\/www.campa.com.mx\/site\/#website\",\"url\":\"https:\/\/www.campa.com.mx\/site\/\",\"name\":\"Campa\",\"description\":\"Tecnolog\u00eda - Comercio Exterior - Servicios\",\"potentialAction\":[{\"@type\":\"SearchAction\",\"target\":{\"@type\":\"EntryPoint\",\"urlTemplate\":\"https:\/\/www.campa.com.mx\/site\/?s={search_term_string}\"},\"query-input\":\"required name=search_term_string\"}],\"inLanguage\":\"es\"},{\"@type\":\"Person\",\"@id\":\"https:\/\/www.campa.com.mx\/site\/#\/schema\/person\/5bf1874b81661ed013f5aa29df30761c\",\"name\":\"campa\",\"image\":{\"@type\":\"ImageObject\",\"inLanguage\":\"es\",\"@id\":\"https:\/\/www.campa.com.mx\/site\/#\/schema\/person\/image\/\",\"url\":\"https:\/\/secure.gravatar.com\/avatar\/921e6e5cffb9d78857948e938192591b9fd4168d0b55cc795582b49d9dc52bb1?s=96&d=mm&r=g\",\"contentUrl\":\"https:\/\/secure.gravatar.com\/avatar\/921e6e5cffb9d78857948e938192591b9fd4168d0b55cc795582b49d9dc52bb1?s=96&d=mm&r=g\",\"caption\":\"campa\"}}]}<\/script>\n<!-- \/ Yoast SEO plugin. -->","yoast_head_json":{"title":"Empresas de tecnolog\u00edas de la informaci\u00f3n (TI), instaladas en Quer\u00e9taro, participar\u00e1n en Hannover Messe 2018 - Campa","robots":{"index":"index","follow":"follow","max-snippet":"max-snippet:-1","max-image-preview":"max-image-preview:large","max-video-preview":"max-video-preview:-1"},"canonical":"https:\/\/www.campa.com.mx\/site\/empresas-de-tecnologias-de-la-informacion-ti-instaladas-en-queretaro-participaran-en-hannover-messe-2018\/","og_locale":"es_ES","og_type":"article","og_title":"Empresas de tecnolog\u00edas de la informaci\u00f3n (TI), instaladas en Quer\u00e9taro, participar\u00e1n en Hannover Messe 2018 - Campa","og_description":"Empresas de tecnolog\u00edas de la informaci\u00f3n (TI), instaladas en Quer\u00e9taro, alistan su participaci\u00f3n en la Hannover Messe 2018, feria alemana que en esta edici\u00f3n tendr\u00e1 como eje central la Industria 4.0. Asistir\u00e1 una comitiva de siete compa\u00f1\u00edas en representaci\u00f3n del [&hellip;]","og_url":"https:\/\/www.campa.com.mx\/site\/empresas-de-tecnologias-de-la-informacion-ti-instaladas-en-queretaro-participaran-en-hannover-messe-2018\/","og_site_name":"Campa","article_publisher":"https:\/\/www.facebook.com\/MovimientoAnexo24","article_published_time":"2018-04-18T14:46:06+00:00","article_modified_time":"2018-04-18T14:47:29+00:00","og_image":[{"width":1195,"height":624,"url":"https:\/\/www.campa.com.mx\/site\/wp-content\/uploads\/2018\/04\/Empresas-de-tecnologi\u0301as-de-la-informacio\u0301n-TI-instaladas-en-Quere\u0301taro-participara\u0301n-en-Hannover-Messe-2018.png","type":"image\/png"}],"author":"campa","twitter_card":"summary_large_image","twitter_creator":"@artycampa","twitter_site":"@artycampa","twitter_misc":{"Escrito por":"campa","Tiempo de lectura":"3 minutos"},"schema":{"@context":"https:\/\/schema.org","@graph":[{"@type":"WebPage","@id":"https:\/\/www.campa.com.mx\/site\/empresas-de-tecnologias-de-la-informacion-ti-instaladas-en-queretaro-participaran-en-hannover-messe-2018\/","url":"https:\/\/www.campa.com.mx\/site\/empresas-de-tecnologias-de-la-informacion-ti-instaladas-en-queretaro-participaran-en-hannover-messe-2018\/","name":"Empresas de tecnolog\u00edas de la informaci\u00f3n (TI), instaladas en Quer\u00e9taro, participar\u00e1n en Hannover Messe 2018 - Campa","isPartOf":{"@id":"https:\/\/www.campa.com.mx\/site\/#website"},"datePublished":"2018-04-18T14:46:06+00:00","dateModified":"2018-04-18T14:47:29+00:00","author":{"@id":"https:\/\/www.campa.com.mx\/site\/#\/schema\/person\/5bf1874b81661ed013f5aa29df30761c"},"breadcrumb":{"@id":"https:\/\/www.campa.com.mx\/site\/empresas-de-tecnologias-de-la-informacion-ti-instaladas-en-queretaro-participaran-en-hannover-messe-2018\/#breadcrumb"},"inLanguage":"es","potentialAction":[{"@type":"ReadAction","target":["https:\/\/www.campa.com.mx\/site\/empresas-de-tecnologias-de-la-informacion-ti-instaladas-en-queretaro-participaran-en-hannover-messe-2018\/"]}]},{"@type":"BreadcrumbList","@id":"https:\/\/www.campa.com.mx\/site\/empresas-de-tecnologias-de-la-informacion-ti-instaladas-en-queretaro-participaran-en-hannover-messe-2018\/#breadcrumb","itemListElement":[{"@type":"ListItem","position":1,"name":"Portada","item":"https:\/\/www.campa.com.mx\/site\/"},{"@type":"ListItem","position":2,"name":"Empresas de tecnolog\u00edas de la informaci\u00f3n (TI), instaladas en Quer\u00e9taro, participar\u00e1n en Hannover Messe 2018"}]},{"@type":"WebSite","@id":"https:\/\/www.campa.com.mx\/site\/#website","url":"https:\/\/www.campa.com.mx\/site\/","name":"Campa","description":"Tecnolog\u00eda - Comercio Exterior - Servicios","potentialAction":[{"@type":"SearchAction","target":{"@type":"EntryPoint","urlTemplate":"https:\/\/www.campa.com.mx\/site\/?s={search_term_string}"},"query-input":"required name=search_term_string"}],"inLanguage":"es"},{"@type":"Person","@id":"https:\/\/www.campa.com.mx\/site\/#\/schema\/person\/5bf1874b81661ed013f5aa29df30761c","name":"campa","image":{"@type":"ImageObject","inLanguage":"es","@id":"https:\/\/www.campa.com.mx\/site\/#\/schema\/person\/image\/","url":"https:\/\/secure.gravatar.com\/avatar\/921e6e5cffb9d78857948e938192591b9fd4168d0b55cc795582b49d9dc52bb1?s=96&d=mm&r=g","contentUrl":"https:\/\/secure.gravatar.com\/avatar\/921e6e5cffb9d78857948e938192591b9fd4168d0b55cc795582b49d9dc52bb1?s=96&d=mm&r=g","caption":"campa"}}]}},"jetpack_featured_media_url":"https:\/\/www.campa.com.mx\/site\/wp-content\/uploads\/2018\/04\/Empresas-de-tecnologi\u0301as-de-la-informacio\u0301n-TI-instaladas-en-Quere\u0301taro-participara\u0301n-en-Hannover-Messe-2018.png","jetpack_sharing_enabled":true,"_links":{"self":[{"href":"https:\/\/www.campa.com.mx\/site\/wp-json\/wp\/v2\/posts\/3018","targetHints":{"allow":["GET"]}}],"collection":[{"href":"https:\/\/www.campa.com.mx\/site\/wp-json\/wp\/v2\/posts"}],"about":[{"href":"https:\/\/www.campa.com.mx\/site\/wp-json\/wp\/v2\/types\/post"}],"author":[{"embeddable":true,"href":"https:\/\/www.campa.com.mx\/site\/wp-json\/wp\/v2\/users\/1"}],"replies":[{"embeddable":true,"href":"https:\/\/www.campa.com.mx\/site\/wp-json\/wp\/v2\/comments?post=3018"}],"version-history":[{"count":1,"href":"https:\/\/www.campa.com.mx\/site\/wp-json\/wp\/v2\/posts\/3018\/revisions"}],"predecessor-version":[{"id":3021,"href":"https:\/\/www.campa.com.mx\/site\/wp-json\/wp\/v2\/posts\/3018\/revisions\/3021"}],"wp:featuredmedia":[{"embeddable":true,"href":"https:\/\/www.campa.com.mx\/site\/wp-json\/wp\/v2\/media\/3020"}],"wp:attachment":[{"href":"https:\/\/www.campa.com.mx\/site\/wp-json\/wp\/v2\/media?parent=3018"}],"wp:term":[{"taxonomy":"category","embeddable":true,"href":"https:\/\/www.campa.com.mx\/site\/wp-json\/wp\/v2\/categories?post=3018"},{"taxonomy":"post_tag","embeddable":true,"href":"https:\/\/www.campa.com.mx\/site\/wp-json\/wp\/v2\/tags?post=3018"}],"curies":[{"name":"wp","href":"https:\/\/api.w.org\/{rel}","templated":true}]}}