{"id":3122,"date":"2018-05-11T15:51:55","date_gmt":"2018-05-11T15:51:55","guid":{"rendered":"http:\/\/www.campa.com.mx\/site\/?p=3122"},"modified":"2018-05-11T15:51:55","modified_gmt":"2018-05-11T15:51:55","slug":"17-de-mayo-como-limite-para-lograr-acuerdo-sobre-tlcan","status":"publish","type":"post","link":"https:\/\/www.campa.com.mx\/site\/17-de-mayo-como-limite-para-lograr-acuerdo-sobre-tlcan\/","title":{"rendered":"17 de mayo como l\u00edmite para lograr acuerdo sobre TLCAN"},"content":{"rendered":"<p>El l\u00edder de la C\u00e1mara baja de Estados Unidos, Paul Ryan, fij\u00f3 el 17 de mayo como l\u00edmite para notificar un nuevo acuerdo comercial del TLCAN al actual Congreso para que tenga oportunidad de aprobarlo, en tanto, el m\u00e1ximo funcionario comercial de M\u00e9xico dijo el jueves que se acaba el tiempo para cumplir con el plazo.<\/p>\n<p>Ryan, quien controla la legislaci\u00f3n en la C\u00e1mara de Representantes, estableci\u00f3 el plazo en comentarios entregados el mi\u00e9rcoles a la Ripon Society en Washington y publicados el jueves.<\/p>\n<p>Bajo la ley de negociaci\u00f3n comercial \u201cacelerada\u201d, hay per\u00edodos extendidos de notificaci\u00f3n antes de que el presidente de Estados Unidos, Donald Trump, pueda firmar un nuevo Tratado de Libre Comercio de Am\u00e9rica del Norte (TLCAN) y antes de que el Congreso pueda empezar a considerarlo.<\/p>\n<p>Permitir que las negociaciones se dilaten por mucho tiempo traspasar\u00eda su consideraci\u00f3n a un nuevo Congreso electo en noviembre que asumir\u00e1 en enero de 2018, en el que los dem\u00f3cratas podr\u00edan tener una mayor influencia.<\/p>\n<p>\u201cTenemos que tener el documento, no solo un acuerdo, tenemos que tener el documento, de la USTR (Oficina del Representante Comercial de Estados Unidos) antes del 17 de mayo para que votemos sobre \u00e9l este a\u00f1o, en diciembre\u201d, dijo Ryan.<\/p>\n<p>Una portavoz de Ryan dijo que se refer\u00eda a una notificaci\u00f3n de intenci\u00f3n de firmar el acuerdo del TLCAN, no necesariamente el texto completo.<\/p>\n<p>A\u00fan existen grandes diferencias entre los tres miembros del Tratado de Libre Comercio de Am\u00e9rica del Norte (TLCAN) despu\u00e9s de m\u00e1s de ocho lentos meses de negociaciones iniciadas por la insistencia de Washington, que quiere importantes cambios al pacto de 1994.<\/p>\n<p>El secretario de Econom\u00eda de M\u00e9xico, Ildefonso Guajardo, dijo el jueves que sabr\u00e1 antes del final del viernes si se puede alcanzar un pacto en el corto plazo.<\/p>\n<p>\u201cCreo que lo descubriremos durante el d\u00eda y ma\u00f1ana (&#8230;) si realmente tenemos lo que se necesita para abordar esas cosas a corto plazo\u201d, dijo Guajardo a Reuters.<\/p>\n<p>Una fuente cercana a las conversaciones dijo que es posible que Guajardo, el Representante de Comercio de Estados Unidos, Robert Lighthizer, y la ministra de Relaciones Exteriores de Canad\u00e1, Chrystia Freeland, podr\u00edan extender sus reuniones hasta el fin de semana.<\/p>\n<p>\u00c9l y sus hom\u00f3logos se han estado reuniendo en Washington desde el lunes para tratar de cerrar brechas importantes.<\/p>\n<p>Una portavoz de la USTR declin\u00f3 referirse al tema mientras que un portavoz de Freeland no respondi\u00f3 a una solicitud de comentarios. Guajardo, por su parte, dijo a Reuters que \u201ctenemos equipaje para dos semanas si es necesario\u201d.<\/p>\n<p>\u201cObviamente, M\u00e9xico est\u00e1 aqu\u00ed para negociar el mejor acuerdo para los trabajadores y consumidores mexicanos. Llevar\u00e1 tanto tiempo como sea necesario\u201d, dijo el jueves a periodistas el subsecretario de Negociaciones comerciales mexicano, Juan Carlos Baker.<\/p>\n<p>Ryan, no obstante, se mostr\u00f3 esc\u00e9ptico sobre la posibilidad de que se pueda lograr un acuerdo a tiempo y se\u00f1al\u00f3 que a\u00fan siguen sin resolverse varios asuntos importantes, como las demandas de Estados Unidos de un mayor acceso al mercado l\u00e1cteo de Canad\u00e1 y hacer que el sistema de arbitraje de disputas de inversi\u00f3n sea opcional.<\/p>\n<p>Freeland, sin embargo, adopt\u00f3 un tono m\u00e1s optimista. En declaraciones a la prensa despu\u00e9s de reuniones con legisladores estadounidenses en el Capitolio, eludi\u00f3 las preguntas sobre cu\u00e1ndo se podr\u00eda llegar a un acuerdo, pero dijo que las tres naciones hab\u00edan progresado mucho desde el lunes. (Reporte de David Ljunggren, Editado en Espa\u00f1ol por Janisse Huambachano, Manuel Far\u00edas y Carlos Aliaga)<\/p>\n<p>&nbsp;<\/p>\n<p>Fuente:mx.reuters<\/p>\n","protected":false},"excerpt":{"rendered":"<p>El l\u00edder de la C\u00e1mara baja de Estados Unidos, Paul Ryan, fij\u00f3 el 17 de mayo como l\u00edmite para notificar un nuevo acuerdo comercial del TLCAN al actual Congreso para que tenga oportunidad de aprobarlo, en tanto, el m\u00e1ximo funcionario [&hellip;]<\/p>\n","protected":false},"author":1,"featured_media":3124,"comment_status":"open","ping_status":"open","sticky":false,"template":"","format":"standard","meta":{"inline_featured_image":false,"_jetpack_memberships_contains_paid_content":false,"footnotes":""},"categories":[1],"tags":[],"class_list":["post-3122","post","type-post","status-publish","format-standard","has-post-thumbnail","hentry","category-campa"],"yoast_head":"<!-- This site is optimized with the Yoast SEO plugin v20.9 - https:\/\/yoast.com\/wordpress\/plugins\/seo\/ -->\n<title>17 de mayo como l\u00edmite para lograr acuerdo sobre TLCAN - Campa<\/title>\n<meta name=\"robots\" content=\"index, follow, max-snippet:-1, max-image-preview:large, max-video-preview:-1\" \/>\n<link rel=\"canonical\" href=\"https:\/\/www.campa.com.mx\/site\/17-de-mayo-como-limite-para-lograr-acuerdo-sobre-tlcan\/\" \/>\n<meta property=\"og:locale\" content=\"es_ES\" \/>\n<meta property=\"og:type\" content=\"article\" \/>\n<meta property=\"og:title\" content=\"17 de mayo como l\u00edmite para lograr acuerdo sobre TLCAN - Campa\" \/>\n<meta property=\"og:description\" content=\"El l\u00edder de la C\u00e1mara baja de Estados Unidos, Paul Ryan, fij\u00f3 el 17 de mayo como l\u00edmite para notificar un nuevo acuerdo comercial del TLCAN al actual Congreso para que tenga oportunidad de aprobarlo, en tanto, el m\u00e1ximo funcionario [&hellip;]\" \/>\n<meta property=\"og:url\" content=\"https:\/\/www.campa.com.mx\/site\/17-de-mayo-como-limite-para-lograr-acuerdo-sobre-tlcan\/\" \/>\n<meta property=\"og:site_name\" content=\"Campa\" \/>\n<meta property=\"article:publisher\" content=\"https:\/\/www.facebook.com\/MovimientoAnexo24\" \/>\n<meta property=\"article:published_time\" content=\"2018-05-11T15:51:55+00:00\" \/>\n<meta property=\"og:image\" content=\"https:\/\/www.campa.com.mx\/site\/wp-content\/uploads\/2018\/05\/17-de-mayo-como-li\u0301mite-para-lograr-acuerdo-sobre-TLCAN.png\" \/>\n\t<meta property=\"og:image:width\" content=\"1195\" \/>\n\t<meta property=\"og:image:height\" content=\"623\" \/>\n\t<meta property=\"og:image:type\" content=\"image\/png\" \/>\n<meta name=\"author\" content=\"campa\" \/>\n<meta name=\"twitter:card\" content=\"summary_large_image\" \/>\n<meta name=\"twitter:creator\" content=\"@artycampa\" \/>\n<meta name=\"twitter:site\" content=\"@artycampa\" \/>\n<meta name=\"twitter:label1\" content=\"Escrito por\" \/>\n\t<meta name=\"twitter:data1\" content=\"campa\" \/>\n\t<meta name=\"twitter:label2\" content=\"Tiempo de lectura\" \/>\n\t<meta name=\"twitter:data2\" content=\"3 minutos\" \/>\n<script type=\"application\/ld+json\" class=\"yoast-schema-graph\">{\"@context\":\"https:\/\/schema.org\",\"@graph\":[{\"@type\":\"WebPage\",\"@id\":\"https:\/\/www.campa.com.mx\/site\/17-de-mayo-como-limite-para-lograr-acuerdo-sobre-tlcan\/\",\"url\":\"https:\/\/www.campa.com.mx\/site\/17-de-mayo-como-limite-para-lograr-acuerdo-sobre-tlcan\/\",\"name\":\"17 de mayo como l\u00edmite para lograr acuerdo sobre TLCAN - Campa\",\"isPartOf\":{\"@id\":\"https:\/\/www.campa.com.mx\/site\/#website\"},\"datePublished\":\"2018-05-11T15:51:55+00:00\",\"dateModified\":\"2018-05-11T15:51:55+00:00\",\"author\":{\"@id\":\"https:\/\/www.campa.com.mx\/site\/#\/schema\/person\/5bf1874b81661ed013f5aa29df30761c\"},\"breadcrumb\":{\"@id\":\"https:\/\/www.campa.com.mx\/site\/17-de-mayo-como-limite-para-lograr-acuerdo-sobre-tlcan\/#breadcrumb\"},\"inLanguage\":\"es\",\"potentialAction\":[{\"@type\":\"ReadAction\",\"target\":[\"https:\/\/www.campa.com.mx\/site\/17-de-mayo-como-limite-para-lograr-acuerdo-sobre-tlcan\/\"]}]},{\"@type\":\"BreadcrumbList\",\"@id\":\"https:\/\/www.campa.com.mx\/site\/17-de-mayo-como-limite-para-lograr-acuerdo-sobre-tlcan\/#breadcrumb\",\"itemListElement\":[{\"@type\":\"ListItem\",\"position\":1,\"name\":\"Portada\",\"item\":\"https:\/\/www.campa.com.mx\/site\/\"},{\"@type\":\"ListItem\",\"position\":2,\"name\":\"17 de mayo como l\u00edmite para lograr acuerdo sobre TLCAN\"}]},{\"@type\":\"WebSite\",\"@id\":\"https:\/\/www.campa.com.mx\/site\/#website\",\"url\":\"https:\/\/www.campa.com.mx\/site\/\",\"name\":\"Campa\",\"description\":\"Tecnolog\u00eda - Comercio Exterior - Servicios\",\"potentialAction\":[{\"@type\":\"SearchAction\",\"target\":{\"@type\":\"EntryPoint\",\"urlTemplate\":\"https:\/\/www.campa.com.mx\/site\/?s={search_term_string}\"},\"query-input\":\"required name=search_term_string\"}],\"inLanguage\":\"es\"},{\"@type\":\"Person\",\"@id\":\"https:\/\/www.campa.com.mx\/site\/#\/schema\/person\/5bf1874b81661ed013f5aa29df30761c\",\"name\":\"campa\",\"image\":{\"@type\":\"ImageObject\",\"inLanguage\":\"es\",\"@id\":\"https:\/\/www.campa.com.mx\/site\/#\/schema\/person\/image\/\",\"url\":\"https:\/\/secure.gravatar.com\/avatar\/921e6e5cffb9d78857948e938192591b9fd4168d0b55cc795582b49d9dc52bb1?s=96&d=mm&r=g\",\"contentUrl\":\"https:\/\/secure.gravatar.com\/avatar\/921e6e5cffb9d78857948e938192591b9fd4168d0b55cc795582b49d9dc52bb1?s=96&d=mm&r=g\",\"caption\":\"campa\"}}]}<\/script>\n<!-- \/ Yoast SEO plugin. -->","yoast_head_json":{"title":"17 de mayo como l\u00edmite para lograr acuerdo sobre TLCAN - Campa","robots":{"index":"index","follow":"follow","max-snippet":"max-snippet:-1","max-image-preview":"max-image-preview:large","max-video-preview":"max-video-preview:-1"},"canonical":"https:\/\/www.campa.com.mx\/site\/17-de-mayo-como-limite-para-lograr-acuerdo-sobre-tlcan\/","og_locale":"es_ES","og_type":"article","og_title":"17 de mayo como l\u00edmite para lograr acuerdo sobre TLCAN - Campa","og_description":"El l\u00edder de la C\u00e1mara baja de Estados Unidos, Paul Ryan, fij\u00f3 el 17 de mayo como l\u00edmite para notificar un nuevo acuerdo comercial del TLCAN al actual Congreso para que tenga oportunidad de aprobarlo, en tanto, el m\u00e1ximo funcionario [&hellip;]","og_url":"https:\/\/www.campa.com.mx\/site\/17-de-mayo-como-limite-para-lograr-acuerdo-sobre-tlcan\/","og_site_name":"Campa","article_publisher":"https:\/\/www.facebook.com\/MovimientoAnexo24","article_published_time":"2018-05-11T15:51:55+00:00","og_image":[{"width":1195,"height":623,"url":"https:\/\/www.campa.com.mx\/site\/wp-content\/uploads\/2018\/05\/17-de-mayo-como-li\u0301mite-para-lograr-acuerdo-sobre-TLCAN.png","type":"image\/png"}],"author":"campa","twitter_card":"summary_large_image","twitter_creator":"@artycampa","twitter_site":"@artycampa","twitter_misc":{"Escrito por":"campa","Tiempo de lectura":"3 minutos"},"schema":{"@context":"https:\/\/schema.org","@graph":[{"@type":"WebPage","@id":"https:\/\/www.campa.com.mx\/site\/17-de-mayo-como-limite-para-lograr-acuerdo-sobre-tlcan\/","url":"https:\/\/www.campa.com.mx\/site\/17-de-mayo-como-limite-para-lograr-acuerdo-sobre-tlcan\/","name":"17 de mayo como l\u00edmite para lograr acuerdo sobre TLCAN - Campa","isPartOf":{"@id":"https:\/\/www.campa.com.mx\/site\/#website"},"datePublished":"2018-05-11T15:51:55+00:00","dateModified":"2018-05-11T15:51:55+00:00","author":{"@id":"https:\/\/www.campa.com.mx\/site\/#\/schema\/person\/5bf1874b81661ed013f5aa29df30761c"},"breadcrumb":{"@id":"https:\/\/www.campa.com.mx\/site\/17-de-mayo-como-limite-para-lograr-acuerdo-sobre-tlcan\/#breadcrumb"},"inLanguage":"es","potentialAction":[{"@type":"ReadAction","target":["https:\/\/www.campa.com.mx\/site\/17-de-mayo-como-limite-para-lograr-acuerdo-sobre-tlcan\/"]}]},{"@type":"BreadcrumbList","@id":"https:\/\/www.campa.com.mx\/site\/17-de-mayo-como-limite-para-lograr-acuerdo-sobre-tlcan\/#breadcrumb","itemListElement":[{"@type":"ListItem","position":1,"name":"Portada","item":"https:\/\/www.campa.com.mx\/site\/"},{"@type":"ListItem","position":2,"name":"17 de mayo como l\u00edmite para lograr acuerdo sobre TLCAN"}]},{"@type":"WebSite","@id":"https:\/\/www.campa.com.mx\/site\/#website","url":"https:\/\/www.campa.com.mx\/site\/","name":"Campa","description":"Tecnolog\u00eda - Comercio Exterior - Servicios","potentialAction":[{"@type":"SearchAction","target":{"@type":"EntryPoint","urlTemplate":"https:\/\/www.campa.com.mx\/site\/?s={search_term_string}"},"query-input":"required name=search_term_string"}],"inLanguage":"es"},{"@type":"Person","@id":"https:\/\/www.campa.com.mx\/site\/#\/schema\/person\/5bf1874b81661ed013f5aa29df30761c","name":"campa","image":{"@type":"ImageObject","inLanguage":"es","@id":"https:\/\/www.campa.com.mx\/site\/#\/schema\/person\/image\/","url":"https:\/\/secure.gravatar.com\/avatar\/921e6e5cffb9d78857948e938192591b9fd4168d0b55cc795582b49d9dc52bb1?s=96&d=mm&r=g","contentUrl":"https:\/\/secure.gravatar.com\/avatar\/921e6e5cffb9d78857948e938192591b9fd4168d0b55cc795582b49d9dc52bb1?s=96&d=mm&r=g","caption":"campa"}}]}},"jetpack_featured_media_url":"https:\/\/www.campa.com.mx\/site\/wp-content\/uploads\/2018\/05\/17-de-mayo-como-li\u0301mite-para-lograr-acuerdo-sobre-TLCAN.png","jetpack_sharing_enabled":true,"_links":{"self":[{"href":"https:\/\/www.campa.com.mx\/site\/wp-json\/wp\/v2\/posts\/3122","targetHints":{"allow":["GET"]}}],"collection":[{"href":"https:\/\/www.campa.com.mx\/site\/wp-json\/wp\/v2\/posts"}],"about":[{"href":"https:\/\/www.campa.com.mx\/site\/wp-json\/wp\/v2\/types\/post"}],"author":[{"embeddable":true,"href":"https:\/\/www.campa.com.mx\/site\/wp-json\/wp\/v2\/users\/1"}],"replies":[{"embeddable":true,"href":"https:\/\/www.campa.com.mx\/site\/wp-json\/wp\/v2\/comments?post=3122"}],"version-history":[{"count":1,"href":"https:\/\/www.campa.com.mx\/site\/wp-json\/wp\/v2\/posts\/3122\/revisions"}],"predecessor-version":[{"id":3125,"href":"https:\/\/www.campa.com.mx\/site\/wp-json\/wp\/v2\/posts\/3122\/revisions\/3125"}],"wp:featuredmedia":[{"embeddable":true,"href":"https:\/\/www.campa.com.mx\/site\/wp-json\/wp\/v2\/media\/3124"}],"wp:attachment":[{"href":"https:\/\/www.campa.com.mx\/site\/wp-json\/wp\/v2\/media?parent=3122"}],"wp:term":[{"taxonomy":"category","embeddable":true,"href":"https:\/\/www.campa.com.mx\/site\/wp-json\/wp\/v2\/categories?post=3122"},{"taxonomy":"post_tag","embeddable":true,"href":"https:\/\/www.campa.com.mx\/site\/wp-json\/wp\/v2\/tags?post=3122"}],"curies":[{"name":"wp","href":"https:\/\/api.w.org\/{rel}","templated":true}]}}