{"id":3130,"date":"2018-05-15T14:15:05","date_gmt":"2018-05-15T14:15:05","guid":{"rendered":"http:\/\/www.campa.com.mx\/site\/?p=3130"},"modified":"2018-05-15T14:15:05","modified_gmt":"2018-05-15T14:15:05","slug":"sin-fecha-limite-para-concluir-tlcan-2-0","status":"publish","type":"post","link":"https:\/\/www.campa.com.mx\/site\/sin-fecha-limite-para-concluir-tlcan-2-0\/","title":{"rendered":"Sin fecha l\u00edmite para concluir TLCAN 2.0"},"content":{"rendered":"<p class=\"paragraph\" data-count=\"395\" data-wrap=\"64\">Pese a que el presidente de la C\u00e1mara de Representantes, Paul Ryan, fij\u00f3 como plazo el 17 de mayo para llegar a un nuevo acuerdo en la renegociaci\u00f3n del Tratado de Libre Comercio de Am\u00e9rica del Norte (<strong>TLCAN<\/strong>), Juan Carlos Baker, subsecretario de Comercio Exterior de la Secretar\u00eda de Econom\u00eda, asegur\u00f3 que los<strong>\u00a0negociadores mexicanos<\/strong>\u00a0no tienen<strong>\u00a0ninguna fecha l\u00edmite\u00a0<\/strong>para concluir las\u00a0<strong>negociaciones.<\/strong><\/p>\n<p class=\"paragraph\" data-count=\"508\" data-wrap=\"91\">\u201cYo no lo sent\u00ed (el mensaje de Paul Ryan) de ninguna manera dirigido a M\u00e9xico, no nos sentimos obligados a cumplir un \u2018deadline\u2019 que se desprende de una regulaci\u00f3n con Estados Unidos. Para nosotros el 17 de mayo es un d\u00eda que desde luego puede tener impacto en el calendario y en la organizaci\u00f3n de EU, pero M\u00e9xico no tiene \u2018deadlines\u2019, M\u00e9xico va a continuar negociando y siempre va a estar en la mesa, si Estados Unidos decide retirarse, eso ya es otra cosa\u201d<strong>.<\/strong><\/p>\n<p class=\"paragraph\" data-count=\"318\" data-wrap=\"44\">El representante de Comercio de Estados Unidos,\u00a0<strong>Robert<\/strong>\u00a0<strong>Lighthizer<\/strong>; el secretario de Econom\u00eda,<strong>\u00a0Ildefonso<\/strong>\u00a0<strong>Guajardo<\/strong>, y la ministra de Relaciones Exteriores de Canad\u00e1,\u00a0<strong>Chrystia<\/strong>\u00a0<strong>Freeland<\/strong>,\u00a0<strong>no tienen programado reunirse esta semana<\/strong>, seg\u00fan tres funcionarios del gobierno que hablaron con Bloomberg bajo condici\u00f3n de anonimato.<\/p>\n<p class=\"paragraph\" data-count=\"301\" data-wrap=\"47\"><strong>Mois\u00e9s Kalach<\/strong>, l\u00edder del Consejo Consultivo de Negociaciones Internacionales del Consejo Coordinador Empresarial, coincidi\u00f3 con Baker y mencion\u00f3 que el contexto de temporalidad establecido por Ryan es algo que tiene que ver con<strong>\u00a0lo que le conviene a EU<\/strong>\u00a0para la aprobaci\u00f3n de la negociaci\u00f3n del acuerdo.<\/p>\n<p class=\"paragraph\" data-count=\"376\" data-wrap=\"65\">\u201cLo que sali\u00f3 a decir el l\u00edder republicano Paul Ryan simplemente es el calendario de EU, lo que le conviene a EU para la aprobaci\u00f3n de esta negociaci\u00f3n, nosotros alineados con el gobierno mexicano, hemos dicho que lo importante es la claridad de la negociaci\u00f3n y por ende no hay prisa para terminar esta semana si no es la negociaci\u00f3n correcta\u201d.<\/p>\n<h3 class=\"featured__title\"><strong>Reuniones ministeriales<\/strong><\/h3>\n<p class=\"paragraph\" data-count=\"185\" data-wrap=\"30\">Seg\u00fan fuentes de Bloomberg, las conversaciones de bajo nivel del TLCAN seguir\u00e1n y podr\u00edan generar un gran avance y una reuni\u00f3n ministerial, pero hasta ahora no se ha programado ninguna.<\/p>\n<p class=\"paragraph\" data-count=\"119\" data-wrap=\"18\">Los tres funcionarios consultados dijeron que los ministros podr\u00edan reunirse la pr\u00f3xima semana o m\u00e1s adelante este mes.<\/p>\n<p class=\"paragraph\" data-count=\"206\" data-wrap=\"32\">Los negociadores principales tienen programada una conferencia telef\u00f3nica a inicios de la semana para evaluar el estado de las conversaciones y si una reuni\u00f3n ministerial es factible a fines de esta semana.<\/p>\n<h3 class=\"featured__title\"><strong>EU Y Canad\u00e1 analizan cierre r\u00e1pido<\/strong><\/h3>\n<p class=\"paragraph\" data-count=\"229\" data-wrap=\"37\">El primer ministro de Canad\u00e1,<strong>\u00a0Justin Trudeau<\/strong>, discuti\u00f3 en una llamada telef\u00f3nica con el presidente de EU,\u00a0<strong>Donald Trump<\/strong>, la posibilidad de llevar las renegociaciones a una \u2018conclusi\u00f3n r\u00e1pida\u2019, inform\u00f3 la oficina del canadiense.<\/p>\n<p class=\"paragraph\" data-count=\"132\" data-wrap=\"22\">\u201cEl presidente Trump subray\u00f3 la importancia de concluir r\u00e1pidamente el acuerdo\u201d, dijo por su parte la Casa Blanca en un comunicado.<\/p>\n<p class=\"paragraph\" data-count=\"40\" data-wrap=\"6\">\ufffc<em>Con informaci\u00f3n de Bloomberg y Reuters*<\/em><\/p>\n<p data-count=\"40\" data-wrap=\"6\">\n<p data-count=\"40\" data-wrap=\"6\">Fuente:elfinanciero<\/p>\n<div class=\"rich__block \"><\/div>\n<p data-count=\"318\" data-wrap=\"44\">\n","protected":false},"excerpt":{"rendered":"<p>Pese a que el presidente de la C\u00e1mara de Representantes, Paul Ryan, fij\u00f3 como plazo el 17 de mayo para llegar a un nuevo acuerdo en la renegociaci\u00f3n del Tratado de Libre Comercio de Am\u00e9rica del Norte (TLCAN), Juan Carlos [&hellip;]<\/p>\n","protected":false},"author":1,"featured_media":3131,"comment_status":"open","ping_status":"open","sticky":false,"template":"","format":"standard","meta":{"inline_featured_image":false,"_jetpack_memberships_contains_paid_content":false,"footnotes":""},"categories":[1],"tags":[154,628,627,109,108,190],"class_list":["post-3130","post","type-post","status-publish","format-standard","has-post-thumbnail","hentry","category-campa","tag-canada","tag-comercio-de-estados-unidos","tag-comercio-exterior-de-la-secretaria-de-economia","tag-donald-trump","tag-tlcan","tag-tratado-de-libre-comercio-de-america-del-norte"],"yoast_head":"<!-- This site is optimized with the Yoast SEO plugin v20.9 - https:\/\/yoast.com\/wordpress\/plugins\/seo\/ -->\n<title>Sin fecha l\u00edmite para concluir TLCAN 2.0 - Campa<\/title>\n<meta name=\"robots\" content=\"index, follow, max-snippet:-1, max-image-preview:large, max-video-preview:-1\" \/>\n<link rel=\"canonical\" href=\"https:\/\/www.campa.com.mx\/site\/sin-fecha-limite-para-concluir-tlcan-2-0\/\" \/>\n<meta property=\"og:locale\" content=\"es_ES\" \/>\n<meta property=\"og:type\" content=\"article\" \/>\n<meta property=\"og:title\" content=\"Sin fecha l\u00edmite para concluir TLCAN 2.0 - Campa\" \/>\n<meta property=\"og:description\" content=\"Pese a que el presidente de la C\u00e1mara de Representantes, Paul Ryan, fij\u00f3 como plazo el 17 de mayo para llegar a un nuevo acuerdo en la renegociaci\u00f3n del Tratado de Libre Comercio de Am\u00e9rica del Norte (TLCAN), Juan Carlos [&hellip;]\" \/>\n<meta property=\"og:url\" content=\"https:\/\/www.campa.com.mx\/site\/sin-fecha-limite-para-concluir-tlcan-2-0\/\" \/>\n<meta property=\"og:site_name\" content=\"Campa\" \/>\n<meta property=\"article:publisher\" content=\"https:\/\/www.facebook.com\/MovimientoAnexo24\" \/>\n<meta property=\"article:published_time\" content=\"2018-05-15T14:15:05+00:00\" \/>\n<meta property=\"og:image\" content=\"https:\/\/www.campa.com.mx\/site\/wp-content\/uploads\/2018\/05\/Sin-fecha-li\u0301mite-para-concluir-TLCAN-2.0.png\" \/>\n\t<meta property=\"og:image:width\" content=\"1196\" \/>\n\t<meta property=\"og:image:height\" content=\"623\" \/>\n\t<meta property=\"og:image:type\" content=\"image\/png\" \/>\n<meta name=\"author\" content=\"campa\" \/>\n<meta name=\"twitter:card\" content=\"summary_large_image\" \/>\n<meta name=\"twitter:creator\" content=\"@artycampa\" \/>\n<meta name=\"twitter:site\" content=\"@artycampa\" \/>\n<meta name=\"twitter:label1\" content=\"Escrito por\" \/>\n\t<meta name=\"twitter:data1\" content=\"campa\" \/>\n\t<meta name=\"twitter:label2\" content=\"Tiempo de lectura\" \/>\n\t<meta name=\"twitter:data2\" content=\"2 minutos\" \/>\n<script type=\"application\/ld+json\" class=\"yoast-schema-graph\">{\"@context\":\"https:\/\/schema.org\",\"@graph\":[{\"@type\":\"WebPage\",\"@id\":\"https:\/\/www.campa.com.mx\/site\/sin-fecha-limite-para-concluir-tlcan-2-0\/\",\"url\":\"https:\/\/www.campa.com.mx\/site\/sin-fecha-limite-para-concluir-tlcan-2-0\/\",\"name\":\"Sin fecha l\u00edmite para concluir TLCAN 2.0 - Campa\",\"isPartOf\":{\"@id\":\"https:\/\/www.campa.com.mx\/site\/#website\"},\"datePublished\":\"2018-05-15T14:15:05+00:00\",\"dateModified\":\"2018-05-15T14:15:05+00:00\",\"author\":{\"@id\":\"https:\/\/www.campa.com.mx\/site\/#\/schema\/person\/5bf1874b81661ed013f5aa29df30761c\"},\"breadcrumb\":{\"@id\":\"https:\/\/www.campa.com.mx\/site\/sin-fecha-limite-para-concluir-tlcan-2-0\/#breadcrumb\"},\"inLanguage\":\"es\",\"potentialAction\":[{\"@type\":\"ReadAction\",\"target\":[\"https:\/\/www.campa.com.mx\/site\/sin-fecha-limite-para-concluir-tlcan-2-0\/\"]}]},{\"@type\":\"BreadcrumbList\",\"@id\":\"https:\/\/www.campa.com.mx\/site\/sin-fecha-limite-para-concluir-tlcan-2-0\/#breadcrumb\",\"itemListElement\":[{\"@type\":\"ListItem\",\"position\":1,\"name\":\"Portada\",\"item\":\"https:\/\/www.campa.com.mx\/site\/\"},{\"@type\":\"ListItem\",\"position\":2,\"name\":\"Sin fecha l\u00edmite para concluir TLCAN 2.0\"}]},{\"@type\":\"WebSite\",\"@id\":\"https:\/\/www.campa.com.mx\/site\/#website\",\"url\":\"https:\/\/www.campa.com.mx\/site\/\",\"name\":\"Campa\",\"description\":\"Tecnolog\u00eda - Comercio Exterior - Servicios\",\"potentialAction\":[{\"@type\":\"SearchAction\",\"target\":{\"@type\":\"EntryPoint\",\"urlTemplate\":\"https:\/\/www.campa.com.mx\/site\/?s={search_term_string}\"},\"query-input\":\"required name=search_term_string\"}],\"inLanguage\":\"es\"},{\"@type\":\"Person\",\"@id\":\"https:\/\/www.campa.com.mx\/site\/#\/schema\/person\/5bf1874b81661ed013f5aa29df30761c\",\"name\":\"campa\",\"image\":{\"@type\":\"ImageObject\",\"inLanguage\":\"es\",\"@id\":\"https:\/\/www.campa.com.mx\/site\/#\/schema\/person\/image\/\",\"url\":\"https:\/\/secure.gravatar.com\/avatar\/921e6e5cffb9d78857948e938192591b9fd4168d0b55cc795582b49d9dc52bb1?s=96&d=mm&r=g\",\"contentUrl\":\"https:\/\/secure.gravatar.com\/avatar\/921e6e5cffb9d78857948e938192591b9fd4168d0b55cc795582b49d9dc52bb1?s=96&d=mm&r=g\",\"caption\":\"campa\"}}]}<\/script>\n<!-- \/ Yoast SEO plugin. -->","yoast_head_json":{"title":"Sin fecha l\u00edmite para concluir TLCAN 2.0 - Campa","robots":{"index":"index","follow":"follow","max-snippet":"max-snippet:-1","max-image-preview":"max-image-preview:large","max-video-preview":"max-video-preview:-1"},"canonical":"https:\/\/www.campa.com.mx\/site\/sin-fecha-limite-para-concluir-tlcan-2-0\/","og_locale":"es_ES","og_type":"article","og_title":"Sin fecha l\u00edmite para concluir TLCAN 2.0 - Campa","og_description":"Pese a que el presidente de la C\u00e1mara de Representantes, Paul Ryan, fij\u00f3 como plazo el 17 de mayo para llegar a un nuevo acuerdo en la renegociaci\u00f3n del Tratado de Libre Comercio de Am\u00e9rica del Norte (TLCAN), Juan Carlos [&hellip;]","og_url":"https:\/\/www.campa.com.mx\/site\/sin-fecha-limite-para-concluir-tlcan-2-0\/","og_site_name":"Campa","article_publisher":"https:\/\/www.facebook.com\/MovimientoAnexo24","article_published_time":"2018-05-15T14:15:05+00:00","og_image":[{"width":1196,"height":623,"url":"https:\/\/www.campa.com.mx\/site\/wp-content\/uploads\/2018\/05\/Sin-fecha-li\u0301mite-para-concluir-TLCAN-2.0.png","type":"image\/png"}],"author":"campa","twitter_card":"summary_large_image","twitter_creator":"@artycampa","twitter_site":"@artycampa","twitter_misc":{"Escrito por":"campa","Tiempo de lectura":"2 minutos"},"schema":{"@context":"https:\/\/schema.org","@graph":[{"@type":"WebPage","@id":"https:\/\/www.campa.com.mx\/site\/sin-fecha-limite-para-concluir-tlcan-2-0\/","url":"https:\/\/www.campa.com.mx\/site\/sin-fecha-limite-para-concluir-tlcan-2-0\/","name":"Sin fecha l\u00edmite para concluir TLCAN 2.0 - Campa","isPartOf":{"@id":"https:\/\/www.campa.com.mx\/site\/#website"},"datePublished":"2018-05-15T14:15:05+00:00","dateModified":"2018-05-15T14:15:05+00:00","author":{"@id":"https:\/\/www.campa.com.mx\/site\/#\/schema\/person\/5bf1874b81661ed013f5aa29df30761c"},"breadcrumb":{"@id":"https:\/\/www.campa.com.mx\/site\/sin-fecha-limite-para-concluir-tlcan-2-0\/#breadcrumb"},"inLanguage":"es","potentialAction":[{"@type":"ReadAction","target":["https:\/\/www.campa.com.mx\/site\/sin-fecha-limite-para-concluir-tlcan-2-0\/"]}]},{"@type":"BreadcrumbList","@id":"https:\/\/www.campa.com.mx\/site\/sin-fecha-limite-para-concluir-tlcan-2-0\/#breadcrumb","itemListElement":[{"@type":"ListItem","position":1,"name":"Portada","item":"https:\/\/www.campa.com.mx\/site\/"},{"@type":"ListItem","position":2,"name":"Sin fecha l\u00edmite para concluir TLCAN 2.0"}]},{"@type":"WebSite","@id":"https:\/\/www.campa.com.mx\/site\/#website","url":"https:\/\/www.campa.com.mx\/site\/","name":"Campa","description":"Tecnolog\u00eda - Comercio Exterior - Servicios","potentialAction":[{"@type":"SearchAction","target":{"@type":"EntryPoint","urlTemplate":"https:\/\/www.campa.com.mx\/site\/?s={search_term_string}"},"query-input":"required name=search_term_string"}],"inLanguage":"es"},{"@type":"Person","@id":"https:\/\/www.campa.com.mx\/site\/#\/schema\/person\/5bf1874b81661ed013f5aa29df30761c","name":"campa","image":{"@type":"ImageObject","inLanguage":"es","@id":"https:\/\/www.campa.com.mx\/site\/#\/schema\/person\/image\/","url":"https:\/\/secure.gravatar.com\/avatar\/921e6e5cffb9d78857948e938192591b9fd4168d0b55cc795582b49d9dc52bb1?s=96&d=mm&r=g","contentUrl":"https:\/\/secure.gravatar.com\/avatar\/921e6e5cffb9d78857948e938192591b9fd4168d0b55cc795582b49d9dc52bb1?s=96&d=mm&r=g","caption":"campa"}}]}},"jetpack_featured_media_url":"https:\/\/www.campa.com.mx\/site\/wp-content\/uploads\/2018\/05\/Sin-fecha-li\u0301mite-para-concluir-TLCAN-2.0.png","jetpack_sharing_enabled":true,"_links":{"self":[{"href":"https:\/\/www.campa.com.mx\/site\/wp-json\/wp\/v2\/posts\/3130","targetHints":{"allow":["GET"]}}],"collection":[{"href":"https:\/\/www.campa.com.mx\/site\/wp-json\/wp\/v2\/posts"}],"about":[{"href":"https:\/\/www.campa.com.mx\/site\/wp-json\/wp\/v2\/types\/post"}],"author":[{"embeddable":true,"href":"https:\/\/www.campa.com.mx\/site\/wp-json\/wp\/v2\/users\/1"}],"replies":[{"embeddable":true,"href":"https:\/\/www.campa.com.mx\/site\/wp-json\/wp\/v2\/comments?post=3130"}],"version-history":[{"count":1,"href":"https:\/\/www.campa.com.mx\/site\/wp-json\/wp\/v2\/posts\/3130\/revisions"}],"predecessor-version":[{"id":3132,"href":"https:\/\/www.campa.com.mx\/site\/wp-json\/wp\/v2\/posts\/3130\/revisions\/3132"}],"wp:featuredmedia":[{"embeddable":true,"href":"https:\/\/www.campa.com.mx\/site\/wp-json\/wp\/v2\/media\/3131"}],"wp:attachment":[{"href":"https:\/\/www.campa.com.mx\/site\/wp-json\/wp\/v2\/media?parent=3130"}],"wp:term":[{"taxonomy":"category","embeddable":true,"href":"https:\/\/www.campa.com.mx\/site\/wp-json\/wp\/v2\/categories?post=3130"},{"taxonomy":"post_tag","embeddable":true,"href":"https:\/\/www.campa.com.mx\/site\/wp-json\/wp\/v2\/tags?post=3130"}],"curies":[{"name":"wp","href":"https:\/\/api.w.org\/{rel}","templated":true}]}}