{"id":3165,"date":"2018-05-24T14:11:19","date_gmt":"2018-05-24T14:11:19","guid":{"rendered":"http:\/\/www.campa.com.mx\/site\/?p=3165"},"modified":"2018-05-24T14:11:19","modified_gmt":"2018-05-24T14:11:19","slug":"audi-busca-estudiantes-mexicanos-para-trabajar-en-alemania","status":"publish","type":"post","link":"https:\/\/www.campa.com.mx\/site\/audi-busca-estudiantes-mexicanos-para-trabajar-en-alemania\/","title":{"rendered":"Audi busca estudiantes mexicanos para trabajar en Alemania"},"content":{"rendered":"<p><strong>Audi\u00a0<\/strong>est\u00e1 buscando estudiantes mexicanos en\u00a0<strong>ingenier\u00eda\u00a0<\/strong>que quieran comenzar a adquirir experiencia en la industria automotriz.<\/p>\n<p>El programa llamado\u00a0<em>&#8220;Estudiantes Mexicanos en Alemania&#8221;\u00a0<\/em>(EMA), de esta empresa automotriz ofrece la oportunidad de que los\u00a0<strong>j\u00f3venes\u00a0<\/strong>pongan en pr\u00e1ctica sus conocimientos, al trabajar en proyectos de la empresa, tanto en Audi M\u00e9xico, como en\u00a0<strong>Audi AG Alemania.<\/strong><\/p>\n<p>Si el desempe\u00f1o durante el programa es exitoso, los participantes tendr\u00e1n la posibilidad de ser contratados por\u00a0<strong>Audi M\u00e9xico<\/strong>, en<strong>\u00a0San Jos\u00e9 Chiapa.<\/strong><\/p>\n<p>A\u00fan est\u00e1s a tiempo, ya que la etapa de selecci\u00f3n se realizar\u00e1 de septiembre a noviembre de\u00a0<strong>2018<\/strong>.<\/p>\n<p>Los participantes seleccionados comienzan el programa\u00a0<strong>EMA\u00a0<\/strong>con tres meses de pr\u00e1cticas en\u00a0<strong>Audi M\u00e9xico.\u00a0<\/strong><\/p>\n<p>Despu\u00e9s los estudiantes viajar\u00e1n a Alemania, donde cursar\u00e1n un semestre (de agosto a septiembre) en una universidad, en un curso intensivo de alem\u00e1n, para que en marzo del pr\u00f3ximo a\u00f1o realicen sus pr\u00e1cticas profesionales en\u00a0<strong>Audi AG<\/strong>, ya sea en Ingolstadt o Neckarsulm, durante los siguientes seis meses.<\/p>\n<p>Durante el programa, los participantes pueden contar con un curso de alem\u00e1n.<\/p>\n<p>Para participar en el proceso de selecci\u00f3n debes estar cursando los dos \u00faltimos semestres de tu carrera de cualquier intgenier\u00eda relacionada a la i<strong>ndustria automotriz,\u00a0<\/strong>adem\u00e1s de:<\/p>\n<p>Promedio m\u00ednimo de 8.5<br \/>\nIngl\u00e9s avanzado (TOEFL 550pts)<br \/>\nAlem\u00e1n (nivel m\u00ednimo certificaci\u00f3n A2)<br \/>\nContar con seguro m\u00e9dico<br \/>\nDisposici\u00f3n para cambiar de residencia<br \/>\nDisponibilidad de tiempo completo<\/p>\n<p>Aqu\u00ed puede ver mas detalles de la convocatoria:\u00a0http:\/\/www.audi.com.mx\/mx\/web\/es\/audi-en-mexico\/bolsa-de-trabajo\/programas-institucionales\/ema-estudiantes-mexicanos-en-alemania.html<\/p>\n","protected":false},"excerpt":{"rendered":"<p>Aqu\u00ed puede ver mas detalles de la convocatoria:\u00a0http:\/\/www.audi.com.mx&#8230;<\/p>\n","protected":false},"author":1,"featured_media":3166,"comment_status":"open","ping_status":"open","sticky":false,"template":"","format":"standard","meta":{"inline_featured_image":false,"_jetpack_memberships_contains_paid_content":false,"footnotes":""},"categories":[1],"tags":[640,637,642,638,24,8,641,639],"class_list":["post-3165","post","type-post","status-publish","format-standard","has-post-thumbnail","hentry","category-campa","tag-alemania-audi","tag-audi","tag-audi-mexico","tag-bolsa-de-trabajo","tag-comercio-exterior","tag-immex","tag-ingenieria","tag-trabajo-audi"],"yoast_head":"<!-- This site is optimized with the Yoast SEO plugin v20.9 - https:\/\/yoast.com\/wordpress\/plugins\/seo\/ -->\n<title>Audi busca estudiantes mexicanos para trabajar en Alemania - Campa<\/title>\n<meta name=\"robots\" content=\"index, follow, max-snippet:-1, max-image-preview:large, max-video-preview:-1\" \/>\n<link rel=\"canonical\" href=\"https:\/\/www.campa.com.mx\/site\/audi-busca-estudiantes-mexicanos-para-trabajar-en-alemania\/\" \/>\n<meta property=\"og:locale\" content=\"es_ES\" \/>\n<meta property=\"og:type\" content=\"article\" \/>\n<meta property=\"og:title\" content=\"Audi busca estudiantes mexicanos para trabajar en Alemania - Campa\" \/>\n<meta property=\"og:description\" content=\"Aqu\u00ed puede ver mas detalles de la convocatoria:\u00a0http:\/\/www.audi.com.mx...\" \/>\n<meta property=\"og:url\" content=\"https:\/\/www.campa.com.mx\/site\/audi-busca-estudiantes-mexicanos-para-trabajar-en-alemania\/\" \/>\n<meta property=\"og:site_name\" content=\"Campa\" \/>\n<meta property=\"article:publisher\" content=\"https:\/\/www.facebook.com\/MovimientoAnexo24\" \/>\n<meta property=\"article:published_time\" content=\"2018-05-24T14:11:19+00:00\" \/>\n<meta property=\"og:image\" content=\"https:\/\/www.campa.com.mx\/site\/wp-content\/uploads\/2018\/05\/Audi-busca-estudiantes-mexicanos-para-trabajar-en-Alemania.png\" \/>\n\t<meta property=\"og:image:width\" content=\"1196\" \/>\n\t<meta property=\"og:image:height\" content=\"622\" \/>\n\t<meta property=\"og:image:type\" content=\"image\/png\" \/>\n<meta name=\"author\" content=\"campa\" \/>\n<meta name=\"twitter:card\" content=\"summary_large_image\" \/>\n<meta name=\"twitter:creator\" content=\"@artycampa\" \/>\n<meta name=\"twitter:site\" content=\"@artycampa\" \/>\n<meta name=\"twitter:label1\" content=\"Escrito por\" \/>\n\t<meta name=\"twitter:data1\" content=\"campa\" \/>\n\t<meta name=\"twitter:label2\" content=\"Tiempo de lectura\" \/>\n\t<meta name=\"twitter:data2\" content=\"1 minuto\" \/>\n<script type=\"application\/ld+json\" class=\"yoast-schema-graph\">{\"@context\":\"https:\/\/schema.org\",\"@graph\":[{\"@type\":\"WebPage\",\"@id\":\"https:\/\/www.campa.com.mx\/site\/audi-busca-estudiantes-mexicanos-para-trabajar-en-alemania\/\",\"url\":\"https:\/\/www.campa.com.mx\/site\/audi-busca-estudiantes-mexicanos-para-trabajar-en-alemania\/\",\"name\":\"Audi busca estudiantes mexicanos para trabajar en Alemania - Campa\",\"isPartOf\":{\"@id\":\"https:\/\/www.campa.com.mx\/site\/#website\"},\"datePublished\":\"2018-05-24T14:11:19+00:00\",\"dateModified\":\"2018-05-24T14:11:19+00:00\",\"author\":{\"@id\":\"https:\/\/www.campa.com.mx\/site\/#\/schema\/person\/5bf1874b81661ed013f5aa29df30761c\"},\"breadcrumb\":{\"@id\":\"https:\/\/www.campa.com.mx\/site\/audi-busca-estudiantes-mexicanos-para-trabajar-en-alemania\/#breadcrumb\"},\"inLanguage\":\"es\",\"potentialAction\":[{\"@type\":\"ReadAction\",\"target\":[\"https:\/\/www.campa.com.mx\/site\/audi-busca-estudiantes-mexicanos-para-trabajar-en-alemania\/\"]}]},{\"@type\":\"BreadcrumbList\",\"@id\":\"https:\/\/www.campa.com.mx\/site\/audi-busca-estudiantes-mexicanos-para-trabajar-en-alemania\/#breadcrumb\",\"itemListElement\":[{\"@type\":\"ListItem\",\"position\":1,\"name\":\"Portada\",\"item\":\"https:\/\/www.campa.com.mx\/site\/\"},{\"@type\":\"ListItem\",\"position\":2,\"name\":\"Audi busca estudiantes mexicanos para trabajar en Alemania\"}]},{\"@type\":\"WebSite\",\"@id\":\"https:\/\/www.campa.com.mx\/site\/#website\",\"url\":\"https:\/\/www.campa.com.mx\/site\/\",\"name\":\"Campa\",\"description\":\"Tecnolog\u00eda - Comercio Exterior - Servicios\",\"potentialAction\":[{\"@type\":\"SearchAction\",\"target\":{\"@type\":\"EntryPoint\",\"urlTemplate\":\"https:\/\/www.campa.com.mx\/site\/?s={search_term_string}\"},\"query-input\":\"required name=search_term_string\"}],\"inLanguage\":\"es\"},{\"@type\":\"Person\",\"@id\":\"https:\/\/www.campa.com.mx\/site\/#\/schema\/person\/5bf1874b81661ed013f5aa29df30761c\",\"name\":\"campa\",\"image\":{\"@type\":\"ImageObject\",\"inLanguage\":\"es\",\"@id\":\"https:\/\/www.campa.com.mx\/site\/#\/schema\/person\/image\/\",\"url\":\"https:\/\/secure.gravatar.com\/avatar\/921e6e5cffb9d78857948e938192591b9fd4168d0b55cc795582b49d9dc52bb1?s=96&d=mm&r=g\",\"contentUrl\":\"https:\/\/secure.gravatar.com\/avatar\/921e6e5cffb9d78857948e938192591b9fd4168d0b55cc795582b49d9dc52bb1?s=96&d=mm&r=g\",\"caption\":\"campa\"}}]}<\/script>\n<!-- \/ Yoast SEO plugin. -->","yoast_head_json":{"title":"Audi busca estudiantes mexicanos para trabajar en Alemania - Campa","robots":{"index":"index","follow":"follow","max-snippet":"max-snippet:-1","max-image-preview":"max-image-preview:large","max-video-preview":"max-video-preview:-1"},"canonical":"https:\/\/www.campa.com.mx\/site\/audi-busca-estudiantes-mexicanos-para-trabajar-en-alemania\/","og_locale":"es_ES","og_type":"article","og_title":"Audi busca estudiantes mexicanos para trabajar en Alemania - Campa","og_description":"Aqu\u00ed puede ver mas detalles de la convocatoria:\u00a0http:\/\/www.audi.com.mx...","og_url":"https:\/\/www.campa.com.mx\/site\/audi-busca-estudiantes-mexicanos-para-trabajar-en-alemania\/","og_site_name":"Campa","article_publisher":"https:\/\/www.facebook.com\/MovimientoAnexo24","article_published_time":"2018-05-24T14:11:19+00:00","og_image":[{"width":1196,"height":622,"url":"https:\/\/www.campa.com.mx\/site\/wp-content\/uploads\/2018\/05\/Audi-busca-estudiantes-mexicanos-para-trabajar-en-Alemania.png","type":"image\/png"}],"author":"campa","twitter_card":"summary_large_image","twitter_creator":"@artycampa","twitter_site":"@artycampa","twitter_misc":{"Escrito por":"campa","Tiempo de lectura":"1 minuto"},"schema":{"@context":"https:\/\/schema.org","@graph":[{"@type":"WebPage","@id":"https:\/\/www.campa.com.mx\/site\/audi-busca-estudiantes-mexicanos-para-trabajar-en-alemania\/","url":"https:\/\/www.campa.com.mx\/site\/audi-busca-estudiantes-mexicanos-para-trabajar-en-alemania\/","name":"Audi busca estudiantes mexicanos para trabajar en Alemania - Campa","isPartOf":{"@id":"https:\/\/www.campa.com.mx\/site\/#website"},"datePublished":"2018-05-24T14:11:19+00:00","dateModified":"2018-05-24T14:11:19+00:00","author":{"@id":"https:\/\/www.campa.com.mx\/site\/#\/schema\/person\/5bf1874b81661ed013f5aa29df30761c"},"breadcrumb":{"@id":"https:\/\/www.campa.com.mx\/site\/audi-busca-estudiantes-mexicanos-para-trabajar-en-alemania\/#breadcrumb"},"inLanguage":"es","potentialAction":[{"@type":"ReadAction","target":["https:\/\/www.campa.com.mx\/site\/audi-busca-estudiantes-mexicanos-para-trabajar-en-alemania\/"]}]},{"@type":"BreadcrumbList","@id":"https:\/\/www.campa.com.mx\/site\/audi-busca-estudiantes-mexicanos-para-trabajar-en-alemania\/#breadcrumb","itemListElement":[{"@type":"ListItem","position":1,"name":"Portada","item":"https:\/\/www.campa.com.mx\/site\/"},{"@type":"ListItem","position":2,"name":"Audi busca estudiantes mexicanos para trabajar en Alemania"}]},{"@type":"WebSite","@id":"https:\/\/www.campa.com.mx\/site\/#website","url":"https:\/\/www.campa.com.mx\/site\/","name":"Campa","description":"Tecnolog\u00eda - Comercio Exterior - Servicios","potentialAction":[{"@type":"SearchAction","target":{"@type":"EntryPoint","urlTemplate":"https:\/\/www.campa.com.mx\/site\/?s={search_term_string}"},"query-input":"required name=search_term_string"}],"inLanguage":"es"},{"@type":"Person","@id":"https:\/\/www.campa.com.mx\/site\/#\/schema\/person\/5bf1874b81661ed013f5aa29df30761c","name":"campa","image":{"@type":"ImageObject","inLanguage":"es","@id":"https:\/\/www.campa.com.mx\/site\/#\/schema\/person\/image\/","url":"https:\/\/secure.gravatar.com\/avatar\/921e6e5cffb9d78857948e938192591b9fd4168d0b55cc795582b49d9dc52bb1?s=96&d=mm&r=g","contentUrl":"https:\/\/secure.gravatar.com\/avatar\/921e6e5cffb9d78857948e938192591b9fd4168d0b55cc795582b49d9dc52bb1?s=96&d=mm&r=g","caption":"campa"}}]}},"jetpack_featured_media_url":"https:\/\/www.campa.com.mx\/site\/wp-content\/uploads\/2018\/05\/Audi-busca-estudiantes-mexicanos-para-trabajar-en-Alemania.png","jetpack_sharing_enabled":true,"_links":{"self":[{"href":"https:\/\/www.campa.com.mx\/site\/wp-json\/wp\/v2\/posts\/3165","targetHints":{"allow":["GET"]}}],"collection":[{"href":"https:\/\/www.campa.com.mx\/site\/wp-json\/wp\/v2\/posts"}],"about":[{"href":"https:\/\/www.campa.com.mx\/site\/wp-json\/wp\/v2\/types\/post"}],"author":[{"embeddable":true,"href":"https:\/\/www.campa.com.mx\/site\/wp-json\/wp\/v2\/users\/1"}],"replies":[{"embeddable":true,"href":"https:\/\/www.campa.com.mx\/site\/wp-json\/wp\/v2\/comments?post=3165"}],"version-history":[{"count":1,"href":"https:\/\/www.campa.com.mx\/site\/wp-json\/wp\/v2\/posts\/3165\/revisions"}],"predecessor-version":[{"id":3167,"href":"https:\/\/www.campa.com.mx\/site\/wp-json\/wp\/v2\/posts\/3165\/revisions\/3167"}],"wp:featuredmedia":[{"embeddable":true,"href":"https:\/\/www.campa.com.mx\/site\/wp-json\/wp\/v2\/media\/3166"}],"wp:attachment":[{"href":"https:\/\/www.campa.com.mx\/site\/wp-json\/wp\/v2\/media?parent=3165"}],"wp:term":[{"taxonomy":"category","embeddable":true,"href":"https:\/\/www.campa.com.mx\/site\/wp-json\/wp\/v2\/categories?post=3165"},{"taxonomy":"post_tag","embeddable":true,"href":"https:\/\/www.campa.com.mx\/site\/wp-json\/wp\/v2\/tags?post=3165"}],"curies":[{"name":"wp","href":"https:\/\/api.w.org\/{rel}","templated":true}]}}