{"id":3197,"date":"2018-05-25T14:10:02","date_gmt":"2018-05-25T14:10:02","guid":{"rendered":"http:\/\/www.campa.com.mx\/site\/?p=3197"},"modified":"2018-05-25T14:10:02","modified_gmt":"2018-05-25T14:10:02","slug":"exportaciones-automotrices-en-riesgo","status":"publish","type":"post","link":"https:\/\/www.campa.com.mx\/site\/exportaciones-automotrices-en-riesgo\/","title":{"rendered":"Exportaciones automotrices en riesgo."},"content":{"rendered":"<div>\n<p data-count=\"335\" data-wrap=\"54\">Fuentes familiarizadas con las\u00a0negociaciones del TLCAN\u00a0dieron a conocer detalles de la\u00a0propuesta que M\u00e9xico\u00a0dio a Estados Unidos en semanas recientes, en la que ofrece\u00a0flexibilidad en los salarios y el contenido regional\u00a0de los autom\u00f3viles, a cambio de que los negociadores de Trump retiren algunas de sus otras demandas m\u00e1s dif\u00edciles.<\/p>\n<p data-count=\"407\" data-wrap=\"66\">De acuerdo con dos fuentes, los negociadores mexicanos ofrecieron a EU que\u00a0al menos el 20 por ciento del valor de un auto\u00a0provendr\u00eda de trabajadores mejor pagados, a cambio de que la\u00a0Casa Blanca le d\u00e9 la espalda a propuestas\u00a0como poner l\u00edmites a las oportunidades de contrataci\u00f3n del gobierno, barreras a las exportaciones estacionales de productos agr\u00edcolas mexicanos y la cl\u00e1usula de terminaci\u00f3n \u2018sunset\u2019.<\/p>\n<p data-count=\"122\" data-wrap=\"23\">La propuesta se dio previo al inicio de la investigaci\u00f3n que abri\u00f3 esta semana EU a las importaciones de autos a ese pa\u00eds.<\/p>\n<p data-count=\"273\" data-wrap=\"44\">Una de las fuentes inform\u00f3 que el subsecretario de comercio exterior de M\u00e9xico,\u00a0Juan Carlos Baker, se reuni\u00f3 el mi\u00e9rcoles en Washington con Jamieson Greer, jefe de personal del representante comercial de EU,\u00a0Robert Lighthizer, en aras de hallar posibles rutas a un acuerdo.<\/p>\n<h3>M\u00e9xico no ceder\u00e1 a presiones<\/h3>\n<p data-count=\"199\" data-wrap=\"36\">Por otra parte, Eduardo S\u00e1nchez, vocero de Presidencia, dijo que M\u00e9xico no ceder\u00e1 a presiones, al referirse a las amenazas de EU de imponer un arancel de 25 por ciento a la importaci\u00f3n de veh\u00edculos.<\/p>\n<div>\n<div>\u201cQue quede muy claro: M\u00e9xico no va a negociar a base de presiones&#8221;<\/div>\n<div>Eduardo S\u00e1nchez, vocero de Presidencia<\/div>\n<\/div>\n<p data-count=\"163\" data-wrap=\"30\">\u201cQue quede muy claro: M\u00e9xico no va a negociar a base de presiones, M\u00e9xico tiene muy claro lo que es conveniente y lo que no es conveniente\u201d, indic\u00f3 en conferencia.<\/p>\n<p data-count=\"147\" data-wrap=\"25\">En tanto, el presidente Enrique Pe\u00f1a Nieto dijo que se mantiene \u201coptimista\u201d en lograr una modernizaci\u00f3n del TLCAN\u00a0en beneficio de los tres pa\u00edses.<\/p>\n<p data-count=\"189\" data-wrap=\"28\">La oficina de la Presidencia inform\u00f3 que el mandatario sostuvo una llamada telef\u00f3nica con el primer ministro de Canad\u00e1,\u00a0Justin Trudeau\u00a0para intercambiar impresiones sobre la renegociaci\u00f3n.<\/p>\n<p data-count=\"497\" data-wrap=\"85\">Por su parte, Trudeau se\u00f1al\u00f3 que la decisi\u00f3n de EU de evaluar posibles aranceles a las importaciones de autos est\u00e1 basada en una l\u00f3gica endeble y claramente relacionada con las conversaciones para modernizar el TLCAN. \u201cEstoy, incluso m\u00e1s de lo que hice para entender lo del acero y el aluminio, tratando de descifrar la posible conexi\u00f3n con la seguridad nacional, si es que existe\u201d. \u201cMe parece que la l\u00f3gica que lleva a tomar m\u00e1s medidas que implican a la industria automotriz es muy d\u00e9bil\u201d, dijo.<\/p>\n<p data-count=\"345\" data-wrap=\"55\">El senador por Ohio, Orrin Hatch, afirm\u00f3 que la investigaci\u00f3n de EU sobre las supuestas afectaciones de las importaciones de autos en la seguridad nacional es un proceso que est\u00e1 \u201cprofundamente equivocado\u201d y asegur\u00f3 que imponer impuestos a los autos, camiones y autopartes que entren a EU afectar\u00e1 los bolsillos de las familias estadounidenses.<\/p>\n<p data-count=\"361\" data-wrap=\"49\">\u201cEn lugar de tomar de los bolsillos de los trabajadores americanos, insto a la administraci\u00f3n a mantenerse enfocada en completar las pr\u00e1cticas comerciales con China y a trabajar constructivamente con nuestros socios comerciales para incrementar las oportunidades en el extranjero para los negocios, agricultores, rancheros y trabajadores norteamericanos\u201d, dijo.<\/p>\n<p data-count=\"378\" data-wrap=\"66\">John G. Murphy, vicepresidente senior de pol\u00edtica internacional de la US Chamber of Commerce, dijo que la industria automotriz en EU est\u00e1 viviendo un momento sin igual. \u201cEst\u00e1 prosperando como nunca antes. La producci\u00f3n se ha doblado en la \u00faltima d\u00e9cada, exporta m\u00e1s que cualquier otra industria y emplea a casi 50 por ciento m\u00e1s americanos de lo que lo hac\u00eda en 2014\u201d, tuite\u00f3.<\/p>\n<p data-count=\"107\" data-wrap=\"16\">John Bozzella, CEO de Global Automakers, asegur\u00f3 que nadie est\u00e1 pidiendo esta investigaci\u00f3n a la industria.<\/p>\n<p data-count=\"189\" data-wrap=\"32\">El jefe de la negociaci\u00f3n t\u00e9cnica de M\u00e9xico del TLCAN, Kenneth Smith, tuite\u00f3: \u201c\u00bfQu\u00e9 significa integraci\u00f3n de cadenas de valor? EU es el proveedor #1 de autopartes para M\u00e9xico y viceversa\u201d.<\/p>\n<p data-count=\"62\" data-wrap=\"9\">\ufffcCon informaci\u00f3n de Bloomberg, Daniel Blanco y Eduardo Ortega*<\/p>\n<div>\n<div><img decoding=\"async\" title=\"\" src=\"http:\/\/graficos.elfinanciero.com.mx\/infografias\/2018\/24may08EconomiaPag4.jpg\" alt=\"\" \/><\/div>\n<\/div>\n<div>Fuente:elfinanciero.com.mx<\/div>\n<\/div>\n<div>\n<div data-href=\"http:\/\/elfinanciero.com.mx\/economia\/el-giro-que-mexico-le-da-a-las-reglas-de-origen-de-eu\" data-numposts=\"1\"><\/div>\n<\/div>\n","protected":false},"excerpt":{"rendered":"<p>Fuentes familiarizadas con las\u00a0negociaciones del TLCAN\u00a0dieron a conocer detalles de la\u00a0propuesta que M\u00e9xico\u00a0dio a Estados Unidos en semanas recientes, en la que ofrece\u00a0flexibilidad en los salarios y el contenido regional\u00a0de los autom\u00f3viles, a cambio de que los negociadores de Trump [&hellip;]<\/p>\n","protected":false},"author":1,"featured_media":3198,"comment_status":"open","ping_status":"open","sticky":false,"template":"","format":"standard","meta":{"inline_featured_image":false,"_jetpack_memberships_contains_paid_content":false,"footnotes":""},"categories":[169],"tags":[33,131,50,643,108],"class_list":["post-3197","post","type-post","status-publish","format-standard","has-post-thumbnail","hentry","category-automotriz","tag-automotriz","tag-exportaciones","tag-industria-automotriz","tag-rondas-del-tlcan","tag-tlcan"],"yoast_head":"<!-- This site is optimized with the Yoast SEO plugin v20.9 - https:\/\/yoast.com\/wordpress\/plugins\/seo\/ -->\n<title>Exportaciones automotrices en riesgo. - Campa<\/title>\n<meta name=\"robots\" content=\"index, follow, max-snippet:-1, max-image-preview:large, max-video-preview:-1\" \/>\n<link rel=\"canonical\" href=\"https:\/\/www.campa.com.mx\/site\/exportaciones-automotrices-en-riesgo\/\" \/>\n<meta property=\"og:locale\" content=\"es_ES\" \/>\n<meta property=\"og:type\" content=\"article\" \/>\n<meta property=\"og:title\" content=\"Exportaciones automotrices en riesgo. - Campa\" \/>\n<meta property=\"og:description\" content=\"Fuentes familiarizadas con las\u00a0negociaciones del TLCAN\u00a0dieron a conocer detalles de la\u00a0propuesta que M\u00e9xico\u00a0dio a Estados Unidos en semanas recientes, en la que ofrece\u00a0flexibilidad en los salarios y el contenido regional\u00a0de los autom\u00f3viles, a cambio de que los negociadores de Trump [&hellip;]\" \/>\n<meta property=\"og:url\" content=\"https:\/\/www.campa.com.mx\/site\/exportaciones-automotrices-en-riesgo\/\" \/>\n<meta property=\"og:site_name\" content=\"Campa\" \/>\n<meta property=\"article:publisher\" content=\"https:\/\/www.facebook.com\/MovimientoAnexo24\" \/>\n<meta property=\"article:published_time\" content=\"2018-05-25T14:10:02+00:00\" \/>\n<meta property=\"og:image\" content=\"https:\/\/www.campa.com.mx\/site\/wp-content\/uploads\/2018\/05\/Exportaciones-automotrices-en-riesgo.png\" \/>\n\t<meta property=\"og:image:width\" content=\"1196\" \/>\n\t<meta property=\"og:image:height\" content=\"621\" \/>\n\t<meta property=\"og:image:type\" content=\"image\/png\" \/>\n<meta name=\"author\" content=\"campa\" \/>\n<meta name=\"twitter:card\" content=\"summary_large_image\" \/>\n<meta name=\"twitter:creator\" content=\"@artycampa\" \/>\n<meta name=\"twitter:site\" content=\"@artycampa\" \/>\n<meta name=\"twitter:label1\" content=\"Escrito por\" \/>\n\t<meta name=\"twitter:data1\" content=\"campa\" \/>\n\t<meta name=\"twitter:label2\" content=\"Tiempo de lectura\" \/>\n\t<meta name=\"twitter:data2\" content=\"3 minutos\" \/>\n<script type=\"application\/ld+json\" class=\"yoast-schema-graph\">{\"@context\":\"https:\/\/schema.org\",\"@graph\":[{\"@type\":\"WebPage\",\"@id\":\"https:\/\/www.campa.com.mx\/site\/exportaciones-automotrices-en-riesgo\/\",\"url\":\"https:\/\/www.campa.com.mx\/site\/exportaciones-automotrices-en-riesgo\/\",\"name\":\"Exportaciones automotrices en riesgo. - Campa\",\"isPartOf\":{\"@id\":\"https:\/\/www.campa.com.mx\/site\/#website\"},\"datePublished\":\"2018-05-25T14:10:02+00:00\",\"dateModified\":\"2018-05-25T14:10:02+00:00\",\"author\":{\"@id\":\"https:\/\/www.campa.com.mx\/site\/#\/schema\/person\/5bf1874b81661ed013f5aa29df30761c\"},\"breadcrumb\":{\"@id\":\"https:\/\/www.campa.com.mx\/site\/exportaciones-automotrices-en-riesgo\/#breadcrumb\"},\"inLanguage\":\"es\",\"potentialAction\":[{\"@type\":\"ReadAction\",\"target\":[\"https:\/\/www.campa.com.mx\/site\/exportaciones-automotrices-en-riesgo\/\"]}]},{\"@type\":\"BreadcrumbList\",\"@id\":\"https:\/\/www.campa.com.mx\/site\/exportaciones-automotrices-en-riesgo\/#breadcrumb\",\"itemListElement\":[{\"@type\":\"ListItem\",\"position\":1,\"name\":\"Portada\",\"item\":\"https:\/\/www.campa.com.mx\/site\/\"},{\"@type\":\"ListItem\",\"position\":2,\"name\":\"Exportaciones automotrices en riesgo.\"}]},{\"@type\":\"WebSite\",\"@id\":\"https:\/\/www.campa.com.mx\/site\/#website\",\"url\":\"https:\/\/www.campa.com.mx\/site\/\",\"name\":\"Campa\",\"description\":\"Tecnolog\u00eda - Comercio Exterior - Servicios\",\"potentialAction\":[{\"@type\":\"SearchAction\",\"target\":{\"@type\":\"EntryPoint\",\"urlTemplate\":\"https:\/\/www.campa.com.mx\/site\/?s={search_term_string}\"},\"query-input\":\"required name=search_term_string\"}],\"inLanguage\":\"es\"},{\"@type\":\"Person\",\"@id\":\"https:\/\/www.campa.com.mx\/site\/#\/schema\/person\/5bf1874b81661ed013f5aa29df30761c\",\"name\":\"campa\",\"image\":{\"@type\":\"ImageObject\",\"inLanguage\":\"es\",\"@id\":\"https:\/\/www.campa.com.mx\/site\/#\/schema\/person\/image\/\",\"url\":\"https:\/\/secure.gravatar.com\/avatar\/921e6e5cffb9d78857948e938192591b9fd4168d0b55cc795582b49d9dc52bb1?s=96&d=mm&r=g\",\"contentUrl\":\"https:\/\/secure.gravatar.com\/avatar\/921e6e5cffb9d78857948e938192591b9fd4168d0b55cc795582b49d9dc52bb1?s=96&d=mm&r=g\",\"caption\":\"campa\"}}]}<\/script>\n<!-- \/ Yoast SEO plugin. -->","yoast_head_json":{"title":"Exportaciones automotrices en riesgo. - Campa","robots":{"index":"index","follow":"follow","max-snippet":"max-snippet:-1","max-image-preview":"max-image-preview:large","max-video-preview":"max-video-preview:-1"},"canonical":"https:\/\/www.campa.com.mx\/site\/exportaciones-automotrices-en-riesgo\/","og_locale":"es_ES","og_type":"article","og_title":"Exportaciones automotrices en riesgo. - Campa","og_description":"Fuentes familiarizadas con las\u00a0negociaciones del TLCAN\u00a0dieron a conocer detalles de la\u00a0propuesta que M\u00e9xico\u00a0dio a Estados Unidos en semanas recientes, en la que ofrece\u00a0flexibilidad en los salarios y el contenido regional\u00a0de los autom\u00f3viles, a cambio de que los negociadores de Trump [&hellip;]","og_url":"https:\/\/www.campa.com.mx\/site\/exportaciones-automotrices-en-riesgo\/","og_site_name":"Campa","article_publisher":"https:\/\/www.facebook.com\/MovimientoAnexo24","article_published_time":"2018-05-25T14:10:02+00:00","og_image":[{"width":1196,"height":621,"url":"https:\/\/www.campa.com.mx\/site\/wp-content\/uploads\/2018\/05\/Exportaciones-automotrices-en-riesgo.png","type":"image\/png"}],"author":"campa","twitter_card":"summary_large_image","twitter_creator":"@artycampa","twitter_site":"@artycampa","twitter_misc":{"Escrito por":"campa","Tiempo de lectura":"3 minutos"},"schema":{"@context":"https:\/\/schema.org","@graph":[{"@type":"WebPage","@id":"https:\/\/www.campa.com.mx\/site\/exportaciones-automotrices-en-riesgo\/","url":"https:\/\/www.campa.com.mx\/site\/exportaciones-automotrices-en-riesgo\/","name":"Exportaciones automotrices en riesgo. - Campa","isPartOf":{"@id":"https:\/\/www.campa.com.mx\/site\/#website"},"datePublished":"2018-05-25T14:10:02+00:00","dateModified":"2018-05-25T14:10:02+00:00","author":{"@id":"https:\/\/www.campa.com.mx\/site\/#\/schema\/person\/5bf1874b81661ed013f5aa29df30761c"},"breadcrumb":{"@id":"https:\/\/www.campa.com.mx\/site\/exportaciones-automotrices-en-riesgo\/#breadcrumb"},"inLanguage":"es","potentialAction":[{"@type":"ReadAction","target":["https:\/\/www.campa.com.mx\/site\/exportaciones-automotrices-en-riesgo\/"]}]},{"@type":"BreadcrumbList","@id":"https:\/\/www.campa.com.mx\/site\/exportaciones-automotrices-en-riesgo\/#breadcrumb","itemListElement":[{"@type":"ListItem","position":1,"name":"Portada","item":"https:\/\/www.campa.com.mx\/site\/"},{"@type":"ListItem","position":2,"name":"Exportaciones automotrices en riesgo."}]},{"@type":"WebSite","@id":"https:\/\/www.campa.com.mx\/site\/#website","url":"https:\/\/www.campa.com.mx\/site\/","name":"Campa","description":"Tecnolog\u00eda - Comercio Exterior - Servicios","potentialAction":[{"@type":"SearchAction","target":{"@type":"EntryPoint","urlTemplate":"https:\/\/www.campa.com.mx\/site\/?s={search_term_string}"},"query-input":"required name=search_term_string"}],"inLanguage":"es"},{"@type":"Person","@id":"https:\/\/www.campa.com.mx\/site\/#\/schema\/person\/5bf1874b81661ed013f5aa29df30761c","name":"campa","image":{"@type":"ImageObject","inLanguage":"es","@id":"https:\/\/www.campa.com.mx\/site\/#\/schema\/person\/image\/","url":"https:\/\/secure.gravatar.com\/avatar\/921e6e5cffb9d78857948e938192591b9fd4168d0b55cc795582b49d9dc52bb1?s=96&d=mm&r=g","contentUrl":"https:\/\/secure.gravatar.com\/avatar\/921e6e5cffb9d78857948e938192591b9fd4168d0b55cc795582b49d9dc52bb1?s=96&d=mm&r=g","caption":"campa"}}]}},"jetpack_featured_media_url":"https:\/\/www.campa.com.mx\/site\/wp-content\/uploads\/2018\/05\/Exportaciones-automotrices-en-riesgo.png","jetpack_sharing_enabled":true,"_links":{"self":[{"href":"https:\/\/www.campa.com.mx\/site\/wp-json\/wp\/v2\/posts\/3197","targetHints":{"allow":["GET"]}}],"collection":[{"href":"https:\/\/www.campa.com.mx\/site\/wp-json\/wp\/v2\/posts"}],"about":[{"href":"https:\/\/www.campa.com.mx\/site\/wp-json\/wp\/v2\/types\/post"}],"author":[{"embeddable":true,"href":"https:\/\/www.campa.com.mx\/site\/wp-json\/wp\/v2\/users\/1"}],"replies":[{"embeddable":true,"href":"https:\/\/www.campa.com.mx\/site\/wp-json\/wp\/v2\/comments?post=3197"}],"version-history":[{"count":1,"href":"https:\/\/www.campa.com.mx\/site\/wp-json\/wp\/v2\/posts\/3197\/revisions"}],"predecessor-version":[{"id":3199,"href":"https:\/\/www.campa.com.mx\/site\/wp-json\/wp\/v2\/posts\/3197\/revisions\/3199"}],"wp:featuredmedia":[{"embeddable":true,"href":"https:\/\/www.campa.com.mx\/site\/wp-json\/wp\/v2\/media\/3198"}],"wp:attachment":[{"href":"https:\/\/www.campa.com.mx\/site\/wp-json\/wp\/v2\/media?parent=3197"}],"wp:term":[{"taxonomy":"category","embeddable":true,"href":"https:\/\/www.campa.com.mx\/site\/wp-json\/wp\/v2\/categories?post=3197"},{"taxonomy":"post_tag","embeddable":true,"href":"https:\/\/www.campa.com.mx\/site\/wp-json\/wp\/v2\/tags?post=3197"}],"curies":[{"name":"wp","href":"https:\/\/api.w.org\/{rel}","templated":true}]}}