{"id":3200,"date":"2018-05-25T14:15:50","date_gmt":"2018-05-25T14:15:50","guid":{"rendered":"http:\/\/www.campa.com.mx\/site\/?p=3200"},"modified":"2018-05-25T14:15:50","modified_gmt":"2018-05-25T14:15:50","slug":"acuerdo-por-el-que-se-reduce-el-plazo-de-respuesta-de-los-tramites-que-se-indican-inscritos-en-el-registro-federal-de-tramites-y-servicios-que-aplica-la-secretaria-de-economia","status":"publish","type":"post","link":"https:\/\/www.campa.com.mx\/site\/acuerdo-por-el-que-se-reduce-el-plazo-de-respuesta-de-los-tramites-que-se-indican-inscritos-en-el-registro-federal-de-tramites-y-servicios-que-aplica-la-secretaria-de-economia\/","title":{"rendered":"ACUERDO por el que se reduce el plazo de respuesta de los tr\u00e1mites que se indican, inscritos en el Registro Federal de Tr\u00e1mites y Servicios, que aplica la Secretar\u00eda de Econom\u00eda."},"content":{"rendered":"<div class=\"ANOTACION\">ACUERDO POR EL QUE SE REDUCE EL PLAZO DE RESPUESTA DE LOS TR\u00c1MITES QUE SE INDICAN,<br \/>\nINSCRITOS EN EL REGISTRO FEDERAL DE TR\u00c1MITES Y SERVICIOS, QUE APLICA LA SECRETAR\u00cdA<br \/>\nDE ECONOM\u00cdA<\/div>\n<div class=\"Texto\">\u00daNICO.-\u00a0Los plazos para emitir la respuesta a los tr\u00e1mites que se indican, inscritos en el Registro Federal\u00a0de Tr\u00e1mites y Servicios, que aplica la Secretar\u00eda de Econom\u00eda, ser\u00e1n los siguientes:<\/div>\n<div class=\"Normal\"><\/div>\n<div><img loading=\"lazy\" decoding=\"async\" class=\"size-full wp-image-3201 aligncenter\" src=\"http:\/\/www.campa.com.mx\/site\/wp-content\/uploads\/2018\/05\/ACUERDO-POR-EL-QUE-SE-REDUCE-EL-PLAZO.png\" alt=\"\" width=\"639\" height=\"762\" srcset=\"https:\/\/www.campa.com.mx\/site\/wp-content\/uploads\/2018\/05\/ACUERDO-POR-EL-QUE-SE-REDUCE-EL-PLAZO.png 639w, https:\/\/www.campa.com.mx\/site\/wp-content\/uploads\/2018\/05\/ACUERDO-POR-EL-QUE-SE-REDUCE-EL-PLAZO-252x300.png 252w\" sizes=\"auto, (max-width: 639px) 100vw, 639px\" \/><\/div>\n<div><\/div>\n<div class=\"Texto\"><\/div>\n<div class=\"ANOTACION\">TRANSITORIOS<\/div>\n<div class=\"Texto\">PRIMERO.-\u00a0El presente Acuerdo entrar\u00e1 en vigor el d\u00eda siguiente al de su publicaci\u00f3n en el Diario Oficial\u00a0de la Federaci\u00f3n.<\/div>\n<div class=\"Texto\">SEGUNDO.-\u00a0De conformidad con lo establecido por el art\u00edculo 69-N de la Ley Federal de Procedimiento\u00a0Administrativo, la Secretar\u00eda de Econom\u00eda notificar\u00e1 a la Comisi\u00f3n Federal de Mejora Regulatoria, dentro de\u00a0los diez d\u00edas h\u00e1biles siguientes a la entrada en vigor del presente Acuerdo, las modificaciones que\u00a0correspondan a la informaci\u00f3n inscrita en el Registro Federal de Tr\u00e1mites y Servicios.<\/div>\n<div class=\"Texto\">TERCERO.-\u00a0Las solicitudes o tr\u00e1mites que hayan sido presentadas con anterioridad a la entrada en vigor\u00a0del presente Acuerdo y que se encuentren pendientes de resoluci\u00f3n, se atender\u00e1n hasta su conclusi\u00f3n\u00a0conforme a las disposiciones vigentes al momento de su presentaci\u00f3n.<\/div>\n<div class=\"Texto\">Ciudad de M\u00e9xico, a 14 de mayo de 2018.- El Secretario de Econom\u00eda,\u00a0Ildefonso Guajardo Villarreal.-\u00a0R\u00fabrica.<\/div>\n<div class=\"Texto\"><\/div>\n<div><\/div>\n<div>link:\u00a0http:\/\/www.dof.gob.mx\/nota_detalle.php?codigo=5523832&amp;fecha=23\/05\/2018<\/div>\n","protected":false},"excerpt":{"rendered":"<p>ACUERDO POR EL QUE SE REDUCE EL PLAZO DE RESPUESTA DE LOS TR\u00c1MITES QUE SE INDICAN, INSCRITOS EN EL REGISTRO FEDERAL DE TR\u00c1MITES Y SERVICIOS, QUE APLICA LA SECRETAR\u00cdA DE ECONOM\u00cdA \u00daNICO.-\u00a0Los plazos para emitir la respuesta a los tr\u00e1mites [&hellip;]<\/p>\n","protected":false},"author":1,"featured_media":2752,"comment_status":"open","ping_status":"open","sticky":false,"template":"","format":"standard","meta":{"inline_featured_image":false,"_jetpack_memberships_contains_paid_content":false,"footnotes":""},"categories":[174],"tags":[645,229,226,644,143],"class_list":["post-3200","post","type-post","status-publish","format-standard","has-post-thumbnail","hentry","category-publicaciones-d-o-f","tag-comision-federal-de-mejora-regulatoria","tag-comunicado-dof","tag-diario-oficial-de-la-federacion","tag-registro-federal-de-tramites-y-servicios","tag-secretaria-de-economia"],"yoast_head":"<!-- This site is optimized with the Yoast SEO plugin v20.9 - https:\/\/yoast.com\/wordpress\/plugins\/seo\/ -->\n<title>ACUERDO por el que se reduce el plazo de respuesta de los tr\u00e1mites que se indican, inscritos en el Registro Federal de Tr\u00e1mites y Servicios, que aplica la Secretar\u00eda de Econom\u00eda. - Campa<\/title>\n<meta name=\"robots\" content=\"index, follow, max-snippet:-1, max-image-preview:large, max-video-preview:-1\" \/>\n<link rel=\"canonical\" href=\"https:\/\/www.campa.com.mx\/site\/acuerdo-por-el-que-se-reduce-el-plazo-de-respuesta-de-los-tramites-que-se-indican-inscritos-en-el-registro-federal-de-tramites-y-servicios-que-aplica-la-secretaria-de-economia\/\" \/>\n<meta property=\"og:locale\" content=\"es_ES\" \/>\n<meta property=\"og:type\" content=\"article\" \/>\n<meta property=\"og:title\" content=\"ACUERDO por el que se reduce el plazo de respuesta de los tr\u00e1mites que se indican, inscritos en el Registro Federal de Tr\u00e1mites y Servicios, que aplica la Secretar\u00eda de Econom\u00eda. - Campa\" \/>\n<meta property=\"og:description\" content=\"ACUERDO POR EL QUE SE REDUCE EL PLAZO DE RESPUESTA DE LOS TR\u00c1MITES QUE SE INDICAN, INSCRITOS EN EL REGISTRO FEDERAL DE TR\u00c1MITES Y SERVICIOS, QUE APLICA LA SECRETAR\u00cdA DE ECONOM\u00cdA \u00daNICO.-\u00a0Los plazos para emitir la respuesta a los tr\u00e1mites [&hellip;]\" \/>\n<meta property=\"og:url\" content=\"https:\/\/www.campa.com.mx\/site\/acuerdo-por-el-que-se-reduce-el-plazo-de-respuesta-de-los-tramites-que-se-indican-inscritos-en-el-registro-federal-de-tramites-y-servicios-que-aplica-la-secretaria-de-economia\/\" \/>\n<meta property=\"og:site_name\" content=\"Campa\" \/>\n<meta property=\"article:publisher\" content=\"https:\/\/www.facebook.com\/MovimientoAnexo24\" \/>\n<meta property=\"article:published_time\" content=\"2018-05-25T14:15:50+00:00\" \/>\n<meta property=\"og:image\" content=\"https:\/\/www.campa.com.mx\/site\/wp-content\/uploads\/2018\/02\/publicaciones-DOF-diario-oficial-de-la-federacion-dof.png\" \/>\n\t<meta property=\"og:image:width\" content=\"847\" \/>\n\t<meta property=\"og:image:height\" content=\"356\" \/>\n\t<meta property=\"og:image:type\" content=\"image\/png\" \/>\n<meta name=\"author\" content=\"campa\" \/>\n<meta name=\"twitter:card\" content=\"summary_large_image\" \/>\n<meta name=\"twitter:creator\" content=\"@artycampa\" \/>\n<meta name=\"twitter:site\" content=\"@artycampa\" \/>\n<meta name=\"twitter:label1\" content=\"Escrito por\" \/>\n\t<meta name=\"twitter:data1\" content=\"campa\" \/>\n\t<meta name=\"twitter:label2\" content=\"Tiempo de lectura\" \/>\n\t<meta name=\"twitter:data2\" content=\"1 minuto\" \/>\n<script type=\"application\/ld+json\" class=\"yoast-schema-graph\">{\"@context\":\"https:\/\/schema.org\",\"@graph\":[{\"@type\":\"WebPage\",\"@id\":\"https:\/\/www.campa.com.mx\/site\/acuerdo-por-el-que-se-reduce-el-plazo-de-respuesta-de-los-tramites-que-se-indican-inscritos-en-el-registro-federal-de-tramites-y-servicios-que-aplica-la-secretaria-de-economia\/\",\"url\":\"https:\/\/www.campa.com.mx\/site\/acuerdo-por-el-que-se-reduce-el-plazo-de-respuesta-de-los-tramites-que-se-indican-inscritos-en-el-registro-federal-de-tramites-y-servicios-que-aplica-la-secretaria-de-economia\/\",\"name\":\"ACUERDO por el que se reduce el plazo de respuesta de los tr\u00e1mites que se indican, inscritos en el Registro Federal de Tr\u00e1mites y Servicios, que aplica la Secretar\u00eda de Econom\u00eda. - Campa\",\"isPartOf\":{\"@id\":\"https:\/\/www.campa.com.mx\/site\/#website\"},\"datePublished\":\"2018-05-25T14:15:50+00:00\",\"dateModified\":\"2018-05-25T14:15:50+00:00\",\"author\":{\"@id\":\"https:\/\/www.campa.com.mx\/site\/#\/schema\/person\/5bf1874b81661ed013f5aa29df30761c\"},\"breadcrumb\":{\"@id\":\"https:\/\/www.campa.com.mx\/site\/acuerdo-por-el-que-se-reduce-el-plazo-de-respuesta-de-los-tramites-que-se-indican-inscritos-en-el-registro-federal-de-tramites-y-servicios-que-aplica-la-secretaria-de-economia\/#breadcrumb\"},\"inLanguage\":\"es\",\"potentialAction\":[{\"@type\":\"ReadAction\",\"target\":[\"https:\/\/www.campa.com.mx\/site\/acuerdo-por-el-que-se-reduce-el-plazo-de-respuesta-de-los-tramites-que-se-indican-inscritos-en-el-registro-federal-de-tramites-y-servicios-que-aplica-la-secretaria-de-economia\/\"]}]},{\"@type\":\"BreadcrumbList\",\"@id\":\"https:\/\/www.campa.com.mx\/site\/acuerdo-por-el-que-se-reduce-el-plazo-de-respuesta-de-los-tramites-que-se-indican-inscritos-en-el-registro-federal-de-tramites-y-servicios-que-aplica-la-secretaria-de-economia\/#breadcrumb\",\"itemListElement\":[{\"@type\":\"ListItem\",\"position\":1,\"name\":\"Portada\",\"item\":\"https:\/\/www.campa.com.mx\/site\/\"},{\"@type\":\"ListItem\",\"position\":2,\"name\":\"ACUERDO por el que se reduce el plazo de respuesta de los tr\u00e1mites que se indican, inscritos en el Registro Federal de Tr\u00e1mites y Servicios, que aplica la Secretar\u00eda de Econom\u00eda.\"}]},{\"@type\":\"WebSite\",\"@id\":\"https:\/\/www.campa.com.mx\/site\/#website\",\"url\":\"https:\/\/www.campa.com.mx\/site\/\",\"name\":\"Campa\",\"description\":\"Tecnolog\u00eda - Comercio Exterior - Servicios\",\"potentialAction\":[{\"@type\":\"SearchAction\",\"target\":{\"@type\":\"EntryPoint\",\"urlTemplate\":\"https:\/\/www.campa.com.mx\/site\/?s={search_term_string}\"},\"query-input\":\"required name=search_term_string\"}],\"inLanguage\":\"es\"},{\"@type\":\"Person\",\"@id\":\"https:\/\/www.campa.com.mx\/site\/#\/schema\/person\/5bf1874b81661ed013f5aa29df30761c\",\"name\":\"campa\",\"image\":{\"@type\":\"ImageObject\",\"inLanguage\":\"es\",\"@id\":\"https:\/\/www.campa.com.mx\/site\/#\/schema\/person\/image\/\",\"url\":\"https:\/\/secure.gravatar.com\/avatar\/921e6e5cffb9d78857948e938192591b9fd4168d0b55cc795582b49d9dc52bb1?s=96&d=mm&r=g\",\"contentUrl\":\"https:\/\/secure.gravatar.com\/avatar\/921e6e5cffb9d78857948e938192591b9fd4168d0b55cc795582b49d9dc52bb1?s=96&d=mm&r=g\",\"caption\":\"campa\"}}]}<\/script>\n<!-- \/ Yoast SEO plugin. -->","yoast_head_json":{"title":"ACUERDO por el que se reduce el plazo de respuesta de los tr\u00e1mites que se indican, inscritos en el Registro Federal de Tr\u00e1mites y Servicios, que aplica la Secretar\u00eda de Econom\u00eda. - Campa","robots":{"index":"index","follow":"follow","max-snippet":"max-snippet:-1","max-image-preview":"max-image-preview:large","max-video-preview":"max-video-preview:-1"},"canonical":"https:\/\/www.campa.com.mx\/site\/acuerdo-por-el-que-se-reduce-el-plazo-de-respuesta-de-los-tramites-que-se-indican-inscritos-en-el-registro-federal-de-tramites-y-servicios-que-aplica-la-secretaria-de-economia\/","og_locale":"es_ES","og_type":"article","og_title":"ACUERDO por el que se reduce el plazo de respuesta de los tr\u00e1mites que se indican, inscritos en el Registro Federal de Tr\u00e1mites y Servicios, que aplica la Secretar\u00eda de Econom\u00eda. - Campa","og_description":"ACUERDO POR EL QUE SE REDUCE EL PLAZO DE RESPUESTA DE LOS TR\u00c1MITES QUE SE INDICAN, INSCRITOS EN EL REGISTRO FEDERAL DE TR\u00c1MITES Y SERVICIOS, QUE APLICA LA SECRETAR\u00cdA DE ECONOM\u00cdA \u00daNICO.-\u00a0Los plazos para emitir la respuesta a los tr\u00e1mites [&hellip;]","og_url":"https:\/\/www.campa.com.mx\/site\/acuerdo-por-el-que-se-reduce-el-plazo-de-respuesta-de-los-tramites-que-se-indican-inscritos-en-el-registro-federal-de-tramites-y-servicios-que-aplica-la-secretaria-de-economia\/","og_site_name":"Campa","article_publisher":"https:\/\/www.facebook.com\/MovimientoAnexo24","article_published_time":"2018-05-25T14:15:50+00:00","og_image":[{"width":847,"height":356,"url":"https:\/\/www.campa.com.mx\/site\/wp-content\/uploads\/2018\/02\/publicaciones-DOF-diario-oficial-de-la-federacion-dof.png","type":"image\/png"}],"author":"campa","twitter_card":"summary_large_image","twitter_creator":"@artycampa","twitter_site":"@artycampa","twitter_misc":{"Escrito por":"campa","Tiempo de lectura":"1 minuto"},"schema":{"@context":"https:\/\/schema.org","@graph":[{"@type":"WebPage","@id":"https:\/\/www.campa.com.mx\/site\/acuerdo-por-el-que-se-reduce-el-plazo-de-respuesta-de-los-tramites-que-se-indican-inscritos-en-el-registro-federal-de-tramites-y-servicios-que-aplica-la-secretaria-de-economia\/","url":"https:\/\/www.campa.com.mx\/site\/acuerdo-por-el-que-se-reduce-el-plazo-de-respuesta-de-los-tramites-que-se-indican-inscritos-en-el-registro-federal-de-tramites-y-servicios-que-aplica-la-secretaria-de-economia\/","name":"ACUERDO por el que se reduce el plazo de respuesta de los tr\u00e1mites que se indican, inscritos en el Registro Federal de Tr\u00e1mites y Servicios, que aplica la Secretar\u00eda de Econom\u00eda. - Campa","isPartOf":{"@id":"https:\/\/www.campa.com.mx\/site\/#website"},"datePublished":"2018-05-25T14:15:50+00:00","dateModified":"2018-05-25T14:15:50+00:00","author":{"@id":"https:\/\/www.campa.com.mx\/site\/#\/schema\/person\/5bf1874b81661ed013f5aa29df30761c"},"breadcrumb":{"@id":"https:\/\/www.campa.com.mx\/site\/acuerdo-por-el-que-se-reduce-el-plazo-de-respuesta-de-los-tramites-que-se-indican-inscritos-en-el-registro-federal-de-tramites-y-servicios-que-aplica-la-secretaria-de-economia\/#breadcrumb"},"inLanguage":"es","potentialAction":[{"@type":"ReadAction","target":["https:\/\/www.campa.com.mx\/site\/acuerdo-por-el-que-se-reduce-el-plazo-de-respuesta-de-los-tramites-que-se-indican-inscritos-en-el-registro-federal-de-tramites-y-servicios-que-aplica-la-secretaria-de-economia\/"]}]},{"@type":"BreadcrumbList","@id":"https:\/\/www.campa.com.mx\/site\/acuerdo-por-el-que-se-reduce-el-plazo-de-respuesta-de-los-tramites-que-se-indican-inscritos-en-el-registro-federal-de-tramites-y-servicios-que-aplica-la-secretaria-de-economia\/#breadcrumb","itemListElement":[{"@type":"ListItem","position":1,"name":"Portada","item":"https:\/\/www.campa.com.mx\/site\/"},{"@type":"ListItem","position":2,"name":"ACUERDO por el que se reduce el plazo de respuesta de los tr\u00e1mites que se indican, inscritos en el Registro Federal de Tr\u00e1mites y Servicios, que aplica la Secretar\u00eda de Econom\u00eda."}]},{"@type":"WebSite","@id":"https:\/\/www.campa.com.mx\/site\/#website","url":"https:\/\/www.campa.com.mx\/site\/","name":"Campa","description":"Tecnolog\u00eda - Comercio Exterior - Servicios","potentialAction":[{"@type":"SearchAction","target":{"@type":"EntryPoint","urlTemplate":"https:\/\/www.campa.com.mx\/site\/?s={search_term_string}"},"query-input":"required name=search_term_string"}],"inLanguage":"es"},{"@type":"Person","@id":"https:\/\/www.campa.com.mx\/site\/#\/schema\/person\/5bf1874b81661ed013f5aa29df30761c","name":"campa","image":{"@type":"ImageObject","inLanguage":"es","@id":"https:\/\/www.campa.com.mx\/site\/#\/schema\/person\/image\/","url":"https:\/\/secure.gravatar.com\/avatar\/921e6e5cffb9d78857948e938192591b9fd4168d0b55cc795582b49d9dc52bb1?s=96&d=mm&r=g","contentUrl":"https:\/\/secure.gravatar.com\/avatar\/921e6e5cffb9d78857948e938192591b9fd4168d0b55cc795582b49d9dc52bb1?s=96&d=mm&r=g","caption":"campa"}}]}},"jetpack_featured_media_url":"https:\/\/www.campa.com.mx\/site\/wp-content\/uploads\/2018\/02\/publicaciones-DOF-diario-oficial-de-la-federacion-dof.png","jetpack_sharing_enabled":true,"_links":{"self":[{"href":"https:\/\/www.campa.com.mx\/site\/wp-json\/wp\/v2\/posts\/3200","targetHints":{"allow":["GET"]}}],"collection":[{"href":"https:\/\/www.campa.com.mx\/site\/wp-json\/wp\/v2\/posts"}],"about":[{"href":"https:\/\/www.campa.com.mx\/site\/wp-json\/wp\/v2\/types\/post"}],"author":[{"embeddable":true,"href":"https:\/\/www.campa.com.mx\/site\/wp-json\/wp\/v2\/users\/1"}],"replies":[{"embeddable":true,"href":"https:\/\/www.campa.com.mx\/site\/wp-json\/wp\/v2\/comments?post=3200"}],"version-history":[{"count":1,"href":"https:\/\/www.campa.com.mx\/site\/wp-json\/wp\/v2\/posts\/3200\/revisions"}],"predecessor-version":[{"id":3202,"href":"https:\/\/www.campa.com.mx\/site\/wp-json\/wp\/v2\/posts\/3200\/revisions\/3202"}],"wp:featuredmedia":[{"embeddable":true,"href":"https:\/\/www.campa.com.mx\/site\/wp-json\/wp\/v2\/media\/2752"}],"wp:attachment":[{"href":"https:\/\/www.campa.com.mx\/site\/wp-json\/wp\/v2\/media?parent=3200"}],"wp:term":[{"taxonomy":"category","embeddable":true,"href":"https:\/\/www.campa.com.mx\/site\/wp-json\/wp\/v2\/categories?post=3200"},{"taxonomy":"post_tag","embeddable":true,"href":"https:\/\/www.campa.com.mx\/site\/wp-json\/wp\/v2\/tags?post=3200"}],"curies":[{"name":"wp","href":"https:\/\/api.w.org\/{rel}","templated":true}]}}