{"id":3280,"date":"2018-06-11T14:59:51","date_gmt":"2018-06-11T14:59:51","guid":{"rendered":"http:\/\/www.campa.com.mx\/site\/?p=3280"},"modified":"2018-06-11T14:59:51","modified_gmt":"2018-06-11T14:59:51","slug":"union-europea-actuara-contra-los-aranceles","status":"publish","type":"post","link":"https:\/\/www.campa.com.mx\/site\/union-europea-actuara-contra-los-aranceles\/","title":{"rendered":"Uni\u00f3n Europea actuar\u00e1 contra los aranceles"},"content":{"rendered":"<p>Europa implementar\u00e1 medidas de represalia contra los\u00a0aranceles\u00a0de Estados Unidos al acero y el aluminio al igual que Canad\u00e1, dijo el domingo la canciller alemana Angela Merkel, expresando pesar por la abrupta decisi\u00f3n del presidente\u00a0Donald Trump\u00a0de retirar su respaldo a un comunicado del\u00a0Grupo de los Siete.<\/p>\n<p>Tras abandonar anticipadamente la Cumbre del G-7 en Canad\u00e1, el anuncio de Trump a trav\u00e9s de Twitter de que retiraba su apoyo al comunicado torpede\u00f3 lo que parec\u00eda ser un fr\u00e1gil consenso sobre las disputas comerciales entre Washington y sus m\u00e1s importantes aliados.<\/p>\n<p>&#8220;El retiro, por decirlo as\u00ed, v\u00eda tuit es por supuesto (&#8230;) aleccionador y un poco deprimente&#8221;, dijo Merkel en una entrevista con la cadena alemana ARD, tras la Cumbre del G-7.<\/p>\n<p>La Cumbre no marc\u00f3 el final de la sociedad entre Europa y Estados Unidos, afirm\u00f3 Merkel. Pero reiter\u00f3 que Europa no puede depender m\u00e1s de sus aliados y deber\u00eda tomar su destino con sus propias manos.<\/p>\n<p>Al igual que Canad\u00e1, la Uni\u00f3n Europea prepara medidas de represalia contra los\u00a0aranceles\u00a0a las importaciones de acero y aluminio impuestos por Washington, en l\u00ednea con las normas de la Organizaci\u00f3n Mundial de Comercio, afirm\u00f3 Merkel.<\/p>\n<p>Consultada sobre si estaba preocupada de que Trump tomara medidas de represalia contra las acciones de la UE, Merkel asegur\u00f3 que &#8220;primero que todo, intentaremos y veremos si lo podemos evitar (&#8230;) y luego espero que la UE responda nuevamente en la misma unidad&#8221;.<\/p>\n<p>Merkel afirm\u00f3 que los l\u00edderes del G-7 acordaron revisar sus lazos comerciales y evaluar el alcance de las tarifas existentes para evitar mayores barreras comerciales.<\/p>\n<p>Con respecto a Rusia, la canciller alemana asegur\u00f3 que podr\u00eda imaginar el regreso de Mosc\u00fa al G-7 en alg\u00fan momento, pero primero debe haber progresos en la implementaci\u00f3n del plan de paz para Ucrania. (Agencias)<\/p>\n<p>&nbsp;<\/p>\n<p>Fuente:monitoreodenoticias<\/p>\n","protected":false},"excerpt":{"rendered":"<p>Europa implementar\u00e1 medidas de represalia contra los\u00a0aranceles\u00a0de Estados Unidos al acero y el aluminio al igual que Canad\u00e1, dijo el domingo la canciller alemana Angela Merkel, expresando pesar por la abrupta decisi\u00f3n del presidente\u00a0Donald Trump\u00a0de retirar su respaldo a un [&hellip;]<\/p>\n","protected":false},"author":1,"featured_media":3281,"comment_status":"open","ping_status":"open","sticky":false,"template":"","format":"standard","meta":{"inline_featured_image":false,"_jetpack_memberships_contains_paid_content":false,"footnotes":""},"categories":[169],"tags":[720,109,719,723,722,721],"class_list":["post-3280","post","type-post","status-publish","format-standard","has-post-thumbnail","hentry","category-automotriz","tag-angela-merkel","tag-donald-trump","tag-estados-unidos-al-acero-y-el-aluminio","tag-europa-y-estados-unidos","tag-g-7-en-canada","tag-grupo-de-los-siete"],"yoast_head":"<!-- This site is optimized with the Yoast SEO plugin v20.9 - https:\/\/yoast.com\/wordpress\/plugins\/seo\/ -->\n<title>Uni\u00f3n Europea actuar\u00e1 contra los aranceles - Campa<\/title>\n<meta name=\"robots\" content=\"index, follow, max-snippet:-1, max-image-preview:large, max-video-preview:-1\" \/>\n<link rel=\"canonical\" href=\"https:\/\/www.campa.com.mx\/site\/union-europea-actuara-contra-los-aranceles\/\" \/>\n<meta property=\"og:locale\" content=\"es_ES\" \/>\n<meta property=\"og:type\" content=\"article\" \/>\n<meta property=\"og:title\" content=\"Uni\u00f3n Europea actuar\u00e1 contra los aranceles - Campa\" \/>\n<meta property=\"og:description\" content=\"Europa implementar\u00e1 medidas de represalia contra los\u00a0aranceles\u00a0de Estados Unidos al acero y el aluminio al igual que Canad\u00e1, dijo el domingo la canciller alemana Angela Merkel, expresando pesar por la abrupta decisi\u00f3n del presidente\u00a0Donald Trump\u00a0de retirar su respaldo a un [&hellip;]\" \/>\n<meta property=\"og:url\" content=\"https:\/\/www.campa.com.mx\/site\/union-europea-actuara-contra-los-aranceles\/\" \/>\n<meta property=\"og:site_name\" content=\"Campa\" \/>\n<meta property=\"article:publisher\" content=\"https:\/\/www.facebook.com\/MovimientoAnexo24\" \/>\n<meta property=\"article:published_time\" content=\"2018-06-11T14:59:51+00:00\" \/>\n<meta property=\"og:image\" content=\"https:\/\/www.campa.com.mx\/site\/wp-content\/uploads\/2018\/06\/Unio\u0301n-Europea-actuara\u0301-contra-los-aranceles.png\" \/>\n\t<meta property=\"og:image:width\" content=\"1196\" \/>\n\t<meta property=\"og:image:height\" content=\"624\" \/>\n\t<meta property=\"og:image:type\" content=\"image\/png\" \/>\n<meta name=\"author\" content=\"campa\" \/>\n<meta name=\"twitter:card\" content=\"summary_large_image\" \/>\n<meta name=\"twitter:creator\" content=\"@artycampa\" \/>\n<meta name=\"twitter:site\" content=\"@artycampa\" \/>\n<meta name=\"twitter:label1\" content=\"Escrito por\" \/>\n\t<meta name=\"twitter:data1\" content=\"campa\" \/>\n\t<meta name=\"twitter:label2\" content=\"Tiempo de lectura\" \/>\n\t<meta name=\"twitter:data2\" content=\"2 minutos\" \/>\n<script type=\"application\/ld+json\" class=\"yoast-schema-graph\">{\"@context\":\"https:\/\/schema.org\",\"@graph\":[{\"@type\":\"WebPage\",\"@id\":\"https:\/\/www.campa.com.mx\/site\/union-europea-actuara-contra-los-aranceles\/\",\"url\":\"https:\/\/www.campa.com.mx\/site\/union-europea-actuara-contra-los-aranceles\/\",\"name\":\"Uni\u00f3n Europea actuar\u00e1 contra los aranceles - Campa\",\"isPartOf\":{\"@id\":\"https:\/\/www.campa.com.mx\/site\/#website\"},\"datePublished\":\"2018-06-11T14:59:51+00:00\",\"dateModified\":\"2018-06-11T14:59:51+00:00\",\"author\":{\"@id\":\"https:\/\/www.campa.com.mx\/site\/#\/schema\/person\/5bf1874b81661ed013f5aa29df30761c\"},\"breadcrumb\":{\"@id\":\"https:\/\/www.campa.com.mx\/site\/union-europea-actuara-contra-los-aranceles\/#breadcrumb\"},\"inLanguage\":\"es\",\"potentialAction\":[{\"@type\":\"ReadAction\",\"target\":[\"https:\/\/www.campa.com.mx\/site\/union-europea-actuara-contra-los-aranceles\/\"]}]},{\"@type\":\"BreadcrumbList\",\"@id\":\"https:\/\/www.campa.com.mx\/site\/union-europea-actuara-contra-los-aranceles\/#breadcrumb\",\"itemListElement\":[{\"@type\":\"ListItem\",\"position\":1,\"name\":\"Portada\",\"item\":\"https:\/\/www.campa.com.mx\/site\/\"},{\"@type\":\"ListItem\",\"position\":2,\"name\":\"Uni\u00f3n Europea actuar\u00e1 contra los aranceles\"}]},{\"@type\":\"WebSite\",\"@id\":\"https:\/\/www.campa.com.mx\/site\/#website\",\"url\":\"https:\/\/www.campa.com.mx\/site\/\",\"name\":\"Campa\",\"description\":\"Tecnolog\u00eda - Comercio Exterior - Servicios\",\"potentialAction\":[{\"@type\":\"SearchAction\",\"target\":{\"@type\":\"EntryPoint\",\"urlTemplate\":\"https:\/\/www.campa.com.mx\/site\/?s={search_term_string}\"},\"query-input\":\"required name=search_term_string\"}],\"inLanguage\":\"es\"},{\"@type\":\"Person\",\"@id\":\"https:\/\/www.campa.com.mx\/site\/#\/schema\/person\/5bf1874b81661ed013f5aa29df30761c\",\"name\":\"campa\",\"image\":{\"@type\":\"ImageObject\",\"inLanguage\":\"es\",\"@id\":\"https:\/\/www.campa.com.mx\/site\/#\/schema\/person\/image\/\",\"url\":\"https:\/\/secure.gravatar.com\/avatar\/921e6e5cffb9d78857948e938192591b9fd4168d0b55cc795582b49d9dc52bb1?s=96&d=mm&r=g\",\"contentUrl\":\"https:\/\/secure.gravatar.com\/avatar\/921e6e5cffb9d78857948e938192591b9fd4168d0b55cc795582b49d9dc52bb1?s=96&d=mm&r=g\",\"caption\":\"campa\"}}]}<\/script>\n<!-- \/ Yoast SEO plugin. -->","yoast_head_json":{"title":"Uni\u00f3n Europea actuar\u00e1 contra los aranceles - Campa","robots":{"index":"index","follow":"follow","max-snippet":"max-snippet:-1","max-image-preview":"max-image-preview:large","max-video-preview":"max-video-preview:-1"},"canonical":"https:\/\/www.campa.com.mx\/site\/union-europea-actuara-contra-los-aranceles\/","og_locale":"es_ES","og_type":"article","og_title":"Uni\u00f3n Europea actuar\u00e1 contra los aranceles - Campa","og_description":"Europa implementar\u00e1 medidas de represalia contra los\u00a0aranceles\u00a0de Estados Unidos al acero y el aluminio al igual que Canad\u00e1, dijo el domingo la canciller alemana Angela Merkel, expresando pesar por la abrupta decisi\u00f3n del presidente\u00a0Donald Trump\u00a0de retirar su respaldo a un [&hellip;]","og_url":"https:\/\/www.campa.com.mx\/site\/union-europea-actuara-contra-los-aranceles\/","og_site_name":"Campa","article_publisher":"https:\/\/www.facebook.com\/MovimientoAnexo24","article_published_time":"2018-06-11T14:59:51+00:00","og_image":[{"width":1196,"height":624,"url":"https:\/\/www.campa.com.mx\/site\/wp-content\/uploads\/2018\/06\/Unio\u0301n-Europea-actuara\u0301-contra-los-aranceles.png","type":"image\/png"}],"author":"campa","twitter_card":"summary_large_image","twitter_creator":"@artycampa","twitter_site":"@artycampa","twitter_misc":{"Escrito por":"campa","Tiempo de lectura":"2 minutos"},"schema":{"@context":"https:\/\/schema.org","@graph":[{"@type":"WebPage","@id":"https:\/\/www.campa.com.mx\/site\/union-europea-actuara-contra-los-aranceles\/","url":"https:\/\/www.campa.com.mx\/site\/union-europea-actuara-contra-los-aranceles\/","name":"Uni\u00f3n Europea actuar\u00e1 contra los aranceles - Campa","isPartOf":{"@id":"https:\/\/www.campa.com.mx\/site\/#website"},"datePublished":"2018-06-11T14:59:51+00:00","dateModified":"2018-06-11T14:59:51+00:00","author":{"@id":"https:\/\/www.campa.com.mx\/site\/#\/schema\/person\/5bf1874b81661ed013f5aa29df30761c"},"breadcrumb":{"@id":"https:\/\/www.campa.com.mx\/site\/union-europea-actuara-contra-los-aranceles\/#breadcrumb"},"inLanguage":"es","potentialAction":[{"@type":"ReadAction","target":["https:\/\/www.campa.com.mx\/site\/union-europea-actuara-contra-los-aranceles\/"]}]},{"@type":"BreadcrumbList","@id":"https:\/\/www.campa.com.mx\/site\/union-europea-actuara-contra-los-aranceles\/#breadcrumb","itemListElement":[{"@type":"ListItem","position":1,"name":"Portada","item":"https:\/\/www.campa.com.mx\/site\/"},{"@type":"ListItem","position":2,"name":"Uni\u00f3n Europea actuar\u00e1 contra los aranceles"}]},{"@type":"WebSite","@id":"https:\/\/www.campa.com.mx\/site\/#website","url":"https:\/\/www.campa.com.mx\/site\/","name":"Campa","description":"Tecnolog\u00eda - Comercio Exterior - Servicios","potentialAction":[{"@type":"SearchAction","target":{"@type":"EntryPoint","urlTemplate":"https:\/\/www.campa.com.mx\/site\/?s={search_term_string}"},"query-input":"required name=search_term_string"}],"inLanguage":"es"},{"@type":"Person","@id":"https:\/\/www.campa.com.mx\/site\/#\/schema\/person\/5bf1874b81661ed013f5aa29df30761c","name":"campa","image":{"@type":"ImageObject","inLanguage":"es","@id":"https:\/\/www.campa.com.mx\/site\/#\/schema\/person\/image\/","url":"https:\/\/secure.gravatar.com\/avatar\/921e6e5cffb9d78857948e938192591b9fd4168d0b55cc795582b49d9dc52bb1?s=96&d=mm&r=g","contentUrl":"https:\/\/secure.gravatar.com\/avatar\/921e6e5cffb9d78857948e938192591b9fd4168d0b55cc795582b49d9dc52bb1?s=96&d=mm&r=g","caption":"campa"}}]}},"jetpack_featured_media_url":"https:\/\/www.campa.com.mx\/site\/wp-content\/uploads\/2018\/06\/Unio\u0301n-Europea-actuara\u0301-contra-los-aranceles.png","jetpack_sharing_enabled":true,"_links":{"self":[{"href":"https:\/\/www.campa.com.mx\/site\/wp-json\/wp\/v2\/posts\/3280","targetHints":{"allow":["GET"]}}],"collection":[{"href":"https:\/\/www.campa.com.mx\/site\/wp-json\/wp\/v2\/posts"}],"about":[{"href":"https:\/\/www.campa.com.mx\/site\/wp-json\/wp\/v2\/types\/post"}],"author":[{"embeddable":true,"href":"https:\/\/www.campa.com.mx\/site\/wp-json\/wp\/v2\/users\/1"}],"replies":[{"embeddable":true,"href":"https:\/\/www.campa.com.mx\/site\/wp-json\/wp\/v2\/comments?post=3280"}],"version-history":[{"count":1,"href":"https:\/\/www.campa.com.mx\/site\/wp-json\/wp\/v2\/posts\/3280\/revisions"}],"predecessor-version":[{"id":3282,"href":"https:\/\/www.campa.com.mx\/site\/wp-json\/wp\/v2\/posts\/3280\/revisions\/3282"}],"wp:featuredmedia":[{"embeddable":true,"href":"https:\/\/www.campa.com.mx\/site\/wp-json\/wp\/v2\/media\/3281"}],"wp:attachment":[{"href":"https:\/\/www.campa.com.mx\/site\/wp-json\/wp\/v2\/media?parent=3280"}],"wp:term":[{"taxonomy":"category","embeddable":true,"href":"https:\/\/www.campa.com.mx\/site\/wp-json\/wp\/v2\/categories?post=3280"},{"taxonomy":"post_tag","embeddable":true,"href":"https:\/\/www.campa.com.mx\/site\/wp-json\/wp\/v2\/tags?post=3280"}],"curies":[{"name":"wp","href":"https:\/\/api.w.org\/{rel}","templated":true}]}}