{"id":3291,"date":"2018-06-18T16:34:00","date_gmt":"2018-06-18T16:34:00","guid":{"rendered":"http:\/\/www.campa.com.mx\/site\/?p=3291"},"modified":"2018-06-18T16:34:00","modified_gmt":"2018-06-18T16:34:00","slug":"china-y-eu-arrancan-guerra-comercial","status":"publish","type":"post","link":"https:\/\/www.campa.com.mx\/site\/china-y-eu-arrancan-guerra-comercial\/","title":{"rendered":"China y EU arrancan guerra comercial"},"content":{"rendered":"<p class=\"paragraph\" data-count=\"315\" data-wrap=\"52\">El presidente de Estados Unidos, Donald Trump, anunci\u00f3 el viernes pasado\u00a0aranceles a importaciones chinas por 50 mil millones de d\u00f3lares\u00a0y s\u00f3lo unas horas despu\u00e9s\u00a0Beijing respondi\u00f3 con un plan para imponer tarifas\u00a0a cientos de productos de EU, acercando a las dos mayores econom\u00edas del mundo a una guerra comercial.<\/p>\n<p class=\"paragraph\" data-count=\"243\" data-wrap=\"42\">Dos listas de productos cuyos aranceles se cobrar\u00e1n a partir del 6 de julio forman el n\u00facleo del conflicto: la de\u00a0<strong>EU busca frenar el avance industrial de China\u00a0<\/strong>y la del pa\u00eds asi\u00e1tico,\u00a0<strong>da\u00f1ar a los productores de materias primas estadounidenses<\/strong>.<\/p>\n<p class=\"paragraph\" data-count=\"327\" data-wrap=\"56\">\u201cHay una muy peque\u00f1a posibilidad de que en estas tres semanas, al 6 de julio, haya un esfuerzo de \u00faltimo minuto para evitar estos aranceles\u201d, dijo Michael Hirson, director para Asia de Eurasia Group. \u201cLa primera ronda de impuestos por 50 mil millones de d\u00f3lares est\u00e1 asegurada y el riesgo de una segunda ronda es considerable\u201d.<\/p>\n<p class=\"paragraph\" data-count=\"446\" data-wrap=\"69\">La Representaci\u00f3n de Comercio de EU (USTR, sus siglas en ingl\u00e9s), incluy\u00f3 en la lista final mil 102 productos chinos, de mil 300 iniciales, enfocados principalmente a frenar el programa Hecho en China 2025, con el que busca posicionarse como un actor dominante en sectores de alta tecnolog\u00eda, como rob\u00f3tica, aeroespacial, maquinaria industrial y autos. Bienes de consumo, como tel\u00e9fonos celulares y televisiones, no formaron parte de las medidas.<\/p>\n<p class=\"paragraph\" data-count=\"207\" data-wrap=\"29\">\u201cEstos aranceles son esenciales para\u00a0<strong>evitar nuevas transferencias injustas de tecnolog\u00eda y propiedad intelectual de Estados Unidos a China<\/strong>, lo que proteger\u00e1 los empleos de los estadounidenses\u201d, afirm\u00f3 Trump.<\/p>\n<p class=\"paragraph\" data-count=\"203\" data-wrap=\"36\">La respuesta fue casi inmediata. El\u00a0<strong>Ministerio de Finanzas de China\u00a0<\/strong>liber\u00f3 una lista a 545 categor\u00edas de productos por 34 mil millones de d\u00f3lares a exportaciones de EU, que se gravar\u00e1n con 25 por ciento.<\/p>\n<p class=\"paragraph\" data-count=\"310\" data-wrap=\"52\">La lista de China, adem\u00e1s de los autos, incluy\u00f3 varios productos agr\u00edcolas, como frijol de soya, ma\u00edz y trigo, adem\u00e1s de res, puerco y aves de corral. Un segundo conjunto de productos, a los que les cobrar\u00e1 arancel en una fecha posterior, pero no detallada, incluyen carb\u00f3n, petr\u00f3leo, gasolina y equipo m\u00e9dico.<\/p>\n<p class=\"paragraph\" data-count=\"194\" data-wrap=\"32\">Expertos analizaron la estrategia de Trump de usar aranceles para tratar de frenar el avance tecnol\u00f3gico de China y se\u00f1alaron que\u00a0<strong>hay poca evidencia de que las tarifas tendr\u00e1n el efecto deseado<\/strong>.<\/p>\n<p class=\"paragraph\" data-count=\"358\" data-wrap=\"57\">\u201cLa mentalidad del equipo de Trump es un poco extra\u00f1a\u201d, dijo Andrew Poll, cofundador de la firma de investigaci\u00f3n Trivium China. \u201cEst\u00e1n diciendo, \u2018vamos a gravar las exportaciones de China porque se est\u00e1n convirtiendo en una superpotencia\u2019. Bueno, una forma m\u00e1s poderosa de detener a China en la cadena de valor es dejar de venderle semiconductores\u201d, agreg\u00f3.<\/p>\n<p class=\"paragraph\" data-count=\"333\" data-wrap=\"50\">Rajiv Biswas, economista jefe de IHS Markit de Asia Pac\u00edfico, dijo que \u201c<strong>exportadores chinos y estadounidenses sufrir\u00e1n p\u00e9rdidas econ\u00f3micas considerables\u00a0<\/strong>mientras est\u00e9n vigentes las medidas y muchos pa\u00edses asi\u00e1ticos que son parte de la cadena de suministro de la manufactura china ser\u00e1n los da\u00f1os colaterales de la guerra comercial\u201d.<\/p>\n<p class=\"paragraph\" data-count=\"172\" data-wrap=\"26\">En los mercados asi\u00e1ticos, el peso respondi\u00f3 a la tensi\u00f3n comercial, al alcanzar las 20.7128 unidades, desde el cierre interbancario del viernes, en 20.66, seg\u00fan Bloomberg.<\/p>\n<div class=\"image__block \">\n<figure><img decoding=\"async\" src=\"http:\/\/www.elfinanciero.com.mx\/uploads\/2018\/06\/17\/03e0704b561529297563.jpeg\" alt=\"Placeholder block\" \/><\/figure>\n<\/div>\n<p>Fuente:elfinanciero<\/p>\n","protected":false},"excerpt":{"rendered":"<p>El presidente de Estados Unidos, Donald Trump, anunci\u00f3 el viernes pasado\u00a0aranceles a importaciones chinas por 50 mil millones de d\u00f3lares\u00a0y s\u00f3lo unas horas despu\u00e9s\u00a0Beijing respondi\u00f3 con un plan para imponer tarifas\u00a0a cientos de productos de EU, acercando a las dos [&hellip;]<\/p>\n","protected":false},"author":1,"featured_media":3292,"comment_status":"open","ping_status":"open","sticky":false,"template":"","format":"standard","meta":{"inline_featured_image":false,"_jetpack_memberships_contains_paid_content":false,"footnotes":""},"categories":[173],"tags":[734,730,109,731,670,732,733],"class_list":["post-3291","post","type-post","status-publish","format-standard","has-post-thumbnail","hentry","category-comercio-exterior","tag-andrew-poll","tag-china-y-eu-arrancan-guerra-comercial","tag-donald-trump","tag-eu-y-china","tag-guerra-comercial","tag-michael-hirson","tag-ministerio-de-finanzas-de-china"],"yoast_head":"<!-- This site is optimized with the Yoast SEO plugin v20.9 - https:\/\/yoast.com\/wordpress\/plugins\/seo\/ -->\n<title>China y EU arrancan guerra comercial - Campa<\/title>\n<meta name=\"robots\" content=\"index, follow, max-snippet:-1, max-image-preview:large, max-video-preview:-1\" \/>\n<link rel=\"canonical\" href=\"https:\/\/www.campa.com.mx\/site\/china-y-eu-arrancan-guerra-comercial\/\" \/>\n<meta property=\"og:locale\" content=\"es_ES\" \/>\n<meta property=\"og:type\" content=\"article\" \/>\n<meta property=\"og:title\" content=\"China y EU arrancan guerra comercial - Campa\" \/>\n<meta property=\"og:description\" content=\"El presidente de Estados Unidos, Donald Trump, anunci\u00f3 el viernes pasado\u00a0aranceles a importaciones chinas por 50 mil millones de d\u00f3lares\u00a0y s\u00f3lo unas horas despu\u00e9s\u00a0Beijing respondi\u00f3 con un plan para imponer tarifas\u00a0a cientos de productos de EU, acercando a las dos [&hellip;]\" \/>\n<meta property=\"og:url\" content=\"https:\/\/www.campa.com.mx\/site\/china-y-eu-arrancan-guerra-comercial\/\" \/>\n<meta property=\"og:site_name\" content=\"Campa\" \/>\n<meta property=\"article:publisher\" content=\"https:\/\/www.facebook.com\/MovimientoAnexo24\" \/>\n<meta property=\"article:published_time\" content=\"2018-06-18T16:34:00+00:00\" \/>\n<meta property=\"og:image\" content=\"https:\/\/www.campa.com.mx\/site\/wp-content\/uploads\/2018\/06\/China-y-EU-arrancan-guerra-comercial.png\" \/>\n\t<meta property=\"og:image:width\" content=\"1196\" \/>\n\t<meta property=\"og:image:height\" content=\"625\" \/>\n\t<meta property=\"og:image:type\" content=\"image\/png\" \/>\n<meta name=\"author\" content=\"campa\" \/>\n<meta name=\"twitter:card\" content=\"summary_large_image\" \/>\n<meta name=\"twitter:creator\" content=\"@artycampa\" \/>\n<meta name=\"twitter:site\" content=\"@artycampa\" \/>\n<meta name=\"twitter:label1\" content=\"Escrito por\" \/>\n\t<meta name=\"twitter:data1\" content=\"campa\" \/>\n\t<meta name=\"twitter:label2\" content=\"Tiempo de lectura\" \/>\n\t<meta name=\"twitter:data2\" content=\"3 minutos\" \/>\n<script type=\"application\/ld+json\" class=\"yoast-schema-graph\">{\"@context\":\"https:\/\/schema.org\",\"@graph\":[{\"@type\":\"WebPage\",\"@id\":\"https:\/\/www.campa.com.mx\/site\/china-y-eu-arrancan-guerra-comercial\/\",\"url\":\"https:\/\/www.campa.com.mx\/site\/china-y-eu-arrancan-guerra-comercial\/\",\"name\":\"China y EU arrancan guerra comercial - Campa\",\"isPartOf\":{\"@id\":\"https:\/\/www.campa.com.mx\/site\/#website\"},\"datePublished\":\"2018-06-18T16:34:00+00:00\",\"dateModified\":\"2018-06-18T16:34:00+00:00\",\"author\":{\"@id\":\"https:\/\/www.campa.com.mx\/site\/#\/schema\/person\/5bf1874b81661ed013f5aa29df30761c\"},\"breadcrumb\":{\"@id\":\"https:\/\/www.campa.com.mx\/site\/china-y-eu-arrancan-guerra-comercial\/#breadcrumb\"},\"inLanguage\":\"es\",\"potentialAction\":[{\"@type\":\"ReadAction\",\"target\":[\"https:\/\/www.campa.com.mx\/site\/china-y-eu-arrancan-guerra-comercial\/\"]}]},{\"@type\":\"BreadcrumbList\",\"@id\":\"https:\/\/www.campa.com.mx\/site\/china-y-eu-arrancan-guerra-comercial\/#breadcrumb\",\"itemListElement\":[{\"@type\":\"ListItem\",\"position\":1,\"name\":\"Portada\",\"item\":\"https:\/\/www.campa.com.mx\/site\/\"},{\"@type\":\"ListItem\",\"position\":2,\"name\":\"China y EU arrancan guerra comercial\"}]},{\"@type\":\"WebSite\",\"@id\":\"https:\/\/www.campa.com.mx\/site\/#website\",\"url\":\"https:\/\/www.campa.com.mx\/site\/\",\"name\":\"Campa\",\"description\":\"Tecnolog\u00eda - Comercio Exterior - Servicios\",\"potentialAction\":[{\"@type\":\"SearchAction\",\"target\":{\"@type\":\"EntryPoint\",\"urlTemplate\":\"https:\/\/www.campa.com.mx\/site\/?s={search_term_string}\"},\"query-input\":\"required name=search_term_string\"}],\"inLanguage\":\"es\"},{\"@type\":\"Person\",\"@id\":\"https:\/\/www.campa.com.mx\/site\/#\/schema\/person\/5bf1874b81661ed013f5aa29df30761c\",\"name\":\"campa\",\"image\":{\"@type\":\"ImageObject\",\"inLanguage\":\"es\",\"@id\":\"https:\/\/www.campa.com.mx\/site\/#\/schema\/person\/image\/\",\"url\":\"https:\/\/secure.gravatar.com\/avatar\/921e6e5cffb9d78857948e938192591b9fd4168d0b55cc795582b49d9dc52bb1?s=96&d=mm&r=g\",\"contentUrl\":\"https:\/\/secure.gravatar.com\/avatar\/921e6e5cffb9d78857948e938192591b9fd4168d0b55cc795582b49d9dc52bb1?s=96&d=mm&r=g\",\"caption\":\"campa\"}}]}<\/script>\n<!-- \/ Yoast SEO plugin. -->","yoast_head_json":{"title":"China y EU arrancan guerra comercial - Campa","robots":{"index":"index","follow":"follow","max-snippet":"max-snippet:-1","max-image-preview":"max-image-preview:large","max-video-preview":"max-video-preview:-1"},"canonical":"https:\/\/www.campa.com.mx\/site\/china-y-eu-arrancan-guerra-comercial\/","og_locale":"es_ES","og_type":"article","og_title":"China y EU arrancan guerra comercial - Campa","og_description":"El presidente de Estados Unidos, Donald Trump, anunci\u00f3 el viernes pasado\u00a0aranceles a importaciones chinas por 50 mil millones de d\u00f3lares\u00a0y s\u00f3lo unas horas despu\u00e9s\u00a0Beijing respondi\u00f3 con un plan para imponer tarifas\u00a0a cientos de productos de EU, acercando a las dos [&hellip;]","og_url":"https:\/\/www.campa.com.mx\/site\/china-y-eu-arrancan-guerra-comercial\/","og_site_name":"Campa","article_publisher":"https:\/\/www.facebook.com\/MovimientoAnexo24","article_published_time":"2018-06-18T16:34:00+00:00","og_image":[{"width":1196,"height":625,"url":"https:\/\/www.campa.com.mx\/site\/wp-content\/uploads\/2018\/06\/China-y-EU-arrancan-guerra-comercial.png","type":"image\/png"}],"author":"campa","twitter_card":"summary_large_image","twitter_creator":"@artycampa","twitter_site":"@artycampa","twitter_misc":{"Escrito por":"campa","Tiempo de lectura":"3 minutos"},"schema":{"@context":"https:\/\/schema.org","@graph":[{"@type":"WebPage","@id":"https:\/\/www.campa.com.mx\/site\/china-y-eu-arrancan-guerra-comercial\/","url":"https:\/\/www.campa.com.mx\/site\/china-y-eu-arrancan-guerra-comercial\/","name":"China y EU arrancan guerra comercial - Campa","isPartOf":{"@id":"https:\/\/www.campa.com.mx\/site\/#website"},"datePublished":"2018-06-18T16:34:00+00:00","dateModified":"2018-06-18T16:34:00+00:00","author":{"@id":"https:\/\/www.campa.com.mx\/site\/#\/schema\/person\/5bf1874b81661ed013f5aa29df30761c"},"breadcrumb":{"@id":"https:\/\/www.campa.com.mx\/site\/china-y-eu-arrancan-guerra-comercial\/#breadcrumb"},"inLanguage":"es","potentialAction":[{"@type":"ReadAction","target":["https:\/\/www.campa.com.mx\/site\/china-y-eu-arrancan-guerra-comercial\/"]}]},{"@type":"BreadcrumbList","@id":"https:\/\/www.campa.com.mx\/site\/china-y-eu-arrancan-guerra-comercial\/#breadcrumb","itemListElement":[{"@type":"ListItem","position":1,"name":"Portada","item":"https:\/\/www.campa.com.mx\/site\/"},{"@type":"ListItem","position":2,"name":"China y EU arrancan guerra comercial"}]},{"@type":"WebSite","@id":"https:\/\/www.campa.com.mx\/site\/#website","url":"https:\/\/www.campa.com.mx\/site\/","name":"Campa","description":"Tecnolog\u00eda - Comercio Exterior - Servicios","potentialAction":[{"@type":"SearchAction","target":{"@type":"EntryPoint","urlTemplate":"https:\/\/www.campa.com.mx\/site\/?s={search_term_string}"},"query-input":"required name=search_term_string"}],"inLanguage":"es"},{"@type":"Person","@id":"https:\/\/www.campa.com.mx\/site\/#\/schema\/person\/5bf1874b81661ed013f5aa29df30761c","name":"campa","image":{"@type":"ImageObject","inLanguage":"es","@id":"https:\/\/www.campa.com.mx\/site\/#\/schema\/person\/image\/","url":"https:\/\/secure.gravatar.com\/avatar\/921e6e5cffb9d78857948e938192591b9fd4168d0b55cc795582b49d9dc52bb1?s=96&d=mm&r=g","contentUrl":"https:\/\/secure.gravatar.com\/avatar\/921e6e5cffb9d78857948e938192591b9fd4168d0b55cc795582b49d9dc52bb1?s=96&d=mm&r=g","caption":"campa"}}]}},"jetpack_featured_media_url":"https:\/\/www.campa.com.mx\/site\/wp-content\/uploads\/2018\/06\/China-y-EU-arrancan-guerra-comercial.png","jetpack_sharing_enabled":true,"_links":{"self":[{"href":"https:\/\/www.campa.com.mx\/site\/wp-json\/wp\/v2\/posts\/3291","targetHints":{"allow":["GET"]}}],"collection":[{"href":"https:\/\/www.campa.com.mx\/site\/wp-json\/wp\/v2\/posts"}],"about":[{"href":"https:\/\/www.campa.com.mx\/site\/wp-json\/wp\/v2\/types\/post"}],"author":[{"embeddable":true,"href":"https:\/\/www.campa.com.mx\/site\/wp-json\/wp\/v2\/users\/1"}],"replies":[{"embeddable":true,"href":"https:\/\/www.campa.com.mx\/site\/wp-json\/wp\/v2\/comments?post=3291"}],"version-history":[{"count":1,"href":"https:\/\/www.campa.com.mx\/site\/wp-json\/wp\/v2\/posts\/3291\/revisions"}],"predecessor-version":[{"id":3293,"href":"https:\/\/www.campa.com.mx\/site\/wp-json\/wp\/v2\/posts\/3291\/revisions\/3293"}],"wp:featuredmedia":[{"embeddable":true,"href":"https:\/\/www.campa.com.mx\/site\/wp-json\/wp\/v2\/media\/3292"}],"wp:attachment":[{"href":"https:\/\/www.campa.com.mx\/site\/wp-json\/wp\/v2\/media?parent=3291"}],"wp:term":[{"taxonomy":"category","embeddable":true,"href":"https:\/\/www.campa.com.mx\/site\/wp-json\/wp\/v2\/categories?post=3291"},{"taxonomy":"post_tag","embeddable":true,"href":"https:\/\/www.campa.com.mx\/site\/wp-json\/wp\/v2\/tags?post=3291"}],"curies":[{"name":"wp","href":"https:\/\/api.w.org\/{rel}","templated":true}]}}