{"id":3302,"date":"2018-06-27T14:52:50","date_gmt":"2018-06-27T14:52:50","guid":{"rendered":"http:\/\/www.campa.com.mx\/site\/?p=3302"},"modified":"2018-06-27T14:52:50","modified_gmt":"2018-06-27T14:52:50","slug":"convenio-de-coordinacion-para-el-establecimiento-y-desarrollo-de-la-zona-economica-especial-de-progreso-y-su-area-de-influencia","status":"publish","type":"post","link":"https:\/\/www.campa.com.mx\/site\/convenio-de-coordinacion-para-el-establecimiento-y-desarrollo-de-la-zona-economica-especial-de-progreso-y-su-area-de-influencia\/","title":{"rendered":"CONVENIO de Coordinaci\u00f3n para el establecimiento y desarrollo de la Zona Econ\u00f3mica Especial de Progreso y su \u00c1rea de Influencia."},"content":{"rendered":"<p>ONVENIO\u00a0de Coordinaci\u00f3n para el establecimiento y desarrollo de la Zona Econ\u00f3mica Especial de Progreso y su\u00a0\u00c1rea de Influencia, que suscriben la Secretar\u00eda de Hacienda y Cr\u00e9dito P\u00fablico, el Estado de Yucat\u00e1n y los\u00a0municipios de Progreso, Kanas\u00edn, Um\u00e1n, Hunucm\u00e1,\u00a0M\u00e9rida, Conkal, Chicxulub Pueblo y Uc\u00fa.<\/p>\n<div>CONVENIO DE COORDINACI\u00d3N PARA EL ESTABLECIMIENTO Y DESARROLLO DE LA ZONA ECON\u00d3MICA\u00a0ESPECIAL DE\u00a0PROGRESO\u00a0Y SU \u00c1REA DE INFLUENCIA, EN LO SUCESIVO\u00a0&#8220;CONVENIO&#8221;, QUE SUSCRIBEN POR UNA\u00a0PARTE EL PODER EJECUTIVO FEDERAL, POR CONDUCTO DE LA SECRETAR\u00cdA DE HACIENDA Y CR\u00c9DITO\u00a0P\u00daBLICO, EN LO SUCESIVO\u00a0&#8220;LA SECRETAR\u00cdA&#8221;, REPRESENTADA POR SU TITULAR, EL DR. JOS\u00c9 ANTONIO\u00a0GONZ\u00c1LEZ ANAYA, Y CON LA PARTICIPACI\u00d3N DEL TITULAR DE LA AUTORIDAD FEDERAL PARA EL DESARROLLO\u00a0DE LAS ZONAS ECON\u00d3MICAS ESPECIALES, EN LO SUCESIVO\u00a0&#8220;LA AUTORIDAD FEDERAL&#8221;, EL LIC. GERARDOGUTI\u00c9RREZ CANDIANI Y, POR LA OTRA, EL PODER EJECUTIVO DEL ESTADO LIBRE Y SOBERANO DE\u00a0YUCAT\u00c1N,\u00a0EN LO SUCESIVO\u00a0&#8220;EL GOBIERNO DEL ESTADO&#8221;, POR CONDUCTO DEL GOBERNADOR CONSTITUCIONAL DE\u00a0DICHO ESTADO, EL LIC. ROLANDO RODRIGO ZAPATA BELLO, Y LOS MUNICIPIOS DE PROGRESO,\u00a0KANAS\u00cdN,\u00a0UM\u00c1N, HUNUCM\u00c1, M\u00c9RIDA, CONKAL, CHICXULUB PUEBLO Y UC\u00da, TODOS ELLOS DEL ESTADO DE YUCAT\u00c1N, EN\u00a0LO SUCESIVO\u00a0&#8220;LOS MUNICIPIOS&#8221;, REPRESENTADOS POR EL C.\u00a0JOS\u00c9 ISABEL CORT\u00c9S G\u00d3NGORA, EL C. CARLOS\u00a0MANUEL MORENO MAGA\u00d1A, EL LIC. FREDDY DE JES\u00daS RUZ GUZM\u00c1N, EL M.V.Z. JOS\u00c9 ALBERTO PADR\u00d3NROMERO, LA ABOG. MAR\u00cdA DOLORES FRITZ SIERRA, EL L.E.P. JORGE ENRIQUE P\u00c9REZ PARRA, LA PROFA.\u00a0GUADALUPE DEL ROSARIO CANTO ALE\u00a0Y EL C. MARIO ALBERTO CHAN GARC\u00cdA, RESPECTIVAMENTE EN SU\u00a0CAR\u00c1CTER DE PRESIDENTES MUNICIPALES, Y POR LA C. MAR\u00cdA DEL CARMEN VILLANUEVA \u00c1VILA, EL\u00a0C.\u00a0BERNARDINO PUCH BAAS, LA L.A. ANA CATALINA SOSA NAH, LA C. GLORIA AURORA CHABL\u00c9 CU\u00c1,\u00a0EL C.F.\u00a0ARTURO SABIDO G\u00d3NGORA, EL TEC. RUDY ALEJANDRO CHEL SUL\u00da, LA C. DARLING MINERVA RODR\u00cdGUEZ TUN\u00a0Y LA C. MAR\u00cdA GAUDENCIA CHAN DZUL, EN SU CAR\u00c1CTER DE SECRETARIOS MUNICIPALES,RESPECTIVAMENTE, A QUIENES\u00a0EN SU CONJUNTO SE LES DENOMINAR\u00c1\u00a0&#8220;LAS PARTES&#8221;, AL TENOR DE LOS\u00a0ANTECEDENTES, DECLARACIONES Y CL\u00c1USULAS SIGUIENTES:<\/div>\n<div>ANTECEDENTES<\/div>\n<div>I.\u00a0\u00a0\u00a0\u00a0\u00a0Los art\u00edculos 25 y 26, apartado A de la Constituci\u00f3n Pol\u00edtica de los Estados Unidos Mexicanos,\u00a0establecen que corresponde al Estado la rector\u00eda del desarrollo nacional para garantizar un\u00a0desarrollo nacional integral y sustentable que permita el pleno ejercicio de la libertad y la dignidad de\u00a0los individuos, grupos y clases sociales, mediante la competitividad, el fomento del crecimiento\u00a0econ\u00f3mico, el empleo, as\u00ed como una justa distribuci\u00f3n del ingreso y la riqueza. Asimismo, que debe\u00a0alentar la actividad econ\u00f3mica de los particulares para que contribuya al desarrollo nacional,implementando una pol\u00edtica industrial sustentable, que incluya vertientes sectoriales y regionales.<\/div>\n<div>II.\u00a0\u00a0\u00a0\u00a0\u00a0El 1 de junio de 2016 se public\u00f3 en el Diario Oficial de la Federaci\u00f3n, la Ley Federal de Zonas\u00a0Econ\u00f3micas Especiales, en lo sucesivo\u00a0&#8220;LEY DE ZONAS&#8221;, cuyo objeto es regular la planeaci\u00f3n, el\u00a0establecimiento y operaci\u00f3n de Zonas Econ\u00f3micas Especiales, en lo sucesivo\u00a0&#8220;ZONAS&#8221;,\u00a0para\u00a0impulsar el crecimiento econ\u00f3mico sostenible que, entre otros fines, reduzca la pobreza, permita la\u00a0provisi\u00f3n de servicios b\u00e1sicos y expanda las oportunidades para vidas saludables y productivas, en\u00a0las regiones del pa\u00eds que tengan mayores rezagos en desarrollo social, a trav\u00e9s del fomento de lainversi\u00f3n, la productividad, la competitividad, el empleo y una mejor distribuci\u00f3n del ingreso entre\u00a0la\u00a0poblaci\u00f3n.<\/div>\n<div>III.\u00a0\u00a0\u00a0\u00a0Las\u00a0ZONAS\u00a0son consideradas \u00e1reas prioritarias del desarrollo nacional y el Estado promover\u00e1 las\u00a0condiciones e incentivos para que, con la participaci\u00f3n de los sectores privado y social, se contribuya\u00a0al desarrollo econ\u00f3mico y social de las regiones del pa\u00eds con mayor pobreza.<\/div>\n<div>IV.\u00a0\u00a0\u00a0El 22 de junio de 2017, la Comisi\u00f3n Intersecretarial de Zonas Econ\u00f3micas Especiales aprob\u00f3 el\u00a0Dictamen que determina la viabilidad del establecimiento y operaci\u00f3n de la Zona Econ\u00f3mica Especial\u00a0de Progreso, en lo sucesivo\u00a0&#8220;LA ZONA&#8221;.<\/div>\n<div>V.\u00a0\u00a0\u00a0\u00a0Como parte del Dictamen se\u00f1alado en el antecedente anterior, se incluye la Carta de Intenci\u00f3n\u00a0firmada el 14 de octubre de 2016, signada por el Gobernador del Estado de Yucat\u00e1n y el Presidente\u00a0Municipal de Progreso\u00a0mediante la cual otorgaron su consentimiento para establecer\u00a0LA ZONA\u00a0y se\u00a0obligaron a realizar diversas acciones y medidas administrativas para tal efecto.<\/div>\n<div>VI.\u00a0\u00a0\u00a0El 19 de diciembre de 2017, se public\u00f3 en el Diario Oficial de la Federaci\u00f3n el Decreto de\u00a0Declaratoria de la Zona Econ\u00f3mica Especial de Progreso, el cual determina que\u00a0LA ZONA\u00a0se ubica\u00a0en el municipio de Progreso.<\/div>\n<div>VII.\u00a0\u00a0\u00a0Mediante Decreto n\u00famero 593\/2018, publicado en el Diario Oficial del Gobierno del Estado de\u00a0Yucat\u00e1n, el 28 de febrero de 2018, el Congreso del Estado Libre y Soberano de Yucat\u00e1n otorg\u00f3 su\u00a0consentimiento para que los bienes inmuebles que conforman\u00a0LA ZONA, sujetos al r\u00e9gimen de\u00a0dominio p\u00fablico de la Federaci\u00f3n, queden bajo la jurisdicci\u00f3n exclusiva de los Poderes Federales, en<\/div>\n<div>t\u00e9rminos del art\u00edculo 9 de la Ley General de Bienes Nacionales, y cuya copia se adjunta como\u00a0ANEXO 1\u00a0del presente\u00a0CONVENIO\u00a0y forma parte integral del mismo.<\/div>\n<div>VIII.\u00a0\u00a0Conforme al Decreto de Declaratoria de la Zona Econ\u00f3mica Especial de\u00a0Progreso, su \u00c1rea de\u00a0Influencia comprende el territorio de los\u00a0municipios de\u00a0Progreso, Kanas\u00edn, Um\u00e1n, Hunucm\u00e1, M\u00e9rida,\u00a0Conkal, Chicxulub Pueblo y Uc\u00fa,\u00a0todos ellos en el Estado de Yucat\u00e1n. Asimismo, dicho instrumento\u00a0dispone que las acciones y pol\u00edticas p\u00fablicas a cargo de las autoridades competentes que resulten\u00a0necesarias para el establecimiento y desarrollo de\u00a0LA ZONA\u00a0y su \u00c1rea de Influencia, se sujetar\u00e1n a\u00a0los t\u00e9rminos y condiciones previstos en el Convenio de Coordinaci\u00f3n y el Programa de Desarrollo.<\/div>\n<div>IX.\u00a0\u00a0\u00a0En t\u00e9rminos de la\u00a0LEY DE ZONAS, el Convenio de Coordinaci\u00f3n es el instrumento suscrito entre el\u00a0Ejecutivo Federal, por conducto de\u00a0LA SECRETAR\u00cdA, y los titulares de las entidades federativas y\u00a0municipios, en el cual se establecer\u00e1n las obligaciones de estos dos \u00faltimos niveles de gobierno para\u00a0el establecimiento y desarrollo de la Zona Econ\u00f3mica Especial y su \u00c1rea de Influencia. Por otra\u00a0parte, dicho ordenamiento se\u00f1ala que la operaci\u00f3n de una Zona Econ\u00f3mica Especial no podr\u00e1 iniciar\u00a0hasta que los gobiernos de las entidades federativas y los municipios suscriban el Convenio\u00a0deCoordinaci\u00f3n.<\/div>\n<div>DECLARACIONES<\/div>\n<div>I.\u00a0\u00a0\u00a0\u00a0\u00a0Declara LA SECRETAR\u00cdA, que:<\/div>\n<div>a)\u00a0\u00a0\u00a0\u00a0Es una dependencia de la Administraci\u00f3n P\u00fablica Federal de conformidad con lo dispuesto en\u00a0los art\u00edculos 90 de la Constituci\u00f3n Pol\u00edtica de los Estados Unidos Mexicanos, 2o., fracci\u00f3n I, 26\u00a0y 31 de la Ley Org\u00e1nica de la Administraci\u00f3n P\u00fablica Federal.<\/div>\n<div>b)\u00a0\u00a0\u00a0\u00a0Entre sus atribuciones se encuentra la de suscribir los Convenios de Coordinaci\u00f3n, en t\u00e9rminos\u00a0del art\u00edculo 10 de la\u00a0LEY DE ZONAS.<\/div>\n<div>c)\u00a0\u00a0\u00a0\u00a0Su titular tiene facultades para suscribir el presente\u00a0CONVENIO, con fundamento en el art\u00edculo\u00a04o. del Reglamento Interior de la Secretar\u00eda de Hacienda y Cr\u00e9dito P\u00fablico.<\/div>\n<div>d)\u00a0\u00a0\u00a0\u00a0Para los efectos del presente\u00a0CONVENIO\u00a0se\u00f1ala como domicilio el ubicado en Palacio Nacional\u00a0S\/N, Col. Centro, Del. Cuauht\u00e9moc, C.P. 06000, Ciudad de M\u00e9xico.<\/div>\n<div>II.\u00a0\u00a0\u00a0\u00a0Declara LA AUTORIDAD FEDERAL, que:<\/div>\n<div>a)\u00a0\u00a0\u00a0\u00a0Es un \u00f3rgano administrativo desconcentrado de\u00a0LA SECRETAR\u00cdA,\u00a0con autonom\u00eda t\u00e9cnica,\u00a0operativa y de gesti\u00f3n, que tiene a su cargo las funciones en materia de planeaci\u00f3n, promoci\u00f3n,\u00a0regulaci\u00f3n, supervisi\u00f3n y verificaci\u00f3n en materia de\u00a0ZONAS, de conformidad con lo dispuesto\u00a0en los art\u00edculos 1 y 2 del Decreto por el que se crea la Autoridad Federal para el Desarrollo de\u00a0las Zonas Econ\u00f3micas Especiales y se reforman y adicionan diversas disposiciones del\u00a0Reglamento Interior de la Secretar\u00eda de Hacienda y Cr\u00e9dito P\u00fablico, publicado en el Diario\u00a0Oficial de la Federaci\u00f3n el 30 de junio de 2016, en lo sucesivo\u00a0&#8220;DECRETO DE CREACI\u00d3N&#8221;.<\/div>\n<div>b)\u00a0\u00a0\u00a0\u00a0Entre sus atribuciones se encuentra la de suscribir los Convenios de Coordinaci\u00f3n, en t\u00e9rminos\u00a0del art\u00edculo 4, fracci\u00f3n IX del\u00a0DECRETO DE CREACI\u00d3N.<\/div>\n<div>c)\u00a0\u00a0\u00a0\u00a0Su titular tiene facultades para asistir a la suscripci\u00f3n del presente\u00a0CONVENIO, con fundamento\u00a0en el art\u00edculo 10, fracci\u00f3n V del\u00a0DECRETO DE CREACI\u00d3N.<\/div>\n<div>d)\u00a0\u00a0\u00a0\u00a0Para los efectos del presente\u00a0CONVENIO\u00a0se\u00f1ala como domicilio el ubicado en Boulevard\u00a0Miguel de Cervantes Saavedra 639, Col. Irrigaci\u00f3n, Del. Miguel Hidalgo, C.P. 11500, Ciudad de\u00a0M\u00e9xico.<\/div>\n<div>III.\u00a0\u00a0\u00a0\u00a0Declara EL GOBIERNO DEL ESTADO, que:<\/div>\n<div>a)\u00a0\u00a0\u00a0\u00a0El Estado de Yucat\u00e1n es una entidad libre y soberana que es integrante de la Federaci\u00f3n, en\u00a0t\u00e9rminos de lo establecido en los art\u00edculos 40, 41, primer p\u00e1rrafo, 42, fracci\u00f3n I, 43 y 116 de la\u00a0Constituci\u00f3n Pol\u00edtica de los Estados Unidos Mexicanos, as\u00ed como en los art\u00edculos 12 y 13\u00a0de la\u00a0Constituci\u00f3n Pol\u00edtica del Estado de Yucat\u00e1n.<\/div>\n<div>b)\u00a0\u00a0\u00a0\u00a0El ejercicio del poder Ejecutivo se deposita en el Gobernador del Estado, quien est\u00e1 facultado\u00a0para suscribir el presente\u00a0CONVENIO, de conformidad\u00a0con los art\u00edculos 44 y 55, fracci\u00f3n XXV\u00a0de la Constituci\u00f3n Pol\u00edtica del Estado de Yucat\u00e1n; 12 del C\u00f3digo de la Administraci\u00f3n\u00a0P\u00fablica\u00a0de Yucat\u00e1n, y 6 de la Ley de Coordinaci\u00f3n de Zonas Econ\u00f3micas Especiales del\u00a0Estado de\u00a0Yucat\u00e1n.<\/div>\n<div>c)\u00a0\u00a0\u00a0\u00a0No es necesaria la autorizaci\u00f3n del\u00a0Congreso del Estado de\u00a0Yucat\u00e1n para suscribir el presente\u00a0CONVENIO, lo cual se hace constar en t\u00e9rminos del oficio n\u00famero CJ\/DC\/OC\/094-BIS\/2018 de\u00a0fecha 22 de enero de 2018, suscrito por el Consejero Jur\u00eddico del Poder Ejecutivo del Gobierno<\/div>\n<div>del Estado de Yucat\u00e1n, cuya copia\u00a0se adjunta como\u00a0ANEXO 2\u00a0al presente instrumento\u00a0y forma\u00a0parte integrante del mismo.<\/div>\n<div>d)\u00a0\u00a0\u00a0\u00a0Para los efectos del presente\u00a0CONVENIO\u00a0se\u00f1ala como domicilio el ubicado en Palacio de\u00a0Gobierno, Calle 60 s\/n, Col. Centro, C.P. 97000, M\u00e9rida, Yucat\u00e1n.<\/div>\n<div>IV.\u00a0\u00a0\u00a0Declara EL MUNICIPIO DE PROGRESO, que:<\/div>\n<div>a)\u00a0\u00a0\u00a0\u00a0Es\u00a0un Municipio libre, con personalidad jur\u00eddica y patrimonio propio, integrante del Estado de\u00a0Yucat\u00e1n, en t\u00e9rminos de lo dispuesto por los art\u00edculos\u00a0115 de la Constituci\u00f3n Pol\u00edtica de los\u00a0Estados Unidos Mexicanos; los art\u00edculos 76 y 77, bases Cuarta y Quinta de la Constituci\u00f3n\u00a0Pol\u00edtica del Estado de Yucat\u00e1n, y 2\u00a0de la Ley de Gobierno de los Municipios de Yucat\u00e1n.<\/div>\n<div>b)\u00a0\u00a0\u00a0\u00a0El Presidente Municipal\u00a0de\u00a0Progreso y\u00a0la Secretaria Municipal\u00a0tienen\u00a0facultades para suscribir el\u00a0presente\u00a0CONVENIO, de conformidad con los art\u00edculos\u00a076 y 77, base D\u00e9cima Segunda de la\u00a0Constituci\u00f3n Pol\u00edtica del Estado de Yucat\u00e1n, y 55, fracciones I y XV, y 61, fracci\u00f3n XIV de la Ley\u00a0de Gobierno de los Municipios del Estado de Yucat\u00e1n.<\/div>\n<div>c)\u00a0\u00a0\u00a0\u00a0Mediante Acta de la Sexag\u00e9sima Quinta Sesi\u00f3n Extraordinaria de Cabildo de fecha 15 de\u00a0febrero de 2018, el Ayuntamiento de Progreso resolvi\u00f3\u00a0autorizar al Presidente Municipal y a la\u00a0Secretaria Municipal a suscribir el presente\u00a0CONVENIO,\u00a0y cuya copia se adjunta como\u00a0ANEXO\u00a03\u00a0del presente\u00a0CONVENIO\u00a0y forma parte integral del mismo.<\/div>\n<div>d)\u00a0\u00a0\u00a0\u00a0Para los efectos del presente\u00a0CONVENIO\u00a0se\u00f1ala como domicilio el ubicado en Calle 80 s\/n,\u00a0Col. Centro, C.P. 97320, Progreso, Yucat\u00e1n.<\/div>\n<div>V.\u00a0Declara EL MUNICIPIO DE KANAS\u00cdN, que:<\/div>\n<div>a)\u00a0\u00a0\u00a0\u00a0Es\u00a0un Municipio libre, con personalidad jur\u00eddica y patrimonio propio, integrante del Estado de\u00a0Yucat\u00e1n, en t\u00e9rminos de lo dispuesto por los art\u00edculos\u00a0115 de la Constituci\u00f3n Pol\u00edtica de los\u00a0Estados Unidos Mexicanos; los art\u00edculos 76 y 77, bases Cuarta y Quinta de la Constituci\u00f3n\u00a0Pol\u00edtica del Estado de Yucat\u00e1n, y 2\u00a0de la Ley de Gobierno de los Municipios de Yucat\u00e1n.<\/div>\n<div>b)\u00a0\u00a0\u00a0\u00a0El Presidente Municipal\u00a0de Kanas\u00edn\u00a0y\u00a0el Secretario Municipal\u00a0tienen\u00a0facultades para suscribir el\u00a0presente\u00a0CONVENIO, de conformidad con los art\u00edculos\u00a076 y 77, base D\u00e9cima Segunda de la\u00a0Constituci\u00f3n Pol\u00edtica del Estado de Yucat\u00e1n, y 55, fracciones I y XV, y 61, fracci\u00f3n XIV de la Ley\u00a0de Gobierno de los Municipios del Estado de Yucat\u00e1n.<\/div>\n<div>c)\u00a0\u00a0\u00a0\u00a0Mediante Acta de la Sesi\u00f3n Extraordinaria de Cabildo n\u00famero 66 de fecha 1 de febrero de\u00a02018, el Ayuntamiento de Kanas\u00edn, resolvi\u00f3\u00a0autorizar al Presidente Municipal y al Secretario\u00a0Municipal a suscribir el presente\u00a0CONVENIO,\u00a0y cuya copia se adjunta como\u00a0ANEXO 4\u00a0del\u00a0presente\u00a0CONVENIO\u00a0y forma parte integral del mismo.<\/div>\n<div>d)\u00a0\u00a0\u00a0\u00a0Para los efectos del presente\u00a0CONVENIO\u00a0se\u00f1ala como domicilio el ubicado en Calle 21 No.102,\u00a0Col. Centro, C.P. 97370, Kanas\u00edn, Yucat\u00e1n.<\/div>\n<div>VI.\u00a0Declara EL MUNICIPIO DE UM\u00c1N, que:<\/div>\n<div>a)\u00a0\u00a0\u00a0\u00a0Es\u00a0un Municipio libre, con personalidad jur\u00eddica y patrimonio propio, integrante del Estado de\u00a0Yucat\u00e1n, en t\u00e9rminos de lo dispuesto por los art\u00edculos\u00a0115 de la Constituci\u00f3n Pol\u00edtica de los\u00a0Estados Unidos Mexicanos; los art\u00edculos 76 y 77, bases Cuarta y Quinta de la Constituci\u00f3n\u00a0Pol\u00edtica del Estado de Yucat\u00e1n, y 2\u00a0de la Ley de Gobierno de los Municipios de Yucat\u00e1n.<\/div>\n<div>b)\u00a0\u00a0\u00a0\u00a0El Presidente Municipal\u00a0de\u00a0Um\u00e1n\u00a0y\u00a0la Secretaria Municipal\u00a0tienen\u00a0facultades para suscribir el\u00a0presente\u00a0CONVENIO, de conformidad con los art\u00edculos\u00a076 y 77, base D\u00e9cima Segunda de la\u00a0Constituci\u00f3n Pol\u00edtica del Estado de Yucat\u00e1n, y 55, fracciones I y XV, y 61, fracci\u00f3n XIV de la Ley\u00a0de Gobierno de los Municipios del Estado de Yucat\u00e1n.<\/div>\n<div>c)\u00a0\u00a0\u00a0\u00a0Mediante Acta de la Nonag\u00e9sima Quinta Sesi\u00f3n Extraordinaria de Cabildo de fecha 26 de enero\u00a0de 2018, el Ayuntamiento de Um\u00e1n resolvi\u00f3\u00a0autorizar al Presidente Municipal y a la Secretaria\u00a0Municipal a suscribir el presente\u00a0CONVENIO,\u00a0y cuya copia se adjunta como\u00a0ANEXO 5\u00a0del\u00a0presente\u00a0CONVENIO\u00a0y forma parte integral del mismo.<\/div>\n<div>d)\u00a0\u00a0\u00a0\u00a0Para los efectos del presente\u00a0CONVENIO\u00a0se\u00f1ala como domicilio el ubicado en Calle 20 S\/N,\u00a0Col. Centro, C.P. 97390, Um\u00e1n, Yucat\u00e1n.<\/div>\n<div>VII.\u00a0\u00a0\u00a0Declara EL MUNICIPIO DE HUNUCM\u00c1, que:<\/div>\n<div>a)\u00a0\u00a0\u00a0\u00a0Es\u00a0un Municipio libre, con personalidad jur\u00eddica y patrimonio propio, integrante del Estado de<\/div>\n<div>Yucat\u00e1n, en t\u00e9rminos de lo dispuesto por los art\u00edculos\u00a0115 de la Constituci\u00f3n Pol\u00edtica de los\u00a0Estados Unidos Mexicanos; los art\u00edculos 76 y 77, bases Cuarta y Quinta de la Constituci\u00f3n\u00a0Pol\u00edtica del Estado de Yucat\u00e1n, y 2\u00a0de la Ley de Gobierno de los Municipios de Yucat\u00e1n.<\/div>\n<div>b)\u00a0\u00a0\u00a0\u00a0El Presidente Municipal\u00a0de\u00a0Hunucm\u00e1\u00a0y\u00a0la Secretaria Municipal\u00a0tienen\u00a0facultades para suscribir\u00a0el presente\u00a0CONVENIO, de conformidad con los art\u00edculos\u00a076 y 77, base D\u00e9cima Segunda de la\u00a0Constituci\u00f3n Pol\u00edtica del Estado de Yucat\u00e1n, y 55, fracciones I y XV, y 61, fracci\u00f3n XIV de la Ley\u00a0de Gobierno de los Municipios del Estado de Yucat\u00e1n.<\/div>\n<div>c)\u00a0\u00a0\u00a0\u00a0Mediante Acta de la Sesi\u00f3n Extraordinaria de Cabildo n\u00famero Setenta y Seis, de fecha 1 de\u00a0febrero de 2018, el Ayuntamiento de\u00a0Hunucm\u00e1\u00a0resolvi\u00f3\u00a0autorizar al Presidente Municipal y a la\u00a0Secretaria Municipal a suscribir el presente\u00a0CONVENIO,\u00a0y cuya copia se adjunta como\u00a0ANEXO\u00a06\u00a0del presente\u00a0CONVENIO\u00a0y forma parte integral del mismo.<\/div>\n<div>d)\u00a0\u00a0\u00a0\u00a0Para\u00a0los efectos del presente\u00a0CONVENIO\u00a0se\u00f1ala como domicilio el ubicado en Calle 31 S\/N,\u00a0Col. Centro, C.P. 97350, Hunucm\u00e1, Yucat\u00e1n.<\/div>\n<div>VIII.\u00a0\u00a0Declara EL MUNICIPIO DE M\u00c9RIDA, que:<\/div>\n<div>a)\u00a0\u00a0\u00a0\u00a0Es\u00a0un Municipio libre, con personalidad jur\u00eddica y patrimonio propio, integrante del Estado de\u00a0Yucat\u00e1n, en t\u00e9rminos de lo dispuesto por los art\u00edculos\u00a0115 de la Constituci\u00f3n Pol\u00edtica de los\u00a0Estados Unidos Mexicanos; los art\u00edculos 76 y 77, bases Cuarta y Quinta de la Constituci\u00f3n\u00a0Pol\u00edtica del Estado de Yucat\u00e1n, y 2\u00a0de la Ley de Gobierno de los Municipios de Yucat\u00e1n.<\/div>\n<div>b)\u00a0\u00a0\u00a0\u00a0La Presidenta Municipal\u00a0de M\u00e9rida\u00a0y\u00a0el Secretario Municipal\u00a0tienen\u00a0facultades para suscribir el\u00a0presente\u00a0CONVENIO, de conformidad con los art\u00edculos\u00a076 y 77, base D\u00e9cima Segunda de la\u00a0Constituci\u00f3n Pol\u00edtica del Estado de Yucat\u00e1n, y 55, fracciones I y XV, y 61, fracci\u00f3n XIV de la Ley\u00a0de Gobierno de los Municipios del Estado de Yucat\u00e1n.<\/div>\n<div>c)\u00a0\u00a0\u00a0\u00a0Mediante Acta de la Sesi\u00f3n Extraordinaria de Cabildo de fecha 8 de febrero de 2018, el\u00a0Ayuntamiento de\u00a0M\u00e9ridaresolvi\u00f3\u00a0autorizar a la Presidenta Municipal y al Secretario Municipal a\u00a0suscribir el presente\u00a0CONVENIO,\u00a0y cuya copia se adjunta como\u00a0ANEXO 7\u00a0del presente\u00a0CONVENIO\u00a0y forma parte integral del mismo.<\/div>\n<div>d)\u00a0\u00a0\u00a0\u00a0Para los efectos del presente\u00a0CONVENIO\u00a0se\u00f1ala como domicilio del Palacio Municipal, el\u00a0ubicado en la Calle 62 S\/N, Col. Centro, C.P. 97000, de M\u00e9rida, Yucat\u00e1n.<\/div>\n<div>IX.\u00a0\u00a0\u00a0Declara EL MUNICIPIO DE CONKAL, que:<\/div>\n<div>a)\u00a0\u00a0\u00a0\u00a0Es\u00a0un Municipio libre, con personalidad jur\u00eddica y patrimonio propio, integrante del Estado de\u00a0Yucat\u00e1n, en t\u00e9rminos de lo dispuesto por los art\u00edculos\u00a0115 de la Constituci\u00f3n Pol\u00edtica de los\u00a0Estados Unidos Mexicanos; los art\u00edculos 76 y 77, bases Cuarta y Quinta de la Constituci\u00f3n\u00a0Pol\u00edtica del Estado de Yucat\u00e1n, y 2\u00a0de la Ley de Gobierno de los Municipios de Yucat\u00e1n.<\/div>\n<div>b)\u00a0\u00a0\u00a0\u00a0\u00a0El Presidente Municipal\u00a0de Conkal\u00a0y\u00a0el Secretario Municipal\u00a0tienen\u00a0facultades para suscribir el\u00a0presente\u00a0CONVENIO, de conformidad con los art\u00edculos\u00a076 y 77, base D\u00e9cima Segunda de la\u00a0Constituci\u00f3n Pol\u00edtica del Estado de Yucat\u00e1n, y 55, fracciones I y XV, y 61, fracci\u00f3n XIV de la Ley\u00a0de Gobierno de los Municipios del Estado de Yucat\u00e1n.<\/div>\n<div>c)\u00a0\u00a0\u00a0\u00a0Mediante Acta de la Sesi\u00f3n Extraordinaria de Cabildo n\u00famero Ciento Treinta y Dos de fecha 29\u00a0de enero de 2018, el Ayuntamiento de\u00a0Conkal\u00a0resolvi\u00f3\u00a0autorizar al Presidente Municipal y al\u00a0Secretario Municipal a suscribir el presente\u00a0CONVENIO,\u00a0y cuya copia se adjunta como\u00a0ANEXO\u00a08\u00a0del presente\u00a0CONVENIO\u00a0y forma parte integral del mismo.<\/div>\n<div>d)\u00a0\u00a0\u00a0\u00a0Para los efectos del presente\u00a0CONVENIO\u00a0se\u00f1ala como domicilio el ubicado en Calle 22 S\/N,\u00a0Col. Centro, C.P. 97345, Conkal, Yucat\u00e1n.<\/div>\n<div>X.\u00a0\u00a0\u00a0\u00a0Declara EL MUNICIPIO DE CHICXULUB PUEBLO, que:<\/div>\n<div>a)\u00a0\u00a0\u00a0\u00a0Es\u00a0un Municipio libre, con personalidad jur\u00eddica y patrimonio propio, integrante del Estado de\u00a0Yucat\u00e1n, en t\u00e9rminos de lo dispuesto por los art\u00edculos\u00a0115 de la Constituci\u00f3n Pol\u00edtica de los\u00a0Estados Unidos Mexicanos; los art\u00edculos 76 y 77, bases Cuarta y Quinta de la Constituci\u00f3n\u00a0Pol\u00edtica del Estado de Yucat\u00e1n, y 2\u00a0de la Ley de Gobierno de los Municipios de Yucat\u00e1n.<\/div>\n<div>b)\u00a0\u00a0\u00a0\u00a0La Presidenta Municipal\u00a0de Chicxulub Pueblo\u00a0y\u00a0la Secretaria Municipal\u00a0tienen\u00a0facultades para\u00a0suscribir el presente\u00a0CONVENIO, de conformidad con los art\u00edculos\u00a076 y 77, base D\u00e9cima\u00a0Segunda de la Constituci\u00f3n Pol\u00edtica del Estado de Yucat\u00e1n, y 55, fracciones I y XV, y 61,\u00a0fracci\u00f3n XIV de la Ley de Gobierno de los Municipios del Estado de Yucat\u00e1n.<\/div>\n<div>c)\u00a0\u00a0\u00a0\u00a0Mediante Acta No. 101 de la Sesi\u00f3n Extraordinaria de Cabildo de fecha 25 de enero de 2018, el\u00a0Ayuntamiento de\u00a0Chicxulub Pueblo\u00a0resolvi\u00f3\u00a0autorizar la Presidenta Municipal y al Secretario<\/div>\n<div>Municipal a suscribir el presente\u00a0CONVENIO,\u00a0y cuya copia se adjunta como\u00a0ANEXO 9\u00a0del\u00a0presente\u00a0CONVENIO\u00a0y forma parte integral del mismo.<\/div>\n<div>d)\u00a0\u00a0\u00a0\u00a0Para los efectos del presente\u00a0CONVENIO\u00a0se\u00f1ala como domicilio el ubicado en Calle 18\u00a0&#8220;A&#8221;\u00a0S\/N, Col. Centro, C.P. 97340, Chicxulub Pueblo, Yucat\u00e1n.<\/div>\n<div>XI.\u00a0\u00a0\u00a0Declara EL MUNICIPIO DE UC\u00da, que:<\/div>\n<div>a)\u00a0\u00a0\u00a0\u00a0Es\u00a0un Municipio libre, con personalidad jur\u00eddica y patrimonio propio, integrante del Estado de\u00a0Yucat\u00e1n, en t\u00e9rminos de lo dispuesto por los art\u00edculos\u00a0115 de la Constituci\u00f3n Pol\u00edtica de los\u00a0Estados Unidos Mexicanos; los art\u00edculos 76 y 77, bases Cuarta y Quinta de la Constituci\u00f3n\u00a0Pol\u00edtica del Estado de Yucat\u00e1n, y 2\u00a0de la Ley de Gobierno de los Municipios de Yucat\u00e1n.<\/div>\n<div>b)\u00a0\u00a0\u00a0\u00a0El Presidente Municipal\u00a0de Uc\u00fa\u00a0y\u00a0la Secretaria Municipal\u00a0tienen\u00a0facultades para suscribir el\u00a0presente\u00a0CONVENIO, de conformidad con los art\u00edculos\u00a076 y 77, base D\u00e9cima Segunda de la\u00a0Constituci\u00f3n Pol\u00edtica del Estado de Yucat\u00e1n, y 55, fracciones I y XV, y 61, fracci\u00f3n XIV de la Ley\u00a0de Gobierno de los Municipios del Estado de Yucat\u00e1n.<\/div>\n<div>c)\u00a0\u00a0\u00a0\u00a0Mediante Acta de la Sesi\u00f3n Extraordinaria de Cabildo de fecha 29 de enero de 2018, el\u00a0Ayuntamiento de\u00a0Uc\u00faresolvi\u00f3\u00a0autorizar al Presidente Municipal y a la Secretaria Municipal a\u00a0suscribir el presente\u00a0CONVENIO,\u00a0y cuya copia se adjunta como\u00a0ANEXO 10\u00a0del presente\u00a0CONVENIO\u00a0y forma parte integral del mismo.<\/div>\n<div>d)\u00a0\u00a0\u00a0\u00a0Para los efectos del presente\u00a0CONVENIO\u00a0se\u00f1ala como domicilio el ubicado en Calle 20 S\/N,\u00a0Col. Centro, C.P. 97357,\u00a0Uc\u00fa, Yucat\u00e1n.<\/div>\n<div>En virtud de los\u00a0ANTECEDENTES\u00a0y\u00a0DECLARACIONES\u00a0anteriores,\u00a0LAS PARTES\u00a0del presente\u00a0CONVENIO\u00a0se obligan de conformidad con las siguientes:<\/div>\n<div>CL\u00c1USULAS<\/div>\n<div>PRIMERA.-\u00a0Objeto.<\/div>\n<div>El presente\u00a0CONVENIO\u00a0tiene por objeto establecer las obligaciones de\u00a0EL GOBIERNO DEL ESTADO\u00a0y\u00a0LOS MUNICIPIOSpara el establecimiento y desarrollo de\u00a0LA ZONA\u00a0y su \u00c1rea de Influencia, as\u00ed como los\u00a0mecanismos de coordinaci\u00f3n y seguimiento a su ejecuci\u00f3n.<\/div>\n<div>Las definiciones previstas en los art\u00edculos 3 de la\u00a0LEY DE ZONAS\u00a0y 4 de su Reglamento ser\u00e1n aplicables\u00a0al presente\u00a0CONVENIO.<\/div>\n<div>SEGUNDA.-\u00a0Obligaciones generales.<\/div>\n<div>En el \u00e1mbito de sus respectivas atribuciones,\u00a0EL GOBIERNO DEL ESTADO\u00a0y\u00a0LOS MUNICIPIOS\u00a0se\u00a0obligan a:<\/div>\n<div>I.\u00a0\u00a0\u00a0\u00a0\u00a0Otorgar, en el \u00e1mbito local, las facilidades e incentivos para el establecimiento de\u00a0LA ZONA, en\u00a0t\u00e9rminos del art\u00edculo 10 de la\u00a0LEY DE ZONAS\u00a0y dem\u00e1s disposiciones jur\u00eddicas aplicables;<\/div>\n<div>II.\u00a0\u00a0\u00a0\u00a0\u00a0Establecer y llevar a cabo las acciones tendientes a simplificar y agilizar los tr\u00e1mites necesarios para\u00a0construir, desarrollar, operar y administrar\u00a0LA ZONA; realizar actividades econ\u00f3micas productivas en\u00a0la misma, o instalar y operar empresas en el \u00c1rea de Influencia;<\/div>\n<div>III.\u00a0\u00a0\u00a0\u00a0Llevar a cabo las medidas administrativas necesarias para el establecimiento y desarrollo de\u00a0LA\u00a0ZONA, incluyendo aqu\u00e9llas para la instalaci\u00f3n y operaci\u00f3n de los Inversionistas dentro\u00a0de la misma;<\/div>\n<div>IV.\u00a0\u00a0\u00a0Implementar acciones de mejora regulatoria compatibles con las mejores pr\u00e1cticas internacionales en\u00a0relaci\u00f3n con los tr\u00e1mites locales y municipales que, en su caso, deban cumplir el Administrador\u00a0Integral y los Inversionistas;<\/div>\n<div>V.\u00a0\u00a0\u00a0\u00a0Realizar acciones de ordenamiento territorial en el \u00c1rea de Influencia, de conformidad con las\u00a0facultades que les corresponden;<\/div>\n<div>VI.\u00a0\u00a0\u00a0Promover el desarrollo integral de las personas y comunidades ubicadas en el \u00c1rea de Influencia\u00a0seg\u00fan lo previsto en el Programa de Desarrollo;<\/div>\n<div>VII.\u00a0\u00a0\u00a0Procurar que los programas sociales que fomenten actividades productivas sean consistentes con las\u00a0actividades econ\u00f3micas de\u00a0LA ZONA\u00a0y su \u00c1rea de Influencia;<\/div>\n<div>VIII.\u00a0\u00a0Fomentar la inclusi\u00f3n de los habitantes de las comunidades ubicadas en el \u00c1rea de Influencia, en las\u00a0Actividades Econ\u00f3micas Productivas que se realicen en\u00a0LA ZONA\u00a0o que sean complementarias a\u00a0\u00e9stas, seg\u00fan lo previsto en el Programa de Desarrollo;<\/div>\n<div>IX.\u00a0\u00a0\u00a0Proveer a las instancias competentes toda la informaci\u00f3n necesaria para la evaluaci\u00f3n del\u00a0desempe\u00f1o de\u00a0LA ZONA\u00a0y los resultados econ\u00f3micos y sociales en el \u00c1rea de Influencia;<\/div>\n<div><\/div>\n<div>X.\u00a0\u00a0\u00a0\u00a0Planear y ejecutar las acciones de seguridad p\u00fablica necesarias para el establecimiento y desarrollo\u00a0de\u00a0LA ZONA, as\u00ed como establecer un mecanismo de seguimiento y evaluaci\u00f3n para tal efecto,\u00a0observando lo dispuesto en la Ley General del Sistema Nacional de Seguridad P\u00fablica;<\/div>\n<div>XI.\u00a0\u00a0\u00a0Se\u00f1alar los compromisos que tendr\u00e1n a su cargo en materia de uso de suelo y emisi\u00f3n de licencias o\u00a0permisos de construcci\u00f3n o funcionamiento, conforme a sus respectivos \u00e1mbitos de competencia,\u00a0con el objeto de agilizar el establecimiento y desarrollo de\u00a0LA ZONA;<\/div>\n<div>XII.\u00a0\u00a0\u00a0Establecer las metas e indicadores de cumplimiento de las obligaciones previstas en el presente\u00a0CONVENIO, a cargo de\u00a0LAS PARTES, as\u00ed como los mecanismos de seguimiento, y<\/div>\n<div>XIII.\u00a0\u00a0Las dem\u00e1s acciones que resulten necesarias para el buen funcionamiento de\u00a0LA ZONA, incluyendo\u00a0la operaci\u00f3n de las empresas instaladas.<\/div>\n<div>EL GOBIERNO DEL ESTADO,\u00a0LOS MUNICIPIOS\u00a0y\u00a0LA AUTORIDAD FEDERAL\u00a0se coordinar\u00e1n para dar\u00a0seguimiento a las acciones derivadas de las obligaciones a que se refiere esta cl\u00e1usula.<\/div>\n<div>TERCERA.-\u00a0Programa de Desarrollo.<\/div>\n<div>EL GOBIERNO DEL ESTADO\u00a0y\u00a0LOS MUNICIPIOS\u00a0se obligan a participar en la elaboraci\u00f3n del Programa\u00a0de Desarrollo a que se refieren los art\u00edculos 11 y 12 de la\u00a0LEY DE ZONAS\u00a0y 58 de su Reglamento, y realizar\u00a0las acciones previstas en dicho Programa que les correspondan conforme a sus respectivos \u00e1mbitos\u00a0de\u00a0atribuciones.<\/div>\n<div>CUARTA.-\u00a0Facilidades e incentivos fiscales.<\/div>\n<div>I.\u00a0\u00a0\u00a0\u00a0\u00a0\u00a0EL GOBIERNO DEL ESTADO,\u00a0de conformidad con lo previsto en el\u00a0&#8220;Decreto 586\/2018 por el que se\u00a0otorgan est\u00edmulos fiscales a los administradores integrales e inversionistas que realicen las\u00a0actividades previstas en el Decreto de declaratoria de la Zona Econ\u00f3mica Especial de Progreso&#8221;,\u00a0publicado en el Diario Oficial del\u00a0GOBIERNO DEL ESTADO\u00a0el 14 de febrero de 2018, y cuya copia\u00a0se acompa\u00f1a al presente\u00a0CONVENIO\u00a0como\u00a0ANEXO 11\u00a0y forma parte integral del mismo, otorgar\u00e1 a\u00a0los Administradores Integrales e Inversionistas, para el establecimiento y operaci\u00f3n de\u00a0LA ZONA, enun 100% durante los primeros 10 a\u00f1os y en un 50% durante los siguientes 5 a\u00f1os, los siguientes\u00a0est\u00edmulos fiscales:<\/div>\n<div>a)\u00a0\u00a0\u00a0\u00a0\u00a0Impuesto Sobre Enajenaci\u00f3n de Veh\u00edculos Usados previsto en los art\u00edculos 8 al 15 de la Ley\u00a0General de Hacienda del Estado de Yucat\u00e1n;<\/div>\n<div>b)\u00a0\u00a0\u00a0\u00a0Impuesto Cedular Sobre la Obtenci\u00f3n de Ingresos por Actividades Empresariales previsto en\u00a0los art\u00edculos del 20-A al 20-G de la Ley General de Hacienda del Estado de Yucat\u00e1n;<\/div>\n<div>c)\u00a0\u00a0\u00a0\u00a0\u00a0Impuesto Sobre Erogaciones por Remuneraci\u00f3n al Trabajo Personal previsto en los art\u00edculos 21\u00a0al 26 de la Ley General de Hacienda del Estado de Yucat\u00e1n;<\/div>\n<div>d)\u00a0\u00a0\u00a0\u00a0Impuesto Sobre Hospedaje previsto en los art\u00edculos 35 al 41 de la Ley General de Hacienda del\u00a0Estado de Yucat\u00e1n;<\/div>\n<div>e)\u00a0\u00a0\u00a0\u00a0\u00a0Impuesto Adicional para la Ejecuci\u00f3n de Obras Materiales y Asistencia Social previsto\u00a0en los\u00a0art\u00edculos 42 al 46 de la Ley General de Hacienda del Estado de Yucat\u00e1n;<\/div>\n<div>f)\u00a0\u00a0\u00a0\u00a0\u00a0Derechos por Servicios que Presta la Direcci\u00f3n del Registro P\u00fablico de la Propiedad y del\u00a0Comercio previstos en los art\u00edculos 59 al 62 de la Ley General de Hacienda del Estado\u00a0de\u00a0Yucat\u00e1n;<\/div>\n<div>g)\u00a0\u00a0\u00a0\u00a0Derechos por los Servicios que Presta la Direcci\u00f3n del Catastro previstos en el art\u00edculo 68 de la\u00a0Ley General de Hacienda del Estado de Yucat\u00e1n;<\/div>\n<div>h)\u00a0\u00a0\u00a0\u00a0Derechos por los Servicios que Presta la Secretar\u00eda de Desarrollo Urbano y Medio Ambiente\u00a0previstos en el art\u00edculo 82, fracciones I, V, VI, VII, VIII, IX, X, XI, XII, XIII, XIV, XV, XVI, XVII y\u00a0XVIII, de la Ley General de Hacienda del Estado de Yucat\u00e1n;<\/div>\n<div>i)\u00a0\u00a0\u00a0\u00a0\u00a0Derechos por los Servicios que Presta la Secretar\u00eda de Salud previstos en el art\u00edculo 85-A,\u00a0fracciones III, IV, VI, VII, VIII, IX, XII, XVII, XXV, XXVI y XXX de la Ley General de Hacienda del\u00a0Estado de Yucat\u00e1n, y<\/div>\n<div>j)\u00a0\u00a0\u00a0\u00a0\u00a0Derechos por los Servicios que Presta la Unidad Estatal de Protecci\u00f3n Civil previstos en el\u00a0art\u00edculo 85-E de la Ley General de Hacienda del Estado de Yucat\u00e1n.<\/div>\n<div>Los est\u00edmulos fiscales antes mencionados tendr\u00e1n una vigencia de 15 a\u00f1os contados a partir de la\u00a0fecha en que se obtengan el permiso o autorizaci\u00f3n para realizar actividades dentro de\u00a0LA ZONA, y\u00a0sin que excedan del periodo de vigencia de \u00e9stos; con posibilidad de pr\u00f3rroga, sin que los mismos\u00a0puedan ser derogados, abrogados o restringidos con efectos generales en perjuicio de los\u00a0Inversionistas y\/o Administradores Integrales, sino \u00fanicamente modificados en raz\u00f3n de nuevos\u00a0beneficios a otorgar o ajustes con motivo de reformas legislativas que hagan necesario realizar lasadaptaciones.<\/div>\n<div>II.\u00a0\u00a0\u00a0\u00a0\u00a0EL\u00a0MUNICIPIO DE PROGRESO, de conformidad con lo previsto en el Acta de la\u00a0Sexag\u00e9sima Quinta\u00a0Sesi\u00f3n\u00a0Extraordinaria\u00a0de Cabildo, de fecha\u00a015 de febrero de 2018, y en el Acta de la\u00a0Sexag\u00e9sima<\/div>\n<div>Octava\u00a0Sesi\u00f3n\u00a0Extraordinaria\u00a0de Cabildo, de fecha\u00a029 de marzo de 2018,\u00a0copias de las cuales se\u00a0acompa\u00f1an al presente\u00a0CONVENIO\u00a0como\u00a0ANEXO 3\u00a0y que forma parte integral del mismo, otorgar\u00e1\u00a0los incentivos y facilidades fiscales que a continuaci\u00f3n se se\u00f1alan, con motivo del establecimiento y\u00a0desarrollo de\u00a0LA ZONA, a favor de los Administradores Integrales e Inversionistas, respecto del: i)\u00a0Impuesto sobre Adquisici\u00f3n de Bienes Inmuebles; ii) Derechos por Licencias y Permisos, y iii)\u00a0Impuesto Predial, consistentes en la aplicaci\u00f3n de una tasa del 0% (cero por ciento) en el cobro de\u00a0tales impuestos y derechos, y tendr\u00e1n una duraci\u00f3n m\u00ednima de 8 a\u00f1os, contados a partir del inicio de\u00a0operaciones de\u00a0LA ZONA.<\/div>\n<div>En caso de que las contribuciones se\u00f1aladas en las fracciones anteriores cambien de denominaci\u00f3n, se\u00a0sustituyan o adicionen otras,\u00a0EL GOBIERNO DEL ESTADO\u00a0y\u00a0LOS MUNICIPIOS\u00a0realizar\u00e1n las acciones\u00a0necesarias para otorgar los est\u00edmulos correspondientes a los Administradores Integrales y los Inversionistas\u00a0de\u00a0LA ZONA, en los t\u00e9rminos previstos en el presente\u00a0CONVENIO.<\/div>\n<div>Lo dispuesto en la presente cl\u00e1usula se entender\u00e1 sin perjuicio de los incentivos que, en su caso, los\u00a0MUNICIPIOS\u00a0que integran el \u00c1rea de Influencia otorguen para el desarrollo de actividades que sean\u00a0complementarias a aqu\u00e9llas que se realicen en\u00a0LA ZONA.<\/div>\n<div>QUINTA.-\u00a0Ventanilla \u00danica y Mejora Regulatoria.<\/div>\n<div>EL GOBIERNO DEL ESTADO\u00a0y\u00a0LOS MUNICIPIOS\u00a0se obligan a suscribir, a m\u00e1s tardar a los 60 d\u00edas\u00a0naturales posteriores a la suscripci\u00f3n de este\u00a0CONVENIO, el acuerdo conjunto para el establecimiento y\u00a0operaci\u00f3n de la Ventanilla \u00danica de\u00a0LA ZONA, de conformidad con lo dispuesto en los art\u00edculos 15, p\u00e1rrafo\u00a0tercero de la\u00a0LEY DE ZONAS\u00a0y 33, p\u00e1rrafo segundo de su Reglamento.Asimismo, se obligan a ejecutar,\u00a0conjuntamente con\u00a0LA AUTORIDAD FEDERAL, la Comisi\u00f3n Federal de Mejora Regulatoria, en lo sucesivo,\u00a0&#8220;LA COFEMER&#8221;, y las dem\u00e1s dependencias y entidades de la Administraci\u00f3n P\u00fablica Federal competentes,\u00a0las acciones necesarias para la creaci\u00f3n y operaci\u00f3n de la Ventanilla \u00danica.<\/div>\n<div>En materia de mejora regulatoria,\u00a0EL GOBIERNO DEL ESTADO\u00a0y\u00a0LOS MUNICIPIOS\u00a0se\u00a0obligan\u00a0a realizar\u00a0las acciones siguientes:<\/div>\n<div>I.\u00a0\u00a0\u00a0\u00a0\u00a0Realizar, en conjunto con\u00a0LA AUTORIDAD FEDERAL\u00a0y\u00a0LA COFEMER, un an\u00e1lisis del marco\u00a0regulatorio estatal y municipal, con el objeto de determinar los tr\u00e1mites y servicios que los\u00a0interesados deber\u00e1n efectuar para construir, desarrollar, operar y administrar\u00a0LA ZONA; realizar\u00a0Actividades Econ\u00f3micas Productivas en la misma, e instalar y operar empresas en el \u00c1rea de\u00a0Influencia, as\u00ed como promover y realizar las reformas a las disposiciones jur\u00eddicas aplicables queresulten necesarias para su simplificaci\u00f3n;<\/div>\n<div>II.\u00a0\u00a0\u00a0\u00a0\u00a0Incluir en la Ventanilla \u00danica de\u00a0LA ZONA, la totalidad de los tr\u00e1mites y servicios a que se refiere la\u00a0fracci\u00f3n anterior, as\u00ed como mantener actualizada dicha informaci\u00f3n;<\/div>\n<div>III.\u00a0\u00a0\u00a0\u00a0Revisar y evaluar peri\u00f3dicamente los tr\u00e1mites y regulaciones aplicables en\u00a0LA ZONA\u00a0y su \u00c1rea de\u00a0Influencia, con el objeto de identificar y elaborar medidas de mejora regulatoria y simplificaci\u00f3n\u00a0administrativa;<\/div>\n<div>IV.\u00a0\u00a0\u00a0Implementar, conjuntamente con\u00a0LA\u00a0AUTORIDAD FEDERAL\u00a0y\u00a0LA\u00a0COFEMER, los mecanismos\u00a0necesarios para que los Solicitantes, Administradores Integrales, Inversionistas e interesados en\u00a0instalar y operar empresas en el \u00c1rea de Influencia, presenten el mismo tipo de informaci\u00f3n o\u00a0documentaci\u00f3n una sola vez al realizar tr\u00e1mites mediante la Ventanilla \u00danica;<\/div>\n<div>V.\u00a0\u00a0\u00a0\u00a0Capacitar a los servidores p\u00fablicos de\u00a0EL GOBIERNO DEL ESTADO\u00a0y\u00a0LOS MUNICIPIOS\u00a0en los\u00a0procedimientos y acciones en materia de mejora regulatoria, y<\/div>\n<div>VI.\u00a0\u00a0\u00a0Implementar, en coordinaci\u00f3n con\u00a0LA AUTORIDAD FEDERAL\u00a0y\u00a0LA COFEMER, el mecanismo de\u00a0revisi\u00f3n, evaluaci\u00f3n y seguimiento de la Ventanilla \u00danica.<\/div>\n<div>SEXTA.-\u00a0Desarrollo Urbano y Ordenamiento Territorial.<\/div>\n<div>En materia de desarrollo urbano y ordenamiento territorial,\u00a0EL GOBIERNO DEL ESTADO\u00a0y\u00a0LOS\u00a0MUNICIPIOS, en el \u00e1mbito de sus atribuciones, se obligan a realizar las acciones siguientes:<\/div>\n<div>I.\u00a0\u00a0\u00a0\u00a0\u00a0Digitalizar y referenciar geogr\u00e1ficamente los planes de desarrollo urbano, en un plazo no mayor de 6\u00a0meses, contado a partir de la suscripci\u00f3n del presente\u00a0CONVENIO, y<\/div>\n<div>II.\u00a0\u00a0\u00a0\u00a0\u00a0Implementar acciones de ordenamiento territorial en un plazo no mayor de 6 meses, contado a partir\u00a0de la suscripci\u00f3n del presente\u00a0CONVENIO, que incluya las actualizaciones correspondientes de los\u00a0planes regionales y de conurbaci\u00f3n, entre otros, para el establecimiento, desarrollo y operaci\u00f3n de\u00a0LA ZONA.<\/div>\n<div>S\u00c9PTIMA.-\u00a0Licencias o permisos.<\/div>\n<div><\/div>\n<div>Con el objeto de agilizar el establecimiento y desarrollo de\u00a0LA ZONA\u00a0y facilitar la instalaci\u00f3n y operaci\u00f3n\u00a0de empresas en el \u00c1rea de Influencia,\u00a0EL GOBIERNO DEL ESTADO\u00a0y\u00a0LOS MUNICIPIOS, en el \u00e1mbito de\u00a0sus atribuciones, se obligan a realizar las acciones que a continuaci\u00f3n se se\u00f1alan, en relaci\u00f3n con la emisi\u00f3n\u00a0de licencias y permisos:<\/div>\n<div>I.\u00a0\u00a0\u00a0\u00a0\u00a0EL GOBIERNO DEL ESTADO:\u00a0se compromete a llevar a cabo medidas administrativas y acciones\u00a0tendientes a la simplificaci\u00f3n de los tr\u00e1mites para la obtenci\u00f3n de licencias o permisos en sus\u00a0respectivos \u00e1mbitos de competencia, conforme al acuerdo conjunto para el establecimiento y\u00a0operaci\u00f3n de la Ventanilla \u00danica de\u00a0LA ZONA,\u00a0y<\/div>\n<div>II.\u00a0\u00a0\u00a0\u00a0\u00a0LOS MUNICIPIOS:\u00a0se comprometen a llevar a cabo medidas administrativas y acciones tendientes a\u00a0la simplificaci\u00f3n de los tr\u00e1mites para la obtenci\u00f3n de licencias o permisos en sus respectivos \u00e1mbitos\u00a0de competencia, conforme al acuerdo conjunto para el establecimiento y operaci\u00f3n de la Ventanilla\u00a0\u00danica de\u00a0LA ZONA.<\/div>\n<div>OCTAVA.-\u00a0Infraestructura de telecomunicaciones.<\/div>\n<div>EL GOBIERNO DEL ESTADO Y LOS MUNICIPIOS,\u00a0se comprometen a otorgar las autorizaciones o los\u00a0permisos que, conforme a las disposiciones jur\u00eddicas estatales y municipales, se requieran para que los\u00a0particulares interesados puedan construir, instalar, operar y mantener infraestructura de telecomunicaciones,\u00a0as\u00ed como permitir u otorgar el uso de sus inmuebles para tales efectos. Los tr\u00e1mites y servicios necesarios\u00a0para los fines antes se\u00f1alados se incluir\u00e1n en la Ventanilla \u00danica y se sujetar\u00e1n a medidas de mejora\u00a0regulatoria, en los t\u00e9rminos de la cl\u00e1usula Quinta del presente\u00a0CONVENIO.<\/div>\n<div>NOVENA.-\u00a0Inversi\u00f3n P\u00fablica.<\/div>\n<div>EL GOBIERNO DEL ESTADO\u00a0y\u00a0LOS MUNICIPIOS\u00a0se obligan a financiar las inversiones p\u00fablicas\u00a0productivas y de equipamiento urbano para el desarrollo de\u00a0LA ZONA\u00a0y su \u00c1rea de Influencia en los pr\u00f3ximos\u00a05 a\u00f1os, a partir de la suscripci\u00f3n del presente\u00a0CONVENIO, en la medida de sus capacidades financieras y en\u00a0los t\u00e9rminos de la legislaci\u00f3n estatal aplicable.<\/div>\n<div>La descripci\u00f3n y el monto estimado de las inversiones p\u00fablicas productivas y de equipamiento urbano\u00a0m\u00ednimas que realizar\u00e1n\u00a0EL GOBIERNO DEL ESTADO\u00a0y\u00a0LOS MUNICIPIOS,\u00a0se incluyen en el\u00a0ANEXO 12\u00a0del\u00a0presente\u00a0CONVENIO, el cual forma parte integral del mismo.<\/div>\n<div>El monto de las inversiones comprometidas se incluir\u00e1 en los presupuestos de Egresos del Estado de\u00a0Yucat\u00e1n y de\u00a0LOS MUNICIPIOS.<\/div>\n<div>EL GOBIERNO DEL ESTADO\u00a0y\u00a0LOS\u00a0MUNICIPIOS\u00a0se obligan a informar a la\u00a0AUTORIDAD FEDERAL\u00a0cada 6 meses el avance de las inversiones a que se refiere esta cl\u00e1usula.<\/div>\n<div>D\u00c9CIMA.-\u00a0Seguridad P\u00fablica.<\/div>\n<div>En materia de Seguridad P\u00fablica,\u00a0EL GOBIERNO DEL ESTADO,\u00a0LOS MUNICIPIOS\u00a0y\u00a0LA AUTORIDAD\u00a0FEDERAL\u00a0se comprometen a llevar a cabo, en el \u00e1mbito de sus respectivas competencias y en el marco del\u00a0Sistema Nacional de Seguridad P\u00fablica, las pol\u00edticas, acciones y servicios necesarios para hacer cumplir sus\u00a0fines en dicha materia. En relaci\u00f3n con los art\u00edculos 10, fracciones I, inciso h) y III, y 12, fracci\u00f3n II, inciso b) de\u00a0la\u00a0LEY DE ZONAS\u00a0y dem\u00e1s disposiciones jur\u00eddicas aplicables,\u00a0EL GOBIERNO DEL ESTADO,\u00a0LOS\u00a0MUNICIPIOS\u00a0y\u00a0LA AUTORIDAD FEDERAL\u00a0se comprometen a planear y ejecutar las acciones de seguridad\u00a0p\u00fablica necesarias para el establecimiento y desarrollo de\u00a0LA ZONA, las cuales se especifican con mayor\u00a0detalle en el\u00a0ANEXO 13\u00a0del presente instrumento, el cual forma parte integral del mismo, as\u00ed como establecer\u00a0un mecanismo de seguimiento y evaluaci\u00f3n para tal efecto, observando lo dispuesto en la Ley General del\u00a0Sistema Nacional de Seguridad P\u00fablica.<\/div>\n<div>D\u00c9CIMA PRIMERA.-\u00a0Contenido Nacional.<\/div>\n<div>En los procedimientos de contrataci\u00f3n p\u00fablica de car\u00e1cter nacional,\u00a0EL GOBIERNO DEL ESTADO\u00a0y\u00a0LOS\u00a0MUNICIPIOS\u00a0deber\u00e1n cumplir con las reglas para la determinaci\u00f3n y acreditaci\u00f3n de contenido nacional\u00a0conforme a la legislaci\u00f3n aplicable.<\/div>\n<div>D\u00c9CIMA SEGUNDA.-\u00a0Compromisos de LA AUTORIDAD FEDERAL.<\/div>\n<div>Para el establecimiento y desarrollo de\u00a0LA ZONA\u00a0y su \u00c1rea de Influencia,\u00a0LA AUTORIDAD FEDERAL\u00a0se\u00a0compromete a las acciones siguientes:<\/div>\n<div>I.\u00a0\u00a0\u00a0\u00a0\u00a0Establecer mecanismos espec\u00edficos para promover, facilitar la gesti\u00f3n, fomentar y financiar la\u00a0planeaci\u00f3n, establecimiento y operaci\u00f3n de\u00a0LA ZONA, en los t\u00e9rminos de las disposiciones jur\u00eddicas\u00a0aplicables;<\/div>\n<div>II.\u00a0\u00a0\u00a0\u00a0\u00a0Informar los resultados sobre la operaci\u00f3n de\u00a0LA ZONA, as\u00ed como del desarrollo econ\u00f3mico y social<\/div>\n<div>de su \u00c1rea de Influencia;<\/div>\n<div>III.\u00a0\u00a0\u00a0\u00a0Promover ante las instancias competentes de los tres niveles de gobierno las medidas de desarrollo\u00a0y modernizaci\u00f3n administrativa que sean necesarias para optimizar el funcionamiento y operaci\u00f3n de\u00a0LA ZONA;<\/div>\n<div>IV.\u00a0\u00a0\u00a0Dise\u00f1ar y operar un sistema de informaci\u00f3n confiable y din\u00e1mica a fin de mantener una adecuada\u00a0colaboraci\u00f3n y coordinaci\u00f3n con\u00a0EL GOBIERNO DEL ESTADO\u00a0y\u00a0LOS MUNICIPIOS, y<\/div>\n<div>V.\u00a0\u00a0\u00a0\u00a0Las dem\u00e1s que se establecen en el presente\u00a0CONVENIO.<\/div>\n<div>D\u00c9CIMA TERCERA.-\u00a0Metas e Indicadores.<\/div>\n<div>EL GOBIERNO DEL ESTADO\u00a0y\u00a0LOS MUNICIPIOS\u00a0se obligan a realizar las acciones previstas en el\u00a0presente\u00a0CONVENIO, seg\u00fan las metas e indicadores que se se\u00f1alan en el\u00a0ANEXO 14\u00a0del presente\u00a0instrumento,\u00a0el cual forma parte integral del mismo.<\/div>\n<div>EL GOBIERNO DEL ESTADO,\u00a0LOS MUNICIPIOS\u00a0y\u00a0LA AUTORIDAD FEDERAL\u00a0evaluar\u00e1n anualmente el\u00a0cumplimiento de las metas e indicadores a que se refiere la presente cl\u00e1usula.<\/div>\n<div>Para tal efecto,\u00a0EL GOBIERNO DEL ESTADO\u00a0y\u00a0LOS MUNICIPIOS\u00a0enviar\u00e1n un informe sobre los avances\u00a0correspondientes a\u00a0LA\u00a0AUTORIDAD FEDERAL, dentro de los 30\u00a0d\u00edas naturales siguientes al t\u00e9rmino de cada\u00a0a\u00f1o.\u00a0LA AUTORIDAD FEDERAL\u00a0pondr\u00e1 a disposici\u00f3n de\u00a0EL GOBIERNO DEL ESTADO\u00a0y\u00a0LOS MUNICIPIOS\u00a0los formatos conforme a los cuales remitir\u00e1n dicha informaci\u00f3n.<\/div>\n<div>D\u00c9CIMA CUARTA.-\u00a0Designaci\u00f3n de Enlaces.<\/div>\n<div>LAS PARTES\u00a0designan como enlaces para dar seguimiento a la ejecuci\u00f3n de las acciones previstas en el\u00a0presente\u00a0CONVENIO, as\u00ed como para recibir las notificaciones, avisos o cualquier comunicaci\u00f3n que resulte\u00a0necesaria, a los siguientes:<\/div>\n<div>Por parte de\u00a0LA SECRETAR\u00cdA:\u00a0El Titular de la Coordinaci\u00f3n de Asesores de la Subsecretar\u00eda de\u00a0Hacienda y Cr\u00e9dito P\u00fablico;<\/div>\n<div>Por parte de\u00a0LA\u00a0AUTORIDAD FEDERAL:\u00a0El Secretario Ejecutivo y el Titular de la Unidad de Coordinaci\u00f3n\u00a0Regional y Relaciones Institucionales;<\/div>\n<div>Por parte de\u00a0EL GOBIERNO DEL ESTADO:\u00a0El Secretario de Innovaci\u00f3n, Investigaci\u00f3n y Estudios\u00a0Superiores y el Director General de la Agencia de Desarrollo de Yucat\u00e1n;<\/div>\n<div>Por parte de\u00a0EL MUNICIPIO DE PROGRESO:\u00a0La Secretaria Municipal;<\/div>\n<div>Por parte de\u00a0EL MUNICIPIO DE KANAS\u00cdN:\u00a0El\u00a0Secretario Municipal;<\/div>\n<div>Por parte de\u00a0EL MUNICIPIO DE UM\u00c1N:\u00a0El Secretario Municipal;<\/div>\n<div>Por parte de\u00a0EL MUNICIPIO DE HUNUCM\u00c1:\u00a0El Secretario Municipal;<\/div>\n<div>Por parte de\u00a0EL MUNICIPIO M\u00c9RIDA:\u00a0El Secretario Municipal;<\/div>\n<div>Por parte de\u00a0EL MUNICIPIO DE CONKAL:\u00a0El Secretario Municipal;<\/div>\n<div>Por parte de\u00a0EL MUNICIPIO DE CHICXULUB PUEBLO:\u00a0El Secretario Municipal, y<\/div>\n<div>Por parte de\u00a0EL MUNICIPIO DE UC\u00da:\u00a0El\u00a0Secretario Municipal.<\/div>\n<div>D\u00c9CIMA QUINTA.-\u00a0Domicilio.<\/div>\n<div>Para los efectos del presente\u00a0CONVENIO,\u00a0LAS PARTES\u00a0se\u00f1alan como su domicilio el contenido en el\u00a0apartado de Declaraciones de este instrumento.<\/div>\n<div>LAS PARTES\u00a0podr\u00e1n cambiar su domicilio en cualquier momento, debiendo notificar por escrito a\u00a0LAS\u00a0PARTES\u00a0en sus respectivos domicilios, con 15 d\u00edas naturales de anticipaci\u00f3n a la fecha en que la parte\u00a0notificante desee que surta efecto el nuevo domicilio.<\/div>\n<div>Las notificaciones hechas en los referidos domicilios y correos electr\u00f3nicos surtir\u00e1n plenamente sus\u00a0efectos hasta en tanto se comunique por escrito el cambio de domicilio de alguna de\u00a0LAS PARTES,\u00a0en su\u00a0caso.<\/div>\n<div>D\u00c9CIMA SEXTA.-\u00a0Notificaciones.<\/div>\n<div>Todas las notificaciones, avisos o cualquier comunicaci\u00f3n que\u00a0LAS PARTES\u00a0deban enviarse, incluyendo\u00a0el cambio de domicilio, se realizar\u00e1n por escrito con acuse de recibo, o por cualquier otro medio que asegure\u00a0su recepci\u00f3n, en los domicilios se\u00f1alados por las mismas en el apartado de Declaraciones.<\/div>\n<div>D\u00c9CIMA S\u00c9PTIMA.-\u00a0Vigencia.<\/div>\n<div>El presente\u00a0CONVENIO\u00a0iniciar\u00e1 su vigencia al d\u00eda siguiente de su suscripci\u00f3n.<\/div>\n<div><\/div>\n<div>D\u00c9CIMA OCTAVA.-\u00a0Modificaciones.<\/div>\n<div>El presente\u00a0CONVENIO\u00a0podr\u00e1 modificarse o adicionarse de com\u00fan acuerdo entre\u00a0LAS PARTES, mediante\u00a0la firma del convenio modificatorio respectivo. Dichas modificaciones deber\u00e1n ser propuestas con una\u00a0antelaci\u00f3n de al menos 10 d\u00edas naturales al que se espera tenga efectos y obligar\u00e1n a\u00a0LAS PARTES\u00a0a partir\u00a0de la fecha de su firma.<\/div>\n<div>D\u00c9CIMA NOVENA.-\u00a0Publicaci\u00f3n en medios de difusi\u00f3n oficiales.<\/div>\n<div>LA AUTORIDAD FEDERAL\u00a0y\u00a0EL GOBIERNO DEL ESTADO\u00a0publicar\u00e1n el presente\u00a0CONVENIO\u00a0en el\u00a0Diario Oficial de la Federaci\u00f3n y en el Diario Oficial del Estado de Yucat\u00e1n, respectivamente, dentro de los 30\u00a0d\u00edas\u00a0naturales\u00a0siguientes a su suscripci\u00f3n.<\/div>\n<div>VIG\u00c9SIMA.-\u00a0Interpretaci\u00f3n, Jurisdicci\u00f3n y Competencia.<\/div>\n<div>En caso de controversia sobre la interpretaci\u00f3n, ejecuci\u00f3n y cumplimiento del presente instrumento,\u00a0LAS\u00a0PARTES\u00a0estar\u00e1n sujetas a las leyes federales de los Estados Unidos Mexicanos y se someter\u00e1n a la\u00a0jurisdicci\u00f3n de los tribunales federales competentes con residencia en la Ciudad de M\u00e9xico, renunciando a\u00a0cualquier fuero que pudiera corresponderles en raz\u00f3n de su domicilio presente o futuro.<\/div>\n<div>Le\u00eddo que fue el presente\u00a0CONVENIO\u00a0por\u00a0LAS PARTES\u00a0que en \u00e9l intervienen, y enteradas de su\u00a0contenido y alcance legal, suscriben 11 ejemplares del mismo, en M\u00e9rida, Yucat\u00e1n a los 5 d\u00edas de abril del\u00a0a\u00f1o 2018.- El Secretario de Hacienda y Cr\u00e9dito P\u00fablico,\u00a0Jos\u00e9 Antonio Gonz\u00e1lez Anaya.- R\u00fabrica.- El Titular\u00a0de la Autoridad Federal para el Desarrollo de las Zonas Econ\u00f3micas Especiales,\u00a0Gerardo Guti\u00e9rrez\u00a0Candiani.- R\u00fabrica.- El Gobernador del Estado de Yucat\u00e1n,\u00a0Rolando Rodrigo Zapata Bello.- R\u00fabrica.-\u00a0El\u00a0Presidente Municipal de Progreso,\u00a0Jos\u00e9 Isabel Cort\u00e9s G\u00f3ngora.- R\u00fabrica.- La Secretaria Municipal de\u00a0Progreso,\u00a0Mar\u00eda del Carmen Villanueva \u00c1vila.- R\u00fabrica.-\u00a0El Presidente Municipal de Kanas\u00edn,\u00a0Carlos\u00a0Manuel Moreno Maga\u00f1a.- R\u00fabrica.- El Secretario Municipal de Kanas\u00edn,\u00a0Bernardino Puch Baas.- R\u00fabrica.-\u00a0El Presidente Municipal de Um\u00e1n,\u00a0Freddy de Jes\u00fas Ruz Guzm\u00e1n.- R\u00fabrica.- La Secretaria Municipal de\u00a0Um\u00e1n,\u00a0Ana Catalina Sosa Nah.- R\u00fabrica.- El Presidente Municipal de Hunucm\u00e1,\u00a0Jos\u00e9 Alberto Padr\u00f3n\u00a0Romero.- R\u00fabrica.- La Secretaria Municipal de Hunucm\u00e1,\u00a0Gloria Aurora Chabl\u00e9 Cu\u00e1.- R\u00fabrica.-\u00a0LaPresidenta Municipal de M\u00e9rida,\u00a0Mar\u00eda Dolores Fritz Sierra.- R\u00fabrica.- El Secretario\u00a0Municipal de M\u00e9rida,\u00a0Arturo Sabido G\u00f3ngora.- R\u00fabrica.- El Presidente Municipal de Conkal,\u00a0Jorge Enrique P\u00e9rez Parra.-\u00a0R\u00fabrica.- El Secretario Municipal de Conkal,\u00a0Rudy Alejandro Chel Sul\u00fa.- R\u00fabrica.-\u00a0La Presidenta Municipal\u00a0de Chicxulub Pueblo,\u00a0Guadalupe del Rosario Canto Ale.- R\u00fabrica.- La Secretaria Municipal de Chicxulub\u00a0Pueblo,\u00a0Darling Minerva Rodr\u00edguez Tun.- R\u00fabrica. El Presidente Municipal de Uc\u00fa,\u00a0Mario Alberto Chan\u00a0Garc\u00eda.- R\u00fabrica.- La Secretaria Municipal de Uc\u00fa,\u00a0Mar\u00eda Gaudencia Chan Dzul.- R\u00fabrica.<\/div>\n<div>Los anexos que forman parte del presente instrumento podr\u00e1n ser consultados en los siguientes enlaces:<\/div>\n<div>Anexo 1:\u00a0www.dof.gob.mx\/AFDZEE\/2018\/Anexo_1_Progreso.pdf<\/div>\n<div>Anexo 2:\u00a0www.dof.gob.mx\/AFDZEE\/2018\/Anexo_2_Progreso.pdf<\/div>\n<div>Anexo 3:\u00a0www.dof.gob.mx\/AFDZEE\/2018\/Anexo_3_Progreso.pdf<\/div>\n<div>Anexo 4:\u00a0www.dof.gob.mx\/AFDZEE\/2018\/Anexo_4_Progreso.pdf<\/div>\n<div>Anexo 5:\u00a0www.dof.gob.mx\/AFDZEE\/2018\/Anexo_5_Progreso.pdf<\/div>\n<div>Anexo 6:\u00a0www.dof.gob.mx\/AFDZEE\/2018\/Anexo_6_Progreso.pdf<\/div>\n<div>Anexo 7:\u00a0www.dof.gob.mx\/AFDZEE\/2018\/Anexo_7_Progreso.pdf<\/div>\n<div>Anexo 8:\u00a0www.dof.gob.mx\/AFDZEE\/2018\/Anexo_8_Progreso.pdf<\/div>\n<div>Anexo 9:\u00a0www.dof.gob.mx\/AFDZEE\/2018\/Anexo_9_Progreso.pdf<\/div>\n<div>Anexo 10:\u00a0www.dof.gob.mx\/AFDZEE\/2018\/Anexo_10_Progreso.pdf<\/div>\n<div>Anexo 11:\u00a0www.dof.gob.mx\/AFDZEE\/2018\/Anexo_11_Progreso.pdf<\/div>\n<div>Anexo 12:\u00a0www.dof.gob.mx\/AFDZEE\/2018\/Anexo_12_Progreso.pdf<\/div>\n<div>Anexo 13:\u00a0www.dof.gob.mx\/AFDZEE\/2018\/Anexo_13_Progreso.pdf<\/div>\n<div>Anexo 14:\u00a0www.dof.gob.mx\/AFDZEE\/2018\/Anexo_14_Progreso.pdf<\/div>\n","protected":false},"excerpt":{"rendered":"<p>ONVENIO\u00a0de Coordinaci\u00f3n para el establecimiento y desarrollo de la Zona Econ\u00f3mica Especial de Progreso y su\u00a0\u00c1rea de Influencia, que suscriben la Secretar\u00eda de Hacienda y Cr\u00e9dito P\u00fablico, el Estado de Yucat\u00e1n y los\u00a0municipios de Progreso, Kanas\u00edn, Um\u00e1n, Hunucm\u00e1,\u00a0M\u00e9rida, Conkal, Chicxulub [&hellip;]<\/p>\n","protected":false},"author":1,"featured_media":2512,"comment_status":"open","ping_status":"open","sticky":false,"template":"","format":"standard","meta":{"inline_featured_image":false,"_jetpack_memberships_contains_paid_content":false,"footnotes":""},"categories":[174],"tags":[238],"class_list":["post-3302","post","type-post","status-publish","format-standard","has-post-thumbnail","hentry","category-publicaciones-d-o-f","tag-zona-economica-especial"],"yoast_head":"<!-- This site is optimized with the Yoast SEO plugin v20.9 - https:\/\/yoast.com\/wordpress\/plugins\/seo\/ -->\n<title>CONVENIO de Coordinaci\u00f3n para el establecimiento y desarrollo de la Zona Econ\u00f3mica Especial de Progreso y su \u00c1rea de Influencia. - Campa<\/title>\n<meta name=\"robots\" content=\"index, follow, max-snippet:-1, max-image-preview:large, max-video-preview:-1\" \/>\n<link rel=\"canonical\" href=\"https:\/\/www.campa.com.mx\/site\/convenio-de-coordinacion-para-el-establecimiento-y-desarrollo-de-la-zona-economica-especial-de-progreso-y-su-area-de-influencia\/\" \/>\n<meta property=\"og:locale\" content=\"es_ES\" \/>\n<meta property=\"og:type\" content=\"article\" \/>\n<meta property=\"og:title\" content=\"CONVENIO de Coordinaci\u00f3n para el establecimiento y desarrollo de la Zona Econ\u00f3mica Especial de Progreso y su \u00c1rea de Influencia. - Campa\" \/>\n<meta property=\"og:description\" content=\"ONVENIO\u00a0de Coordinaci\u00f3n para el establecimiento y desarrollo de la Zona Econ\u00f3mica Especial de Progreso y su\u00a0\u00c1rea de Influencia, que suscriben la Secretar\u00eda de Hacienda y Cr\u00e9dito P\u00fablico, el Estado de Yucat\u00e1n y los\u00a0municipios de Progreso, Kanas\u00edn, Um\u00e1n, Hunucm\u00e1,\u00a0M\u00e9rida, Conkal, Chicxulub [&hellip;]\" \/>\n<meta property=\"og:url\" content=\"https:\/\/www.campa.com.mx\/site\/convenio-de-coordinacion-para-el-establecimiento-y-desarrollo-de-la-zona-economica-especial-de-progreso-y-su-area-de-influencia\/\" \/>\n<meta property=\"og:site_name\" content=\"Campa\" \/>\n<meta property=\"article:publisher\" content=\"https:\/\/www.facebook.com\/MovimientoAnexo24\" \/>\n<meta property=\"article:published_time\" content=\"2018-06-27T14:52:50+00:00\" \/>\n<meta property=\"og:image\" content=\"https:\/\/www.campa.com.mx\/site\/wp-content\/uploads\/2017\/12\/0dof.png\" \/>\n\t<meta property=\"og:image:width\" content=\"1200\" \/>\n\t<meta property=\"og:image:height\" content=\"700\" \/>\n\t<meta property=\"og:image:type\" content=\"image\/png\" \/>\n<meta name=\"author\" content=\"campa\" \/>\n<meta name=\"twitter:card\" content=\"summary_large_image\" \/>\n<meta name=\"twitter:creator\" content=\"@artycampa\" \/>\n<meta name=\"twitter:site\" content=\"@artycampa\" \/>\n<meta name=\"twitter:label1\" content=\"Escrito por\" \/>\n\t<meta name=\"twitter:data1\" content=\"campa\" \/>\n\t<meta name=\"twitter:label2\" content=\"Tiempo de lectura\" \/>\n\t<meta name=\"twitter:data2\" content=\"37 minutos\" \/>\n<script type=\"application\/ld+json\" class=\"yoast-schema-graph\">{\"@context\":\"https:\/\/schema.org\",\"@graph\":[{\"@type\":\"WebPage\",\"@id\":\"https:\/\/www.campa.com.mx\/site\/convenio-de-coordinacion-para-el-establecimiento-y-desarrollo-de-la-zona-economica-especial-de-progreso-y-su-area-de-influencia\/\",\"url\":\"https:\/\/www.campa.com.mx\/site\/convenio-de-coordinacion-para-el-establecimiento-y-desarrollo-de-la-zona-economica-especial-de-progreso-y-su-area-de-influencia\/\",\"name\":\"CONVENIO de Coordinaci\u00f3n para el establecimiento y desarrollo de la Zona Econ\u00f3mica Especial de Progreso y su \u00c1rea de Influencia. - Campa\",\"isPartOf\":{\"@id\":\"https:\/\/www.campa.com.mx\/site\/#website\"},\"datePublished\":\"2018-06-27T14:52:50+00:00\",\"dateModified\":\"2018-06-27T14:52:50+00:00\",\"author\":{\"@id\":\"https:\/\/www.campa.com.mx\/site\/#\/schema\/person\/5bf1874b81661ed013f5aa29df30761c\"},\"breadcrumb\":{\"@id\":\"https:\/\/www.campa.com.mx\/site\/convenio-de-coordinacion-para-el-establecimiento-y-desarrollo-de-la-zona-economica-especial-de-progreso-y-su-area-de-influencia\/#breadcrumb\"},\"inLanguage\":\"es\",\"potentialAction\":[{\"@type\":\"ReadAction\",\"target\":[\"https:\/\/www.campa.com.mx\/site\/convenio-de-coordinacion-para-el-establecimiento-y-desarrollo-de-la-zona-economica-especial-de-progreso-y-su-area-de-influencia\/\"]}]},{\"@type\":\"BreadcrumbList\",\"@id\":\"https:\/\/www.campa.com.mx\/site\/convenio-de-coordinacion-para-el-establecimiento-y-desarrollo-de-la-zona-economica-especial-de-progreso-y-su-area-de-influencia\/#breadcrumb\",\"itemListElement\":[{\"@type\":\"ListItem\",\"position\":1,\"name\":\"Portada\",\"item\":\"https:\/\/www.campa.com.mx\/site\/\"},{\"@type\":\"ListItem\",\"position\":2,\"name\":\"CONVENIO de Coordinaci\u00f3n para el establecimiento y desarrollo de la Zona Econ\u00f3mica Especial de Progreso y su \u00c1rea de Influencia.\"}]},{\"@type\":\"WebSite\",\"@id\":\"https:\/\/www.campa.com.mx\/site\/#website\",\"url\":\"https:\/\/www.campa.com.mx\/site\/\",\"name\":\"Campa\",\"description\":\"Tecnolog\u00eda - Comercio Exterior - Servicios\",\"potentialAction\":[{\"@type\":\"SearchAction\",\"target\":{\"@type\":\"EntryPoint\",\"urlTemplate\":\"https:\/\/www.campa.com.mx\/site\/?s={search_term_string}\"},\"query-input\":\"required name=search_term_string\"}],\"inLanguage\":\"es\"},{\"@type\":\"Person\",\"@id\":\"https:\/\/www.campa.com.mx\/site\/#\/schema\/person\/5bf1874b81661ed013f5aa29df30761c\",\"name\":\"campa\",\"image\":{\"@type\":\"ImageObject\",\"inLanguage\":\"es\",\"@id\":\"https:\/\/www.campa.com.mx\/site\/#\/schema\/person\/image\/\",\"url\":\"https:\/\/secure.gravatar.com\/avatar\/921e6e5cffb9d78857948e938192591b9fd4168d0b55cc795582b49d9dc52bb1?s=96&d=mm&r=g\",\"contentUrl\":\"https:\/\/secure.gravatar.com\/avatar\/921e6e5cffb9d78857948e938192591b9fd4168d0b55cc795582b49d9dc52bb1?s=96&d=mm&r=g\",\"caption\":\"campa\"}}]}<\/script>\n<!-- \/ Yoast SEO plugin. -->","yoast_head_json":{"title":"CONVENIO de Coordinaci\u00f3n para el establecimiento y desarrollo de la Zona Econ\u00f3mica Especial de Progreso y su \u00c1rea de Influencia. - Campa","robots":{"index":"index","follow":"follow","max-snippet":"max-snippet:-1","max-image-preview":"max-image-preview:large","max-video-preview":"max-video-preview:-1"},"canonical":"https:\/\/www.campa.com.mx\/site\/convenio-de-coordinacion-para-el-establecimiento-y-desarrollo-de-la-zona-economica-especial-de-progreso-y-su-area-de-influencia\/","og_locale":"es_ES","og_type":"article","og_title":"CONVENIO de Coordinaci\u00f3n para el establecimiento y desarrollo de la Zona Econ\u00f3mica Especial de Progreso y su \u00c1rea de Influencia. - Campa","og_description":"ONVENIO\u00a0de Coordinaci\u00f3n para el establecimiento y desarrollo de la Zona Econ\u00f3mica Especial de Progreso y su\u00a0\u00c1rea de Influencia, que suscriben la Secretar\u00eda de Hacienda y Cr\u00e9dito P\u00fablico, el Estado de Yucat\u00e1n y los\u00a0municipios de Progreso, Kanas\u00edn, Um\u00e1n, Hunucm\u00e1,\u00a0M\u00e9rida, Conkal, Chicxulub [&hellip;]","og_url":"https:\/\/www.campa.com.mx\/site\/convenio-de-coordinacion-para-el-establecimiento-y-desarrollo-de-la-zona-economica-especial-de-progreso-y-su-area-de-influencia\/","og_site_name":"Campa","article_publisher":"https:\/\/www.facebook.com\/MovimientoAnexo24","article_published_time":"2018-06-27T14:52:50+00:00","og_image":[{"width":1200,"height":700,"url":"https:\/\/www.campa.com.mx\/site\/wp-content\/uploads\/2017\/12\/0dof.png","type":"image\/png"}],"author":"campa","twitter_card":"summary_large_image","twitter_creator":"@artycampa","twitter_site":"@artycampa","twitter_misc":{"Escrito por":"campa","Tiempo de lectura":"37 minutos"},"schema":{"@context":"https:\/\/schema.org","@graph":[{"@type":"WebPage","@id":"https:\/\/www.campa.com.mx\/site\/convenio-de-coordinacion-para-el-establecimiento-y-desarrollo-de-la-zona-economica-especial-de-progreso-y-su-area-de-influencia\/","url":"https:\/\/www.campa.com.mx\/site\/convenio-de-coordinacion-para-el-establecimiento-y-desarrollo-de-la-zona-economica-especial-de-progreso-y-su-area-de-influencia\/","name":"CONVENIO de Coordinaci\u00f3n para el establecimiento y desarrollo de la Zona Econ\u00f3mica Especial de Progreso y su \u00c1rea de Influencia. - Campa","isPartOf":{"@id":"https:\/\/www.campa.com.mx\/site\/#website"},"datePublished":"2018-06-27T14:52:50+00:00","dateModified":"2018-06-27T14:52:50+00:00","author":{"@id":"https:\/\/www.campa.com.mx\/site\/#\/schema\/person\/5bf1874b81661ed013f5aa29df30761c"},"breadcrumb":{"@id":"https:\/\/www.campa.com.mx\/site\/convenio-de-coordinacion-para-el-establecimiento-y-desarrollo-de-la-zona-economica-especial-de-progreso-y-su-area-de-influencia\/#breadcrumb"},"inLanguage":"es","potentialAction":[{"@type":"ReadAction","target":["https:\/\/www.campa.com.mx\/site\/convenio-de-coordinacion-para-el-establecimiento-y-desarrollo-de-la-zona-economica-especial-de-progreso-y-su-area-de-influencia\/"]}]},{"@type":"BreadcrumbList","@id":"https:\/\/www.campa.com.mx\/site\/convenio-de-coordinacion-para-el-establecimiento-y-desarrollo-de-la-zona-economica-especial-de-progreso-y-su-area-de-influencia\/#breadcrumb","itemListElement":[{"@type":"ListItem","position":1,"name":"Portada","item":"https:\/\/www.campa.com.mx\/site\/"},{"@type":"ListItem","position":2,"name":"CONVENIO de Coordinaci\u00f3n para el establecimiento y desarrollo de la Zona Econ\u00f3mica Especial de Progreso y su \u00c1rea de Influencia."}]},{"@type":"WebSite","@id":"https:\/\/www.campa.com.mx\/site\/#website","url":"https:\/\/www.campa.com.mx\/site\/","name":"Campa","description":"Tecnolog\u00eda - Comercio Exterior - Servicios","potentialAction":[{"@type":"SearchAction","target":{"@type":"EntryPoint","urlTemplate":"https:\/\/www.campa.com.mx\/site\/?s={search_term_string}"},"query-input":"required name=search_term_string"}],"inLanguage":"es"},{"@type":"Person","@id":"https:\/\/www.campa.com.mx\/site\/#\/schema\/person\/5bf1874b81661ed013f5aa29df30761c","name":"campa","image":{"@type":"ImageObject","inLanguage":"es","@id":"https:\/\/www.campa.com.mx\/site\/#\/schema\/person\/image\/","url":"https:\/\/secure.gravatar.com\/avatar\/921e6e5cffb9d78857948e938192591b9fd4168d0b55cc795582b49d9dc52bb1?s=96&d=mm&r=g","contentUrl":"https:\/\/secure.gravatar.com\/avatar\/921e6e5cffb9d78857948e938192591b9fd4168d0b55cc795582b49d9dc52bb1?s=96&d=mm&r=g","caption":"campa"}}]}},"jetpack_featured_media_url":"https:\/\/www.campa.com.mx\/site\/wp-content\/uploads\/2017\/12\/0dof.png","jetpack_sharing_enabled":true,"_links":{"self":[{"href":"https:\/\/www.campa.com.mx\/site\/wp-json\/wp\/v2\/posts\/3302","targetHints":{"allow":["GET"]}}],"collection":[{"href":"https:\/\/www.campa.com.mx\/site\/wp-json\/wp\/v2\/posts"}],"about":[{"href":"https:\/\/www.campa.com.mx\/site\/wp-json\/wp\/v2\/types\/post"}],"author":[{"embeddable":true,"href":"https:\/\/www.campa.com.mx\/site\/wp-json\/wp\/v2\/users\/1"}],"replies":[{"embeddable":true,"href":"https:\/\/www.campa.com.mx\/site\/wp-json\/wp\/v2\/comments?post=3302"}],"version-history":[{"count":1,"href":"https:\/\/www.campa.com.mx\/site\/wp-json\/wp\/v2\/posts\/3302\/revisions"}],"predecessor-version":[{"id":3303,"href":"https:\/\/www.campa.com.mx\/site\/wp-json\/wp\/v2\/posts\/3302\/revisions\/3303"}],"wp:featuredmedia":[{"embeddable":true,"href":"https:\/\/www.campa.com.mx\/site\/wp-json\/wp\/v2\/media\/2512"}],"wp:attachment":[{"href":"https:\/\/www.campa.com.mx\/site\/wp-json\/wp\/v2\/media?parent=3302"}],"wp:term":[{"taxonomy":"category","embeddable":true,"href":"https:\/\/www.campa.com.mx\/site\/wp-json\/wp\/v2\/categories?post=3302"},{"taxonomy":"post_tag","embeddable":true,"href":"https:\/\/www.campa.com.mx\/site\/wp-json\/wp\/v2\/tags?post=3302"}],"curies":[{"name":"wp","href":"https:\/\/api.w.org\/{rel}","templated":true}]}}